{"id":10845,"date":"2022-05-24T09:47:54","date_gmt":"2022-05-24T09:47:54","guid":{"rendered":"https:\/\/grupefebe.com\/efebe-assistim-a-la-7a-jornada-acp-dacra\/"},"modified":"2022-05-24T15:53:30","modified_gmt":"2022-05-24T15:53:30","slug":"efebe-assistim-a-la-7a-jornada-acp-dacra","status":"publish","type":"post","link":"https:\/\/grupefebe.com\/es\/efebe-assistim-a-la-7a-jornada-acp-dacra\/","title":{"rendered":"Efeb\u00e9 asistimos a la 7\u00aa Jornada ACP de ACRA"},"content":{"rendered":"<p>Ayer d\u00eda 23 de mayo tuvo lugar la 7\u00aa Jornada en atenci\u00f3n centrada en la persona (ACP) que organiza <strong><a href=\"https:\/\/www.acra.cat\/ca\">ACRA<\/a><\/strong> (Asociaci\u00f3n Catalana de Recursos Asistenciales), con la colaboraci\u00f3n de <a href=\"https:\/\/fundacionlacaixa.org\/ca\/\">Fundaci\u00f3n \u00abla Caixa\u00bb<\/a>.<\/p>\n<p>La jornada, conducida por el periodista Albert Brosa, segu\u00eda el lema \u00ab<strong>Innovamos para evolucionar. El modelo ACP<\/strong>.\u00bb. Montserrat Vilella, Directora General de la Autonom\u00eda Personal y la discapacidad del departamento de Derechos Sociales, describi\u00f3 como percibe la atenci\u00f3n centrada en la persona. \u201cLa ACP tambi\u00e9n tiene mucho que ver en la actitud y en c\u00f3mo trabajamos. Cada acci\u00f3n se hace de forma diferente para cada persona. Del mismo modo que alimentamos a nuestros hijos e hijas de forma personalizada, porque cada cual tiene una forma diferente de reaccionar ante cada est\u00edmulo.\u201d Adem\u00e1s, comentaba que \u00abtenemos que conseguir que las personas se sientan cuidadas, pero tambi\u00e9n a gusto en el espacio donde viven. Hay que reforzar el sector.\u00bb<\/p>\n<p>El equipo de Grup Efeb\u00e9 cont\u00e1bamos con un peque\u00f1o stand en la entrada del auditorio del <a href=\"https:\/\/cosmocaixa.org\/ca\/\">Cosmocaixa<\/a>, para presentar a los asistentes nuestra actividad y servicio de adecuaci\u00f3n y equipamiento de espacios para personas mayores, con proyectos con los cuales garantizamos espacios seguros, sostenibles y acogedores. Si quieres conocer m\u00e1s informaci\u00f3n sobre nuestros servicios para el sector asistencial para personas mayores, entra <a href=\"https:\/\/grupefebe.com\/es\/arquitectura-para-residencias-de-mayores\/\">aqu\u00ed<\/a>.<\/p>\n<p>Adem\u00e1s, entre las experiencias ACP de los representantes de las diferentes residencias, acudimos a la comida y tambi\u00e9n espacio de <em>networking<\/em>, para compartir conocimientos y vivencias con las otras personas asistentes.<\/p>\n<p>Es un placer participar en una jornada como esta. Desde el equipo de Efeb\u00e9 estamos orgullosos de formar parte como socios-colaboradores de esta asociaci\u00f3n para mejorar como acompa\u00f1ar a las personas en la \u00faltima etapa de su vida. \u00a1Esperamos repetir en la octava edici\u00f3n!<\/p>\n<p><strong>\u00a1Nuevo cat\u00e1logo de mobiliario asistencial!<\/strong><\/p>\n<p>Grupo Efeb\u00e9 hemos publicado un cat\u00e1logo de mobiliario asistencial para personas mayores, con todo el equipamiento adaptado para los diferentes tipos de espacios de residencias, centros de d\u00eda, viviendas compartidas, etc.<\/p>\n<p>Te invitamos a descubrir el nuevo cat\u00e1logo de equipamiento adaptado al sector. \u00a1<a href=\"https:\/\/www.grupefebe.com\/es\/nuevo-catalogo-de-mobiliario-asistencial-para-personas-mayores\/\">Aqu\u00ed tienes el enlace directo<\/a>!<\/p>\n","protected":false},"excerpt":{"rendered":"<p>Ayer d\u00eda 23 de mayo tuvo lugar la 7\u00aa Jornada en atenci\u00f3n centrada en la persona (ACP) que organiza ACRA [&hellip;]<\/p>\n","protected":false},"author":1,"featured_media":10842,"comment_status":"closed","ping_status":"closed","sticky":false,"template":"","format":"standard","meta":{"_acf_changed":false,"footnotes":"","_links_to":"","_links_to_target":""},"categories":[202],"class_list":["post-10845","post","type-post","status-publish","format-standard","has-post-thumbnail","hentry","category-residencias-mayores"],"acf":[],"yoast_head":"<!-- This site is optimized with the Yoast SEO plugin v25.9 - https:\/\/yoast.com\/wordpress\/plugins\/seo\/ -->\n<title>Efeb\u00e9 asistimos a la 7\u00aa Jornada ACP de ACRA | Grupo Efeb\u00e9<\/title>\n<meta name=\"description\" content=\"Efeb\u00e9 asisti\u00f3 a la 7.\u00aa Jornada en atenci\u00f3n centrada en la persona (ACP) que organiza ACRA, con la colaboraci\u00f3n de Fundaci\u00f3n &quot;la Caixa&quot;.\" \/>\n<meta name=\"robots\" content=\"index, follow, max-snippet:-1, max-image-preview:large, max-video-preview:-1\" \/>\n<link rel=\"canonical\" href=\"https:\/\/grupefebe.com\/es\/efebe-assistim-a-la-7a-jornada-acp-dacra\/\" \/>\n<meta property=\"og:locale\" content=\"es_ES\" \/>\n<meta property=\"og:type\" content=\"article\" \/>\n<meta property=\"og:title\" content=\"Efeb\u00e9 asistimos a la 7\u00aa Jornada ACP de ACRA | Grupo Efeb\u00e9\" \/>\n<meta property=\"og:description\" content=\"Efeb\u00e9 asisti\u00f3 a la 7.\u00aa Jornada en atenci\u00f3n centrada en la persona (ACP) que organiza ACRA, con la colaboraci\u00f3n de Fundaci\u00f3n &quot;la Caixa&quot;.\" \/>\n<meta property=\"og:url\" content=\"https:\/\/grupefebe.com\/es\/efebe-assistim-a-la-7a-jornada-acp-dacra\/\" \/>\n<meta property=\"og:site_name\" content=\"Grupo Efeb\u00e9\" \/>\n<meta property=\"article:publisher\" content=\"https:\/\/www.facebook.com\/grup.efebe\" \/>\n<meta property=\"article:published_time\" content=\"2022-05-24T09:47:54+00:00\" \/>\n<meta property=\"article:modified_time\" content=\"2022-05-24T15:53:30+00:00\" \/>\n<meta property=\"og:image\" content=\"https:\/\/www.grupefebe.com\/custom\/uploads\/2022\/05\/ACRA-scaled.jpg\" \/>\n\t<meta property=\"og:image:width\" content=\"2560\" \/>\n\t<meta property=\"og:image:height\" content=\"1920\" \/>\n\t<meta property=\"og:image:type\" content=\"image\/jpeg\" \/>\n<meta name=\"author\" content=\"efebe\" \/>\n<meta name=\"twitter:card\" content=\"summary_large_image\" \/>\n<meta name=\"twitter:creator\" content=\"@grup_efebe\" \/>\n<meta name=\"twitter:site\" content=\"@grup_efebe\" \/>\n<meta name=\"twitter:label1\" content=\"Escrito por\" \/>\n\t<meta name=\"twitter:data1\" content=\"efebe\" \/>\n\t<meta name=\"twitter:label2\" content=\"Tiempo de lectura\" \/>\n\t<meta name=\"twitter:data2\" content=\"2 minutos\" \/>\n<script type=\"application\/ld+json\" class=\"yoast-schema-graph\">{\"@context\":\"https:\/\/schema.org\",\"@graph\":[{\"@type\":\"Article\",\"@id\":\"https:\/\/grupefebe.com\/es\/efebe-assistim-a-la-7a-jornada-acp-dacra\/#article\",\"isPartOf\":{\"@id\":\"https:\/\/grupefebe.com\/es\/efebe-assistim-a-la-7a-jornada-acp-dacra\/\"},\"author\":{\"name\":\"efebe\",\"@id\":\"https:\/\/www.grupefebe.com\/es\/#\/schema\/person\/ea29ae2644736bcdb432a0b7f0d814cd\"},\"headline\":\"Efeb\u00e9 asistimos a la 7\u00aa Jornada ACP de ACRA\",\"datePublished\":\"2022-05-24T09:47:54+00:00\",\"dateModified\":\"2022-05-24T15:53:30+00:00\",\"mainEntityOfPage\":{\"@id\":\"https:\/\/grupefebe.com\/es\/efebe-assistim-a-la-7a-jornada-acp-dacra\/\"},\"wordCount\":374,\"publisher\":{\"@id\":\"https:\/\/www.grupefebe.com\/es\/#organization\"},\"image\":{\"@id\":\"https:\/\/grupefebe.com\/es\/efebe-assistim-a-la-7a-jornada-acp-dacra\/#primaryimage\"},\"thumbnailUrl\":\"https:\/\/grupefebe.com\/custom\/uploads\/2022\/05\/ACRA-scaled.jpg\",\"articleSection\":[\"Residencias para mayores\"],\"inLanguage\":\"es\"},{\"@type\":\"WebPage\",\"@id\":\"https:\/\/grupefebe.com\/es\/efebe-assistim-a-la-7a-jornada-acp-dacra\/\",\"url\":\"https:\/\/grupefebe.com\/es\/efebe-assistim-a-la-7a-jornada-acp-dacra\/\",\"name\":\"Efeb\u00e9 asistimos a la 7\u00aa Jornada ACP de ACRA | Grupo Efeb\u00e9\",\"isPartOf\":{\"@id\":\"https:\/\/www.grupefebe.com\/es\/#website\"},\"primaryImageOfPage\":{\"@id\":\"https:\/\/grupefebe.com\/es\/efebe-assistim-a-la-7a-jornada-acp-dacra\/#primaryimage\"},\"image\":{\"@id\":\"https:\/\/grupefebe.com\/es\/efebe-assistim-a-la-7a-jornada-acp-dacra\/#primaryimage\"},\"thumbnailUrl\":\"https:\/\/grupefebe.com\/custom\/uploads\/2022\/05\/ACRA-scaled.jpg\",\"datePublished\":\"2022-05-24T09:47:54+00:00\",\"dateModified\":\"2022-05-24T15:53:30+00:00\",\"description\":\"Efeb\u00e9 asisti\u00f3 a la 7.\u00aa Jornada en atenci\u00f3n centrada en la persona (ACP) que organiza ACRA, con la colaboraci\u00f3n de Fundaci\u00f3n \\\"la Caixa\\\".\",\"breadcrumb\":{\"@id\":\"https:\/\/grupefebe.com\/es\/efebe-assistim-a-la-7a-jornada-acp-dacra\/#breadcrumb\"},\"inLanguage\":\"es\",\"potentialAction\":[{\"@type\":\"ReadAction\",\"target\":[\"https:\/\/grupefebe.com\/es\/efebe-assistim-a-la-7a-jornada-acp-dacra\/\"]}]},{\"@type\":\"ImageObject\",\"inLanguage\":\"es\",\"@id\":\"https:\/\/grupefebe.com\/es\/efebe-assistim-a-la-7a-jornada-acp-dacra\/#primaryimage\",\"url\":\"https:\/\/grupefebe.com\/custom\/uploads\/2022\/05\/ACRA-scaled.jpg\",\"contentUrl\":\"https:\/\/grupefebe.com\/custom\/uploads\/2022\/05\/ACRA-scaled.jpg\",\"width\":2560,\"height\":1920,\"caption\":\"Efeb\u00e9 assistim a la 7\u00aa Jornada ACP d\u2019ACRA\"},{\"@type\":\"BreadcrumbList\",\"@id\":\"https:\/\/grupefebe.com\/es\/efebe-assistim-a-la-7a-jornada-acp-dacra\/#breadcrumb\",\"itemListElement\":[{\"@type\":\"ListItem\",\"position\":1,\"name\":\"Inici\",\"item\":\"https:\/\/www.grupefebe.com\/es\/\"},{\"@type\":\"ListItem\",\"position\":2,\"name\":\"Efeb\u00e9 asistimos a la 7\u00aa Jornada ACP de ACRA\"}]},{\"@type\":\"WebSite\",\"@id\":\"https:\/\/www.grupefebe.com\/es\/#website\",\"url\":\"https:\/\/www.grupefebe.com\/es\/\",\"name\":\"Grup Efeb\u00e9\",\"description\":\"Otro sitio realizado con WordPress\",\"publisher\":{\"@id\":\"https:\/\/www.grupefebe.com\/es\/#organization\"},\"potentialAction\":[{\"@type\":\"SearchAction\",\"target\":{\"@type\":\"EntryPoint\",\"urlTemplate\":\"https:\/\/www.grupefebe.com\/es\/?s={search_term_string}\"},\"query-input\":{\"@type\":\"PropertyValueSpecification\",\"valueRequired\":true,\"valueName\":\"search_term_string\"}}],\"inLanguage\":\"es\"},{\"@type\":\"Organization\",\"@id\":\"https:\/\/www.grupefebe.com\/es\/#organization\",\"name\":\"Grup Efeb\u00e9\",\"url\":\"https:\/\/www.grupefebe.com\/es\/\",\"logo\":{\"@type\":\"ImageObject\",\"inLanguage\":\"es\",\"@id\":\"https:\/\/www.grupefebe.com\/es\/#\/schema\/logo\/image\/\",\"url\":\"https:\/\/grupefebe.com\/custom\/uploads\/2021\/01\/logo-efebe.png\",\"contentUrl\":\"https:\/\/grupefebe.com\/custom\/uploads\/2021\/01\/logo-efebe.png\",\"width\":524,\"height\":135,\"caption\":\"Grup Efeb\u00e9\"},\"image\":{\"@id\":\"https:\/\/www.grupefebe.com\/es\/#\/schema\/logo\/image\/\"},\"sameAs\":[\"https:\/\/www.facebook.com\/grup.efebe\",\"https:\/\/x.com\/grup_efebe\",\"https:\/\/www.instagram.com\/grup_efebe\/\",\"https:\/\/www.linkedin.com\/company\/grupefebe\",\"https:\/\/www.youtube.com\/channel\/UCj11-LAuLhPfqrL2649Xzrw\"]},{\"@type\":\"Person\",\"@id\":\"https:\/\/www.grupefebe.com\/es\/#\/schema\/person\/ea29ae2644736bcdb432a0b7f0d814cd\",\"name\":\"efebe\",\"image\":{\"@type\":\"ImageObject\",\"inLanguage\":\"es\",\"@id\":\"https:\/\/www.grupefebe.com\/es\/#\/schema\/person\/image\/\",\"url\":\"https:\/\/secure.gravatar.com\/avatar\/fe57a3f139ea81c65a338e37a8064b4e80844f839737532820c9107eb9e1966f?s=96&d=mm&r=g\",\"contentUrl\":\"https:\/\/secure.gravatar.com\/avatar\/fe57a3f139ea81c65a338e37a8064b4e80844f839737532820c9107eb9e1966f?s=96&d=mm&r=g\",\"caption\":\"efebe\"},\"url\":\"https:\/\/grupefebe.com\/es\/author\/efebe\/\"}]}<\/script>\n<!-- \/ Yoast SEO plugin. -->","yoast_head_json":{"title":"Efeb\u00e9 asistimos a la 7\u00aa Jornada ACP de ACRA | Grupo Efeb\u00e9","description":"Efeb\u00e9 asisti\u00f3 a la 7.\u00aa Jornada en atenci\u00f3n centrada en la persona (ACP) que organiza ACRA, con la colaboraci\u00f3n de Fundaci\u00f3n \"la Caixa\".","robots":{"index":"index","follow":"follow","max-snippet":"max-snippet:-1","max-image-preview":"max-image-preview:large","max-video-preview":"max-video-preview:-1"},"canonical":"https:\/\/grupefebe.com\/es\/efebe-assistim-a-la-7a-jornada-acp-dacra\/","og_locale":"es_ES","og_type":"article","og_title":"Efeb\u00e9 asistimos a la 7\u00aa Jornada ACP de ACRA | Grupo Efeb\u00e9","og_description":"Efeb\u00e9 asisti\u00f3 a la 7.\u00aa Jornada en atenci\u00f3n centrada en la persona (ACP) que organiza ACRA, con la colaboraci\u00f3n de Fundaci\u00f3n \"la Caixa\".","og_url":"https:\/\/grupefebe.com\/es\/efebe-assistim-a-la-7a-jornada-acp-dacra\/","og_site_name":"Grupo Efeb\u00e9","article_publisher":"https:\/\/www.facebook.com\/grup.efebe","article_published_time":"2022-05-24T09:47:54+00:00","article_modified_time":"2022-05-24T15:53:30+00:00","og_image":[{"width":2560,"height":1920,"url":"https:\/\/www.grupefebe.com\/custom\/uploads\/2022\/05\/ACRA-scaled.jpg","type":"image\/jpeg"}],"author":"efebe","twitter_card":"summary_large_image","twitter_creator":"@grup_efebe","twitter_site":"@grup_efebe","twitter_misc":{"Escrito por":"efebe","Tiempo de lectura":"2 minutos"},"schema":{"@context":"https:\/\/schema.org","@graph":[{"@type":"Article","@id":"https:\/\/grupefebe.com\/es\/efebe-assistim-a-la-7a-jornada-acp-dacra\/#article","isPartOf":{"@id":"https:\/\/grupefebe.com\/es\/efebe-assistim-a-la-7a-jornada-acp-dacra\/"},"author":{"name":"efebe","@id":"https:\/\/www.grupefebe.com\/es\/#\/schema\/person\/ea29ae2644736bcdb432a0b7f0d814cd"},"headline":"Efeb\u00e9 asistimos a la 7\u00aa Jornada ACP de ACRA","datePublished":"2022-05-24T09:47:54+00:00","dateModified":"2022-05-24T15:53:30+00:00","mainEntityOfPage":{"@id":"https:\/\/grupefebe.com\/es\/efebe-assistim-a-la-7a-jornada-acp-dacra\/"},"wordCount":374,"publisher":{"@id":"https:\/\/www.grupefebe.com\/es\/#organization"},"image":{"@id":"https:\/\/grupefebe.com\/es\/efebe-assistim-a-la-7a-jornada-acp-dacra\/#primaryimage"},"thumbnailUrl":"https:\/\/grupefebe.com\/custom\/uploads\/2022\/05\/ACRA-scaled.jpg","articleSection":["Residencias para mayores"],"inLanguage":"es"},{"@type":"WebPage","@id":"https:\/\/grupefebe.com\/es\/efebe-assistim-a-la-7a-jornada-acp-dacra\/","url":"https:\/\/grupefebe.com\/es\/efebe-assistim-a-la-7a-jornada-acp-dacra\/","name":"Efeb\u00e9 asistimos a la 7\u00aa Jornada ACP de ACRA | Grupo Efeb\u00e9","isPartOf":{"@id":"https:\/\/www.grupefebe.com\/es\/#website"},"primaryImageOfPage":{"@id":"https:\/\/grupefebe.com\/es\/efebe-assistim-a-la-7a-jornada-acp-dacra\/#primaryimage"},"image":{"@id":"https:\/\/grupefebe.com\/es\/efebe-assistim-a-la-7a-jornada-acp-dacra\/#primaryimage"},"thumbnailUrl":"https:\/\/grupefebe.com\/custom\/uploads\/2022\/05\/ACRA-scaled.jpg","datePublished":"2022-05-24T09:47:54+00:00","dateModified":"2022-05-24T15:53:30+00:00","description":"Efeb\u00e9 asisti\u00f3 a la 7.\u00aa Jornada en atenci\u00f3n centrada en la persona (ACP) que organiza ACRA, con la colaboraci\u00f3n de Fundaci\u00f3n \"la Caixa\".","breadcrumb":{"@id":"https:\/\/grupefebe.com\/es\/efebe-assistim-a-la-7a-jornada-acp-dacra\/#breadcrumb"},"inLanguage":"es","potentialAction":[{"@type":"ReadAction","target":["https:\/\/grupefebe.com\/es\/efebe-assistim-a-la-7a-jornada-acp-dacra\/"]}]},{"@type":"ImageObject","inLanguage":"es","@id":"https:\/\/grupefebe.com\/es\/efebe-assistim-a-la-7a-jornada-acp-dacra\/#primaryimage","url":"https:\/\/grupefebe.com\/custom\/uploads\/2022\/05\/ACRA-scaled.jpg","contentUrl":"https:\/\/grupefebe.com\/custom\/uploads\/2022\/05\/ACRA-scaled.jpg","width":2560,"height":1920,"caption":"Efeb\u00e9 assistim a la 7\u00aa Jornada ACP d\u2019ACRA"},{"@type":"BreadcrumbList","@id":"https:\/\/grupefebe.com\/es\/efebe-assistim-a-la-7a-jornada-acp-dacra\/#breadcrumb","itemListElement":[{"@type":"ListItem","position":1,"name":"Inici","item":"https:\/\/www.grupefebe.com\/es\/"},{"@type":"ListItem","position":2,"name":"Efeb\u00e9 asistimos a la 7\u00aa Jornada ACP de ACRA"}]},{"@type":"WebSite","@id":"https:\/\/www.grupefebe.com\/es\/#website","url":"https:\/\/www.grupefebe.com\/es\/","name":"Grup Efeb\u00e9","description":"Otro sitio realizado con WordPress","publisher":{"@id":"https:\/\/www.grupefebe.com\/es\/#organization"},"potentialAction":[{"@type":"SearchAction","target":{"@type":"EntryPoint","urlTemplate":"https:\/\/www.grupefebe.com\/es\/?s={search_term_string}"},"query-input":{"@type":"PropertyValueSpecification","valueRequired":true,"valueName":"search_term_string"}}],"inLanguage":"es"},{"@type":"Organization","@id":"https:\/\/www.grupefebe.com\/es\/#organization","name":"Grup Efeb\u00e9","url":"https:\/\/www.grupefebe.com\/es\/","logo":{"@type":"ImageObject","inLanguage":"es","@id":"https:\/\/www.grupefebe.com\/es\/#\/schema\/logo\/image\/","url":"https:\/\/grupefebe.com\/custom\/uploads\/2021\/01\/logo-efebe.png","contentUrl":"https:\/\/grupefebe.com\/custom\/uploads\/2021\/01\/logo-efebe.png","width":524,"height":135,"caption":"Grup Efeb\u00e9"},"image":{"@id":"https:\/\/www.grupefebe.com\/es\/#\/schema\/logo\/image\/"},"sameAs":["https:\/\/www.facebook.com\/grup.efebe","https:\/\/x.com\/grup_efebe","https:\/\/www.instagram.com\/grup_efebe\/","https:\/\/www.linkedin.com\/company\/grupefebe","https:\/\/www.youtube.com\/channel\/UCj11-LAuLhPfqrL2649Xzrw"]},{"@type":"Person","@id":"https:\/\/www.grupefebe.com\/es\/#\/schema\/person\/ea29ae2644736bcdb432a0b7f0d814cd","name":"efebe","image":{"@type":"ImageObject","inLanguage":"es","@id":"https:\/\/www.grupefebe.com\/es\/#\/schema\/person\/image\/","url":"https:\/\/secure.gravatar.com\/avatar\/fe57a3f139ea81c65a338e37a8064b4e80844f839737532820c9107eb9e1966f?s=96&d=mm&r=g","contentUrl":"https:\/\/secure.gravatar.com\/avatar\/fe57a3f139ea81c65a338e37a8064b4e80844f839737532820c9107eb9e1966f?s=96&d=mm&r=g","caption":"efebe"},"url":"https:\/\/grupefebe.com\/es\/author\/efebe\/"}]}},"_links":{"self":[{"href":"https:\/\/grupefebe.com\/es\/wp-json\/wp\/v2\/posts\/10845","targetHints":{"allow":["GET"]}}],"collection":[{"href":"https:\/\/grupefebe.com\/es\/wp-json\/wp\/v2\/posts"}],"about":[{"href":"https:\/\/grupefebe.com\/es\/wp-json\/wp\/v2\/types\/post"}],"author":[{"embeddable":true,"href":"https:\/\/grupefebe.com\/es\/wp-json\/wp\/v2\/users\/1"}],"replies":[{"embeddable":true,"href":"https:\/\/grupefebe.com\/es\/wp-json\/wp\/v2\/comments?post=10845"}],"version-history":[{"count":4,"href":"https:\/\/grupefebe.com\/es\/wp-json\/wp\/v2\/posts\/10845\/revisions"}],"predecessor-version":[{"id":10878,"href":"https:\/\/grupefebe.com\/es\/wp-json\/wp\/v2\/posts\/10845\/revisions\/10878"}],"wp:featuredmedia":[{"embeddable":true,"href":"https:\/\/grupefebe.com\/es\/wp-json\/wp\/v2\/media\/10842"}],"wp:attachment":[{"href":"https:\/\/grupefebe.com\/es\/wp-json\/wp\/v2\/media?parent=10845"}],"wp:term":[{"taxonomy":"category","embeddable":true,"href":"https:\/\/grupefebe.com\/es\/wp-json\/wp\/v2\/categories?post=10845"}],"curies":[{"name":"wp","href":"https:\/\/api.w.org\/{rel}","templated":true}]}}