{"id":10918,"date":"2022-06-01T08:02:56","date_gmt":"2022-06-01T08:02:56","guid":{"rendered":"https:\/\/grupefebe.com\/?p=10918"},"modified":"2022-06-02T14:12:24","modified_gmt":"2022-06-02T14:12:24","slug":"una-nueva-oportunidad-de-insercion-laboral-en-la-construccion-para-mujeres-en-riesgo-de-exclusion-social","status":"publish","type":"post","link":"https:\/\/grupefebe.com\/es\/una-nueva-oportunidad-de-insercion-laboral-en-la-construccion-para-mujeres-en-riesgo-de-exclusion-social\/","title":{"rendered":"Una nueva oportunidad de inserci\u00f3n laboral en la construcci\u00f3n para mujeres en riesgo de exclusi\u00f3n social"},"content":{"rendered":"<h3><em>El 2020, solo el 8,2% de los profesionales de la construcci\u00f3n eran mujeres, ante el 8,9% del 2019. La gran mayor\u00eda hac\u00edan tareas administrativas o t\u00e9cnicas especializadas, lejos de los ramos de paleta, carpinter\u00eda e instalaciones.<\/em><\/h3>\n<ul>\n<li>\n<h4><strong>Con este Proyecto de inserci\u00f3n laboral hemos creado una iniciativa dirigida a mujeres para darles una oportunidad de inserci\u00f3n laboral. Adem\u00e1s, buscamos romper estigmas en el sector laboral de la construcci\u00f3n por un futuro libre de desigualdades.<\/strong><\/h4>\n<\/li>\n<li>\n<h4><strong>Ha sido un curso b\u00e1sico de educaci\u00f3n no formal, que facilita una introducci\u00f3n te\u00f3rica y pr\u00e1ctica en el sector de la construcci\u00f3n y reformas como ayudantes de los ramos de paleta, carpinter\u00eda e instalaciones. Han participado 15 mujeres en riesgo de exclusi\u00f3n social.<\/strong><\/h4>\n<\/li>\n<\/ul>\n<p>Hoy compartimos el art\u00edculo que ha publicado <a href=\"https:\/\/www.lavanguardia.com\/vida\/20220531\/8306297\/rosalina-sandra-iris-janet-cuatro-mujeres-listas-construir.html\">La Vanguardia<\/a> sobre este programa: \u00ab<em>Rosalina, Sandra, Iris y Janet, cuatro mujeres listas para construir<\/em>\u00ab. A continuaci\u00f3n te explicamos c\u00f3mo nos permite ofrecer una oportunidad de inserci\u00f3n laboral para personas en riesgo de exclusi\u00f3n.<\/p>\n<p>Ni una de cada diez profesionales de la construcci\u00f3n es mujer. Este porcentaje es todav\u00eda m\u00e1s bajo si nos referimos a mujeres que hacen oficios vinculados a los de paleta, carpinter\u00eda e instalaciones. Incluso, a causa de la pandemia Covid-19, el n\u00famero de mujeres profesionales de la construcci\u00f3n ha pasado del 8,9% el 2019 al 8,2% el 2020. Ha llegado a las 101.881 mujeres (cifras iguales que hace una d\u00e9cada); seg\u00fan datos son del <a href=\"https:\/\/www.observatoriodelaconstruccion.com\/informes\/detalle\/mujeres-en-el-sector-de-la-construccion-4t-2020\">Informe \u2018Mujeres en el sector de la Construcci\u00f3n 2020\u2019<\/a>, publicado por el <em>Observatorio Industrial de la Construcci\u00f3n<\/em> y hecho p\u00fablico ahora hace un a\u00f1o.<\/p>\n<p>Adem\u00e1s de estas m\u00e1s de ciento mil mujeres que trabajan en la construcci\u00f3n en Espa\u00f1a un n\u00famero muy elevado lo hace en tareas administrativas o altamente cualificadas (arquitectura o ingenier\u00eda). Los ramos antes mencionados quedan en un porcentaje todav\u00eda m\u00e1s bajo.<\/p>\n<p>Para dar una soluci\u00f3n en esta flagrante desigualdad de g\u00e9nero y tambi\u00e9n una oportunidad a un colectivo de mujeres en riesgo de exclusi\u00f3n social, Fundaci\u00f3 Ared y Grup Efeb\u00e9 <strong>han impulsado un programa de inserci\u00f3n laboral dirigido a 15 mujeres en riesgo de exclusi\u00f3n social, para romper estigmas en el sector laboral de la construcci\u00f3n.<\/strong><\/p>\n<p><a href=\"https:\/\/www.fundacioared.org\/\">Fundaci\u00f3 Ared<\/a> acompa\u00f1a personas en alto riesgo de vulnerabilidad, mayoritariamente mujeres, para que consigan la plena integraci\u00f3n en la sociedad a trav\u00e9s de la formaci\u00f3n y el trabajo digno. <a href=\"https:\/\/www.grupefebe.com\/\">Grup Efeb\u00e9<\/a>, somos una empresa de dise\u00f1o, adecuaci\u00f3n y mantenimiento de espacios de trabajo, centros de salud, entornos para personas mayores, centros educativos y oficinas.<\/p>\n<p><strong>El curso que empez\u00f3 a mediados de marzo, acabar\u00e1 a mediados de junio y tambi\u00e9n cuenta con la participaci\u00f3n de la <a href=\"https:\/\/www.fundacionlaboral.org\/\">Fundaci\u00f3n Laboral de la Construcci\u00f3n<\/a>.<\/strong><\/p>\n\n\t\t<div class='galeria-blog owl-carousel-blog owl-carousel owl-theme'><img src='https:\/\/grupefebe.com\/custom\/uploads\/2022\/05\/DSC1675-scaled.jpg'><img src='https:\/\/grupefebe.com\/custom\/uploads\/2022\/05\/DSC1721-scaled.jpg'><img src='https:\/\/grupefebe.com\/custom\/uploads\/2022\/05\/DSC1605-scaled.jpg'><img src='https:\/\/grupefebe.com\/custom\/uploads\/2022\/05\/DSF6302-scaled.jpg'><img src='https:\/\/grupefebe.com\/custom\/uploads\/2022\/05\/DSF6381-scaled.jpg'><img src='https:\/\/grupefebe.com\/custom\/uploads\/2022\/05\/DSF6465-scaled.jpg'><img src='https:\/\/grupefebe.com\/custom\/uploads\/2022\/05\/DSF6533-scaled.jpg'><\/div>\n<h3><strong>Una nueva oportunidad de inserci\u00f3n laboral<\/strong><\/h3>\n<p>El proyecto ha sido un piloto en el marco del Programa INCORPORA de Fundaci\u00f3n \u00abla Caixa\u00bb. <strong>El objetivo del proyecto es desarrollar un curso b\u00e1sico de educaci\u00f3n no formal. Este facilita una introducci\u00f3n te\u00f3rica y pr\u00e1ctica en el sector de la construcci\u00f3n y reformas como ayudantes de los ramos de paleta, carpinter\u00eda e instalaciones.<\/strong><\/p>\n<p>El curso de 300 horas, con 80 horas de pr\u00e1cticas incluidas, est\u00e1 orientado a mujeres en riesgo de exclusi\u00f3n social que quieran conocer el sector y <span style=\"text-decoration: underline;\"><strong>los oficios de paleta, carpintero o instalador. El objetivo de los curso es dar las bases para que las participantes puedan continuar form\u00e1ndose en uno de los tres oficios mencionados.<\/strong><\/span><\/p>\n<p>La formaci\u00f3n ha sido repartida en 4 bloques que tienen los siguientes pesos: Competencias transversales y digitales, 75 horas. Prevenci\u00f3n de Riesgos Laborales, 32 horas. Competencias t\u00e9cnicas espec\u00edficas, 100 horas; y 80 horas de pr\u00e1cticas que se har\u00e1n con los profesionales de Grup Efeb\u00e9.<\/p>\n<h3>\u00a1Ven a celebrarlo en la Barcelona Design Week!<\/h3>\n<p>El mi\u00e9rcoles d\u00eda 15 de junio celebraremos la clausura de este Programa en el showroom Efeb\u00e9, en el barrio del Guinard\u00f3, Barcelona.<\/p>\n<p>El aforo de este evento es limitado, \u00a1a\u00fan te puedes inscribir en <a href=\"https:\/\/bit.ly\/3GGzyVX\"><strong>este enlac<\/strong>e<\/a>!<\/p>\n","protected":false},"excerpt":{"rendered":"<p>El 2020, solo el 8,2% de los profesionales de la construcci\u00f3n eran mujeres, ante el 8,9% del 2019. La gran [&hellip;]<\/p>\n","protected":false},"author":2,"featured_media":10921,"comment_status":"closed","ping_status":"closed","sticky":false,"template":"","format":"standard","meta":{"_acf_changed":false,"footnotes":"","_links_to":"","_links_to_target":""},"categories":[205,204,203,200,201,202],"class_list":["post-10918","post","type-post","status-publish","format-standard","has-post-thumbnail","hentry","category-centros-deportivos","category-centros-medicos","category-escuelas","category-oficinas","category-otros-sectores","category-residencias-mayores"],"acf":[],"yoast_head":"<!-- This site is optimized with the Yoast SEO plugin v25.9 - https:\/\/yoast.com\/wordpress\/plugins\/seo\/ -->\n<title>Una nueva oportunidad de inserci\u00f3n laboral en la construcci\u00f3n para mujeres en riesgo de exclusi\u00f3n social | Grupo Efeb\u00e9<\/title>\n<meta name=\"description\" content=\"Grup Efeb\u00e9 ofrecemos una oportunidad de inserci\u00f3n laboral en la construcci\u00f3n a mujeres en riesgo de exclusi\u00f3n social. \u00a1Descubre m\u00e1s!\" \/>\n<meta name=\"robots\" content=\"index, follow, max-snippet:-1, max-image-preview:large, max-video-preview:-1\" \/>\n<link rel=\"canonical\" href=\"https:\/\/grupefebe.com\/es\/una-nueva-oportunidad-de-insercion-laboral-en-la-construccion-para-mujeres-en-riesgo-de-exclusion-social\/\" \/>\n<meta property=\"og:locale\" content=\"es_ES\" \/>\n<meta property=\"og:type\" content=\"article\" \/>\n<meta property=\"og:title\" content=\"Una nueva oportunidad de inserci\u00f3n laboral en la construcci\u00f3n para mujeres en riesgo de exclusi\u00f3n social | Grupo Efeb\u00e9\" \/>\n<meta property=\"og:description\" content=\"Grup Efeb\u00e9 ofrecemos una oportunidad de inserci\u00f3n laboral en la construcci\u00f3n a mujeres en riesgo de exclusi\u00f3n social. \u00a1Descubre m\u00e1s!\" \/>\n<meta property=\"og:url\" content=\"https:\/\/grupefebe.com\/es\/una-nueva-oportunidad-de-insercion-laboral-en-la-construccion-para-mujeres-en-riesgo-de-exclusion-social\/\" \/>\n<meta property=\"og:site_name\" content=\"Grupo Efeb\u00e9\" \/>\n<meta property=\"article:publisher\" content=\"https:\/\/www.facebook.com\/grup.efebe\" \/>\n<meta property=\"article:published_time\" content=\"2022-06-01T08:02:56+00:00\" \/>\n<meta property=\"article:modified_time\" content=\"2022-06-02T14:12:24+00:00\" \/>\n<meta property=\"og:image\" content=\"https:\/\/grupefebe.com\/custom\/uploads\/2022\/05\/DSC1667-scaled.jpg\" \/>\n\t<meta property=\"og:image:width\" content=\"2560\" \/>\n\t<meta property=\"og:image:height\" content=\"1709\" \/>\n\t<meta property=\"og:image:type\" content=\"image\/jpeg\" \/>\n<meta name=\"author\" content=\"Grup Efeb\u00e9\" \/>\n<meta name=\"twitter:card\" content=\"summary_large_image\" \/>\n<meta name=\"twitter:creator\" content=\"@grup_efebe\" \/>\n<meta name=\"twitter:site\" content=\"@grup_efebe\" \/>\n<meta name=\"twitter:label1\" content=\"Escrito por\" \/>\n\t<meta name=\"twitter:data1\" content=\"Grup Efeb\u00e9\" \/>\n\t<meta name=\"twitter:label2\" content=\"Tiempo de lectura\" \/>\n\t<meta name=\"twitter:data2\" content=\"3 minutos\" \/>\n<script type=\"application\/ld+json\" class=\"yoast-schema-graph\">{\"@context\":\"https:\/\/schema.org\",\"@graph\":[{\"@type\":\"Article\",\"@id\":\"https:\/\/grupefebe.com\/es\/una-nueva-oportunidad-de-insercion-laboral-en-la-construccion-para-mujeres-en-riesgo-de-exclusion-social\/#article\",\"isPartOf\":{\"@id\":\"https:\/\/grupefebe.com\/es\/una-nueva-oportunidad-de-insercion-laboral-en-la-construccion-para-mujeres-en-riesgo-de-exclusion-social\/\"},\"author\":{\"name\":\"Grup Efeb\u00e9\",\"@id\":\"https:\/\/www.grupefebe.com\/es\/#\/schema\/person\/76402b3180eef131413100afc3282997\"},\"headline\":\"Una nueva oportunidad de inserci\u00f3n laboral en la construcci\u00f3n para mujeres en riesgo de exclusi\u00f3n social\",\"datePublished\":\"2022-06-01T08:02:56+00:00\",\"dateModified\":\"2022-06-02T14:12:24+00:00\",\"mainEntityOfPage\":{\"@id\":\"https:\/\/grupefebe.com\/es\/una-nueva-oportunidad-de-insercion-laboral-en-la-construccion-para-mujeres-en-riesgo-de-exclusion-social\/\"},\"wordCount\":716,\"publisher\":{\"@id\":\"https:\/\/www.grupefebe.com\/es\/#organization\"},\"image\":{\"@id\":\"https:\/\/grupefebe.com\/es\/una-nueva-oportunidad-de-insercion-laboral-en-la-construccion-para-mujeres-en-riesgo-de-exclusion-social\/#primaryimage\"},\"thumbnailUrl\":\"https:\/\/grupefebe.com\/custom\/uploads\/2022\/05\/DSC1667-scaled.jpg\",\"articleSection\":[\"Centros Deportivos\",\"Centros M\u00e9dicos\",\"Escuelas\",\"Oficinas\",\"Otros Sectores\",\"Residencias para mayores\"],\"inLanguage\":\"es\"},{\"@type\":\"WebPage\",\"@id\":\"https:\/\/grupefebe.com\/es\/una-nueva-oportunidad-de-insercion-laboral-en-la-construccion-para-mujeres-en-riesgo-de-exclusion-social\/\",\"url\":\"https:\/\/grupefebe.com\/es\/una-nueva-oportunidad-de-insercion-laboral-en-la-construccion-para-mujeres-en-riesgo-de-exclusion-social\/\",\"name\":\"Una nueva oportunidad de inserci\u00f3n laboral en la construcci\u00f3n para mujeres en riesgo de exclusi\u00f3n social | Grupo Efeb\u00e9\",\"isPartOf\":{\"@id\":\"https:\/\/www.grupefebe.com\/es\/#website\"},\"primaryImageOfPage\":{\"@id\":\"https:\/\/grupefebe.com\/es\/una-nueva-oportunidad-de-insercion-laboral-en-la-construccion-para-mujeres-en-riesgo-de-exclusion-social\/#primaryimage\"},\"image\":{\"@id\":\"https:\/\/grupefebe.com\/es\/una-nueva-oportunidad-de-insercion-laboral-en-la-construccion-para-mujeres-en-riesgo-de-exclusion-social\/#primaryimage\"},\"thumbnailUrl\":\"https:\/\/grupefebe.com\/custom\/uploads\/2022\/05\/DSC1667-scaled.jpg\",\"datePublished\":\"2022-06-01T08:02:56+00:00\",\"dateModified\":\"2022-06-02T14:12:24+00:00\",\"description\":\"Grup Efeb\u00e9 ofrecemos una oportunidad de inserci\u00f3n laboral en la construcci\u00f3n a mujeres en riesgo de exclusi\u00f3n social. \u00a1Descubre m\u00e1s!\",\"breadcrumb\":{\"@id\":\"https:\/\/grupefebe.com\/es\/una-nueva-oportunidad-de-insercion-laboral-en-la-construccion-para-mujeres-en-riesgo-de-exclusion-social\/#breadcrumb\"},\"inLanguage\":\"es\",\"potentialAction\":[{\"@type\":\"ReadAction\",\"target\":[\"https:\/\/grupefebe.com\/es\/una-nueva-oportunidad-de-insercion-laboral-en-la-construccion-para-mujeres-en-riesgo-de-exclusion-social\/\"]}]},{\"@type\":\"ImageObject\",\"inLanguage\":\"es\",\"@id\":\"https:\/\/grupefebe.com\/es\/una-nueva-oportunidad-de-insercion-laboral-en-la-construccion-para-mujeres-en-riesgo-de-exclusion-social\/#primaryimage\",\"url\":\"https:\/\/grupefebe.com\/custom\/uploads\/2022\/05\/DSC1667-scaled.jpg\",\"contentUrl\":\"https:\/\/grupefebe.com\/custom\/uploads\/2022\/05\/DSC1667-scaled.jpg\",\"width\":2560,\"height\":1709,\"caption\":\"oportunidad de inserci\u00f3n laboral\"},{\"@type\":\"BreadcrumbList\",\"@id\":\"https:\/\/grupefebe.com\/es\/una-nueva-oportunidad-de-insercion-laboral-en-la-construccion-para-mujeres-en-riesgo-de-exclusion-social\/#breadcrumb\",\"itemListElement\":[{\"@type\":\"ListItem\",\"position\":1,\"name\":\"Inici\",\"item\":\"https:\/\/www.grupefebe.com\/es\/\"},{\"@type\":\"ListItem\",\"position\":2,\"name\":\"Una nueva oportunidad de inserci\u00f3n laboral en la construcci\u00f3n para mujeres en riesgo de exclusi\u00f3n social\"}]},{\"@type\":\"WebSite\",\"@id\":\"https:\/\/www.grupefebe.com\/es\/#website\",\"url\":\"https:\/\/www.grupefebe.com\/es\/\",\"name\":\"Grup Efeb\u00e9\",\"description\":\"Otro sitio realizado con WordPress\",\"publisher\":{\"@id\":\"https:\/\/www.grupefebe.com\/es\/#organization\"},\"potentialAction\":[{\"@type\":\"SearchAction\",\"target\":{\"@type\":\"EntryPoint\",\"urlTemplate\":\"https:\/\/www.grupefebe.com\/es\/?s={search_term_string}\"},\"query-input\":{\"@type\":\"PropertyValueSpecification\",\"valueRequired\":true,\"valueName\":\"search_term_string\"}}],\"inLanguage\":\"es\"},{\"@type\":\"Organization\",\"@id\":\"https:\/\/www.grupefebe.com\/es\/#organization\",\"name\":\"Grup Efeb\u00e9\",\"url\":\"https:\/\/www.grupefebe.com\/es\/\",\"logo\":{\"@type\":\"ImageObject\",\"inLanguage\":\"es\",\"@id\":\"https:\/\/www.grupefebe.com\/es\/#\/schema\/logo\/image\/\",\"url\":\"https:\/\/grupefebe.com\/custom\/uploads\/2021\/01\/logo-efebe.png\",\"contentUrl\":\"https:\/\/grupefebe.com\/custom\/uploads\/2021\/01\/logo-efebe.png\",\"width\":524,\"height\":135,\"caption\":\"Grup Efeb\u00e9\"},\"image\":{\"@id\":\"https:\/\/www.grupefebe.com\/es\/#\/schema\/logo\/image\/\"},\"sameAs\":[\"https:\/\/www.facebook.com\/grup.efebe\",\"https:\/\/x.com\/grup_efebe\",\"https:\/\/www.instagram.com\/grup_efebe\/\",\"https:\/\/www.linkedin.com\/company\/grupefebe\",\"https:\/\/www.youtube.com\/channel\/UCj11-LAuLhPfqrL2649Xzrw\"]},{\"@type\":\"Person\",\"@id\":\"https:\/\/www.grupefebe.com\/es\/#\/schema\/person\/76402b3180eef131413100afc3282997\",\"name\":\"Grup Efeb\u00e9\",\"image\":{\"@type\":\"ImageObject\",\"inLanguage\":\"es\",\"@id\":\"https:\/\/www.grupefebe.com\/es\/#\/schema\/person\/image\/\",\"url\":\"https:\/\/secure.gravatar.com\/avatar\/913bc6aa90480101061296ab9cad4bd4ccfb82c623a8820f3fd577558c1651be?s=96&d=mm&r=g\",\"contentUrl\":\"https:\/\/secure.gravatar.com\/avatar\/913bc6aa90480101061296ab9cad4bd4ccfb82c623a8820f3fd577558c1651be?s=96&d=mm&r=g\",\"caption\":\"Grup Efeb\u00e9\"},\"url\":\"https:\/\/grupefebe.com\/es\/author\/julia\/\"}]}<\/script>\n<!-- \/ Yoast SEO plugin. -->","yoast_head_json":{"title":"Una nueva oportunidad de inserci\u00f3n laboral en la construcci\u00f3n para mujeres en riesgo de exclusi\u00f3n social | Grupo Efeb\u00e9","description":"Grup Efeb\u00e9 ofrecemos una oportunidad de inserci\u00f3n laboral en la construcci\u00f3n a mujeres en riesgo de exclusi\u00f3n social. \u00a1Descubre m\u00e1s!","robots":{"index":"index","follow":"follow","max-snippet":"max-snippet:-1","max-image-preview":"max-image-preview:large","max-video-preview":"max-video-preview:-1"},"canonical":"https:\/\/grupefebe.com\/es\/una-nueva-oportunidad-de-insercion-laboral-en-la-construccion-para-mujeres-en-riesgo-de-exclusion-social\/","og_locale":"es_ES","og_type":"article","og_title":"Una nueva oportunidad de inserci\u00f3n laboral en la construcci\u00f3n para mujeres en riesgo de exclusi\u00f3n social | Grupo Efeb\u00e9","og_description":"Grup Efeb\u00e9 ofrecemos una oportunidad de inserci\u00f3n laboral en la construcci\u00f3n a mujeres en riesgo de exclusi\u00f3n social. \u00a1Descubre m\u00e1s!","og_url":"https:\/\/grupefebe.com\/es\/una-nueva-oportunidad-de-insercion-laboral-en-la-construccion-para-mujeres-en-riesgo-de-exclusion-social\/","og_site_name":"Grupo Efeb\u00e9","article_publisher":"https:\/\/www.facebook.com\/grup.efebe","article_published_time":"2022-06-01T08:02:56+00:00","article_modified_time":"2022-06-02T14:12:24+00:00","og_image":[{"width":2560,"height":1709,"url":"https:\/\/grupefebe.com\/custom\/uploads\/2022\/05\/DSC1667-scaled.jpg","type":"image\/jpeg"}],"author":"Grup Efeb\u00e9","twitter_card":"summary_large_image","twitter_creator":"@grup_efebe","twitter_site":"@grup_efebe","twitter_misc":{"Escrito por":"Grup Efeb\u00e9","Tiempo de lectura":"3 minutos"},"schema":{"@context":"https:\/\/schema.org","@graph":[{"@type":"Article","@id":"https:\/\/grupefebe.com\/es\/una-nueva-oportunidad-de-insercion-laboral-en-la-construccion-para-mujeres-en-riesgo-de-exclusion-social\/#article","isPartOf":{"@id":"https:\/\/grupefebe.com\/es\/una-nueva-oportunidad-de-insercion-laboral-en-la-construccion-para-mujeres-en-riesgo-de-exclusion-social\/"},"author":{"name":"Grup Efeb\u00e9","@id":"https:\/\/www.grupefebe.com\/es\/#\/schema\/person\/76402b3180eef131413100afc3282997"},"headline":"Una nueva oportunidad de inserci\u00f3n laboral en la construcci\u00f3n para mujeres en riesgo de exclusi\u00f3n social","datePublished":"2022-06-01T08:02:56+00:00","dateModified":"2022-06-02T14:12:24+00:00","mainEntityOfPage":{"@id":"https:\/\/grupefebe.com\/es\/una-nueva-oportunidad-de-insercion-laboral-en-la-construccion-para-mujeres-en-riesgo-de-exclusion-social\/"},"wordCount":716,"publisher":{"@id":"https:\/\/www.grupefebe.com\/es\/#organization"},"image":{"@id":"https:\/\/grupefebe.com\/es\/una-nueva-oportunidad-de-insercion-laboral-en-la-construccion-para-mujeres-en-riesgo-de-exclusion-social\/#primaryimage"},"thumbnailUrl":"https:\/\/grupefebe.com\/custom\/uploads\/2022\/05\/DSC1667-scaled.jpg","articleSection":["Centros Deportivos","Centros M\u00e9dicos","Escuelas","Oficinas","Otros Sectores","Residencias para mayores"],"inLanguage":"es"},{"@type":"WebPage","@id":"https:\/\/grupefebe.com\/es\/una-nueva-oportunidad-de-insercion-laboral-en-la-construccion-para-mujeres-en-riesgo-de-exclusion-social\/","url":"https:\/\/grupefebe.com\/es\/una-nueva-oportunidad-de-insercion-laboral-en-la-construccion-para-mujeres-en-riesgo-de-exclusion-social\/","name":"Una nueva oportunidad de inserci\u00f3n laboral en la construcci\u00f3n para mujeres en riesgo de exclusi\u00f3n social | Grupo Efeb\u00e9","isPartOf":{"@id":"https:\/\/www.grupefebe.com\/es\/#website"},"primaryImageOfPage":{"@id":"https:\/\/grupefebe.com\/es\/una-nueva-oportunidad-de-insercion-laboral-en-la-construccion-para-mujeres-en-riesgo-de-exclusion-social\/#primaryimage"},"image":{"@id":"https:\/\/grupefebe.com\/es\/una-nueva-oportunidad-de-insercion-laboral-en-la-construccion-para-mujeres-en-riesgo-de-exclusion-social\/#primaryimage"},"thumbnailUrl":"https:\/\/grupefebe.com\/custom\/uploads\/2022\/05\/DSC1667-scaled.jpg","datePublished":"2022-06-01T08:02:56+00:00","dateModified":"2022-06-02T14:12:24+00:00","description":"Grup Efeb\u00e9 ofrecemos una oportunidad de inserci\u00f3n laboral en la construcci\u00f3n a mujeres en riesgo de exclusi\u00f3n social. \u00a1Descubre m\u00e1s!","breadcrumb":{"@id":"https:\/\/grupefebe.com\/es\/una-nueva-oportunidad-de-insercion-laboral-en-la-construccion-para-mujeres-en-riesgo-de-exclusion-social\/#breadcrumb"},"inLanguage":"es","potentialAction":[{"@type":"ReadAction","target":["https:\/\/grupefebe.com\/es\/una-nueva-oportunidad-de-insercion-laboral-en-la-construccion-para-mujeres-en-riesgo-de-exclusion-social\/"]}]},{"@type":"ImageObject","inLanguage":"es","@id":"https:\/\/grupefebe.com\/es\/una-nueva-oportunidad-de-insercion-laboral-en-la-construccion-para-mujeres-en-riesgo-de-exclusion-social\/#primaryimage","url":"https:\/\/grupefebe.com\/custom\/uploads\/2022\/05\/DSC1667-scaled.jpg","contentUrl":"https:\/\/grupefebe.com\/custom\/uploads\/2022\/05\/DSC1667-scaled.jpg","width":2560,"height":1709,"caption":"oportunidad de inserci\u00f3n laboral"},{"@type":"BreadcrumbList","@id":"https:\/\/grupefebe.com\/es\/una-nueva-oportunidad-de-insercion-laboral-en-la-construccion-para-mujeres-en-riesgo-de-exclusion-social\/#breadcrumb","itemListElement":[{"@type":"ListItem","position":1,"name":"Inici","item":"https:\/\/www.grupefebe.com\/es\/"},{"@type":"ListItem","position":2,"name":"Una nueva oportunidad de inserci\u00f3n laboral en la construcci\u00f3n para mujeres en riesgo de exclusi\u00f3n social"}]},{"@type":"WebSite","@id":"https:\/\/www.grupefebe.com\/es\/#website","url":"https:\/\/www.grupefebe.com\/es\/","name":"Grup Efeb\u00e9","description":"Otro sitio realizado con WordPress","publisher":{"@id":"https:\/\/www.grupefebe.com\/es\/#organization"},"potentialAction":[{"@type":"SearchAction","target":{"@type":"EntryPoint","urlTemplate":"https:\/\/www.grupefebe.com\/es\/?s={search_term_string}"},"query-input":{"@type":"PropertyValueSpecification","valueRequired":true,"valueName":"search_term_string"}}],"inLanguage":"es"},{"@type":"Organization","@id":"https:\/\/www.grupefebe.com\/es\/#organization","name":"Grup Efeb\u00e9","url":"https:\/\/www.grupefebe.com\/es\/","logo":{"@type":"ImageObject","inLanguage":"es","@id":"https:\/\/www.grupefebe.com\/es\/#\/schema\/logo\/image\/","url":"https:\/\/grupefebe.com\/custom\/uploads\/2021\/01\/logo-efebe.png","contentUrl":"https:\/\/grupefebe.com\/custom\/uploads\/2021\/01\/logo-efebe.png","width":524,"height":135,"caption":"Grup Efeb\u00e9"},"image":{"@id":"https:\/\/www.grupefebe.com\/es\/#\/schema\/logo\/image\/"},"sameAs":["https:\/\/www.facebook.com\/grup.efebe","https:\/\/x.com\/grup_efebe","https:\/\/www.instagram.com\/grup_efebe\/","https:\/\/www.linkedin.com\/company\/grupefebe","https:\/\/www.youtube.com\/channel\/UCj11-LAuLhPfqrL2649Xzrw"]},{"@type":"Person","@id":"https:\/\/www.grupefebe.com\/es\/#\/schema\/person\/76402b3180eef131413100afc3282997","name":"Grup Efeb\u00e9","image":{"@type":"ImageObject","inLanguage":"es","@id":"https:\/\/www.grupefebe.com\/es\/#\/schema\/person\/image\/","url":"https:\/\/secure.gravatar.com\/avatar\/913bc6aa90480101061296ab9cad4bd4ccfb82c623a8820f3fd577558c1651be?s=96&d=mm&r=g","contentUrl":"https:\/\/secure.gravatar.com\/avatar\/913bc6aa90480101061296ab9cad4bd4ccfb82c623a8820f3fd577558c1651be?s=96&d=mm&r=g","caption":"Grup Efeb\u00e9"},"url":"https:\/\/grupefebe.com\/es\/author\/julia\/"}]}},"_links":{"self":[{"href":"https:\/\/grupefebe.com\/es\/wp-json\/wp\/v2\/posts\/10918","targetHints":{"allow":["GET"]}}],"collection":[{"href":"https:\/\/grupefebe.com\/es\/wp-json\/wp\/v2\/posts"}],"about":[{"href":"https:\/\/grupefebe.com\/es\/wp-json\/wp\/v2\/types\/post"}],"author":[{"embeddable":true,"href":"https:\/\/grupefebe.com\/es\/wp-json\/wp\/v2\/users\/2"}],"replies":[{"embeddable":true,"href":"https:\/\/grupefebe.com\/es\/wp-json\/wp\/v2\/comments?post=10918"}],"version-history":[{"count":10,"href":"https:\/\/grupefebe.com\/es\/wp-json\/wp\/v2\/posts\/10918\/revisions"}],"predecessor-version":[{"id":10960,"href":"https:\/\/grupefebe.com\/es\/wp-json\/wp\/v2\/posts\/10918\/revisions\/10960"}],"wp:featuredmedia":[{"embeddable":true,"href":"https:\/\/grupefebe.com\/es\/wp-json\/wp\/v2\/media\/10921"}],"wp:attachment":[{"href":"https:\/\/grupefebe.com\/es\/wp-json\/wp\/v2\/media?parent=10918"}],"wp:term":[{"taxonomy":"category","embeddable":true,"href":"https:\/\/grupefebe.com\/es\/wp-json\/wp\/v2\/categories?post=10918"}],"curies":[{"name":"wp","href":"https:\/\/api.w.org\/{rel}","templated":true}]}}