{"id":11109,"date":"2022-06-23T10:04:56","date_gmt":"2022-06-23T10:04:56","guid":{"rendered":"https:\/\/grupefebe.com\/?p=11109"},"modified":"2022-06-28T09:26:50","modified_gmt":"2022-06-28T09:26:50","slug":"las-3-oficinas-mas-creativas-de-efebe","status":"publish","type":"post","link":"https:\/\/grupefebe.com\/es\/las-3-oficinas-mas-creativas-de-efebe\/","title":{"rendered":"Las 3 oficinas m\u00e1s creativas de Efeb\u00e9"},"content":{"rendered":"<p>Las tendencias en el dise\u00f1o de oficinas y entornos de trabajo evolucionan constantemente. Actualmente, algunos de los elementos claves para una oficina adaptada al 2022 son la creatividad, la sostenibilidad y la tecnolog\u00eda. En este art\u00edculo nos centraremos a presentaros tres de las oficinas m\u00e1s creativas que hemos ejecutado el equipo de Grup Efeb\u00e9.<\/p>\n<p>La creatividad se entiende como la \u00abcapacidad que tiene una persona para imaginar, inventar y crear cosas.\u00bb Si la aplicamos en el dise\u00f1o de un espacio de oficina real, conseguimos espacios creativos e innovadores, que fomentan el rendimiento. Lo hacemos posible gracias a la investigaci\u00f3n constante de nuevas tendencias en el sector de la arquitectura, la construcci\u00f3n y el dise\u00f1o de interiores. Adem\u00e1s, contamos con un equipo profesional que conoce en detalle como adaptar un espacio, siempre con el objetivo principal de que cumpla dos requisitos esenciales: bienestar y funcionalidad.<\/p>\n<p>A continuaci\u00f3n, Grup Efeb\u00e9 te recomendamos conocer nuestros tres \u00faltimos proyectos de creaci\u00f3n de oficinas creativas en Barcelona, Lisboa y Madrid.<\/p>\n<h3>Las tres oficinas m\u00e1s creativas a cargo de Efeb\u00e9<\/h3>\n<p>Grup Efeb\u00e9 hacemos proyectos a escala internacional desde el a\u00f1o 2013, cuando nos fuimos por primera vez a Sud\u00e1n, para reformar nuevos apartamentos en Khartoum. Entre los \u00faltimos meses del a\u00f1o pasado y este primer semestre de 2022 hemos ejecutado tres proyectos de oficina en Barcelona, Madrid y Lisboa.<\/p>\n<p>Los espacios de oficina demandan est\u00e9tica pero sobre todo practicidad. Son entornos por el d\u00eda a d\u00eda, para poder trabajar a gusto. Pues, en la hora de crear un proyecto como estos, hay que plantear espacios est\u00e9ticamente bonitos y a la vez funcionales, que den respuesta a las necesidades de nuestros clientes.<\/p>\n<p>Los tres proyectos que mencionamos respetan la identidad corporativa de cada empresa. Son oficinas adaptadas a los nuevos tiempos, con dise\u00f1os modernos y a la vez funcionales por las necesidades de las personas que trabajan. Adem\u00e1s, comparten el estilo de Efeb\u00e9, que se basa a crear espacios saludables, eficientes, confortables, sostenibles y ergon\u00f3micos.<\/p>\n<p><strong>Proyecto en Barcelona<\/strong><\/p>\n<p>Estas oficinas creativas de Barcelona cuentan con 291,8 m\u00b2. Se trata de un proyecto que hicimos a los inicios de este a\u00f1o 2022. Nos encanta el resultado, una combinaci\u00f3n de tonos neutros, luz natural. Adem\u00e1s, nos parece un espacio muy bien acabado, con un resultado \u00f3ptimo y beneficioso a nivel est\u00e9tico, visual y de bienestar por las personas que trabajan en esta oficina.<\/p>\n<p>Est\u00e1n situadas en el edificio Generali, a Paseo de Gracia (Barcelona). Este proyecto es a la primera planta del edificio. En estos momentos, seguimos trabajando en el dise\u00f1o y la reforma interior de las oficinas otras plantas del edificio, para conseguir hacer una actualizaci\u00f3n y adaptaci\u00f3n de las nuevas normativas de accesibilidad.<\/p>\n<p>Con una adaptaci\u00f3n personalizada por las necesidades de los clientes, intentamos que cada oficina tenga una parte de trabajo abierta y otra individual, una de trabajo en equipo y una zona m\u00e1s informal.<\/p>\n\n\t\t<div class='galeria-blog owl-carousel-blog owl-carousel owl-theme'><img src='https:\/\/grupefebe.com\/custom\/uploads\/2022\/02\/AZR6053.jpeg'><img src='https:\/\/grupefebe.com\/custom\/uploads\/2022\/02\/AZR6051.jpeg'><img src='https:\/\/grupefebe.com\/custom\/uploads\/2022\/02\/AZR6034.jpeg'><\/div>\n<p><strong>Proyecto en Lisboa<\/strong><\/p>\n<p>Nos encontramos en un proceso de transformaci\u00f3n hacia un modelo de trabajo h\u00edbrido, que combina el teletrabajo con el trabajo en la oficina. El espacio corporativo adaptado tiene que contar con entornos colaborativos para aprovechar el reencuentro del equipo de forma presencial. Por eso, una oficina como esta de Lisboa, est\u00e1 adaptada para poder hacer videollamadas, reuniones y mucho trabajo en equipo.<\/p>\n<p>Adem\u00e1s, la oficina de Lisboa es la m\u00e1s grande y se caracteriza para ser un entorno con diferentes escenarios de trabajo pensados de forma personalizada por las necesidades del personal. La oficina en cuesti\u00f3n cuenta con salas adaptadas, cabinas tratadas ac\u00fasticamente, espacios de co-creaci\u00f3n con mobiliario flexible ideal para la colaboraci\u00f3n y una zona office para relacionarse y trabajar de forma m\u00e1s informal.<\/p>\n<p>El espacio cuenta con 744 m\u00b2 y ya acoge a m\u00e1s de 40 personas trabajando.<\/p>\n<p>&nbsp;<\/p>\n\n\t\t<div class='galeria-blog owl-carousel-blog owl-carousel owl-theme'><img src='https:\/\/grupefebe.com\/custom\/uploads\/2022\/06\/DSF3682-copia-scaled.jpg'><img src='https:\/\/grupefebe.com\/custom\/uploads\/2022\/06\/DSF3718-copia-scaled.jpg'><img src='https:\/\/grupefebe.com\/custom\/uploads\/2022\/06\/DSF3635-copia-scaled.jpg'><\/div>\n<p>&nbsp;<\/p>\n<p><strong>Proyecto en Madrid<\/strong><\/p>\n<p>El equipo de Grup Efeb\u00e9 adaptamos una oficina creativa en el centro de la capital, concretamente, en la Gran V\u00eda de Madrid.<\/p>\n<p>En un total de 240 m\u00b2 adecuamos espacios saludables, eficientes y confortables. Estos se dividen en un espacio abierto de trabajo, dos salas de reuniones, una sala <em>one-to-one<\/em>, una zona office para la cocina y un espacio de oficina m\u00e1s creativo para trabajar en equipo y hacer sesiones colaborativas. Adem\u00e1s, cuenta con el office, la cocina para trabajar en equipo.<\/p>\n<p>&nbsp;<\/p>\n\n\t\t<div class='galeria-blog owl-carousel-blog owl-carousel owl-theme'><img src='https:\/\/grupefebe.com\/custom\/uploads\/2021\/09\/WhatsApp-Image-2021-09-01-at-19.16.45.jpeg'><img src='https:\/\/grupefebe.com\/custom\/uploads\/2021\/09\/Madrid-17.jpg'><img src='https:\/\/grupefebe.com\/custom\/uploads\/2021\/09\/taula-2.jpg'><\/div>\n<p>&nbsp;<\/p>\n<p>Entonces, \u00bfquieres seguir descubriendo nuevas oficinas creativas? Entra <a href=\"https:\/\/www.grupefebe.com\/es\/proyectos\/\"><strong>aqu\u00ed<\/strong><\/a> y descubre m\u00e1s proyectos.<\/p>\n","protected":false},"excerpt":{"rendered":"<p>Las tendencias en el dise\u00f1o de oficinas y entornos de trabajo evolucionan constantemente. Actualmente, algunos de los elementos claves para [&hellip;]<\/p>\n","protected":false},"author":2,"featured_media":11094,"comment_status":"closed","ping_status":"closed","sticky":false,"template":"","format":"standard","meta":{"_acf_changed":false,"footnotes":"","_links_to":"","_links_to_target":""},"categories":[200],"class_list":["post-11109","post","type-post","status-publish","format-standard","has-post-thumbnail","hentry","category-oficinas"],"acf":[],"yoast_head":"<!-- This site is optimized with the Yoast SEO plugin v25.9 - https:\/\/yoast.com\/wordpress\/plugins\/seo\/ -->\n<title>Las 3 oficinas m\u00e1s creativas de Efeb\u00e9 | Grupo Efeb\u00e9<\/title>\n<meta name=\"description\" content=\"\u00bfQuieres conocer las oficinas m\u00e1s creativas? En este art\u00edculo de Grupo Efeb\u00e9 te muestramos tres ejemplos de proyectos de este 2022.\" \/>\n<meta name=\"robots\" content=\"index, follow, max-snippet:-1, max-image-preview:large, max-video-preview:-1\" \/>\n<link rel=\"canonical\" href=\"https:\/\/grupefebe.com\/es\/las-3-oficinas-mas-creativas-de-efebe\/\" \/>\n<meta property=\"og:locale\" content=\"es_ES\" \/>\n<meta property=\"og:type\" content=\"article\" \/>\n<meta property=\"og:title\" content=\"Las 3 oficinas m\u00e1s creativas de Efeb\u00e9 | Grupo Efeb\u00e9\" \/>\n<meta property=\"og:description\" content=\"\u00bfQuieres conocer las oficinas m\u00e1s creativas? En este art\u00edculo de Grupo Efeb\u00e9 te muestramos tres ejemplos de proyectos de este 2022.\" \/>\n<meta property=\"og:url\" content=\"https:\/\/grupefebe.com\/es\/las-3-oficinas-mas-creativas-de-efebe\/\" \/>\n<meta property=\"og:site_name\" content=\"Grupo Efeb\u00e9\" \/>\n<meta property=\"article:publisher\" content=\"https:\/\/www.facebook.com\/grup.efebe\" \/>\n<meta property=\"article:published_time\" content=\"2022-06-23T10:04:56+00:00\" \/>\n<meta property=\"article:modified_time\" content=\"2022-06-28T09:26:50+00:00\" \/>\n<meta property=\"og:image\" content=\"https:\/\/www.grupefebe.com\/custom\/uploads\/2022\/06\/DSF3681-copia-scaled.jpg\" \/>\n\t<meta property=\"og:image:width\" content=\"2560\" \/>\n\t<meta property=\"og:image:height\" content=\"1707\" \/>\n\t<meta property=\"og:image:type\" content=\"image\/jpeg\" \/>\n<meta name=\"author\" content=\"Grup Efeb\u00e9\" \/>\n<meta name=\"twitter:card\" content=\"summary_large_image\" \/>\n<meta name=\"twitter:creator\" content=\"@grup_efebe\" \/>\n<meta name=\"twitter:site\" content=\"@grup_efebe\" \/>\n<meta name=\"twitter:label1\" content=\"Escrito por\" \/>\n\t<meta name=\"twitter:data1\" content=\"Grup Efeb\u00e9\" \/>\n\t<meta name=\"twitter:label2\" content=\"Tiempo de lectura\" \/>\n\t<meta name=\"twitter:data2\" content=\"4 minutos\" \/>\n<script type=\"application\/ld+json\" class=\"yoast-schema-graph\">{\"@context\":\"https:\/\/schema.org\",\"@graph\":[{\"@type\":\"Article\",\"@id\":\"https:\/\/grupefebe.com\/es\/las-3-oficinas-mas-creativas-de-efebe\/#article\",\"isPartOf\":{\"@id\":\"https:\/\/grupefebe.com\/es\/las-3-oficinas-mas-creativas-de-efebe\/\"},\"author\":{\"name\":\"Grup Efeb\u00e9\",\"@id\":\"https:\/\/www.grupefebe.com\/es\/#\/schema\/person\/76402b3180eef131413100afc3282997\"},\"headline\":\"Las 3 oficinas m\u00e1s creativas de Efeb\u00e9\",\"datePublished\":\"2022-06-23T10:04:56+00:00\",\"dateModified\":\"2022-06-28T09:26:50+00:00\",\"mainEntityOfPage\":{\"@id\":\"https:\/\/grupefebe.com\/es\/las-3-oficinas-mas-creativas-de-efebe\/\"},\"wordCount\":775,\"publisher\":{\"@id\":\"https:\/\/www.grupefebe.com\/es\/#organization\"},\"image\":{\"@id\":\"https:\/\/grupefebe.com\/es\/las-3-oficinas-mas-creativas-de-efebe\/#primaryimage\"},\"thumbnailUrl\":\"https:\/\/grupefebe.com\/custom\/uploads\/2022\/06\/DSF3681-copia-scaled.jpg\",\"articleSection\":[\"Oficinas\"],\"inLanguage\":\"es\"},{\"@type\":\"WebPage\",\"@id\":\"https:\/\/grupefebe.com\/es\/las-3-oficinas-mas-creativas-de-efebe\/\",\"url\":\"https:\/\/grupefebe.com\/es\/las-3-oficinas-mas-creativas-de-efebe\/\",\"name\":\"Las 3 oficinas m\u00e1s creativas de Efeb\u00e9 | Grupo Efeb\u00e9\",\"isPartOf\":{\"@id\":\"https:\/\/www.grupefebe.com\/es\/#website\"},\"primaryImageOfPage\":{\"@id\":\"https:\/\/grupefebe.com\/es\/las-3-oficinas-mas-creativas-de-efebe\/#primaryimage\"},\"image\":{\"@id\":\"https:\/\/grupefebe.com\/es\/las-3-oficinas-mas-creativas-de-efebe\/#primaryimage\"},\"thumbnailUrl\":\"https:\/\/grupefebe.com\/custom\/uploads\/2022\/06\/DSF3681-copia-scaled.jpg\",\"datePublished\":\"2022-06-23T10:04:56+00:00\",\"dateModified\":\"2022-06-28T09:26:50+00:00\",\"description\":\"\u00bfQuieres conocer las oficinas m\u00e1s creativas? En este art\u00edculo de Grupo Efeb\u00e9 te muestramos tres ejemplos de proyectos de este 2022.\",\"breadcrumb\":{\"@id\":\"https:\/\/grupefebe.com\/es\/las-3-oficinas-mas-creativas-de-efebe\/#breadcrumb\"},\"inLanguage\":\"es\",\"potentialAction\":[{\"@type\":\"ReadAction\",\"target\":[\"https:\/\/grupefebe.com\/es\/las-3-oficinas-mas-creativas-de-efebe\/\"]}]},{\"@type\":\"ImageObject\",\"inLanguage\":\"es\",\"@id\":\"https:\/\/grupefebe.com\/es\/las-3-oficinas-mas-creativas-de-efebe\/#primaryimage\",\"url\":\"https:\/\/grupefebe.com\/custom\/uploads\/2022\/06\/DSF3681-copia-scaled.jpg\",\"contentUrl\":\"https:\/\/grupefebe.com\/custom\/uploads\/2022\/06\/DSF3681-copia-scaled.jpg\",\"width\":2560,\"height\":1707,\"caption\":\"oficina h\u00edbrida\"},{\"@type\":\"BreadcrumbList\",\"@id\":\"https:\/\/grupefebe.com\/es\/las-3-oficinas-mas-creativas-de-efebe\/#breadcrumb\",\"itemListElement\":[{\"@type\":\"ListItem\",\"position\":1,\"name\":\"Inici\",\"item\":\"https:\/\/www.grupefebe.com\/es\/\"},{\"@type\":\"ListItem\",\"position\":2,\"name\":\"Las 3 oficinas m\u00e1s creativas de Efeb\u00e9\"}]},{\"@type\":\"WebSite\",\"@id\":\"https:\/\/www.grupefebe.com\/es\/#website\",\"url\":\"https:\/\/www.grupefebe.com\/es\/\",\"name\":\"Grup Efeb\u00e9\",\"description\":\"Otro sitio realizado con WordPress\",\"publisher\":{\"@id\":\"https:\/\/www.grupefebe.com\/es\/#organization\"},\"potentialAction\":[{\"@type\":\"SearchAction\",\"target\":{\"@type\":\"EntryPoint\",\"urlTemplate\":\"https:\/\/www.grupefebe.com\/es\/?s={search_term_string}\"},\"query-input\":{\"@type\":\"PropertyValueSpecification\",\"valueRequired\":true,\"valueName\":\"search_term_string\"}}],\"inLanguage\":\"es\"},{\"@type\":\"Organization\",\"@id\":\"https:\/\/www.grupefebe.com\/es\/#organization\",\"name\":\"Grup Efeb\u00e9\",\"url\":\"https:\/\/www.grupefebe.com\/es\/\",\"logo\":{\"@type\":\"ImageObject\",\"inLanguage\":\"es\",\"@id\":\"https:\/\/www.grupefebe.com\/es\/#\/schema\/logo\/image\/\",\"url\":\"https:\/\/grupefebe.com\/custom\/uploads\/2021\/01\/logo-efebe.png\",\"contentUrl\":\"https:\/\/grupefebe.com\/custom\/uploads\/2021\/01\/logo-efebe.png\",\"width\":524,\"height\":135,\"caption\":\"Grup Efeb\u00e9\"},\"image\":{\"@id\":\"https:\/\/www.grupefebe.com\/es\/#\/schema\/logo\/image\/\"},\"sameAs\":[\"https:\/\/www.facebook.com\/grup.efebe\",\"https:\/\/x.com\/grup_efebe\",\"https:\/\/www.instagram.com\/grup_efebe\/\",\"https:\/\/www.linkedin.com\/company\/grupefebe\",\"https:\/\/www.youtube.com\/channel\/UCj11-LAuLhPfqrL2649Xzrw\"]},{\"@type\":\"Person\",\"@id\":\"https:\/\/www.grupefebe.com\/es\/#\/schema\/person\/76402b3180eef131413100afc3282997\",\"name\":\"Grup Efeb\u00e9\",\"image\":{\"@type\":\"ImageObject\",\"inLanguage\":\"es\",\"@id\":\"https:\/\/www.grupefebe.com\/es\/#\/schema\/person\/image\/\",\"url\":\"https:\/\/secure.gravatar.com\/avatar\/913bc6aa90480101061296ab9cad4bd4ccfb82c623a8820f3fd577558c1651be?s=96&d=mm&r=g\",\"contentUrl\":\"https:\/\/secure.gravatar.com\/avatar\/913bc6aa90480101061296ab9cad4bd4ccfb82c623a8820f3fd577558c1651be?s=96&d=mm&r=g\",\"caption\":\"Grup Efeb\u00e9\"},\"url\":\"https:\/\/grupefebe.com\/es\/author\/julia\/\"}]}<\/script>\n<!-- \/ Yoast SEO plugin. -->","yoast_head_json":{"title":"Las 3 oficinas m\u00e1s creativas de Efeb\u00e9 | Grupo Efeb\u00e9","description":"\u00bfQuieres conocer las oficinas m\u00e1s creativas? En este art\u00edculo de Grupo Efeb\u00e9 te muestramos tres ejemplos de proyectos de este 2022.","robots":{"index":"index","follow":"follow","max-snippet":"max-snippet:-1","max-image-preview":"max-image-preview:large","max-video-preview":"max-video-preview:-1"},"canonical":"https:\/\/grupefebe.com\/es\/las-3-oficinas-mas-creativas-de-efebe\/","og_locale":"es_ES","og_type":"article","og_title":"Las 3 oficinas m\u00e1s creativas de Efeb\u00e9 | Grupo Efeb\u00e9","og_description":"\u00bfQuieres conocer las oficinas m\u00e1s creativas? En este art\u00edculo de Grupo Efeb\u00e9 te muestramos tres ejemplos de proyectos de este 2022.","og_url":"https:\/\/grupefebe.com\/es\/las-3-oficinas-mas-creativas-de-efebe\/","og_site_name":"Grupo Efeb\u00e9","article_publisher":"https:\/\/www.facebook.com\/grup.efebe","article_published_time":"2022-06-23T10:04:56+00:00","article_modified_time":"2022-06-28T09:26:50+00:00","og_image":[{"width":2560,"height":1707,"url":"https:\/\/www.grupefebe.com\/custom\/uploads\/2022\/06\/DSF3681-copia-scaled.jpg","type":"image\/jpeg"}],"author":"Grup Efeb\u00e9","twitter_card":"summary_large_image","twitter_creator":"@grup_efebe","twitter_site":"@grup_efebe","twitter_misc":{"Escrito por":"Grup Efeb\u00e9","Tiempo de lectura":"4 minutos"},"schema":{"@context":"https:\/\/schema.org","@graph":[{"@type":"Article","@id":"https:\/\/grupefebe.com\/es\/las-3-oficinas-mas-creativas-de-efebe\/#article","isPartOf":{"@id":"https:\/\/grupefebe.com\/es\/las-3-oficinas-mas-creativas-de-efebe\/"},"author":{"name":"Grup Efeb\u00e9","@id":"https:\/\/www.grupefebe.com\/es\/#\/schema\/person\/76402b3180eef131413100afc3282997"},"headline":"Las 3 oficinas m\u00e1s creativas de Efeb\u00e9","datePublished":"2022-06-23T10:04:56+00:00","dateModified":"2022-06-28T09:26:50+00:00","mainEntityOfPage":{"@id":"https:\/\/grupefebe.com\/es\/las-3-oficinas-mas-creativas-de-efebe\/"},"wordCount":775,"publisher":{"@id":"https:\/\/www.grupefebe.com\/es\/#organization"},"image":{"@id":"https:\/\/grupefebe.com\/es\/las-3-oficinas-mas-creativas-de-efebe\/#primaryimage"},"thumbnailUrl":"https:\/\/grupefebe.com\/custom\/uploads\/2022\/06\/DSF3681-copia-scaled.jpg","articleSection":["Oficinas"],"inLanguage":"es"},{"@type":"WebPage","@id":"https:\/\/grupefebe.com\/es\/las-3-oficinas-mas-creativas-de-efebe\/","url":"https:\/\/grupefebe.com\/es\/las-3-oficinas-mas-creativas-de-efebe\/","name":"Las 3 oficinas m\u00e1s creativas de Efeb\u00e9 | Grupo Efeb\u00e9","isPartOf":{"@id":"https:\/\/www.grupefebe.com\/es\/#website"},"primaryImageOfPage":{"@id":"https:\/\/grupefebe.com\/es\/las-3-oficinas-mas-creativas-de-efebe\/#primaryimage"},"image":{"@id":"https:\/\/grupefebe.com\/es\/las-3-oficinas-mas-creativas-de-efebe\/#primaryimage"},"thumbnailUrl":"https:\/\/grupefebe.com\/custom\/uploads\/2022\/06\/DSF3681-copia-scaled.jpg","datePublished":"2022-06-23T10:04:56+00:00","dateModified":"2022-06-28T09:26:50+00:00","description":"\u00bfQuieres conocer las oficinas m\u00e1s creativas? En este art\u00edculo de Grupo Efeb\u00e9 te muestramos tres ejemplos de proyectos de este 2022.","breadcrumb":{"@id":"https:\/\/grupefebe.com\/es\/las-3-oficinas-mas-creativas-de-efebe\/#breadcrumb"},"inLanguage":"es","potentialAction":[{"@type":"ReadAction","target":["https:\/\/grupefebe.com\/es\/las-3-oficinas-mas-creativas-de-efebe\/"]}]},{"@type":"ImageObject","inLanguage":"es","@id":"https:\/\/grupefebe.com\/es\/las-3-oficinas-mas-creativas-de-efebe\/#primaryimage","url":"https:\/\/grupefebe.com\/custom\/uploads\/2022\/06\/DSF3681-copia-scaled.jpg","contentUrl":"https:\/\/grupefebe.com\/custom\/uploads\/2022\/06\/DSF3681-copia-scaled.jpg","width":2560,"height":1707,"caption":"oficina h\u00edbrida"},{"@type":"BreadcrumbList","@id":"https:\/\/grupefebe.com\/es\/las-3-oficinas-mas-creativas-de-efebe\/#breadcrumb","itemListElement":[{"@type":"ListItem","position":1,"name":"Inici","item":"https:\/\/www.grupefebe.com\/es\/"},{"@type":"ListItem","position":2,"name":"Las 3 oficinas m\u00e1s creativas de Efeb\u00e9"}]},{"@type":"WebSite","@id":"https:\/\/www.grupefebe.com\/es\/#website","url":"https:\/\/www.grupefebe.com\/es\/","name":"Grup Efeb\u00e9","description":"Otro sitio realizado con WordPress","publisher":{"@id":"https:\/\/www.grupefebe.com\/es\/#organization"},"potentialAction":[{"@type":"SearchAction","target":{"@type":"EntryPoint","urlTemplate":"https:\/\/www.grupefebe.com\/es\/?s={search_term_string}"},"query-input":{"@type":"PropertyValueSpecification","valueRequired":true,"valueName":"search_term_string"}}],"inLanguage":"es"},{"@type":"Organization","@id":"https:\/\/www.grupefebe.com\/es\/#organization","name":"Grup Efeb\u00e9","url":"https:\/\/www.grupefebe.com\/es\/","logo":{"@type":"ImageObject","inLanguage":"es","@id":"https:\/\/www.grupefebe.com\/es\/#\/schema\/logo\/image\/","url":"https:\/\/grupefebe.com\/custom\/uploads\/2021\/01\/logo-efebe.png","contentUrl":"https:\/\/grupefebe.com\/custom\/uploads\/2021\/01\/logo-efebe.png","width":524,"height":135,"caption":"Grup Efeb\u00e9"},"image":{"@id":"https:\/\/www.grupefebe.com\/es\/#\/schema\/logo\/image\/"},"sameAs":["https:\/\/www.facebook.com\/grup.efebe","https:\/\/x.com\/grup_efebe","https:\/\/www.instagram.com\/grup_efebe\/","https:\/\/www.linkedin.com\/company\/grupefebe","https:\/\/www.youtube.com\/channel\/UCj11-LAuLhPfqrL2649Xzrw"]},{"@type":"Person","@id":"https:\/\/www.grupefebe.com\/es\/#\/schema\/person\/76402b3180eef131413100afc3282997","name":"Grup Efeb\u00e9","image":{"@type":"ImageObject","inLanguage":"es","@id":"https:\/\/www.grupefebe.com\/es\/#\/schema\/person\/image\/","url":"https:\/\/secure.gravatar.com\/avatar\/913bc6aa90480101061296ab9cad4bd4ccfb82c623a8820f3fd577558c1651be?s=96&d=mm&r=g","contentUrl":"https:\/\/secure.gravatar.com\/avatar\/913bc6aa90480101061296ab9cad4bd4ccfb82c623a8820f3fd577558c1651be?s=96&d=mm&r=g","caption":"Grup Efeb\u00e9"},"url":"https:\/\/grupefebe.com\/es\/author\/julia\/"}]}},"_links":{"self":[{"href":"https:\/\/grupefebe.com\/es\/wp-json\/wp\/v2\/posts\/11109","targetHints":{"allow":["GET"]}}],"collection":[{"href":"https:\/\/grupefebe.com\/es\/wp-json\/wp\/v2\/posts"}],"about":[{"href":"https:\/\/grupefebe.com\/es\/wp-json\/wp\/v2\/types\/post"}],"author":[{"embeddable":true,"href":"https:\/\/grupefebe.com\/es\/wp-json\/wp\/v2\/users\/2"}],"replies":[{"embeddable":true,"href":"https:\/\/grupefebe.com\/es\/wp-json\/wp\/v2\/comments?post=11109"}],"version-history":[{"count":5,"href":"https:\/\/grupefebe.com\/es\/wp-json\/wp\/v2\/posts\/11109\/revisions"}],"predecessor-version":[{"id":11147,"href":"https:\/\/grupefebe.com\/es\/wp-json\/wp\/v2\/posts\/11109\/revisions\/11147"}],"wp:featuredmedia":[{"embeddable":true,"href":"https:\/\/grupefebe.com\/es\/wp-json\/wp\/v2\/media\/11094"}],"wp:attachment":[{"href":"https:\/\/grupefebe.com\/es\/wp-json\/wp\/v2\/media?parent=11109"}],"wp:term":[{"taxonomy":"category","embeddable":true,"href":"https:\/\/grupefebe.com\/es\/wp-json\/wp\/v2\/categories?post=11109"}],"curies":[{"name":"wp","href":"https:\/\/api.w.org\/{rel}","templated":true}]}}