{"id":11505,"date":"2022-07-28T06:48:19","date_gmt":"2022-07-28T06:48:19","guid":{"rendered":"https:\/\/grupefebe.com\/?p=11505"},"modified":"2022-07-28T06:48:19","modified_gmt":"2022-07-28T06:48:19","slug":"anadimos-confort-acustico-a-nuestro-catalogo-con-ecocero","status":"publish","type":"post","link":"https:\/\/grupefebe.com\/es\/anadimos-confort-acustico-a-nuestro-catalogo-con-ecocero\/","title":{"rendered":"A\u00f1adimos confort ac\u00fastico a nuestro cat\u00e1logo con ECOcero"},"content":{"rendered":"<p>El equipo de Efeb\u00e9 hemos seleccionado <strong>ECOcero<\/strong> como una marca referente en el acondicionamiento ac\u00fastico. Ahora ya puedes encontrar sus <a href=\"https:\/\/grupefebe.com\/es\/tienda\/\">elementos fonoabsorbentes disponibles en nuestro cat\u00e1logo<\/a>. Se trata de una colecci\u00f3n de paneles ac\u00fasticos decorativos, dise\u00f1ados para adaptarse a las necesidades de las personas, para mejorar su bienestar reduciendo la reverberaci\u00f3n ac\u00fastica. De hecho, ya los estamos incluyendo en nuestros proyectos m\u00e1s recientes, para garantizar confort ac\u00fastico en los centros educativos, espacios de trabajo y entornos para personas mayores.<\/p>\n<p>Estos entornos mencionados cuentan con la presencialidad de muchas personas en el d\u00eda a d\u00eda, pues, hace falta que sus entornos se adapten espec\u00edficamente para que est\u00e9n a gusto. Los comedores escolares, los patios o las salas de reuniones contiguas a espacios de trabajo abiertos, son algunos de los entornos donde las personas est\u00e1n expuestas a mucho ruido. Los paneles fonoabsorbentes se han creado para mejorar la salud y el bienestar de las personas en estos escenarios.<\/p>\n<p>En este art\u00edculo te presentamos algunos de sus productos que ya forman parte de nuestro cat\u00e1logo. Son dos gammas posibles: la Gama Acoustic Foam y la Gama ECO.<\/p>\n<h3>Gama Acoustic Foam<\/h3>\n<p>La primera colecci\u00f3n que hemos incluido es la <a href=\"https:\/\/grupefebe.com\/es\/products\/paneles-acusticos-gama-acoustic-foam\/\">Gama Acoustic Foam<\/a>. Una selecci\u00f3n de paneles creados para ser instalados en el techo de cualquier espacio interior. Cuentan con diferentes formas para crear estructuras en el techo (rect\u00e1ngulos, circulares, con cilindros, etc.). Adem\u00e1s, son f\u00e1ciles de instalar y no requieren obra, se enganchan o se dejan suspendidos en el aire. Gracias a estos elementos se consigue garantizar el aislamiento ac\u00fastico de un espacio, generando, as\u00ed, una mejora de la calidad ac\u00fastica.<\/p>\n<h3>Proceso sostenible de ECOcero\u00ae<\/h3>\n<p>La segunda gama de paneles fonoabsorbentes que ya forma parte de nuestro cat\u00e1logo se caracteriza por ser ecol\u00f3gica y sostenible. Para cumplir con estas caracter\u00edsticas se sigue el proceso de trabajo siguiente:<\/p>\n<ul>\n<li>Para iniciarse, el proceso parte del uso de botellas de pl\u00e1stico;<\/li>\n<li>Las botellas en cuesti\u00f3n pasan a ser trituradas. De hecho, por cada metro cuadrado se llegan a reciclar 75 botellas de pl\u00e1stico;<\/li>\n<li>Despu\u00e9s tiene lugar la producci\u00f3n de hilo;<\/li>\n<li>Por \u00faltimo, nace la <strong>Gama ECO<\/strong>.<\/li>\n<\/ul>\n<p>Adem\u00e1s, dentro de esta gama ecol\u00f3gica hecha con el reciclaje de botellas de pl\u00e1stico, contamos con tres modelos de paneles ac\u00fasticos a nuestro cat\u00e1logo:<\/p>\n<ul>\n<li><a href=\"https:\/\/grupefebe.com\/es\/products\/panel-fonoabsorbente-econordik\/\">ECOnordik<\/a><\/li>\n<li><a href=\"https:\/\/grupefebe.com\/es\/products\/panel-acustico-ecoworking\/\">ECOworking<\/a><\/li>\n<li><a href=\"https:\/\/www.grupefebe.com\/es\/products\/panel-acustico-ecowall-biselado\/\">ECOwall biselado<\/a><\/li>\n<\/ul>\n<h3>Un caso de \u00e9xito de Grup Efeb\u00e9<\/h3>\n<p>Hace un par de meses incorporamos este material fonoabsorbente a las <a href=\"https:\/\/www.grupefebe.com\/es\/projects\/nueva-sede-de-transperfect-con-oficinas-hibridas-en-lisboa\/\"><strong>nuevas oficinas de TransPerfect a Lisboa<\/strong><\/a> (Portugal). Hicimos un proyecto de reforma interior de los espacios de oficina, donde incorporamos paneles en diferentes rincones. En estas dos im\u00e1genes se ve claramente el uso que hicimos de estos materiales ac\u00fasticos en dos espacios esenciales de la oficina: las <strong>cabinas ac\u00fasticas para reuniones y el espacio abierto de co-creaci\u00f3n<\/strong>.<\/p>\n<p>As\u00ed pues, incorporamos paneles ac\u00fasticos ECOcero\u00ae, para reducir la reverberaci\u00f3n ac\u00fastica y garantizar el bienestar y la concentraci\u00f3n de las personas que trabajar\u00e1n all\u00e1.<\/p>\n\n\t\t<div class='galeria-blog owl-carousel-blog owl-carousel owl-theme'><img src='https:\/\/grupefebe.com\/custom\/uploads\/2022\/07\/ECOcero-2-scaled.jpg'><img src='https:\/\/grupefebe.com\/custom\/uploads\/2022\/07\/ECOcero-1-scaled.jpg'><\/div>\n","protected":false},"excerpt":{"rendered":"<p>El equipo de Efeb\u00e9 hemos seleccionado ECOcero como una marca referente en el acondicionamiento ac\u00fastico. Ahora ya puedes encontrar sus [&hellip;]<\/p>\n","protected":false},"author":2,"featured_media":11470,"comment_status":"closed","ping_status":"closed","sticky":false,"template":"","format":"standard","meta":{"_acf_changed":false,"footnotes":"","_links_to":"","_links_to_target":""},"categories":[200],"class_list":["post-11505","post","type-post","status-publish","format-standard","has-post-thumbnail","hentry","category-oficinas"],"acf":[],"yoast_head":"<!-- This site is optimized with the Yoast SEO plugin v25.9 - https:\/\/yoast.com\/wordpress\/plugins\/seo\/ -->\n<title>A\u00f1adimos confort ac\u00fastico a nuestro cat\u00e1logo con ECOcero | Grupo Efeb\u00e9<\/title>\n<meta name=\"description\" content=\"Grup Efeb\u00e9 afegim confort ac\u00fastic al nostre cat\u00e0leg amb els nous productes de la marca ECOcero. Descobreix-los en aquest article del blog!\" \/>\n<meta name=\"robots\" content=\"index, follow, max-snippet:-1, max-image-preview:large, max-video-preview:-1\" \/>\n<link rel=\"canonical\" href=\"https:\/\/grupefebe.com\/es\/anadimos-confort-acustico-a-nuestro-catalogo-con-ecocero\/\" \/>\n<meta property=\"og:locale\" content=\"es_ES\" \/>\n<meta property=\"og:type\" content=\"article\" \/>\n<meta property=\"og:title\" content=\"A\u00f1adimos confort ac\u00fastico a nuestro cat\u00e1logo con ECOcero | Grupo Efeb\u00e9\" \/>\n<meta property=\"og:description\" content=\"Grup Efeb\u00e9 afegim confort ac\u00fastic al nostre cat\u00e0leg amb els nous productes de la marca ECOcero. Descobreix-los en aquest article del blog!\" \/>\n<meta property=\"og:url\" content=\"https:\/\/grupefebe.com\/es\/anadimos-confort-acustico-a-nuestro-catalogo-con-ecocero\/\" \/>\n<meta property=\"og:site_name\" content=\"Grupo Efeb\u00e9\" \/>\n<meta property=\"article:publisher\" content=\"https:\/\/www.facebook.com\/grup.efebe\" \/>\n<meta property=\"article:published_time\" content=\"2022-07-28T06:48:19+00:00\" \/>\n<meta property=\"og:image\" content=\"https:\/\/mail.grupefebe.com\/custom\/uploads\/2022\/07\/ECOcero-scaled.jpg\" \/>\n\t<meta property=\"og:image:width\" content=\"2560\" \/>\n\t<meta property=\"og:image:height\" content=\"1709\" \/>\n\t<meta property=\"og:image:type\" content=\"image\/jpeg\" \/>\n<meta name=\"author\" content=\"Grup Efeb\u00e9\" \/>\n<meta name=\"twitter:card\" content=\"summary_large_image\" \/>\n<meta name=\"twitter:creator\" content=\"@grup_efebe\" \/>\n<meta name=\"twitter:site\" content=\"@grup_efebe\" \/>\n<meta name=\"twitter:label1\" content=\"Escrito por\" \/>\n\t<meta name=\"twitter:data1\" content=\"Grup Efeb\u00e9\" \/>\n\t<meta name=\"twitter:label2\" content=\"Tiempo de lectura\" \/>\n\t<meta name=\"twitter:data2\" content=\"3 minutos\" \/>\n<script type=\"application\/ld+json\" class=\"yoast-schema-graph\">{\"@context\":\"https:\/\/schema.org\",\"@graph\":[{\"@type\":\"Article\",\"@id\":\"https:\/\/grupefebe.com\/es\/anadimos-confort-acustico-a-nuestro-catalogo-con-ecocero\/#article\",\"isPartOf\":{\"@id\":\"https:\/\/grupefebe.com\/es\/anadimos-confort-acustico-a-nuestro-catalogo-con-ecocero\/\"},\"author\":{\"name\":\"Grup Efeb\u00e9\",\"@id\":\"https:\/\/www.grupefebe.com\/es\/#\/schema\/person\/76402b3180eef131413100afc3282997\"},\"headline\":\"A\u00f1adimos confort ac\u00fastico a nuestro cat\u00e1logo con ECOcero\",\"datePublished\":\"2022-07-28T06:48:19+00:00\",\"mainEntityOfPage\":{\"@id\":\"https:\/\/grupefebe.com\/es\/anadimos-confort-acustico-a-nuestro-catalogo-con-ecocero\/\"},\"wordCount\":533,\"publisher\":{\"@id\":\"https:\/\/www.grupefebe.com\/es\/#organization\"},\"image\":{\"@id\":\"https:\/\/grupefebe.com\/es\/anadimos-confort-acustico-a-nuestro-catalogo-con-ecocero\/#primaryimage\"},\"thumbnailUrl\":\"https:\/\/grupefebe.com\/custom\/uploads\/2022\/07\/ECOcero-scaled.jpg\",\"articleSection\":[\"Oficinas\"],\"inLanguage\":\"es\"},{\"@type\":\"WebPage\",\"@id\":\"https:\/\/grupefebe.com\/es\/anadimos-confort-acustico-a-nuestro-catalogo-con-ecocero\/\",\"url\":\"https:\/\/grupefebe.com\/es\/anadimos-confort-acustico-a-nuestro-catalogo-con-ecocero\/\",\"name\":\"A\u00f1adimos confort ac\u00fastico a nuestro cat\u00e1logo con ECOcero | Grupo Efeb\u00e9\",\"isPartOf\":{\"@id\":\"https:\/\/www.grupefebe.com\/es\/#website\"},\"primaryImageOfPage\":{\"@id\":\"https:\/\/grupefebe.com\/es\/anadimos-confort-acustico-a-nuestro-catalogo-con-ecocero\/#primaryimage\"},\"image\":{\"@id\":\"https:\/\/grupefebe.com\/es\/anadimos-confort-acustico-a-nuestro-catalogo-con-ecocero\/#primaryimage\"},\"thumbnailUrl\":\"https:\/\/grupefebe.com\/custom\/uploads\/2022\/07\/ECOcero-scaled.jpg\",\"datePublished\":\"2022-07-28T06:48:19+00:00\",\"description\":\"Grup Efeb\u00e9 afegim confort ac\u00fastic al nostre cat\u00e0leg amb els nous productes de la marca ECOcero. Descobreix-los en aquest article del blog!\",\"breadcrumb\":{\"@id\":\"https:\/\/grupefebe.com\/es\/anadimos-confort-acustico-a-nuestro-catalogo-con-ecocero\/#breadcrumb\"},\"inLanguage\":\"es\",\"potentialAction\":[{\"@type\":\"ReadAction\",\"target\":[\"https:\/\/grupefebe.com\/es\/anadimos-confort-acustico-a-nuestro-catalogo-con-ecocero\/\"]}]},{\"@type\":\"ImageObject\",\"inLanguage\":\"es\",\"@id\":\"https:\/\/grupefebe.com\/es\/anadimos-confort-acustico-a-nuestro-catalogo-con-ecocero\/#primaryimage\",\"url\":\"https:\/\/grupefebe.com\/custom\/uploads\/2022\/07\/ECOcero-scaled.jpg\",\"contentUrl\":\"https:\/\/grupefebe.com\/custom\/uploads\/2022\/07\/ECOcero-scaled.jpg\",\"width\":2560,\"height\":1709,\"caption\":\"ECOcero\"},{\"@type\":\"BreadcrumbList\",\"@id\":\"https:\/\/grupefebe.com\/es\/anadimos-confort-acustico-a-nuestro-catalogo-con-ecocero\/#breadcrumb\",\"itemListElement\":[{\"@type\":\"ListItem\",\"position\":1,\"name\":\"Inici\",\"item\":\"https:\/\/www.grupefebe.com\/es\/\"},{\"@type\":\"ListItem\",\"position\":2,\"name\":\"A\u00f1adimos confort ac\u00fastico a nuestro cat\u00e1logo con ECOcero\"}]},{\"@type\":\"WebSite\",\"@id\":\"https:\/\/www.grupefebe.com\/es\/#website\",\"url\":\"https:\/\/www.grupefebe.com\/es\/\",\"name\":\"Grup Efeb\u00e9\",\"description\":\"Otro sitio realizado con WordPress\",\"publisher\":{\"@id\":\"https:\/\/www.grupefebe.com\/es\/#organization\"},\"potentialAction\":[{\"@type\":\"SearchAction\",\"target\":{\"@type\":\"EntryPoint\",\"urlTemplate\":\"https:\/\/www.grupefebe.com\/es\/?s={search_term_string}\"},\"query-input\":{\"@type\":\"PropertyValueSpecification\",\"valueRequired\":true,\"valueName\":\"search_term_string\"}}],\"inLanguage\":\"es\"},{\"@type\":\"Organization\",\"@id\":\"https:\/\/www.grupefebe.com\/es\/#organization\",\"name\":\"Grup Efeb\u00e9\",\"url\":\"https:\/\/www.grupefebe.com\/es\/\",\"logo\":{\"@type\":\"ImageObject\",\"inLanguage\":\"es\",\"@id\":\"https:\/\/www.grupefebe.com\/es\/#\/schema\/logo\/image\/\",\"url\":\"https:\/\/grupefebe.com\/custom\/uploads\/2021\/01\/logo-efebe.png\",\"contentUrl\":\"https:\/\/grupefebe.com\/custom\/uploads\/2021\/01\/logo-efebe.png\",\"width\":524,\"height\":135,\"caption\":\"Grup Efeb\u00e9\"},\"image\":{\"@id\":\"https:\/\/www.grupefebe.com\/es\/#\/schema\/logo\/image\/\"},\"sameAs\":[\"https:\/\/www.facebook.com\/grup.efebe\",\"https:\/\/x.com\/grup_efebe\",\"https:\/\/www.instagram.com\/grup_efebe\/\",\"https:\/\/www.linkedin.com\/company\/grupefebe\",\"https:\/\/www.youtube.com\/channel\/UCj11-LAuLhPfqrL2649Xzrw\"]},{\"@type\":\"Person\",\"@id\":\"https:\/\/www.grupefebe.com\/es\/#\/schema\/person\/76402b3180eef131413100afc3282997\",\"name\":\"Grup Efeb\u00e9\",\"image\":{\"@type\":\"ImageObject\",\"inLanguage\":\"es\",\"@id\":\"https:\/\/www.grupefebe.com\/es\/#\/schema\/person\/image\/\",\"url\":\"https:\/\/secure.gravatar.com\/avatar\/913bc6aa90480101061296ab9cad4bd4ccfb82c623a8820f3fd577558c1651be?s=96&d=mm&r=g\",\"contentUrl\":\"https:\/\/secure.gravatar.com\/avatar\/913bc6aa90480101061296ab9cad4bd4ccfb82c623a8820f3fd577558c1651be?s=96&d=mm&r=g\",\"caption\":\"Grup Efeb\u00e9\"},\"url\":\"https:\/\/grupefebe.com\/es\/author\/julia\/\"}]}<\/script>\n<!-- \/ Yoast SEO plugin. -->","yoast_head_json":{"title":"A\u00f1adimos confort ac\u00fastico a nuestro cat\u00e1logo con ECOcero | Grupo Efeb\u00e9","description":"Grup Efeb\u00e9 afegim confort ac\u00fastic al nostre cat\u00e0leg amb els nous productes de la marca ECOcero. Descobreix-los en aquest article del blog!","robots":{"index":"index","follow":"follow","max-snippet":"max-snippet:-1","max-image-preview":"max-image-preview:large","max-video-preview":"max-video-preview:-1"},"canonical":"https:\/\/grupefebe.com\/es\/anadimos-confort-acustico-a-nuestro-catalogo-con-ecocero\/","og_locale":"es_ES","og_type":"article","og_title":"A\u00f1adimos confort ac\u00fastico a nuestro cat\u00e1logo con ECOcero | Grupo Efeb\u00e9","og_description":"Grup Efeb\u00e9 afegim confort ac\u00fastic al nostre cat\u00e0leg amb els nous productes de la marca ECOcero. Descobreix-los en aquest article del blog!","og_url":"https:\/\/grupefebe.com\/es\/anadimos-confort-acustico-a-nuestro-catalogo-con-ecocero\/","og_site_name":"Grupo Efeb\u00e9","article_publisher":"https:\/\/www.facebook.com\/grup.efebe","article_published_time":"2022-07-28T06:48:19+00:00","og_image":[{"width":2560,"height":1709,"url":"https:\/\/mail.grupefebe.com\/custom\/uploads\/2022\/07\/ECOcero-scaled.jpg","type":"image\/jpeg"}],"author":"Grup Efeb\u00e9","twitter_card":"summary_large_image","twitter_creator":"@grup_efebe","twitter_site":"@grup_efebe","twitter_misc":{"Escrito por":"Grup Efeb\u00e9","Tiempo de lectura":"3 minutos"},"schema":{"@context":"https:\/\/schema.org","@graph":[{"@type":"Article","@id":"https:\/\/grupefebe.com\/es\/anadimos-confort-acustico-a-nuestro-catalogo-con-ecocero\/#article","isPartOf":{"@id":"https:\/\/grupefebe.com\/es\/anadimos-confort-acustico-a-nuestro-catalogo-con-ecocero\/"},"author":{"name":"Grup Efeb\u00e9","@id":"https:\/\/www.grupefebe.com\/es\/#\/schema\/person\/76402b3180eef131413100afc3282997"},"headline":"A\u00f1adimos confort ac\u00fastico a nuestro cat\u00e1logo con ECOcero","datePublished":"2022-07-28T06:48:19+00:00","mainEntityOfPage":{"@id":"https:\/\/grupefebe.com\/es\/anadimos-confort-acustico-a-nuestro-catalogo-con-ecocero\/"},"wordCount":533,"publisher":{"@id":"https:\/\/www.grupefebe.com\/es\/#organization"},"image":{"@id":"https:\/\/grupefebe.com\/es\/anadimos-confort-acustico-a-nuestro-catalogo-con-ecocero\/#primaryimage"},"thumbnailUrl":"https:\/\/grupefebe.com\/custom\/uploads\/2022\/07\/ECOcero-scaled.jpg","articleSection":["Oficinas"],"inLanguage":"es"},{"@type":"WebPage","@id":"https:\/\/grupefebe.com\/es\/anadimos-confort-acustico-a-nuestro-catalogo-con-ecocero\/","url":"https:\/\/grupefebe.com\/es\/anadimos-confort-acustico-a-nuestro-catalogo-con-ecocero\/","name":"A\u00f1adimos confort ac\u00fastico a nuestro cat\u00e1logo con ECOcero | Grupo Efeb\u00e9","isPartOf":{"@id":"https:\/\/www.grupefebe.com\/es\/#website"},"primaryImageOfPage":{"@id":"https:\/\/grupefebe.com\/es\/anadimos-confort-acustico-a-nuestro-catalogo-con-ecocero\/#primaryimage"},"image":{"@id":"https:\/\/grupefebe.com\/es\/anadimos-confort-acustico-a-nuestro-catalogo-con-ecocero\/#primaryimage"},"thumbnailUrl":"https:\/\/grupefebe.com\/custom\/uploads\/2022\/07\/ECOcero-scaled.jpg","datePublished":"2022-07-28T06:48:19+00:00","description":"Grup Efeb\u00e9 afegim confort ac\u00fastic al nostre cat\u00e0leg amb els nous productes de la marca ECOcero. Descobreix-los en aquest article del blog!","breadcrumb":{"@id":"https:\/\/grupefebe.com\/es\/anadimos-confort-acustico-a-nuestro-catalogo-con-ecocero\/#breadcrumb"},"inLanguage":"es","potentialAction":[{"@type":"ReadAction","target":["https:\/\/grupefebe.com\/es\/anadimos-confort-acustico-a-nuestro-catalogo-con-ecocero\/"]}]},{"@type":"ImageObject","inLanguage":"es","@id":"https:\/\/grupefebe.com\/es\/anadimos-confort-acustico-a-nuestro-catalogo-con-ecocero\/#primaryimage","url":"https:\/\/grupefebe.com\/custom\/uploads\/2022\/07\/ECOcero-scaled.jpg","contentUrl":"https:\/\/grupefebe.com\/custom\/uploads\/2022\/07\/ECOcero-scaled.jpg","width":2560,"height":1709,"caption":"ECOcero"},{"@type":"BreadcrumbList","@id":"https:\/\/grupefebe.com\/es\/anadimos-confort-acustico-a-nuestro-catalogo-con-ecocero\/#breadcrumb","itemListElement":[{"@type":"ListItem","position":1,"name":"Inici","item":"https:\/\/www.grupefebe.com\/es\/"},{"@type":"ListItem","position":2,"name":"A\u00f1adimos confort ac\u00fastico a nuestro cat\u00e1logo con ECOcero"}]},{"@type":"WebSite","@id":"https:\/\/www.grupefebe.com\/es\/#website","url":"https:\/\/www.grupefebe.com\/es\/","name":"Grup Efeb\u00e9","description":"Otro sitio realizado con WordPress","publisher":{"@id":"https:\/\/www.grupefebe.com\/es\/#organization"},"potentialAction":[{"@type":"SearchAction","target":{"@type":"EntryPoint","urlTemplate":"https:\/\/www.grupefebe.com\/es\/?s={search_term_string}"},"query-input":{"@type":"PropertyValueSpecification","valueRequired":true,"valueName":"search_term_string"}}],"inLanguage":"es"},{"@type":"Organization","@id":"https:\/\/www.grupefebe.com\/es\/#organization","name":"Grup Efeb\u00e9","url":"https:\/\/www.grupefebe.com\/es\/","logo":{"@type":"ImageObject","inLanguage":"es","@id":"https:\/\/www.grupefebe.com\/es\/#\/schema\/logo\/image\/","url":"https:\/\/grupefebe.com\/custom\/uploads\/2021\/01\/logo-efebe.png","contentUrl":"https:\/\/grupefebe.com\/custom\/uploads\/2021\/01\/logo-efebe.png","width":524,"height":135,"caption":"Grup Efeb\u00e9"},"image":{"@id":"https:\/\/www.grupefebe.com\/es\/#\/schema\/logo\/image\/"},"sameAs":["https:\/\/www.facebook.com\/grup.efebe","https:\/\/x.com\/grup_efebe","https:\/\/www.instagram.com\/grup_efebe\/","https:\/\/www.linkedin.com\/company\/grupefebe","https:\/\/www.youtube.com\/channel\/UCj11-LAuLhPfqrL2649Xzrw"]},{"@type":"Person","@id":"https:\/\/www.grupefebe.com\/es\/#\/schema\/person\/76402b3180eef131413100afc3282997","name":"Grup Efeb\u00e9","image":{"@type":"ImageObject","inLanguage":"es","@id":"https:\/\/www.grupefebe.com\/es\/#\/schema\/person\/image\/","url":"https:\/\/secure.gravatar.com\/avatar\/913bc6aa90480101061296ab9cad4bd4ccfb82c623a8820f3fd577558c1651be?s=96&d=mm&r=g","contentUrl":"https:\/\/secure.gravatar.com\/avatar\/913bc6aa90480101061296ab9cad4bd4ccfb82c623a8820f3fd577558c1651be?s=96&d=mm&r=g","caption":"Grup Efeb\u00e9"},"url":"https:\/\/grupefebe.com\/es\/author\/julia\/"}]}},"_links":{"self":[{"href":"https:\/\/grupefebe.com\/es\/wp-json\/wp\/v2\/posts\/11505","targetHints":{"allow":["GET"]}}],"collection":[{"href":"https:\/\/grupefebe.com\/es\/wp-json\/wp\/v2\/posts"}],"about":[{"href":"https:\/\/grupefebe.com\/es\/wp-json\/wp\/v2\/types\/post"}],"author":[{"embeddable":true,"href":"https:\/\/grupefebe.com\/es\/wp-json\/wp\/v2\/users\/2"}],"replies":[{"embeddable":true,"href":"https:\/\/grupefebe.com\/es\/wp-json\/wp\/v2\/comments?post=11505"}],"version-history":[{"count":4,"href":"https:\/\/grupefebe.com\/es\/wp-json\/wp\/v2\/posts\/11505\/revisions"}],"predecessor-version":[{"id":11513,"href":"https:\/\/grupefebe.com\/es\/wp-json\/wp\/v2\/posts\/11505\/revisions\/11513"}],"wp:featuredmedia":[{"embeddable":true,"href":"https:\/\/grupefebe.com\/es\/wp-json\/wp\/v2\/media\/11470"}],"wp:attachment":[{"href":"https:\/\/grupefebe.com\/es\/wp-json\/wp\/v2\/media?parent=11505"}],"wp:term":[{"taxonomy":"category","embeddable":true,"href":"https:\/\/grupefebe.com\/es\/wp-json\/wp\/v2\/categories?post=11505"}],"curies":[{"name":"wp","href":"https:\/\/api.w.org\/{rel}","templated":true}]}}