{"id":11809,"date":"2022-09-19T09:59:41","date_gmt":"2022-09-19T09:59:41","guid":{"rendered":"https:\/\/grupefebe.com\/naturalitzacio-despais-educatius-per-la-tornada-a-lescola\/"},"modified":"2022-09-20T08:09:25","modified_gmt":"2022-09-20T08:09:25","slug":"naturalizacion-de-espacios-educativos-para-la-vuelta-al-colegio","status":"publish","type":"post","link":"https:\/\/grupefebe.com\/es\/naturalizacion-de-espacios-educativos-para-la-vuelta-al-colegio\/","title":{"rendered":"Naturalizaci\u00f3n de espacios educativos para la vuelta al colegio"},"content":{"rendered":"<p>\u00bfC\u00f3mo se hace posible la naturalizaci\u00f3n de espacios educativos? \u00bfQu\u00e9 beneficios aporta a los ni\u00f1os y ni\u00f1as? \u00bfAfecta al dise\u00f1o de los espacios en el aprendizaje?\u00a0A continuaci\u00f3n, en este art\u00edculo te lo explicamos.<\/p>\n<blockquote><p><strong>\u201cMe lo contaron y lo olvid\u00e9; lo vi y lo entend\u00ed; lo hice y lo aprend\u00ed\u201d.<\/strong><\/p><\/blockquote>\n<p>Esta cita de Confucio representa claramente c\u00f3mo se entienden los espacios escolares en los centros educativos m\u00e1s innovadores. La actualidad reclama una adecuaci\u00f3n de espacios educativos para los nuevos modelos pedag\u00f3gicos m\u00e1s experienciales, digitalizados y motivadores.<\/p>\n<p>El dise\u00f1o de los espacios de aprendizaje tiene un efecto directo en la educaci\u00f3n de los estudiantes. Grup Efeb\u00e9 trabajamos proyectos de transformaci\u00f3n de los espacios educativos para las nuevas formas de aprendizaje. Iniciamos los proyectos con un proceso de cocreaci\u00f3n personalizado por cada centro, para conocer cu\u00e1les son las necesidades de los alumnos y del personal docente, y qu\u00e9 valores identifican a cada centro para transformar los espacios de acuerdo con estos datos.<\/p>\n<p>&nbsp;<\/p>\n<h3>C\u00f3mo hacer m\u00e1s natural y educativo el patio de una escuela<\/h3>\n<p>Con tal de fomentar un aprendizaje inclusivo, innovador y saludable a trav\u00e9s de los espacios, <strong>\u201cnos centramos en los alumnos a la hora de tomar cualquier decisi\u00f3n\u201d<\/strong>, comenta\u00a0Anna Fornt, directora de\u00a0Grup Efeb\u00e9.<\/p>\n<p>En primer lugar, uno de nuestros casos de \u00e9xito en el sector educativo es <a href=\"https:\/\/www.grupefebe.com\/es\/projects\/adecuacion-del-patio-de-infantil-del-colegio-santo-tomas\/\">la adecuaci\u00f3n del patio de infantil del Colegio Santo Tom\u00e1s<\/a>, en San Boi de Llobregat.<\/p>\n<p>Reforzando la identidad del centro a trav\u00e9s de sus valores y elementos corporativos, hemos creado un entorno exterior adaptado como <strong>un espacio de aprendizaje m\u00e1s<\/strong>. El nuevo patio de 200 m\u00b2 para ni\u00f1os y ni\u00f1as de educaci\u00f3n infantil es un espacio de ocio en el que se ha incorporado equipamiento pensado para divertirse, interactuar y aprender. Adem\u00e1s, se ha colocado un <strong>huerto escolar pedag\u00f3gico<\/strong>, herramienta did\u00e1ctica que permite generar experiencias vivenciales m\u00e1s all\u00e1 de las cuatro paredes del aula, <strong>fomentando la educaci\u00f3n, la sensibilizaci\u00f3n y la conciencia medioambiental<\/strong>. Potencia la biodiversidad, despierta el inter\u00e9s por la flora y la fauna entre los ni\u00f1os y genera un primer <strong>sentimiento de pertenencia y responsabilidad<\/strong>.<\/p>\n<p>Siempre se ha entendido el patio como un espacio de esparcimiento. Sin embargo, desde hace un tiempo ha empezado a evolucionar hacia un <strong>entorno innovador, inclusivo y seguro<\/strong>. Por tanto, educar en un entorno exterior como un patio activa el <strong>desarrollo cognitivo de los ni\u00f1os y ni\u00f1as<\/strong> y ayuda a <strong>ampliar la capacidad de observaci\u00f3n y de experimentaci\u00f3n, siguiendo un aprendizaje vivencial<\/strong>.<\/p>\n<p>&nbsp;<\/p>\n\n\t\t<div class='galeria-blog owl-carousel-blog owl-carousel owl-theme'><img src='https:\/\/grupefebe.com\/custom\/uploads\/2022\/09\/antes-y-despues-1.jpeg'><img src='https:\/\/grupefebe.com\/custom\/uploads\/2022\/09\/santo-tomas-patio-1.jpeg'><\/div>\n<p>Confianza, socializaci\u00f3n, comunicaci\u00f3n o trabajo en equipo son algunas de las habilidades que aprenden en estos entornos din\u00e1micos y abiertos. A menudo lo hacen a trav\u00e9s del <strong>juego simb\u00f3lico<\/strong>, \u00abjugar a ser\u00bb, una forma de entretenimiento centrada en imitar los roles de los adultos en distintas acciones cotidianas. Adem\u00e1s, les ponemos a mano el equipamiento adecuado para dejarlos<strong> experimentar con su imaginaci\u00f3n<\/strong> (casitas, coches, cocinitas, etc.)\u00a0<strong>sin estereotipos<\/strong> que los limiten, aprovechando cada uno de los elementos del patio, independientemente del sexo de cada ni\u00f1o o ni\u00f1a.<\/p>\n<p>Un aspecto imprescindible en los centros educativos es inculcar la salud f\u00edsica y mental a los alumnos. En esta etapa no son conscientes de la importancia que tienen, por eso, es necesario realizar ejercicios que se conviertan en rutinas, que les ayuden a aprender movi\u00e9ndose, ejercitando el cuerpo y la mente.<\/p>\n<p>&nbsp;<\/p>\n<h3><strong>I entonces, \u00bfc\u00f3mo integramos la sostenibilidad? <\/strong><\/h3>\n<p>Con los proyectos de adecuaci\u00f3n de los espacios educativos, reducen el consumo de energ\u00eda usando t\u00e9cnicas y sistemas eficientes que mejoran el entorno pedag\u00f3gico para los alumnos y el personal docente, con materiales naturales, saludables y respetuosos con el medio ambiente.<\/p>\n<p>Por \u00faltimo, una adaptaci\u00f3n sostenible de un edificio escolar mejora el <strong>ahorro energ\u00e9tico<\/strong>, con aislamientos t\u00e9rmicos, sistemas de renovaci\u00f3n del aire para garantizar una buena calidad del aire interior, el aprovechamiento de la luz natural o del agua, entre otros aspectos cada vez m\u00e1s intr\u00ednsecos a los proyectos educativos.<\/p>\n","protected":false},"excerpt":{"rendered":"<p>\u00bfC\u00f3mo se hace posible la naturalizaci\u00f3n de espacios educativos? \u00bfQu\u00e9 beneficios aporta a los ni\u00f1os y ni\u00f1as? \u00bfAfecta al dise\u00f1o [&hellip;]<\/p>\n","protected":false},"author":2,"featured_media":11805,"comment_status":"closed","ping_status":"closed","sticky":false,"template":"","format":"standard","meta":{"_acf_changed":false,"footnotes":"","_links_to":"","_links_to_target":""},"categories":[203],"class_list":["post-11809","post","type-post","status-publish","format-standard","has-post-thumbnail","hentry","category-escuelas"],"acf":[],"yoast_head":"<!-- This site is optimized with the Yoast SEO plugin v25.9 - https:\/\/yoast.com\/wordpress\/plugins\/seo\/ -->\n<title>Naturalizaci\u00f3n de espacios educativos para la vuelta al colegio | Grupo Efeb\u00e9<\/title>\n<meta name=\"description\" content=\"\u00bfC\u00f3mo es posible la naturalizaci\u00f3n de espacios educativos? \u00bfQu\u00e9 beneficios aporta a ni\u00f1os y ni\u00f1as? En este art\u00edculo Efeb\u00e9 te lo explicamos.\" \/>\n<meta name=\"robots\" content=\"index, follow, max-snippet:-1, max-image-preview:large, max-video-preview:-1\" \/>\n<link rel=\"canonical\" href=\"https:\/\/grupefebe.com\/es\/naturalizacion-de-espacios-educativos-para-la-vuelta-al-colegio\/\" \/>\n<meta property=\"og:locale\" content=\"es_ES\" \/>\n<meta property=\"og:type\" content=\"article\" \/>\n<meta property=\"og:title\" content=\"Naturalizaci\u00f3n de espacios educativos para la vuelta al colegio | Grupo Efeb\u00e9\" \/>\n<meta property=\"og:description\" content=\"\u00bfC\u00f3mo es posible la naturalizaci\u00f3n de espacios educativos? \u00bfQu\u00e9 beneficios aporta a ni\u00f1os y ni\u00f1as? En este art\u00edculo Efeb\u00e9 te lo explicamos.\" \/>\n<meta property=\"og:url\" content=\"https:\/\/grupefebe.com\/es\/naturalizacion-de-espacios-educativos-para-la-vuelta-al-colegio\/\" \/>\n<meta property=\"og:site_name\" content=\"Grupo Efeb\u00e9\" \/>\n<meta property=\"article:publisher\" content=\"https:\/\/www.facebook.com\/grup.efebe\" \/>\n<meta property=\"article:published_time\" content=\"2022-09-19T09:59:41+00:00\" \/>\n<meta property=\"article:modified_time\" content=\"2022-09-20T08:09:25+00:00\" \/>\n<meta property=\"og:image\" content=\"https:\/\/grupefebe.com\/custom\/uploads\/2022\/09\/santo-tomas-patio-1.jpeg\" \/>\n\t<meta property=\"og:image:width\" content=\"1750\" \/>\n\t<meta property=\"og:image:height\" content=\"1001\" \/>\n\t<meta property=\"og:image:type\" content=\"image\/jpeg\" \/>\n<meta name=\"author\" content=\"Grup Efeb\u00e9\" \/>\n<meta name=\"twitter:card\" content=\"summary_large_image\" \/>\n<meta name=\"twitter:creator\" content=\"@grup_efebe\" \/>\n<meta name=\"twitter:site\" content=\"@grup_efebe\" \/>\n<meta name=\"twitter:label1\" content=\"Escrito por\" \/>\n\t<meta name=\"twitter:data1\" content=\"Grup Efeb\u00e9\" \/>\n\t<meta name=\"twitter:label2\" content=\"Tiempo de lectura\" \/>\n\t<meta name=\"twitter:data2\" content=\"3 minutos\" \/>\n<script type=\"application\/ld+json\" class=\"yoast-schema-graph\">{\"@context\":\"https:\/\/schema.org\",\"@graph\":[{\"@type\":\"Article\",\"@id\":\"https:\/\/grupefebe.com\/es\/naturalizacion-de-espacios-educativos-para-la-vuelta-al-colegio\/#article\",\"isPartOf\":{\"@id\":\"https:\/\/grupefebe.com\/es\/naturalizacion-de-espacios-educativos-para-la-vuelta-al-colegio\/\"},\"author\":{\"name\":\"Grup Efeb\u00e9\",\"@id\":\"https:\/\/www.grupefebe.com\/es\/#\/schema\/person\/76402b3180eef131413100afc3282997\"},\"headline\":\"Naturalizaci\u00f3n de espacios educativos para la vuelta al colegio\",\"datePublished\":\"2022-09-19T09:59:41+00:00\",\"dateModified\":\"2022-09-20T08:09:25+00:00\",\"mainEntityOfPage\":{\"@id\":\"https:\/\/grupefebe.com\/es\/naturalizacion-de-espacios-educativos-para-la-vuelta-al-colegio\/\"},\"wordCount\":718,\"publisher\":{\"@id\":\"https:\/\/www.grupefebe.com\/es\/#organization\"},\"image\":{\"@id\":\"https:\/\/grupefebe.com\/es\/naturalizacion-de-espacios-educativos-para-la-vuelta-al-colegio\/#primaryimage\"},\"thumbnailUrl\":\"https:\/\/grupefebe.com\/custom\/uploads\/2022\/09\/santo-tomas-patio-1.jpeg\",\"articleSection\":[\"Escuelas\"],\"inLanguage\":\"es\"},{\"@type\":\"WebPage\",\"@id\":\"https:\/\/grupefebe.com\/es\/naturalizacion-de-espacios-educativos-para-la-vuelta-al-colegio\/\",\"url\":\"https:\/\/grupefebe.com\/es\/naturalizacion-de-espacios-educativos-para-la-vuelta-al-colegio\/\",\"name\":\"Naturalizaci\u00f3n de espacios educativos para la vuelta al colegio | Grupo Efeb\u00e9\",\"isPartOf\":{\"@id\":\"https:\/\/www.grupefebe.com\/es\/#website\"},\"primaryImageOfPage\":{\"@id\":\"https:\/\/grupefebe.com\/es\/naturalizacion-de-espacios-educativos-para-la-vuelta-al-colegio\/#primaryimage\"},\"image\":{\"@id\":\"https:\/\/grupefebe.com\/es\/naturalizacion-de-espacios-educativos-para-la-vuelta-al-colegio\/#primaryimage\"},\"thumbnailUrl\":\"https:\/\/grupefebe.com\/custom\/uploads\/2022\/09\/santo-tomas-patio-1.jpeg\",\"datePublished\":\"2022-09-19T09:59:41+00:00\",\"dateModified\":\"2022-09-20T08:09:25+00:00\",\"description\":\"\u00bfC\u00f3mo es posible la naturalizaci\u00f3n de espacios educativos? \u00bfQu\u00e9 beneficios aporta a ni\u00f1os y ni\u00f1as? En este art\u00edculo Efeb\u00e9 te lo explicamos.\",\"breadcrumb\":{\"@id\":\"https:\/\/grupefebe.com\/es\/naturalizacion-de-espacios-educativos-para-la-vuelta-al-colegio\/#breadcrumb\"},\"inLanguage\":\"es\",\"potentialAction\":[{\"@type\":\"ReadAction\",\"target\":[\"https:\/\/grupefebe.com\/es\/naturalizacion-de-espacios-educativos-para-la-vuelta-al-colegio\/\"]}]},{\"@type\":\"ImageObject\",\"inLanguage\":\"es\",\"@id\":\"https:\/\/grupefebe.com\/es\/naturalizacion-de-espacios-educativos-para-la-vuelta-al-colegio\/#primaryimage\",\"url\":\"https:\/\/grupefebe.com\/custom\/uploads\/2022\/09\/santo-tomas-patio-1.jpeg\",\"contentUrl\":\"https:\/\/grupefebe.com\/custom\/uploads\/2022\/09\/santo-tomas-patio-1.jpeg\",\"width\":1750,\"height\":1001,\"caption\":\"naturalitzaci\u00f3 d'espais educatius\"},{\"@type\":\"BreadcrumbList\",\"@id\":\"https:\/\/grupefebe.com\/es\/naturalizacion-de-espacios-educativos-para-la-vuelta-al-colegio\/#breadcrumb\",\"itemListElement\":[{\"@type\":\"ListItem\",\"position\":1,\"name\":\"Inici\",\"item\":\"https:\/\/www.grupefebe.com\/es\/\"},{\"@type\":\"ListItem\",\"position\":2,\"name\":\"Naturalizaci\u00f3n de espacios educativos para la vuelta al colegio\"}]},{\"@type\":\"WebSite\",\"@id\":\"https:\/\/www.grupefebe.com\/es\/#website\",\"url\":\"https:\/\/www.grupefebe.com\/es\/\",\"name\":\"Grup Efeb\u00e9\",\"description\":\"Otro sitio realizado con WordPress\",\"publisher\":{\"@id\":\"https:\/\/www.grupefebe.com\/es\/#organization\"},\"potentialAction\":[{\"@type\":\"SearchAction\",\"target\":{\"@type\":\"EntryPoint\",\"urlTemplate\":\"https:\/\/www.grupefebe.com\/es\/?s={search_term_string}\"},\"query-input\":{\"@type\":\"PropertyValueSpecification\",\"valueRequired\":true,\"valueName\":\"search_term_string\"}}],\"inLanguage\":\"es\"},{\"@type\":\"Organization\",\"@id\":\"https:\/\/www.grupefebe.com\/es\/#organization\",\"name\":\"Grup Efeb\u00e9\",\"url\":\"https:\/\/www.grupefebe.com\/es\/\",\"logo\":{\"@type\":\"ImageObject\",\"inLanguage\":\"es\",\"@id\":\"https:\/\/www.grupefebe.com\/es\/#\/schema\/logo\/image\/\",\"url\":\"https:\/\/grupefebe.com\/custom\/uploads\/2021\/01\/logo-efebe.png\",\"contentUrl\":\"https:\/\/grupefebe.com\/custom\/uploads\/2021\/01\/logo-efebe.png\",\"width\":524,\"height\":135,\"caption\":\"Grup Efeb\u00e9\"},\"image\":{\"@id\":\"https:\/\/www.grupefebe.com\/es\/#\/schema\/logo\/image\/\"},\"sameAs\":[\"https:\/\/www.facebook.com\/grup.efebe\",\"https:\/\/x.com\/grup_efebe\",\"https:\/\/www.instagram.com\/grup_efebe\/\",\"https:\/\/www.linkedin.com\/company\/grupefebe\",\"https:\/\/www.youtube.com\/channel\/UCj11-LAuLhPfqrL2649Xzrw\"]},{\"@type\":\"Person\",\"@id\":\"https:\/\/www.grupefebe.com\/es\/#\/schema\/person\/76402b3180eef131413100afc3282997\",\"name\":\"Grup Efeb\u00e9\",\"image\":{\"@type\":\"ImageObject\",\"inLanguage\":\"es\",\"@id\":\"https:\/\/www.grupefebe.com\/es\/#\/schema\/person\/image\/\",\"url\":\"https:\/\/secure.gravatar.com\/avatar\/913bc6aa90480101061296ab9cad4bd4ccfb82c623a8820f3fd577558c1651be?s=96&d=mm&r=g\",\"contentUrl\":\"https:\/\/secure.gravatar.com\/avatar\/913bc6aa90480101061296ab9cad4bd4ccfb82c623a8820f3fd577558c1651be?s=96&d=mm&r=g\",\"caption\":\"Grup Efeb\u00e9\"},\"url\":\"https:\/\/grupefebe.com\/es\/author\/julia\/\"}]}<\/script>\n<!-- \/ Yoast SEO plugin. -->","yoast_head_json":{"title":"Naturalizaci\u00f3n de espacios educativos para la vuelta al colegio | Grupo Efeb\u00e9","description":"\u00bfC\u00f3mo es posible la naturalizaci\u00f3n de espacios educativos? \u00bfQu\u00e9 beneficios aporta a ni\u00f1os y ni\u00f1as? En este art\u00edculo Efeb\u00e9 te lo explicamos.","robots":{"index":"index","follow":"follow","max-snippet":"max-snippet:-1","max-image-preview":"max-image-preview:large","max-video-preview":"max-video-preview:-1"},"canonical":"https:\/\/grupefebe.com\/es\/naturalizacion-de-espacios-educativos-para-la-vuelta-al-colegio\/","og_locale":"es_ES","og_type":"article","og_title":"Naturalizaci\u00f3n de espacios educativos para la vuelta al colegio | Grupo Efeb\u00e9","og_description":"\u00bfC\u00f3mo es posible la naturalizaci\u00f3n de espacios educativos? \u00bfQu\u00e9 beneficios aporta a ni\u00f1os y ni\u00f1as? En este art\u00edculo Efeb\u00e9 te lo explicamos.","og_url":"https:\/\/grupefebe.com\/es\/naturalizacion-de-espacios-educativos-para-la-vuelta-al-colegio\/","og_site_name":"Grupo Efeb\u00e9","article_publisher":"https:\/\/www.facebook.com\/grup.efebe","article_published_time":"2022-09-19T09:59:41+00:00","article_modified_time":"2022-09-20T08:09:25+00:00","og_image":[{"width":1750,"height":1001,"url":"https:\/\/grupefebe.com\/custom\/uploads\/2022\/09\/santo-tomas-patio-1.jpeg","type":"image\/jpeg"}],"author":"Grup Efeb\u00e9","twitter_card":"summary_large_image","twitter_creator":"@grup_efebe","twitter_site":"@grup_efebe","twitter_misc":{"Escrito por":"Grup Efeb\u00e9","Tiempo de lectura":"3 minutos"},"schema":{"@context":"https:\/\/schema.org","@graph":[{"@type":"Article","@id":"https:\/\/grupefebe.com\/es\/naturalizacion-de-espacios-educativos-para-la-vuelta-al-colegio\/#article","isPartOf":{"@id":"https:\/\/grupefebe.com\/es\/naturalizacion-de-espacios-educativos-para-la-vuelta-al-colegio\/"},"author":{"name":"Grup Efeb\u00e9","@id":"https:\/\/www.grupefebe.com\/es\/#\/schema\/person\/76402b3180eef131413100afc3282997"},"headline":"Naturalizaci\u00f3n de espacios educativos para la vuelta al colegio","datePublished":"2022-09-19T09:59:41+00:00","dateModified":"2022-09-20T08:09:25+00:00","mainEntityOfPage":{"@id":"https:\/\/grupefebe.com\/es\/naturalizacion-de-espacios-educativos-para-la-vuelta-al-colegio\/"},"wordCount":718,"publisher":{"@id":"https:\/\/www.grupefebe.com\/es\/#organization"},"image":{"@id":"https:\/\/grupefebe.com\/es\/naturalizacion-de-espacios-educativos-para-la-vuelta-al-colegio\/#primaryimage"},"thumbnailUrl":"https:\/\/grupefebe.com\/custom\/uploads\/2022\/09\/santo-tomas-patio-1.jpeg","articleSection":["Escuelas"],"inLanguage":"es"},{"@type":"WebPage","@id":"https:\/\/grupefebe.com\/es\/naturalizacion-de-espacios-educativos-para-la-vuelta-al-colegio\/","url":"https:\/\/grupefebe.com\/es\/naturalizacion-de-espacios-educativos-para-la-vuelta-al-colegio\/","name":"Naturalizaci\u00f3n de espacios educativos para la vuelta al colegio | Grupo Efeb\u00e9","isPartOf":{"@id":"https:\/\/www.grupefebe.com\/es\/#website"},"primaryImageOfPage":{"@id":"https:\/\/grupefebe.com\/es\/naturalizacion-de-espacios-educativos-para-la-vuelta-al-colegio\/#primaryimage"},"image":{"@id":"https:\/\/grupefebe.com\/es\/naturalizacion-de-espacios-educativos-para-la-vuelta-al-colegio\/#primaryimage"},"thumbnailUrl":"https:\/\/grupefebe.com\/custom\/uploads\/2022\/09\/santo-tomas-patio-1.jpeg","datePublished":"2022-09-19T09:59:41+00:00","dateModified":"2022-09-20T08:09:25+00:00","description":"\u00bfC\u00f3mo es posible la naturalizaci\u00f3n de espacios educativos? \u00bfQu\u00e9 beneficios aporta a ni\u00f1os y ni\u00f1as? En este art\u00edculo Efeb\u00e9 te lo explicamos.","breadcrumb":{"@id":"https:\/\/grupefebe.com\/es\/naturalizacion-de-espacios-educativos-para-la-vuelta-al-colegio\/#breadcrumb"},"inLanguage":"es","potentialAction":[{"@type":"ReadAction","target":["https:\/\/grupefebe.com\/es\/naturalizacion-de-espacios-educativos-para-la-vuelta-al-colegio\/"]}]},{"@type":"ImageObject","inLanguage":"es","@id":"https:\/\/grupefebe.com\/es\/naturalizacion-de-espacios-educativos-para-la-vuelta-al-colegio\/#primaryimage","url":"https:\/\/grupefebe.com\/custom\/uploads\/2022\/09\/santo-tomas-patio-1.jpeg","contentUrl":"https:\/\/grupefebe.com\/custom\/uploads\/2022\/09\/santo-tomas-patio-1.jpeg","width":1750,"height":1001,"caption":"naturalitzaci\u00f3 d'espais educatius"},{"@type":"BreadcrumbList","@id":"https:\/\/grupefebe.com\/es\/naturalizacion-de-espacios-educativos-para-la-vuelta-al-colegio\/#breadcrumb","itemListElement":[{"@type":"ListItem","position":1,"name":"Inici","item":"https:\/\/www.grupefebe.com\/es\/"},{"@type":"ListItem","position":2,"name":"Naturalizaci\u00f3n de espacios educativos para la vuelta al colegio"}]},{"@type":"WebSite","@id":"https:\/\/www.grupefebe.com\/es\/#website","url":"https:\/\/www.grupefebe.com\/es\/","name":"Grup Efeb\u00e9","description":"Otro sitio realizado con WordPress","publisher":{"@id":"https:\/\/www.grupefebe.com\/es\/#organization"},"potentialAction":[{"@type":"SearchAction","target":{"@type":"EntryPoint","urlTemplate":"https:\/\/www.grupefebe.com\/es\/?s={search_term_string}"},"query-input":{"@type":"PropertyValueSpecification","valueRequired":true,"valueName":"search_term_string"}}],"inLanguage":"es"},{"@type":"Organization","@id":"https:\/\/www.grupefebe.com\/es\/#organization","name":"Grup Efeb\u00e9","url":"https:\/\/www.grupefebe.com\/es\/","logo":{"@type":"ImageObject","inLanguage":"es","@id":"https:\/\/www.grupefebe.com\/es\/#\/schema\/logo\/image\/","url":"https:\/\/grupefebe.com\/custom\/uploads\/2021\/01\/logo-efebe.png","contentUrl":"https:\/\/grupefebe.com\/custom\/uploads\/2021\/01\/logo-efebe.png","width":524,"height":135,"caption":"Grup Efeb\u00e9"},"image":{"@id":"https:\/\/www.grupefebe.com\/es\/#\/schema\/logo\/image\/"},"sameAs":["https:\/\/www.facebook.com\/grup.efebe","https:\/\/x.com\/grup_efebe","https:\/\/www.instagram.com\/grup_efebe\/","https:\/\/www.linkedin.com\/company\/grupefebe","https:\/\/www.youtube.com\/channel\/UCj11-LAuLhPfqrL2649Xzrw"]},{"@type":"Person","@id":"https:\/\/www.grupefebe.com\/es\/#\/schema\/person\/76402b3180eef131413100afc3282997","name":"Grup Efeb\u00e9","image":{"@type":"ImageObject","inLanguage":"es","@id":"https:\/\/www.grupefebe.com\/es\/#\/schema\/person\/image\/","url":"https:\/\/secure.gravatar.com\/avatar\/913bc6aa90480101061296ab9cad4bd4ccfb82c623a8820f3fd577558c1651be?s=96&d=mm&r=g","contentUrl":"https:\/\/secure.gravatar.com\/avatar\/913bc6aa90480101061296ab9cad4bd4ccfb82c623a8820f3fd577558c1651be?s=96&d=mm&r=g","caption":"Grup Efeb\u00e9"},"url":"https:\/\/grupefebe.com\/es\/author\/julia\/"}]}},"_links":{"self":[{"href":"https:\/\/grupefebe.com\/es\/wp-json\/wp\/v2\/posts\/11809","targetHints":{"allow":["GET"]}}],"collection":[{"href":"https:\/\/grupefebe.com\/es\/wp-json\/wp\/v2\/posts"}],"about":[{"href":"https:\/\/grupefebe.com\/es\/wp-json\/wp\/v2\/types\/post"}],"author":[{"embeddable":true,"href":"https:\/\/grupefebe.com\/es\/wp-json\/wp\/v2\/users\/2"}],"replies":[{"embeddable":true,"href":"https:\/\/grupefebe.com\/es\/wp-json\/wp\/v2\/comments?post=11809"}],"version-history":[{"count":8,"href":"https:\/\/grupefebe.com\/es\/wp-json\/wp\/v2\/posts\/11809\/revisions"}],"predecessor-version":[{"id":11832,"href":"https:\/\/grupefebe.com\/es\/wp-json\/wp\/v2\/posts\/11809\/revisions\/11832"}],"wp:featuredmedia":[{"embeddable":true,"href":"https:\/\/grupefebe.com\/es\/wp-json\/wp\/v2\/media\/11805"}],"wp:attachment":[{"href":"https:\/\/grupefebe.com\/es\/wp-json\/wp\/v2\/media?parent=11809"}],"wp:term":[{"taxonomy":"category","embeddable":true,"href":"https:\/\/grupefebe.com\/es\/wp-json\/wp\/v2\/categories?post=11809"}],"curies":[{"name":"wp","href":"https:\/\/api.w.org\/{rel}","templated":true}]}}