{"id":11945,"date":"2022-10-05T08:01:43","date_gmt":"2022-10-05T08:01:43","guid":{"rendered":"https:\/\/grupefebe.com\/acompanyans-al-25e-aniversari-de-fundacio-fidem\/"},"modified":"2022-10-05T08:10:20","modified_gmt":"2022-10-05T08:10:20","slug":"acompananos-al-25o-aniversario-de-fundacio-fidem","status":"publish","type":"post","link":"https:\/\/grupefebe.com\/es\/acompananos-al-25o-aniversario-de-fundacio-fidem\/","title":{"rendered":"Acomp\u00e1\u00f1anos al 25\u00ba Aniversario de Fundaci\u00f3 FIDEM"},"content":{"rendered":"<p><span class=\"_aacl _aaco _aacu _aacx _aad7 _aade\">Fundaci\u00f3 FIDEM (Fundaci\u00f3 Internacional de la Dona Emprenedora) celebra sus 25 a\u00f1os este 2022. Desde Grup Efeb\u00e9 queremos acompa\u00f1arlas en esta gran fiesta que har\u00e1n en el Petit Palau de la M\u00fasica Catalana, rodeadas de grandes referentes de liderazgo femenino.<\/span><\/p>\n<p>El martes d\u00eda 15 de noviembre te esperamos en el Petit Palau de la M\u00fasica Catalana. Tendr\u00e1 lugar la celebraci\u00f3n del <strong>25\u00ba aniversario y, a la vez, los Premios FIDEM de este 2022<\/strong>. Esta gran fiesta reunir\u00e1 perfiles de renombre y podr\u00e1s conocer las maravillosas premiadas de este a\u00f1o. Adem\u00e1s, se celebrar\u00e1 un homenaje a las <strong>170 grandes mujeres que han premiado a lo largo de la trayectoria de Fundaci\u00f3 FIDEM.<\/strong><\/p>\n<p><span class=\"_aacl _aaco _aacu _aacx _aad7 _aade\"><span lang=\"ca\">Una de ellas es <strong>Anna Fornt<\/strong>, directora de Grup Efeb\u00e9 y miembro de la Comisi\u00f3n de Emprendimiento y consejera de Fundaci\u00f3 FIDEM<\/span>. En la edici\u00f3n del a\u00f1o 2019 recibi\u00f3 el <a href=\"https:\/\/grupefebe.com\/es\/anna-fornt-recibe-el-premio-fidem-2019-a-la-corresponsabilidad\/\"><strong>Premio a la Corresponsabilidad en los Premios FIDEM 2019<\/strong><\/a>. Es por eso que este a\u00f1o tambi\u00e9n recibir\u00e1 un homenaje con el resto de premiadas de los \u00faltimos veinticinco a\u00f1os.<\/span><\/p>\n<h3>\u00a1Te esperamos el 15 de noviembre en el Petit Palau de la M\u00fasica Catalana!<\/h3>\n<ul>\n<li>Fecha: 15.11.22 &#8211; 19 h<\/li>\n<li>Lugar: Petit Palau de la M\u00fasica Catalana (<span class=\"LrzXr\">calle de Sant Pere M\u00e9s Alt, 3, 08003 Barcelona<\/span>)<\/li>\n<li>Precio: 48 \u20ac<\/li>\n<li>Las entradas ya est\u00e1n disponibles <strong><a href=\"https:\/\/bit.ly\/3CxFwrK\">aqu\u00ed<\/a><\/strong>.<\/li>\n<\/ul>\n<p><span class=\"_aacl _aaco _aacu _aacx _aad7 _aade\">\u00a0<\/span><\/p>\n","protected":false},"excerpt":{"rendered":"<p>Fundaci\u00f3 FIDEM (Fundaci\u00f3 Internacional de la Dona Emprenedora) celebra sus 25 a\u00f1os este 2022. Desde Grup Efeb\u00e9 queremos acompa\u00f1arlas en [&hellip;]<\/p>\n","protected":false},"author":2,"featured_media":11942,"comment_status":"closed","ping_status":"closed","sticky":false,"template":"","format":"standard","meta":{"_acf_changed":false,"footnotes":"","_links_to":"","_links_to_target":""},"categories":[201],"class_list":["post-11945","post","type-post","status-publish","format-standard","has-post-thumbnail","hentry","category-otros-sectores"],"acf":[],"yoast_head":"<!-- This site is optimized with the Yoast SEO plugin v25.9 - https:\/\/yoast.com\/wordpress\/plugins\/seo\/ -->\n<title>Acomp\u00e1\u00f1anos al 25\u00ba Aniversario de Fundaci\u00f3 FIDEM | Grupo Efeb\u00e9<\/title>\n<meta name=\"description\" content=\"Fundaci\u00f3 FIDEM celebra el 25.\u00ba cumplea\u00f1os en el Petit Palau de la M\u00fasica. Acomp\u00e1\u00f1anos a celebrarlo el d\u00eda 15 de noviembre a las 19 h.\" \/>\n<meta name=\"robots\" content=\"index, follow, max-snippet:-1, max-image-preview:large, max-video-preview:-1\" \/>\n<link rel=\"canonical\" href=\"https:\/\/grupefebe.com\/es\/acompananos-al-25o-aniversario-de-fundacio-fidem\/\" \/>\n<meta property=\"og:locale\" content=\"es_ES\" \/>\n<meta property=\"og:type\" content=\"article\" \/>\n<meta property=\"og:title\" content=\"Acomp\u00e1\u00f1anos al 25\u00ba Aniversario de Fundaci\u00f3 FIDEM | Grupo Efeb\u00e9\" \/>\n<meta property=\"og:description\" content=\"Fundaci\u00f3 FIDEM celebra el 25.\u00ba cumplea\u00f1os en el Petit Palau de la M\u00fasica. Acomp\u00e1\u00f1anos a celebrarlo el d\u00eda 15 de noviembre a las 19 h.\" \/>\n<meta property=\"og:url\" content=\"https:\/\/grupefebe.com\/es\/acompananos-al-25o-aniversario-de-fundacio-fidem\/\" \/>\n<meta property=\"og:site_name\" content=\"Grupo Efeb\u00e9\" \/>\n<meta property=\"article:publisher\" content=\"https:\/\/www.facebook.com\/grup.efebe\" \/>\n<meta property=\"article:published_time\" content=\"2022-10-05T08:01:43+00:00\" \/>\n<meta property=\"article:modified_time\" content=\"2022-10-05T08:10:20+00:00\" \/>\n<meta property=\"og:image\" content=\"https:\/\/grupefebe.com\/custom\/uploads\/2022\/10\/Fundacio-FIDEM.jpg\" \/>\n\t<meta property=\"og:image:width\" content=\"1654\" \/>\n\t<meta property=\"og:image:height\" content=\"1654\" \/>\n\t<meta property=\"og:image:type\" content=\"image\/jpeg\" \/>\n<meta name=\"author\" content=\"Grup Efeb\u00e9\" \/>\n<meta name=\"twitter:card\" content=\"summary_large_image\" \/>\n<meta name=\"twitter:creator\" content=\"@grup_efebe\" \/>\n<meta name=\"twitter:site\" content=\"@grup_efebe\" \/>\n<meta name=\"twitter:label1\" content=\"Escrito por\" \/>\n\t<meta name=\"twitter:data1\" content=\"Grup Efeb\u00e9\" \/>\n\t<meta name=\"twitter:label2\" content=\"Tiempo de lectura\" \/>\n\t<meta name=\"twitter:data2\" content=\"1 minuto\" \/>\n<script type=\"application\/ld+json\" class=\"yoast-schema-graph\">{\"@context\":\"https:\/\/schema.org\",\"@graph\":[{\"@type\":\"Article\",\"@id\":\"https:\/\/grupefebe.com\/es\/acompananos-al-25o-aniversario-de-fundacio-fidem\/#article\",\"isPartOf\":{\"@id\":\"https:\/\/grupefebe.com\/es\/acompananos-al-25o-aniversario-de-fundacio-fidem\/\"},\"author\":{\"name\":\"Grup Efeb\u00e9\",\"@id\":\"https:\/\/mail.grupefebe.com\/es\/#\/schema\/person\/76402b3180eef131413100afc3282997\"},\"headline\":\"Acomp\u00e1\u00f1anos al 25\u00ba Aniversario de Fundaci\u00f3 FIDEM\",\"datePublished\":\"2022-10-05T08:01:43+00:00\",\"dateModified\":\"2022-10-05T08:10:20+00:00\",\"mainEntityOfPage\":{\"@id\":\"https:\/\/grupefebe.com\/es\/acompananos-al-25o-aniversario-de-fundacio-fidem\/\"},\"wordCount\":226,\"publisher\":{\"@id\":\"https:\/\/mail.grupefebe.com\/es\/#organization\"},\"image\":{\"@id\":\"https:\/\/grupefebe.com\/es\/acompananos-al-25o-aniversario-de-fundacio-fidem\/#primaryimage\"},\"thumbnailUrl\":\"https:\/\/grupefebe.com\/custom\/uploads\/2022\/10\/Fundacio-FIDEM.jpg\",\"articleSection\":[\"Otros Sectores\"],\"inLanguage\":\"es\"},{\"@type\":\"WebPage\",\"@id\":\"https:\/\/grupefebe.com\/es\/acompananos-al-25o-aniversario-de-fundacio-fidem\/\",\"url\":\"https:\/\/grupefebe.com\/es\/acompananos-al-25o-aniversario-de-fundacio-fidem\/\",\"name\":\"Acomp\u00e1\u00f1anos al 25\u00ba Aniversario de Fundaci\u00f3 FIDEM | Grupo Efeb\u00e9\",\"isPartOf\":{\"@id\":\"https:\/\/mail.grupefebe.com\/es\/#website\"},\"primaryImageOfPage\":{\"@id\":\"https:\/\/grupefebe.com\/es\/acompananos-al-25o-aniversario-de-fundacio-fidem\/#primaryimage\"},\"image\":{\"@id\":\"https:\/\/grupefebe.com\/es\/acompananos-al-25o-aniversario-de-fundacio-fidem\/#primaryimage\"},\"thumbnailUrl\":\"https:\/\/grupefebe.com\/custom\/uploads\/2022\/10\/Fundacio-FIDEM.jpg\",\"datePublished\":\"2022-10-05T08:01:43+00:00\",\"dateModified\":\"2022-10-05T08:10:20+00:00\",\"description\":\"Fundaci\u00f3 FIDEM celebra el 25.\u00ba cumplea\u00f1os en el Petit Palau de la M\u00fasica. Acomp\u00e1\u00f1anos a celebrarlo el d\u00eda 15 de noviembre a las 19 h.\",\"breadcrumb\":{\"@id\":\"https:\/\/grupefebe.com\/es\/acompananos-al-25o-aniversario-de-fundacio-fidem\/#breadcrumb\"},\"inLanguage\":\"es\",\"potentialAction\":[{\"@type\":\"ReadAction\",\"target\":[\"https:\/\/grupefebe.com\/es\/acompananos-al-25o-aniversario-de-fundacio-fidem\/\"]}]},{\"@type\":\"ImageObject\",\"inLanguage\":\"es\",\"@id\":\"https:\/\/grupefebe.com\/es\/acompananos-al-25o-aniversario-de-fundacio-fidem\/#primaryimage\",\"url\":\"https:\/\/grupefebe.com\/custom\/uploads\/2022\/10\/Fundacio-FIDEM.jpg\",\"contentUrl\":\"https:\/\/grupefebe.com\/custom\/uploads\/2022\/10\/Fundacio-FIDEM.jpg\",\"width\":1654,\"height\":1654,\"caption\":\"Fundaci\u00f3 FIDEM\"},{\"@type\":\"BreadcrumbList\",\"@id\":\"https:\/\/grupefebe.com\/es\/acompananos-al-25o-aniversario-de-fundacio-fidem\/#breadcrumb\",\"itemListElement\":[{\"@type\":\"ListItem\",\"position\":1,\"name\":\"Inici\",\"item\":\"https:\/\/mail.grupefebe.com\/es\/\"},{\"@type\":\"ListItem\",\"position\":2,\"name\":\"Acomp\u00e1\u00f1anos al 25\u00ba Aniversario de Fundaci\u00f3 FIDEM\"}]},{\"@type\":\"WebSite\",\"@id\":\"https:\/\/mail.grupefebe.com\/es\/#website\",\"url\":\"https:\/\/mail.grupefebe.com\/es\/\",\"name\":\"Grup Efeb\u00e9\",\"description\":\"Otro sitio realizado con WordPress\",\"publisher\":{\"@id\":\"https:\/\/mail.grupefebe.com\/es\/#organization\"},\"potentialAction\":[{\"@type\":\"SearchAction\",\"target\":{\"@type\":\"EntryPoint\",\"urlTemplate\":\"https:\/\/mail.grupefebe.com\/es\/?s={search_term_string}\"},\"query-input\":{\"@type\":\"PropertyValueSpecification\",\"valueRequired\":true,\"valueName\":\"search_term_string\"}}],\"inLanguage\":\"es\"},{\"@type\":\"Organization\",\"@id\":\"https:\/\/mail.grupefebe.com\/es\/#organization\",\"name\":\"Grup Efeb\u00e9\",\"url\":\"https:\/\/mail.grupefebe.com\/es\/\",\"logo\":{\"@type\":\"ImageObject\",\"inLanguage\":\"es\",\"@id\":\"https:\/\/mail.grupefebe.com\/es\/#\/schema\/logo\/image\/\",\"url\":\"https:\/\/grupefebe.com\/custom\/uploads\/2021\/01\/logo-efebe.png\",\"contentUrl\":\"https:\/\/grupefebe.com\/custom\/uploads\/2021\/01\/logo-efebe.png\",\"width\":524,\"height\":135,\"caption\":\"Grup Efeb\u00e9\"},\"image\":{\"@id\":\"https:\/\/mail.grupefebe.com\/es\/#\/schema\/logo\/image\/\"},\"sameAs\":[\"https:\/\/www.facebook.com\/grup.efebe\",\"https:\/\/x.com\/grup_efebe\",\"https:\/\/www.instagram.com\/grup_efebe\/\",\"https:\/\/www.linkedin.com\/company\/grupefebe\",\"https:\/\/www.youtube.com\/channel\/UCj11-LAuLhPfqrL2649Xzrw\"]},{\"@type\":\"Person\",\"@id\":\"https:\/\/mail.grupefebe.com\/es\/#\/schema\/person\/76402b3180eef131413100afc3282997\",\"name\":\"Grup Efeb\u00e9\",\"image\":{\"@type\":\"ImageObject\",\"inLanguage\":\"es\",\"@id\":\"https:\/\/mail.grupefebe.com\/es\/#\/schema\/person\/image\/\",\"url\":\"https:\/\/secure.gravatar.com\/avatar\/913bc6aa90480101061296ab9cad4bd4ccfb82c623a8820f3fd577558c1651be?s=96&d=mm&r=g\",\"contentUrl\":\"https:\/\/secure.gravatar.com\/avatar\/913bc6aa90480101061296ab9cad4bd4ccfb82c623a8820f3fd577558c1651be?s=96&d=mm&r=g\",\"caption\":\"Grup Efeb\u00e9\"},\"url\":\"https:\/\/grupefebe.com\/es\/author\/julia\/\"}]}<\/script>\n<!-- \/ Yoast SEO plugin. -->","yoast_head_json":{"title":"Acomp\u00e1\u00f1anos al 25\u00ba Aniversario de Fundaci\u00f3 FIDEM | Grupo Efeb\u00e9","description":"Fundaci\u00f3 FIDEM celebra el 25.\u00ba cumplea\u00f1os en el Petit Palau de la M\u00fasica. Acomp\u00e1\u00f1anos a celebrarlo el d\u00eda 15 de noviembre a las 19 h.","robots":{"index":"index","follow":"follow","max-snippet":"max-snippet:-1","max-image-preview":"max-image-preview:large","max-video-preview":"max-video-preview:-1"},"canonical":"https:\/\/grupefebe.com\/es\/acompananos-al-25o-aniversario-de-fundacio-fidem\/","og_locale":"es_ES","og_type":"article","og_title":"Acomp\u00e1\u00f1anos al 25\u00ba Aniversario de Fundaci\u00f3 FIDEM | Grupo Efeb\u00e9","og_description":"Fundaci\u00f3 FIDEM celebra el 25.\u00ba cumplea\u00f1os en el Petit Palau de la M\u00fasica. Acomp\u00e1\u00f1anos a celebrarlo el d\u00eda 15 de noviembre a las 19 h.","og_url":"https:\/\/grupefebe.com\/es\/acompananos-al-25o-aniversario-de-fundacio-fidem\/","og_site_name":"Grupo Efeb\u00e9","article_publisher":"https:\/\/www.facebook.com\/grup.efebe","article_published_time":"2022-10-05T08:01:43+00:00","article_modified_time":"2022-10-05T08:10:20+00:00","og_image":[{"width":1654,"height":1654,"url":"https:\/\/grupefebe.com\/custom\/uploads\/2022\/10\/Fundacio-FIDEM.jpg","type":"image\/jpeg"}],"author":"Grup Efeb\u00e9","twitter_card":"summary_large_image","twitter_creator":"@grup_efebe","twitter_site":"@grup_efebe","twitter_misc":{"Escrito por":"Grup Efeb\u00e9","Tiempo de lectura":"1 minuto"},"schema":{"@context":"https:\/\/schema.org","@graph":[{"@type":"Article","@id":"https:\/\/grupefebe.com\/es\/acompananos-al-25o-aniversario-de-fundacio-fidem\/#article","isPartOf":{"@id":"https:\/\/grupefebe.com\/es\/acompananos-al-25o-aniversario-de-fundacio-fidem\/"},"author":{"name":"Grup Efeb\u00e9","@id":"https:\/\/mail.grupefebe.com\/es\/#\/schema\/person\/76402b3180eef131413100afc3282997"},"headline":"Acomp\u00e1\u00f1anos al 25\u00ba Aniversario de Fundaci\u00f3 FIDEM","datePublished":"2022-10-05T08:01:43+00:00","dateModified":"2022-10-05T08:10:20+00:00","mainEntityOfPage":{"@id":"https:\/\/grupefebe.com\/es\/acompananos-al-25o-aniversario-de-fundacio-fidem\/"},"wordCount":226,"publisher":{"@id":"https:\/\/mail.grupefebe.com\/es\/#organization"},"image":{"@id":"https:\/\/grupefebe.com\/es\/acompananos-al-25o-aniversario-de-fundacio-fidem\/#primaryimage"},"thumbnailUrl":"https:\/\/grupefebe.com\/custom\/uploads\/2022\/10\/Fundacio-FIDEM.jpg","articleSection":["Otros Sectores"],"inLanguage":"es"},{"@type":"WebPage","@id":"https:\/\/grupefebe.com\/es\/acompananos-al-25o-aniversario-de-fundacio-fidem\/","url":"https:\/\/grupefebe.com\/es\/acompananos-al-25o-aniversario-de-fundacio-fidem\/","name":"Acomp\u00e1\u00f1anos al 25\u00ba Aniversario de Fundaci\u00f3 FIDEM | Grupo Efeb\u00e9","isPartOf":{"@id":"https:\/\/mail.grupefebe.com\/es\/#website"},"primaryImageOfPage":{"@id":"https:\/\/grupefebe.com\/es\/acompananos-al-25o-aniversario-de-fundacio-fidem\/#primaryimage"},"image":{"@id":"https:\/\/grupefebe.com\/es\/acompananos-al-25o-aniversario-de-fundacio-fidem\/#primaryimage"},"thumbnailUrl":"https:\/\/grupefebe.com\/custom\/uploads\/2022\/10\/Fundacio-FIDEM.jpg","datePublished":"2022-10-05T08:01:43+00:00","dateModified":"2022-10-05T08:10:20+00:00","description":"Fundaci\u00f3 FIDEM celebra el 25.\u00ba cumplea\u00f1os en el Petit Palau de la M\u00fasica. Acomp\u00e1\u00f1anos a celebrarlo el d\u00eda 15 de noviembre a las 19 h.","breadcrumb":{"@id":"https:\/\/grupefebe.com\/es\/acompananos-al-25o-aniversario-de-fundacio-fidem\/#breadcrumb"},"inLanguage":"es","potentialAction":[{"@type":"ReadAction","target":["https:\/\/grupefebe.com\/es\/acompananos-al-25o-aniversario-de-fundacio-fidem\/"]}]},{"@type":"ImageObject","inLanguage":"es","@id":"https:\/\/grupefebe.com\/es\/acompananos-al-25o-aniversario-de-fundacio-fidem\/#primaryimage","url":"https:\/\/grupefebe.com\/custom\/uploads\/2022\/10\/Fundacio-FIDEM.jpg","contentUrl":"https:\/\/grupefebe.com\/custom\/uploads\/2022\/10\/Fundacio-FIDEM.jpg","width":1654,"height":1654,"caption":"Fundaci\u00f3 FIDEM"},{"@type":"BreadcrumbList","@id":"https:\/\/grupefebe.com\/es\/acompananos-al-25o-aniversario-de-fundacio-fidem\/#breadcrumb","itemListElement":[{"@type":"ListItem","position":1,"name":"Inici","item":"https:\/\/mail.grupefebe.com\/es\/"},{"@type":"ListItem","position":2,"name":"Acomp\u00e1\u00f1anos al 25\u00ba Aniversario de Fundaci\u00f3 FIDEM"}]},{"@type":"WebSite","@id":"https:\/\/mail.grupefebe.com\/es\/#website","url":"https:\/\/mail.grupefebe.com\/es\/","name":"Grup Efeb\u00e9","description":"Otro sitio realizado con WordPress","publisher":{"@id":"https:\/\/mail.grupefebe.com\/es\/#organization"},"potentialAction":[{"@type":"SearchAction","target":{"@type":"EntryPoint","urlTemplate":"https:\/\/mail.grupefebe.com\/es\/?s={search_term_string}"},"query-input":{"@type":"PropertyValueSpecification","valueRequired":true,"valueName":"search_term_string"}}],"inLanguage":"es"},{"@type":"Organization","@id":"https:\/\/mail.grupefebe.com\/es\/#organization","name":"Grup Efeb\u00e9","url":"https:\/\/mail.grupefebe.com\/es\/","logo":{"@type":"ImageObject","inLanguage":"es","@id":"https:\/\/mail.grupefebe.com\/es\/#\/schema\/logo\/image\/","url":"https:\/\/grupefebe.com\/custom\/uploads\/2021\/01\/logo-efebe.png","contentUrl":"https:\/\/grupefebe.com\/custom\/uploads\/2021\/01\/logo-efebe.png","width":524,"height":135,"caption":"Grup Efeb\u00e9"},"image":{"@id":"https:\/\/mail.grupefebe.com\/es\/#\/schema\/logo\/image\/"},"sameAs":["https:\/\/www.facebook.com\/grup.efebe","https:\/\/x.com\/grup_efebe","https:\/\/www.instagram.com\/grup_efebe\/","https:\/\/www.linkedin.com\/company\/grupefebe","https:\/\/www.youtube.com\/channel\/UCj11-LAuLhPfqrL2649Xzrw"]},{"@type":"Person","@id":"https:\/\/mail.grupefebe.com\/es\/#\/schema\/person\/76402b3180eef131413100afc3282997","name":"Grup Efeb\u00e9","image":{"@type":"ImageObject","inLanguage":"es","@id":"https:\/\/mail.grupefebe.com\/es\/#\/schema\/person\/image\/","url":"https:\/\/secure.gravatar.com\/avatar\/913bc6aa90480101061296ab9cad4bd4ccfb82c623a8820f3fd577558c1651be?s=96&d=mm&r=g","contentUrl":"https:\/\/secure.gravatar.com\/avatar\/913bc6aa90480101061296ab9cad4bd4ccfb82c623a8820f3fd577558c1651be?s=96&d=mm&r=g","caption":"Grup Efeb\u00e9"},"url":"https:\/\/grupefebe.com\/es\/author\/julia\/"}]}},"_links":{"self":[{"href":"https:\/\/grupefebe.com\/es\/wp-json\/wp\/v2\/posts\/11945","targetHints":{"allow":["GET"]}}],"collection":[{"href":"https:\/\/grupefebe.com\/es\/wp-json\/wp\/v2\/posts"}],"about":[{"href":"https:\/\/grupefebe.com\/es\/wp-json\/wp\/v2\/types\/post"}],"author":[{"embeddable":true,"href":"https:\/\/grupefebe.com\/es\/wp-json\/wp\/v2\/users\/2"}],"replies":[{"embeddable":true,"href":"https:\/\/grupefebe.com\/es\/wp-json\/wp\/v2\/comments?post=11945"}],"version-history":[{"count":3,"href":"https:\/\/grupefebe.com\/es\/wp-json\/wp\/v2\/posts\/11945\/revisions"}],"predecessor-version":[{"id":11948,"href":"https:\/\/grupefebe.com\/es\/wp-json\/wp\/v2\/posts\/11945\/revisions\/11948"}],"wp:featuredmedia":[{"embeddable":true,"href":"https:\/\/grupefebe.com\/es\/wp-json\/wp\/v2\/media\/11942"}],"wp:attachment":[{"href":"https:\/\/grupefebe.com\/es\/wp-json\/wp\/v2\/media?parent=11945"}],"wp:term":[{"taxonomy":"category","embeddable":true,"href":"https:\/\/grupefebe.com\/es\/wp-json\/wp\/v2\/categories?post=11945"}],"curies":[{"name":"wp","href":"https:\/\/api.w.org\/{rel}","templated":true}]}}