{"id":12637,"date":"2022-06-08T13:02:54","date_gmt":"2022-06-08T13:02:54","guid":{"rendered":"https:\/\/grupefebe.com\/la-casa-de-pensar-la-seu-fisica-del-ball\/"},"modified":"2022-12-07T13:16:35","modified_gmt":"2022-12-07T13:16:35","slug":"la-casa-de-pensar-para-la-barcelona-design-week-2022","status":"publish","type":"post","link":"https:\/\/grupefebe.com\/es\/la-casa-de-pensar-para-la-barcelona-design-week-2022\/","title":{"rendered":"La Casa de pensar para la Barcelona Design Week 2022"},"content":{"rendered":"<p>\u00a1Esta semana la Barcelona Design Week 2022 ha estrenado <strong>la Casa de Pensar<\/strong>!<\/p>\n<p>La Anna Fornt, directora de Grup Efeb\u00e9, ha participado en el proyecto NextGen: S\u00e9niors de Ikea para la nueva edici\u00f3n de la <span class=\"_aacl _aaco _aacu _aacx _aad7 _aade\"><a href=\"https:\/\/barcelonadesignweek.com\/\">Barcelona Design Week<\/a><\/span>. Un proyecto de colaboraci\u00f3n entre Madrid Design Festival, Barcelona Design Week y Val\u00e8ncia Capital del Dise\u00f1o, patrocinado por IKEA. El objetivo es crear ideas innovadoras para mejorar aspectos como la soledad, la movilidad o la integraci\u00f3n social. Pues, \u00a1las dos propuestas ganadoras se expondr\u00e1n al <span lang=\"ca\"><span class=\"markd4y8j3y3o\" data-markjs=\"true\" data-ogac=\"\" data-ogab=\"\" data-ogsc=\"\" data-ogsb=\"\"><span class=\"_aacl _aaco _aacu _aacx _aad7 _aade\"><a href=\"https:\/\/www.wdcvalencia2022.com\/\">World Design Capital Val\u00e8ncia 2022<\/a><\/span><\/span><\/span>!<\/p>\n<p>As\u00ed pues, ante el <span lang=\"ca\"><span class=\"_aacl _aaco _aacu _aacx _aad7 _aade\"><a href=\"https:\/\/ajuntament.barcelona.cat\/dissenyhub\/ca\">Dise\u00f1o Hub Barcelona<\/a><\/span><\/span> se ha instalado &#8216;La Casa de Pensar de IKEA&#8217;.\u00a0 Los grupos de trabajo estaban conformados con dos profesionales (Anna Fornt y Danny Saltaren) y tres estudiantes de escuelas de dise\u00f1o de cada una de las 3 ciudades. Pensando en el envejecimiento activo de las ciudades, los grupos se basaban en un proceso de Design Thinking, con el rol de dinamizar la actividad para las personas asistentes.<\/p>\n\n\t\t<div class='galeria-blog owl-carousel-blog owl-carousel owl-theme'><img src='https:\/\/grupefebe.com\/custom\/uploads\/2022\/12\/la-casa-de-pensar.jpg'><img src='https:\/\/grupefebe.com\/custom\/uploads\/2022\/12\/la-casa-de-pensar-ikea.jpg'><img src='https:\/\/grupefebe.com\/custom\/uploads\/2022\/12\/la-casa-de-pensar-ikea-freska.jpg'><\/div>\n<p>Adem\u00e1s, es todo un placer contar con la presencia de algunos compa\u00f1eros y compa\u00f1eras del equipo de <span class=\"_aacl _aaco _aacu _aacx _aad7 _aade\"><strong>Barcelona Aging Living coLLaboratory<\/strong><\/span>. El primero \u201cLiving Lab\u201d centrado a aportar soluciones innovadoras para las personas grandes que se pone en marcha en Catalu\u00f1a. En el marco de una poblaci\u00f3n que cada vez es m\u00e1s grande, nace con el objetivo de mejorar la calidad de vida de los s\u00e9niors. En <a href=\"https:\/\/www.grupefebe.com\/es\/diez-instituciones-que-representan-al-conjunto-de-la-sociedad-civil-catalana-impulsan-el-primer-living-lab-centrado-en-envejecimiento\/\">este art\u00edculo de nuestro blog<\/a> puedes recuperar la explicaci\u00f3n completa de esta iniciativa.<\/p>\n<p><span class=\"_aacl _aaco _aacu _aacx _aad7 _aade\"> Las diez entidades fundadoras del Living lab somos <a href=\"https:\/\/www.grupefebe.com\/\">Grup Efeb\u00e9<\/a>, la <a href=\"https:\/\/www.blanquerna.edu\/ca\/facultat-de-ciencies-de-la-salut\">Facultad de Ciencias de la Salud de Blanquerna \u2013 Universidad Ramon Llull<\/a>, <a href=\"https:\/\/qida.es\/\">Qida<\/a>, <a href=\"https:\/\/www.universaldoctor.com\/\">UniversalDoctor<\/a>, <a href=\"https:\/\/www.fatec.cat\/\">FATEC<\/a>, el <a href=\"https:\/\/www.iborjabioetica.url.edu\/es\">Institut Borja de Bio\u00e9tica<\/a>, la <a href=\"https:\/\/estudis.uoc.edu\/ca\/estudiar-online\">Universitat Oberta de Catalunya<\/a>, <a href=\"https:\/\/isocial.cat\/es\/\">Fundaci\u00f3 iSocial<\/a>, <a href=\"https:\/\/vhir.vallhebron.com\/es\">Vall d\u2019Hebron Institute of Research (VHIR)<\/a>, <a href=\"https:\/\/www.iri.upc.edu\/\">IRI \u2013 Institut de Rob\u00f2tica i Inform\u00e0tica Industrial, CSIC-UPC<\/a> y Parc Sanitari Pere Virgili.<\/span><\/p>\n","protected":false},"excerpt":{"rendered":"<p>\u00a1Esta semana la Barcelona Design Week 2022 ha estrenado la Casa de Pensar! La Anna Fornt, directora de Grup Efeb\u00e9, [&hellip;]<\/p>\n","protected":false},"author":2,"featured_media":12156,"comment_status":"closed","ping_status":"closed","sticky":false,"template":"","format":"standard","meta":{"_acf_changed":false,"footnotes":"","_links_to":"","_links_to_target":""},"categories":[202],"class_list":["post-12637","post","type-post","status-publish","format-standard","has-post-thumbnail","hentry","category-residencias-mayores"],"acf":[],"yoast_head":"<!-- This site is optimized with the Yoast SEO plugin v25.9 - https:\/\/yoast.com\/wordpress\/plugins\/seo\/ -->\n<title>La Casa de pensar para la Barcelona Design Week 2022 | Grupo Efeb\u00e9<\/title>\n<meta name=\"description\" content=\"La Casa de Pensar es la sede f\u00edsica del Living Lab Barcelona Aging coLLaboratory en el recinto del Parque Sanitario Pere Virgilio. Desc\u00fabrela.\" \/>\n<meta name=\"robots\" content=\"index, follow, max-snippet:-1, max-image-preview:large, max-video-preview:-1\" \/>\n<link rel=\"canonical\" href=\"https:\/\/grupefebe.com\/es\/la-casa-de-pensar-para-la-barcelona-design-week-2022\/\" \/>\n<meta property=\"og:locale\" content=\"es_ES\" \/>\n<meta property=\"og:type\" content=\"article\" \/>\n<meta property=\"og:title\" content=\"La Casa de pensar para la Barcelona Design Week 2022 | Grupo Efeb\u00e9\" \/>\n<meta property=\"og:description\" content=\"La Casa de Pensar es la sede f\u00edsica del Living Lab Barcelona Aging coLLaboratory en el recinto del Parque Sanitario Pere Virgilio. Desc\u00fabrela.\" \/>\n<meta property=\"og:url\" content=\"https:\/\/grupefebe.com\/es\/la-casa-de-pensar-para-la-barcelona-design-week-2022\/\" \/>\n<meta property=\"og:site_name\" content=\"Grupo Efeb\u00e9\" \/>\n<meta property=\"article:publisher\" content=\"https:\/\/www.facebook.com\/grup.efebe\" \/>\n<meta property=\"article:published_time\" content=\"2022-06-08T13:02:54+00:00\" \/>\n<meta property=\"article:modified_time\" content=\"2022-12-07T13:16:35+00:00\" \/>\n<meta property=\"og:image\" content=\"https:\/\/www.grupefebe.com\/custom\/uploads\/2022\/10\/Espai_LaCasaDelPensar_2022.jpg_1225674020.jpg\" \/>\n\t<meta property=\"og:image:width\" content=\"1600\" \/>\n\t<meta property=\"og:image:height\" content=\"1197\" \/>\n\t<meta property=\"og:image:type\" content=\"image\/jpeg\" \/>\n<meta name=\"author\" content=\"Grup Efeb\u00e9\" \/>\n<meta name=\"twitter:card\" content=\"summary_large_image\" \/>\n<meta name=\"twitter:creator\" content=\"@grup_efebe\" \/>\n<meta name=\"twitter:site\" content=\"@grup_efebe\" \/>\n<meta name=\"twitter:label1\" content=\"Escrito por\" \/>\n\t<meta name=\"twitter:data1\" content=\"Grup Efeb\u00e9\" \/>\n\t<meta name=\"twitter:label2\" content=\"Tiempo de lectura\" \/>\n\t<meta name=\"twitter:data2\" content=\"2 minutos\" \/>\n<script type=\"application\/ld+json\" class=\"yoast-schema-graph\">{\"@context\":\"https:\/\/schema.org\",\"@graph\":[{\"@type\":\"Article\",\"@id\":\"https:\/\/grupefebe.com\/es\/la-casa-de-pensar-para-la-barcelona-design-week-2022\/#article\",\"isPartOf\":{\"@id\":\"https:\/\/grupefebe.com\/es\/la-casa-de-pensar-para-la-barcelona-design-week-2022\/\"},\"author\":{\"name\":\"Grup Efeb\u00e9\",\"@id\":\"https:\/\/mail.grupefebe.com\/es\/#\/schema\/person\/76402b3180eef131413100afc3282997\"},\"headline\":\"La Casa de pensar para la Barcelona Design Week 2022\",\"datePublished\":\"2022-06-08T13:02:54+00:00\",\"dateModified\":\"2022-12-07T13:16:35+00:00\",\"mainEntityOfPage\":{\"@id\":\"https:\/\/grupefebe.com\/es\/la-casa-de-pensar-para-la-barcelona-design-week-2022\/\"},\"wordCount\":328,\"publisher\":{\"@id\":\"https:\/\/mail.grupefebe.com\/es\/#organization\"},\"image\":{\"@id\":\"https:\/\/grupefebe.com\/es\/la-casa-de-pensar-para-la-barcelona-design-week-2022\/#primaryimage\"},\"thumbnailUrl\":\"https:\/\/grupefebe.com\/custom\/uploads\/2022\/10\/Espai_LaCasaDelPensar_2022.jpg_1225674020.jpg\",\"articleSection\":[\"Residencias para mayores\"],\"inLanguage\":\"es\"},{\"@type\":\"WebPage\",\"@id\":\"https:\/\/grupefebe.com\/es\/la-casa-de-pensar-para-la-barcelona-design-week-2022\/\",\"url\":\"https:\/\/grupefebe.com\/es\/la-casa-de-pensar-para-la-barcelona-design-week-2022\/\",\"name\":\"La Casa de pensar para la Barcelona Design Week 2022 | Grupo Efeb\u00e9\",\"isPartOf\":{\"@id\":\"https:\/\/mail.grupefebe.com\/es\/#website\"},\"primaryImageOfPage\":{\"@id\":\"https:\/\/grupefebe.com\/es\/la-casa-de-pensar-para-la-barcelona-design-week-2022\/#primaryimage\"},\"image\":{\"@id\":\"https:\/\/grupefebe.com\/es\/la-casa-de-pensar-para-la-barcelona-design-week-2022\/#primaryimage\"},\"thumbnailUrl\":\"https:\/\/grupefebe.com\/custom\/uploads\/2022\/10\/Espai_LaCasaDelPensar_2022.jpg_1225674020.jpg\",\"datePublished\":\"2022-06-08T13:02:54+00:00\",\"dateModified\":\"2022-12-07T13:16:35+00:00\",\"description\":\"La Casa de Pensar es la sede f\u00edsica del Living Lab Barcelona Aging coLLaboratory en el recinto del Parque Sanitario Pere Virgilio. Desc\u00fabrela.\",\"breadcrumb\":{\"@id\":\"https:\/\/grupefebe.com\/es\/la-casa-de-pensar-para-la-barcelona-design-week-2022\/#breadcrumb\"},\"inLanguage\":\"es\",\"potentialAction\":[{\"@type\":\"ReadAction\",\"target\":[\"https:\/\/grupefebe.com\/es\/la-casa-de-pensar-para-la-barcelona-design-week-2022\/\"]}]},{\"@type\":\"ImageObject\",\"inLanguage\":\"es\",\"@id\":\"https:\/\/grupefebe.com\/es\/la-casa-de-pensar-para-la-barcelona-design-week-2022\/#primaryimage\",\"url\":\"https:\/\/grupefebe.com\/custom\/uploads\/2022\/10\/Espai_LaCasaDelPensar_2022.jpg_1225674020.jpg\",\"contentUrl\":\"https:\/\/grupefebe.com\/custom\/uploads\/2022\/10\/Espai_LaCasaDelPensar_2022.jpg_1225674020.jpg\",\"width\":1600,\"height\":1197,\"caption\":\"la casa de pensar\"},{\"@type\":\"BreadcrumbList\",\"@id\":\"https:\/\/grupefebe.com\/es\/la-casa-de-pensar-para-la-barcelona-design-week-2022\/#breadcrumb\",\"itemListElement\":[{\"@type\":\"ListItem\",\"position\":1,\"name\":\"Inici\",\"item\":\"https:\/\/mail.grupefebe.com\/es\/\"},{\"@type\":\"ListItem\",\"position\":2,\"name\":\"La Casa de pensar para la Barcelona Design Week 2022\"}]},{\"@type\":\"WebSite\",\"@id\":\"https:\/\/mail.grupefebe.com\/es\/#website\",\"url\":\"https:\/\/mail.grupefebe.com\/es\/\",\"name\":\"Grup Efeb\u00e9\",\"description\":\"Otro sitio realizado con WordPress\",\"publisher\":{\"@id\":\"https:\/\/mail.grupefebe.com\/es\/#organization\"},\"potentialAction\":[{\"@type\":\"SearchAction\",\"target\":{\"@type\":\"EntryPoint\",\"urlTemplate\":\"https:\/\/mail.grupefebe.com\/es\/?s={search_term_string}\"},\"query-input\":{\"@type\":\"PropertyValueSpecification\",\"valueRequired\":true,\"valueName\":\"search_term_string\"}}],\"inLanguage\":\"es\"},{\"@type\":\"Organization\",\"@id\":\"https:\/\/mail.grupefebe.com\/es\/#organization\",\"name\":\"Grup Efeb\u00e9\",\"url\":\"https:\/\/mail.grupefebe.com\/es\/\",\"logo\":{\"@type\":\"ImageObject\",\"inLanguage\":\"es\",\"@id\":\"https:\/\/mail.grupefebe.com\/es\/#\/schema\/logo\/image\/\",\"url\":\"https:\/\/grupefebe.com\/custom\/uploads\/2021\/01\/logo-efebe.png\",\"contentUrl\":\"https:\/\/grupefebe.com\/custom\/uploads\/2021\/01\/logo-efebe.png\",\"width\":524,\"height\":135,\"caption\":\"Grup Efeb\u00e9\"},\"image\":{\"@id\":\"https:\/\/mail.grupefebe.com\/es\/#\/schema\/logo\/image\/\"},\"sameAs\":[\"https:\/\/www.facebook.com\/grup.efebe\",\"https:\/\/x.com\/grup_efebe\",\"https:\/\/www.instagram.com\/grup_efebe\/\",\"https:\/\/www.linkedin.com\/company\/grupefebe\",\"https:\/\/www.youtube.com\/channel\/UCj11-LAuLhPfqrL2649Xzrw\"]},{\"@type\":\"Person\",\"@id\":\"https:\/\/mail.grupefebe.com\/es\/#\/schema\/person\/76402b3180eef131413100afc3282997\",\"name\":\"Grup Efeb\u00e9\",\"image\":{\"@type\":\"ImageObject\",\"inLanguage\":\"es\",\"@id\":\"https:\/\/mail.grupefebe.com\/es\/#\/schema\/person\/image\/\",\"url\":\"https:\/\/secure.gravatar.com\/avatar\/913bc6aa90480101061296ab9cad4bd4ccfb82c623a8820f3fd577558c1651be?s=96&d=mm&r=g\",\"contentUrl\":\"https:\/\/secure.gravatar.com\/avatar\/913bc6aa90480101061296ab9cad4bd4ccfb82c623a8820f3fd577558c1651be?s=96&d=mm&r=g\",\"caption\":\"Grup Efeb\u00e9\"},\"url\":\"https:\/\/grupefebe.com\/es\/author\/julia\/\"}]}<\/script>\n<!-- \/ Yoast SEO plugin. -->","yoast_head_json":{"title":"La Casa de pensar para la Barcelona Design Week 2022 | Grupo Efeb\u00e9","description":"La Casa de Pensar es la sede f\u00edsica del Living Lab Barcelona Aging coLLaboratory en el recinto del Parque Sanitario Pere Virgilio. Desc\u00fabrela.","robots":{"index":"index","follow":"follow","max-snippet":"max-snippet:-1","max-image-preview":"max-image-preview:large","max-video-preview":"max-video-preview:-1"},"canonical":"https:\/\/grupefebe.com\/es\/la-casa-de-pensar-para-la-barcelona-design-week-2022\/","og_locale":"es_ES","og_type":"article","og_title":"La Casa de pensar para la Barcelona Design Week 2022 | Grupo Efeb\u00e9","og_description":"La Casa de Pensar es la sede f\u00edsica del Living Lab Barcelona Aging coLLaboratory en el recinto del Parque Sanitario Pere Virgilio. Desc\u00fabrela.","og_url":"https:\/\/grupefebe.com\/es\/la-casa-de-pensar-para-la-barcelona-design-week-2022\/","og_site_name":"Grupo Efeb\u00e9","article_publisher":"https:\/\/www.facebook.com\/grup.efebe","article_published_time":"2022-06-08T13:02:54+00:00","article_modified_time":"2022-12-07T13:16:35+00:00","og_image":[{"width":1600,"height":1197,"url":"https:\/\/www.grupefebe.com\/custom\/uploads\/2022\/10\/Espai_LaCasaDelPensar_2022.jpg_1225674020.jpg","type":"image\/jpeg"}],"author":"Grup Efeb\u00e9","twitter_card":"summary_large_image","twitter_creator":"@grup_efebe","twitter_site":"@grup_efebe","twitter_misc":{"Escrito por":"Grup Efeb\u00e9","Tiempo de lectura":"2 minutos"},"schema":{"@context":"https:\/\/schema.org","@graph":[{"@type":"Article","@id":"https:\/\/grupefebe.com\/es\/la-casa-de-pensar-para-la-barcelona-design-week-2022\/#article","isPartOf":{"@id":"https:\/\/grupefebe.com\/es\/la-casa-de-pensar-para-la-barcelona-design-week-2022\/"},"author":{"name":"Grup Efeb\u00e9","@id":"https:\/\/mail.grupefebe.com\/es\/#\/schema\/person\/76402b3180eef131413100afc3282997"},"headline":"La Casa de pensar para la Barcelona Design Week 2022","datePublished":"2022-06-08T13:02:54+00:00","dateModified":"2022-12-07T13:16:35+00:00","mainEntityOfPage":{"@id":"https:\/\/grupefebe.com\/es\/la-casa-de-pensar-para-la-barcelona-design-week-2022\/"},"wordCount":328,"publisher":{"@id":"https:\/\/mail.grupefebe.com\/es\/#organization"},"image":{"@id":"https:\/\/grupefebe.com\/es\/la-casa-de-pensar-para-la-barcelona-design-week-2022\/#primaryimage"},"thumbnailUrl":"https:\/\/grupefebe.com\/custom\/uploads\/2022\/10\/Espai_LaCasaDelPensar_2022.jpg_1225674020.jpg","articleSection":["Residencias para mayores"],"inLanguage":"es"},{"@type":"WebPage","@id":"https:\/\/grupefebe.com\/es\/la-casa-de-pensar-para-la-barcelona-design-week-2022\/","url":"https:\/\/grupefebe.com\/es\/la-casa-de-pensar-para-la-barcelona-design-week-2022\/","name":"La Casa de pensar para la Barcelona Design Week 2022 | Grupo Efeb\u00e9","isPartOf":{"@id":"https:\/\/mail.grupefebe.com\/es\/#website"},"primaryImageOfPage":{"@id":"https:\/\/grupefebe.com\/es\/la-casa-de-pensar-para-la-barcelona-design-week-2022\/#primaryimage"},"image":{"@id":"https:\/\/grupefebe.com\/es\/la-casa-de-pensar-para-la-barcelona-design-week-2022\/#primaryimage"},"thumbnailUrl":"https:\/\/grupefebe.com\/custom\/uploads\/2022\/10\/Espai_LaCasaDelPensar_2022.jpg_1225674020.jpg","datePublished":"2022-06-08T13:02:54+00:00","dateModified":"2022-12-07T13:16:35+00:00","description":"La Casa de Pensar es la sede f\u00edsica del Living Lab Barcelona Aging coLLaboratory en el recinto del Parque Sanitario Pere Virgilio. Desc\u00fabrela.","breadcrumb":{"@id":"https:\/\/grupefebe.com\/es\/la-casa-de-pensar-para-la-barcelona-design-week-2022\/#breadcrumb"},"inLanguage":"es","potentialAction":[{"@type":"ReadAction","target":["https:\/\/grupefebe.com\/es\/la-casa-de-pensar-para-la-barcelona-design-week-2022\/"]}]},{"@type":"ImageObject","inLanguage":"es","@id":"https:\/\/grupefebe.com\/es\/la-casa-de-pensar-para-la-barcelona-design-week-2022\/#primaryimage","url":"https:\/\/grupefebe.com\/custom\/uploads\/2022\/10\/Espai_LaCasaDelPensar_2022.jpg_1225674020.jpg","contentUrl":"https:\/\/grupefebe.com\/custom\/uploads\/2022\/10\/Espai_LaCasaDelPensar_2022.jpg_1225674020.jpg","width":1600,"height":1197,"caption":"la casa de pensar"},{"@type":"BreadcrumbList","@id":"https:\/\/grupefebe.com\/es\/la-casa-de-pensar-para-la-barcelona-design-week-2022\/#breadcrumb","itemListElement":[{"@type":"ListItem","position":1,"name":"Inici","item":"https:\/\/mail.grupefebe.com\/es\/"},{"@type":"ListItem","position":2,"name":"La Casa de pensar para la Barcelona Design Week 2022"}]},{"@type":"WebSite","@id":"https:\/\/mail.grupefebe.com\/es\/#website","url":"https:\/\/mail.grupefebe.com\/es\/","name":"Grup Efeb\u00e9","description":"Otro sitio realizado con WordPress","publisher":{"@id":"https:\/\/mail.grupefebe.com\/es\/#organization"},"potentialAction":[{"@type":"SearchAction","target":{"@type":"EntryPoint","urlTemplate":"https:\/\/mail.grupefebe.com\/es\/?s={search_term_string}"},"query-input":{"@type":"PropertyValueSpecification","valueRequired":true,"valueName":"search_term_string"}}],"inLanguage":"es"},{"@type":"Organization","@id":"https:\/\/mail.grupefebe.com\/es\/#organization","name":"Grup Efeb\u00e9","url":"https:\/\/mail.grupefebe.com\/es\/","logo":{"@type":"ImageObject","inLanguage":"es","@id":"https:\/\/mail.grupefebe.com\/es\/#\/schema\/logo\/image\/","url":"https:\/\/grupefebe.com\/custom\/uploads\/2021\/01\/logo-efebe.png","contentUrl":"https:\/\/grupefebe.com\/custom\/uploads\/2021\/01\/logo-efebe.png","width":524,"height":135,"caption":"Grup Efeb\u00e9"},"image":{"@id":"https:\/\/mail.grupefebe.com\/es\/#\/schema\/logo\/image\/"},"sameAs":["https:\/\/www.facebook.com\/grup.efebe","https:\/\/x.com\/grup_efebe","https:\/\/www.instagram.com\/grup_efebe\/","https:\/\/www.linkedin.com\/company\/grupefebe","https:\/\/www.youtube.com\/channel\/UCj11-LAuLhPfqrL2649Xzrw"]},{"@type":"Person","@id":"https:\/\/mail.grupefebe.com\/es\/#\/schema\/person\/76402b3180eef131413100afc3282997","name":"Grup Efeb\u00e9","image":{"@type":"ImageObject","inLanguage":"es","@id":"https:\/\/mail.grupefebe.com\/es\/#\/schema\/person\/image\/","url":"https:\/\/secure.gravatar.com\/avatar\/913bc6aa90480101061296ab9cad4bd4ccfb82c623a8820f3fd577558c1651be?s=96&d=mm&r=g","contentUrl":"https:\/\/secure.gravatar.com\/avatar\/913bc6aa90480101061296ab9cad4bd4ccfb82c623a8820f3fd577558c1651be?s=96&d=mm&r=g","caption":"Grup Efeb\u00e9"},"url":"https:\/\/grupefebe.com\/es\/author\/julia\/"}]}},"_links":{"self":[{"href":"https:\/\/grupefebe.com\/es\/wp-json\/wp\/v2\/posts\/12637","targetHints":{"allow":["GET"]}}],"collection":[{"href":"https:\/\/grupefebe.com\/es\/wp-json\/wp\/v2\/posts"}],"about":[{"href":"https:\/\/grupefebe.com\/es\/wp-json\/wp\/v2\/types\/post"}],"author":[{"embeddable":true,"href":"https:\/\/grupefebe.com\/es\/wp-json\/wp\/v2\/users\/2"}],"replies":[{"embeddable":true,"href":"https:\/\/grupefebe.com\/es\/wp-json\/wp\/v2\/comments?post=12637"}],"version-history":[{"count":2,"href":"https:\/\/grupefebe.com\/es\/wp-json\/wp\/v2\/posts\/12637\/revisions"}],"predecessor-version":[{"id":12638,"href":"https:\/\/grupefebe.com\/es\/wp-json\/wp\/v2\/posts\/12637\/revisions\/12638"}],"wp:featuredmedia":[{"embeddable":true,"href":"https:\/\/grupefebe.com\/es\/wp-json\/wp\/v2\/media\/12156"}],"wp:attachment":[{"href":"https:\/\/grupefebe.com\/es\/wp-json\/wp\/v2\/media?parent=12637"}],"wp:term":[{"taxonomy":"category","embeddable":true,"href":"https:\/\/grupefebe.com\/es\/wp-json\/wp\/v2\/categories?post=12637"}],"curies":[{"name":"wp","href":"https:\/\/api.w.org\/{rel}","templated":true}]}}