{"id":12661,"date":"2022-12-12T08:45:29","date_gmt":"2022-12-12T08:45:29","guid":{"rendered":"https:\/\/grupefebe.com\/sortim-al-punt-avui-el-creixement-defebe-amb-projectes-doficina-flexible\/"},"modified":"2022-12-12T10:14:36","modified_gmt":"2022-12-12T10:14:36","slug":"salimos-en-el-punt-avui-el-crecimiento-de-efebe-con-proyectos-de-oficina-flexible","status":"publish","type":"post","link":"https:\/\/grupefebe.com\/es\/salimos-en-el-punt-avui-el-crecimiento-de-efebe-con-proyectos-de-oficina-flexible\/","title":{"rendered":"Salimos en el Punt Avui: el crecimiento de Efeb\u00e9 con proyectos de oficina flexible"},"content":{"rendered":"<div id=\"article-content\" class=\"article-content hyphenate Hyphenator35css3hyphenate\">\n<p>Grup Efeb\u00e9 aparecemos en el <a href=\"https:\/\/www.elpuntavui.cat\/economia\/article\/18-economia\/2228461-la-firma-de-serveis-efebe-dobla-la-facturacio-en-nomes-un-any.html\">Punt Avui<\/a>, diario de Catalu\u00f1a, para hablar sobre la oficina flexible, los beneficios que genera y nuestro crecimiento en este \u00faltimo a\u00f1o.<\/p>\n<p>Anna Fornt, directora general de Grup Efeb\u00e9, explica que como empresa hemos tenido que ampliar nuestra estructura. De hecho, hemos aumentado el n\u00famero de empleados en un 30% y hemos puesto en marcha <strong><a href=\"https:\/\/grupefebe.com\/es\/una-nueva-oportunidad-de-insercion-laboral-en-la-construccion-para-mujeres-en-riesgo-de-exclusion-social\/\">programas de formaci\u00f3n para incorporar mujeres en riesgo de exclusi\u00f3n como ayudantes de obra<\/a><\/strong>.<\/p>\n<p>Desde Efeb\u00e9 hacemos un trabajo transversal. Desde la concepci\u00f3n y definici\u00f3n del espacio hasta la ejecuci\u00f3n del proyecto y la dotaci\u00f3n de la equipaci\u00f3n necesaria y el mantenimiento posterior. As\u00ed pues, mejoramos espacios de edificios particulares como por ejemplo residencias de la tercera edad, escuelas y oficinas.<\/p>\n<h3>C\u00f3mo es la oficina flexible adaptada a los nuevos tiempos<\/h3>\n<p>En parte, podemos agradecer a la pandemia la aceleraci\u00f3n de un cambio de modelo empresarial, con unos espacios de trabajo m\u00e1s amables, como hace a\u00f1os que pregon\u00e1bamos. El a\u00f1o 2021 publicamos el <a href=\"https:\/\/grupefebe.com\/es\/los-teletrabajadores-piden-volver-a-una-oficina-adaptada-a-los-nuevos-tiempos-y-que-les-ayude-a-conciliar-mejor\/\">Bar\u00f3metro Grup Efeb\u00e9 2021: Teletrabajo y la necesidad de repensar el Espacio Oficina<\/a>. Estudiamos cu\u00e1les son las necesidades de los trabajadores y trabajadoras y como quieren trabajar a partir de ahora. Dentro de este Bar\u00f3metro contamos con una secci\u00f3n para conocer como tienen que ser los espacios de trabajo a partir de ahora. De aqu\u00ed surge la oficina flexible.<\/p>\n<p>Adem\u00e1s, en <a href=\"https:\/\/www.grupefebe.com\/com-adaptar-un-model-de-treball-flexible-als-espais-doficina\/\">este art\u00edculo<\/a> te presentamos el webinar que han hecho Anna Fornt (Grup Efeb\u00e9) y Bibiana Cunningham (BusinessCure) con <a href=\"https:\/\/bforb.es\/\"><strong>BforB Spain Networking Clubs<\/strong><\/a>, para compartir sus reflexiones sobre c\u00f3mo tiene que ser una cultura digital empresarial, por no volverse loco en un trabajo flexible adaptado al presente.<\/p>\n<p>Por un lado, uno de nuestros principales clientes, <a href=\"https:\/\/www.grupefebe.com\/projects\/nova-seu-de-transperfect-amb-oficines-hibrides-a-lisboa\/\">TransPerfect<\/a>, una multinacional del sector de los contenidos digitales, ha abierto nuevos emplazamientos en varios pa\u00edses y ha contado con nosotros para su expansi\u00f3n. Con estos proyectos hemos adecuado los espacios de trabajo a las nuevas necesidades de la postpandemia. Oficina flexible \u00abflex office\u00bb, la combinaci\u00f3n entre teletrabajo y presencialidad o el concepto \u00abhot desk\u00bb eran algunos de los aspectos que quer\u00edamos llevar a los espacios. \u201cLas empresas han necesitado adaptar los espacios de trabajo para facilitar la vuelta al trabajo presencial, y se han tenido que mejorar cuestiones como por ejemplo la sonoridad de las salas, que nosotros tambi\u00e9n hemos llevado a cabo\u201d, explica la directora general de Efeb\u00e9, <strong>Anna Fornt<\/strong>.<\/p>\n<h3>I doncs, qu\u00e8 fem als centres educatius i a resid\u00e8ncies de gent gran?<\/h3>\n<p>Pel que fa als altres dos sectors, centres educatius i resid\u00e8ncies de gent gran, Anna Fornt comenta que \u201cles <strong>resid\u00e8ncies de gent gran<\/strong> encara estan en xoc despr\u00e9s del que van viure durant la pand\u00e8mia, per\u00f2 creiem que en uns anys el model canviar\u00e0 cap a uns entorns m\u00e9s dom\u00e8stics, i per assolir-ho els caldr\u00e0 fer inversions als espais importants\u201d.<\/p>\n<p>Quant a les <strong>escoles<\/strong>, hem redefinit instal\u00b7lacions a aquelles institucions educatives que estan en ple canvi de model educatiu. \u201cLa baixa natalitat i els per\u00edodes de crisi estan tensant uns perfils d\u2019escola que si no es distingeixen estan abocats a tancar. Habilitar els seus espais d&#8217;aprenentatge \u00e9s un dels passos imprescindibles\u201d, diu Fornt.<\/p>\n<h3><span class=\"avantitol\">Barcelona Aging coLLaboratory<\/span><\/h3>\n<div class=\"text\">\n<p>Durant la pand\u00e8mia vam fer una nova aposta per la innovaci\u00f3 amb nous projectes de recerca, especialment per investigar les necessitats de la gent gran. Davant la necessitat de desenvolupar solucions innovadores que avancin cap a un envelliment actiu i saludable, <a href=\"https:\/\/www.grupefebe.com\/acte-dinauguracio-del-barcelona-aging-collaboratory-ball\/\"><strong>Grup Efeb\u00e9 participem al Barcelona Aging coLLaboratory (BALL)<\/strong><\/a>.<\/p>\n<p>Aquest article del Punt Avui tracta el creixement de Grup Efeb\u00e9 des dels diferents vessants de l&#8217;organitzaci\u00f3. Una d&#8217;elles \u00e9s aquest projecte que opera sobre el model d\u2019innovaci\u00f3 de quatre h\u00e8lixs en qu\u00e8 participa iniciativa p\u00fablica i privada. En total, deu entitats de renom que representem els principals \u00e0mbits de la societat catalana. Salut (<a href=\"https:\/\/perevirgili.gencat.cat\/ca\/inici\">Parc Sanitari Pere Virgili<\/a> i <a href=\"https:\/\/vhir.vallhebron.com\/es\">Vall d\u2019Hebron Research Institute<\/a>), rob\u00f2tica (<a href=\"https:\/\/www.iri.upc.edu\/\">Institut de Rob\u00f2tica i Inform\u00e0tica Industrial<\/a>), universitats (<a href=\"https:\/\/www.blanquerna.edu\/ca\/facultat-de-ciencies-de-la-salut\">Blanquerna &#8211; Universitat Ramon Llull<\/a>, <a href=\"https:\/\/www.iborjabioetica.url.edu\/ca\">Institut Borja de Bio\u00e8tica<\/a> i <a href=\"https:\/\/estudis.uoc.edu\/ca\/estudiar-online\">Universitat Oberta de Catalunya<\/a>), social (iSocial), empresa privada (<a href=\"https:\/\/www.grupefebe.com\/\">Grup Efeb\u00e9<\/a>, <a href=\"https:\/\/qida.es\/\">Qida<\/a> i <a href=\"https:\/\/www.universaldoctor.com\/\">UniversalDoctor<\/a>) i associacions de gent gran (<a href=\"https:\/\/www.fatec.cat\/\">FATEC &#8211; Federaci\u00f3 d&#8217;associacions de gent gran de Catalunya<\/a>).<\/p>\n<\/div>\n<\/div>\n","protected":false},"excerpt":{"rendered":"<p>Grup Efeb\u00e9 aparecemos en el Punt Avui, diario de Catalu\u00f1a, para hablar sobre la oficina flexible, los beneficios que genera [&hellip;]<\/p>\n","protected":false},"author":2,"featured_media":12656,"comment_status":"closed","ping_status":"closed","sticky":false,"template":"","format":"standard","meta":{"_acf_changed":false,"footnotes":"","_links_to":"","_links_to_target":""},"categories":[203,200,202],"class_list":["post-12661","post","type-post","status-publish","format-standard","has-post-thumbnail","hentry","category-escuelas","category-oficinas","category-residencias-mayores"],"acf":[],"yoast_head":"<!-- This site is optimized with the Yoast SEO plugin v25.9 - https:\/\/yoast.com\/wordpress\/plugins\/seo\/ -->\n<title>Salimos en el Punt Avui: el crecimiento de Efeb\u00e9 con proyectos de oficina flexible | Grupo Efeb\u00e9<\/title>\n<meta name=\"description\" content=\"\u00a1Grup Efeb\u00e9 salimos en el Punt Avui! Nuestro crecimiento en oficina flexible, centros educativos innovadores y espacios senior. Desc\u00fabrelo.\" \/>\n<meta name=\"robots\" content=\"index, follow, max-snippet:-1, max-image-preview:large, max-video-preview:-1\" \/>\n<link rel=\"canonical\" href=\"https:\/\/grupefebe.com\/es\/salimos-en-el-punt-avui-el-crecimiento-de-efebe-con-proyectos-de-oficina-flexible\/\" \/>\n<meta property=\"og:locale\" content=\"es_ES\" \/>\n<meta property=\"og:type\" content=\"article\" \/>\n<meta property=\"og:title\" content=\"Salimos en el Punt Avui: el crecimiento de Efeb\u00e9 con proyectos de oficina flexible | Grupo Efeb\u00e9\" \/>\n<meta property=\"og:description\" content=\"\u00a1Grup Efeb\u00e9 salimos en el Punt Avui! Nuestro crecimiento en oficina flexible, centros educativos innovadores y espacios senior. Desc\u00fabrelo.\" \/>\n<meta property=\"og:url\" content=\"https:\/\/grupefebe.com\/es\/salimos-en-el-punt-avui-el-crecimiento-de-efebe-con-proyectos-de-oficina-flexible\/\" \/>\n<meta property=\"og:site_name\" content=\"Grupo Efeb\u00e9\" \/>\n<meta property=\"article:publisher\" content=\"https:\/\/www.facebook.com\/grup.efebe\" \/>\n<meta property=\"article:published_time\" content=\"2022-12-12T08:45:29+00:00\" \/>\n<meta property=\"article:modified_time\" content=\"2022-12-12T10:14:36+00:00\" \/>\n<meta property=\"og:image\" content=\"https:\/\/grupefebe.com\/custom\/uploads\/2022\/12\/oficina-flexible.jpg\" \/>\n\t<meta property=\"og:image:width\" content=\"800\" \/>\n\t<meta property=\"og:image:height\" content=\"621\" \/>\n\t<meta property=\"og:image:type\" content=\"image\/jpeg\" \/>\n<meta name=\"author\" content=\"Grup Efeb\u00e9\" \/>\n<meta name=\"twitter:card\" content=\"summary_large_image\" \/>\n<meta name=\"twitter:creator\" content=\"@grup_efebe\" \/>\n<meta name=\"twitter:site\" content=\"@grup_efebe\" \/>\n<meta name=\"twitter:label1\" content=\"Escrito por\" \/>\n\t<meta name=\"twitter:data1\" content=\"Grup Efeb\u00e9\" \/>\n\t<meta name=\"twitter:label2\" content=\"Tiempo de lectura\" \/>\n\t<meta name=\"twitter:data2\" content=\"3 minutos\" \/>\n<script type=\"application\/ld+json\" class=\"yoast-schema-graph\">{\"@context\":\"https:\/\/schema.org\",\"@graph\":[{\"@type\":\"Article\",\"@id\":\"https:\/\/grupefebe.com\/es\/salimos-en-el-punt-avui-el-crecimiento-de-efebe-con-proyectos-de-oficina-flexible\/#article\",\"isPartOf\":{\"@id\":\"https:\/\/grupefebe.com\/es\/salimos-en-el-punt-avui-el-crecimiento-de-efebe-con-proyectos-de-oficina-flexible\/\"},\"author\":{\"name\":\"Grup Efeb\u00e9\",\"@id\":\"https:\/\/www.grupefebe.com\/es\/#\/schema\/person\/76402b3180eef131413100afc3282997\"},\"headline\":\"Salimos en el Punt Avui: el crecimiento de Efeb\u00e9 con proyectos de oficina flexible\",\"datePublished\":\"2022-12-12T08:45:29+00:00\",\"dateModified\":\"2022-12-12T10:14:36+00:00\",\"mainEntityOfPage\":{\"@id\":\"https:\/\/grupefebe.com\/es\/salimos-en-el-punt-avui-el-crecimiento-de-efebe-con-proyectos-de-oficina-flexible\/\"},\"wordCount\":734,\"publisher\":{\"@id\":\"https:\/\/www.grupefebe.com\/es\/#organization\"},\"image\":{\"@id\":\"https:\/\/grupefebe.com\/es\/salimos-en-el-punt-avui-el-crecimiento-de-efebe-con-proyectos-de-oficina-flexible\/#primaryimage\"},\"thumbnailUrl\":\"https:\/\/grupefebe.com\/custom\/uploads\/2022\/12\/oficina-flexible.jpg\",\"articleSection\":[\"Escuelas\",\"Oficinas\",\"Residencias para mayores\"],\"inLanguage\":\"es\"},{\"@type\":\"WebPage\",\"@id\":\"https:\/\/grupefebe.com\/es\/salimos-en-el-punt-avui-el-crecimiento-de-efebe-con-proyectos-de-oficina-flexible\/\",\"url\":\"https:\/\/grupefebe.com\/es\/salimos-en-el-punt-avui-el-crecimiento-de-efebe-con-proyectos-de-oficina-flexible\/\",\"name\":\"Salimos en el Punt Avui: el crecimiento de Efeb\u00e9 con proyectos de oficina flexible | Grupo Efeb\u00e9\",\"isPartOf\":{\"@id\":\"https:\/\/www.grupefebe.com\/es\/#website\"},\"primaryImageOfPage\":{\"@id\":\"https:\/\/grupefebe.com\/es\/salimos-en-el-punt-avui-el-crecimiento-de-efebe-con-proyectos-de-oficina-flexible\/#primaryimage\"},\"image\":{\"@id\":\"https:\/\/grupefebe.com\/es\/salimos-en-el-punt-avui-el-crecimiento-de-efebe-con-proyectos-de-oficina-flexible\/#primaryimage\"},\"thumbnailUrl\":\"https:\/\/grupefebe.com\/custom\/uploads\/2022\/12\/oficina-flexible.jpg\",\"datePublished\":\"2022-12-12T08:45:29+00:00\",\"dateModified\":\"2022-12-12T10:14:36+00:00\",\"description\":\"\u00a1Grup Efeb\u00e9 salimos en el Punt Avui! Nuestro crecimiento en oficina flexible, centros educativos innovadores y espacios senior. Desc\u00fabrelo.\",\"breadcrumb\":{\"@id\":\"https:\/\/grupefebe.com\/es\/salimos-en-el-punt-avui-el-crecimiento-de-efebe-con-proyectos-de-oficina-flexible\/#breadcrumb\"},\"inLanguage\":\"es\",\"potentialAction\":[{\"@type\":\"ReadAction\",\"target\":[\"https:\/\/grupefebe.com\/es\/salimos-en-el-punt-avui-el-crecimiento-de-efebe-con-proyectos-de-oficina-flexible\/\"]}]},{\"@type\":\"ImageObject\",\"inLanguage\":\"es\",\"@id\":\"https:\/\/grupefebe.com\/es\/salimos-en-el-punt-avui-el-crecimiento-de-efebe-con-proyectos-de-oficina-flexible\/#primaryimage\",\"url\":\"https:\/\/grupefebe.com\/custom\/uploads\/2022\/12\/oficina-flexible.jpg\",\"contentUrl\":\"https:\/\/grupefebe.com\/custom\/uploads\/2022\/12\/oficina-flexible.jpg\",\"width\":800,\"height\":621,\"caption\":\"Barcelona. Foto per a la secci\u00f3 d'empreses a grup Efebe, a la directora general Anna Fornt.\"},{\"@type\":\"BreadcrumbList\",\"@id\":\"https:\/\/grupefebe.com\/es\/salimos-en-el-punt-avui-el-crecimiento-de-efebe-con-proyectos-de-oficina-flexible\/#breadcrumb\",\"itemListElement\":[{\"@type\":\"ListItem\",\"position\":1,\"name\":\"Inici\",\"item\":\"https:\/\/www.grupefebe.com\/es\/\"},{\"@type\":\"ListItem\",\"position\":2,\"name\":\"Salimos en el Punt Avui: el crecimiento de Efeb\u00e9 con proyectos de oficina flexible\"}]},{\"@type\":\"WebSite\",\"@id\":\"https:\/\/www.grupefebe.com\/es\/#website\",\"url\":\"https:\/\/www.grupefebe.com\/es\/\",\"name\":\"Grup Efeb\u00e9\",\"description\":\"Otro sitio realizado con WordPress\",\"publisher\":{\"@id\":\"https:\/\/www.grupefebe.com\/es\/#organization\"},\"potentialAction\":[{\"@type\":\"SearchAction\",\"target\":{\"@type\":\"EntryPoint\",\"urlTemplate\":\"https:\/\/www.grupefebe.com\/es\/?s={search_term_string}\"},\"query-input\":{\"@type\":\"PropertyValueSpecification\",\"valueRequired\":true,\"valueName\":\"search_term_string\"}}],\"inLanguage\":\"es\"},{\"@type\":\"Organization\",\"@id\":\"https:\/\/www.grupefebe.com\/es\/#organization\",\"name\":\"Grup Efeb\u00e9\",\"url\":\"https:\/\/www.grupefebe.com\/es\/\",\"logo\":{\"@type\":\"ImageObject\",\"inLanguage\":\"es\",\"@id\":\"https:\/\/www.grupefebe.com\/es\/#\/schema\/logo\/image\/\",\"url\":\"https:\/\/grupefebe.com\/custom\/uploads\/2021\/01\/logo-efebe.png\",\"contentUrl\":\"https:\/\/grupefebe.com\/custom\/uploads\/2021\/01\/logo-efebe.png\",\"width\":524,\"height\":135,\"caption\":\"Grup Efeb\u00e9\"},\"image\":{\"@id\":\"https:\/\/www.grupefebe.com\/es\/#\/schema\/logo\/image\/\"},\"sameAs\":[\"https:\/\/www.facebook.com\/grup.efebe\",\"https:\/\/x.com\/grup_efebe\",\"https:\/\/www.instagram.com\/grup_efebe\/\",\"https:\/\/www.linkedin.com\/company\/grupefebe\",\"https:\/\/www.youtube.com\/channel\/UCj11-LAuLhPfqrL2649Xzrw\"]},{\"@type\":\"Person\",\"@id\":\"https:\/\/www.grupefebe.com\/es\/#\/schema\/person\/76402b3180eef131413100afc3282997\",\"name\":\"Grup Efeb\u00e9\",\"image\":{\"@type\":\"ImageObject\",\"inLanguage\":\"es\",\"@id\":\"https:\/\/www.grupefebe.com\/es\/#\/schema\/person\/image\/\",\"url\":\"https:\/\/secure.gravatar.com\/avatar\/913bc6aa90480101061296ab9cad4bd4ccfb82c623a8820f3fd577558c1651be?s=96&d=mm&r=g\",\"contentUrl\":\"https:\/\/secure.gravatar.com\/avatar\/913bc6aa90480101061296ab9cad4bd4ccfb82c623a8820f3fd577558c1651be?s=96&d=mm&r=g\",\"caption\":\"Grup Efeb\u00e9\"},\"url\":\"https:\/\/grupefebe.com\/es\/author\/julia\/\"}]}<\/script>\n<!-- \/ Yoast SEO plugin. -->","yoast_head_json":{"title":"Salimos en el Punt Avui: el crecimiento de Efeb\u00e9 con proyectos de oficina flexible | Grupo Efeb\u00e9","description":"\u00a1Grup Efeb\u00e9 salimos en el Punt Avui! Nuestro crecimiento en oficina flexible, centros educativos innovadores y espacios senior. Desc\u00fabrelo.","robots":{"index":"index","follow":"follow","max-snippet":"max-snippet:-1","max-image-preview":"max-image-preview:large","max-video-preview":"max-video-preview:-1"},"canonical":"https:\/\/grupefebe.com\/es\/salimos-en-el-punt-avui-el-crecimiento-de-efebe-con-proyectos-de-oficina-flexible\/","og_locale":"es_ES","og_type":"article","og_title":"Salimos en el Punt Avui: el crecimiento de Efeb\u00e9 con proyectos de oficina flexible | Grupo Efeb\u00e9","og_description":"\u00a1Grup Efeb\u00e9 salimos en el Punt Avui! Nuestro crecimiento en oficina flexible, centros educativos innovadores y espacios senior. Desc\u00fabrelo.","og_url":"https:\/\/grupefebe.com\/es\/salimos-en-el-punt-avui-el-crecimiento-de-efebe-con-proyectos-de-oficina-flexible\/","og_site_name":"Grupo Efeb\u00e9","article_publisher":"https:\/\/www.facebook.com\/grup.efebe","article_published_time":"2022-12-12T08:45:29+00:00","article_modified_time":"2022-12-12T10:14:36+00:00","og_image":[{"width":800,"height":621,"url":"https:\/\/grupefebe.com\/custom\/uploads\/2022\/12\/oficina-flexible.jpg","type":"image\/jpeg"}],"author":"Grup Efeb\u00e9","twitter_card":"summary_large_image","twitter_creator":"@grup_efebe","twitter_site":"@grup_efebe","twitter_misc":{"Escrito por":"Grup Efeb\u00e9","Tiempo de lectura":"3 minutos"},"schema":{"@context":"https:\/\/schema.org","@graph":[{"@type":"Article","@id":"https:\/\/grupefebe.com\/es\/salimos-en-el-punt-avui-el-crecimiento-de-efebe-con-proyectos-de-oficina-flexible\/#article","isPartOf":{"@id":"https:\/\/grupefebe.com\/es\/salimos-en-el-punt-avui-el-crecimiento-de-efebe-con-proyectos-de-oficina-flexible\/"},"author":{"name":"Grup Efeb\u00e9","@id":"https:\/\/www.grupefebe.com\/es\/#\/schema\/person\/76402b3180eef131413100afc3282997"},"headline":"Salimos en el Punt Avui: el crecimiento de Efeb\u00e9 con proyectos de oficina flexible","datePublished":"2022-12-12T08:45:29+00:00","dateModified":"2022-12-12T10:14:36+00:00","mainEntityOfPage":{"@id":"https:\/\/grupefebe.com\/es\/salimos-en-el-punt-avui-el-crecimiento-de-efebe-con-proyectos-de-oficina-flexible\/"},"wordCount":734,"publisher":{"@id":"https:\/\/www.grupefebe.com\/es\/#organization"},"image":{"@id":"https:\/\/grupefebe.com\/es\/salimos-en-el-punt-avui-el-crecimiento-de-efebe-con-proyectos-de-oficina-flexible\/#primaryimage"},"thumbnailUrl":"https:\/\/grupefebe.com\/custom\/uploads\/2022\/12\/oficina-flexible.jpg","articleSection":["Escuelas","Oficinas","Residencias para mayores"],"inLanguage":"es"},{"@type":"WebPage","@id":"https:\/\/grupefebe.com\/es\/salimos-en-el-punt-avui-el-crecimiento-de-efebe-con-proyectos-de-oficina-flexible\/","url":"https:\/\/grupefebe.com\/es\/salimos-en-el-punt-avui-el-crecimiento-de-efebe-con-proyectos-de-oficina-flexible\/","name":"Salimos en el Punt Avui: el crecimiento de Efeb\u00e9 con proyectos de oficina flexible | Grupo Efeb\u00e9","isPartOf":{"@id":"https:\/\/www.grupefebe.com\/es\/#website"},"primaryImageOfPage":{"@id":"https:\/\/grupefebe.com\/es\/salimos-en-el-punt-avui-el-crecimiento-de-efebe-con-proyectos-de-oficina-flexible\/#primaryimage"},"image":{"@id":"https:\/\/grupefebe.com\/es\/salimos-en-el-punt-avui-el-crecimiento-de-efebe-con-proyectos-de-oficina-flexible\/#primaryimage"},"thumbnailUrl":"https:\/\/grupefebe.com\/custom\/uploads\/2022\/12\/oficina-flexible.jpg","datePublished":"2022-12-12T08:45:29+00:00","dateModified":"2022-12-12T10:14:36+00:00","description":"\u00a1Grup Efeb\u00e9 salimos en el Punt Avui! Nuestro crecimiento en oficina flexible, centros educativos innovadores y espacios senior. Desc\u00fabrelo.","breadcrumb":{"@id":"https:\/\/grupefebe.com\/es\/salimos-en-el-punt-avui-el-crecimiento-de-efebe-con-proyectos-de-oficina-flexible\/#breadcrumb"},"inLanguage":"es","potentialAction":[{"@type":"ReadAction","target":["https:\/\/grupefebe.com\/es\/salimos-en-el-punt-avui-el-crecimiento-de-efebe-con-proyectos-de-oficina-flexible\/"]}]},{"@type":"ImageObject","inLanguage":"es","@id":"https:\/\/grupefebe.com\/es\/salimos-en-el-punt-avui-el-crecimiento-de-efebe-con-proyectos-de-oficina-flexible\/#primaryimage","url":"https:\/\/grupefebe.com\/custom\/uploads\/2022\/12\/oficina-flexible.jpg","contentUrl":"https:\/\/grupefebe.com\/custom\/uploads\/2022\/12\/oficina-flexible.jpg","width":800,"height":621,"caption":"Barcelona. Foto per a la secci\u00f3 d'empreses a grup Efebe, a la directora general Anna Fornt."},{"@type":"BreadcrumbList","@id":"https:\/\/grupefebe.com\/es\/salimos-en-el-punt-avui-el-crecimiento-de-efebe-con-proyectos-de-oficina-flexible\/#breadcrumb","itemListElement":[{"@type":"ListItem","position":1,"name":"Inici","item":"https:\/\/www.grupefebe.com\/es\/"},{"@type":"ListItem","position":2,"name":"Salimos en el Punt Avui: el crecimiento de Efeb\u00e9 con proyectos de oficina flexible"}]},{"@type":"WebSite","@id":"https:\/\/www.grupefebe.com\/es\/#website","url":"https:\/\/www.grupefebe.com\/es\/","name":"Grup Efeb\u00e9","description":"Otro sitio realizado con WordPress","publisher":{"@id":"https:\/\/www.grupefebe.com\/es\/#organization"},"potentialAction":[{"@type":"SearchAction","target":{"@type":"EntryPoint","urlTemplate":"https:\/\/www.grupefebe.com\/es\/?s={search_term_string}"},"query-input":{"@type":"PropertyValueSpecification","valueRequired":true,"valueName":"search_term_string"}}],"inLanguage":"es"},{"@type":"Organization","@id":"https:\/\/www.grupefebe.com\/es\/#organization","name":"Grup Efeb\u00e9","url":"https:\/\/www.grupefebe.com\/es\/","logo":{"@type":"ImageObject","inLanguage":"es","@id":"https:\/\/www.grupefebe.com\/es\/#\/schema\/logo\/image\/","url":"https:\/\/grupefebe.com\/custom\/uploads\/2021\/01\/logo-efebe.png","contentUrl":"https:\/\/grupefebe.com\/custom\/uploads\/2021\/01\/logo-efebe.png","width":524,"height":135,"caption":"Grup Efeb\u00e9"},"image":{"@id":"https:\/\/www.grupefebe.com\/es\/#\/schema\/logo\/image\/"},"sameAs":["https:\/\/www.facebook.com\/grup.efebe","https:\/\/x.com\/grup_efebe","https:\/\/www.instagram.com\/grup_efebe\/","https:\/\/www.linkedin.com\/company\/grupefebe","https:\/\/www.youtube.com\/channel\/UCj11-LAuLhPfqrL2649Xzrw"]},{"@type":"Person","@id":"https:\/\/www.grupefebe.com\/es\/#\/schema\/person\/76402b3180eef131413100afc3282997","name":"Grup Efeb\u00e9","image":{"@type":"ImageObject","inLanguage":"es","@id":"https:\/\/www.grupefebe.com\/es\/#\/schema\/person\/image\/","url":"https:\/\/secure.gravatar.com\/avatar\/913bc6aa90480101061296ab9cad4bd4ccfb82c623a8820f3fd577558c1651be?s=96&d=mm&r=g","contentUrl":"https:\/\/secure.gravatar.com\/avatar\/913bc6aa90480101061296ab9cad4bd4ccfb82c623a8820f3fd577558c1651be?s=96&d=mm&r=g","caption":"Grup Efeb\u00e9"},"url":"https:\/\/grupefebe.com\/es\/author\/julia\/"}]}},"_links":{"self":[{"href":"https:\/\/grupefebe.com\/es\/wp-json\/wp\/v2\/posts\/12661","targetHints":{"allow":["GET"]}}],"collection":[{"href":"https:\/\/grupefebe.com\/es\/wp-json\/wp\/v2\/posts"}],"about":[{"href":"https:\/\/grupefebe.com\/es\/wp-json\/wp\/v2\/types\/post"}],"author":[{"embeddable":true,"href":"https:\/\/grupefebe.com\/es\/wp-json\/wp\/v2\/users\/2"}],"replies":[{"embeddable":true,"href":"https:\/\/grupefebe.com\/es\/wp-json\/wp\/v2\/comments?post=12661"}],"version-history":[{"count":4,"href":"https:\/\/grupefebe.com\/es\/wp-json\/wp\/v2\/posts\/12661\/revisions"}],"predecessor-version":[{"id":12662,"href":"https:\/\/grupefebe.com\/es\/wp-json\/wp\/v2\/posts\/12661\/revisions\/12662"}],"wp:featuredmedia":[{"embeddable":true,"href":"https:\/\/grupefebe.com\/es\/wp-json\/wp\/v2\/media\/12656"}],"wp:attachment":[{"href":"https:\/\/grupefebe.com\/es\/wp-json\/wp\/v2\/media?parent=12661"}],"wp:term":[{"taxonomy":"category","embeddable":true,"href":"https:\/\/grupefebe.com\/es\/wp-json\/wp\/v2\/categories?post=12661"}],"curies":[{"name":"wp","href":"https:\/\/api.w.org\/{rel}","templated":true}]}}