{"id":12699,"date":"2022-12-27T09:00:26","date_gmt":"2022-12-27T09:00:26","guid":{"rendered":"https:\/\/grupefebe.com\/?p=12699"},"modified":"2022-12-27T11:11:41","modified_gmt":"2022-12-27T11:11:41","slug":"los-mejores-momentos-de-2022-para-grup-efebe","status":"publish","type":"post","link":"https:\/\/grupefebe.com\/es\/los-mejores-momentos-de-2022-para-grup-efebe\/","title":{"rendered":"Los mejores momentos de 2022 para Grup Efeb\u00e9"},"content":{"rendered":"<p>Ya instalados en la \u00faltima semana de diciembre queremos aprovechar para hacer balance del a\u00f1o y presentar los mejores momentos de 2022 para Grup Efeb\u00e9.<\/p>\n<p>\u00c9ste ha sido un a\u00f1o de aprendizajes, de crecimiento y de vuelta a la normalidad. El equipo cuenta con caras nuevas para poder atender los proyectos de forma m\u00e1s personalizada. De hecho, aparte de los proyectos nacionales, hemos trabajado en Italia, Polonia, Suecia y Pa\u00edses Bajos. Una aventura que sigue creciendo d\u00eda a d\u00eda.<\/p>\n<p>En este art\u00edculo queremos compartir los mejores momentos de 2022 que hemos vivido como Grup Efeb\u00e9. Os queremos dar las gracias a todas aquellas personas que nos han acompa\u00f1ado en alguno de estos instantes que han conformado el a\u00f1o. \u00a1Esperamos seguir compartiendo muchos a\u00f1os m\u00e1s!<\/p>\n<h3>Los proyectos Efeb\u00e9<\/h3>\n<p>Llevamos veinticinco a\u00f1os dise\u00f1ando y adecuando espacios poniendo a la persona como eje central de cada proyecto. Para poder tomar las decisiones correctas para el bienestar de las personas que conviven en cada espacio hacemos estudios previos para conocer sus necesidades. Para cada cliente hacemos un estudio personalizado para conocer las condiciones del presente y cu\u00e1les son los objetivos de mejora.<\/p>\n<p>Adem\u00e1s, de vez en cuando realizamos estudios m\u00e1s completos a nivel social y nacional, para conocer en profundidad las tendencias de cada sector. Estos estudios son los Bar\u00f3metros. Los \u00faltimos bar\u00f3metros publicados son sobre c\u00f3mo querremos vivir cuando seamos mayores\u00bb y \u00abteletrabajo\u00bb. <strong>Como siempre buscamos el bienestar de las personas y de los espacios a trav\u00e9s de la sostenibilidad, la calidad y la salud<\/strong>.<\/p>\n<ul>\n<li>Este a\u00f1o hemos realizado proyectos de transformaci\u00f3n de <strong>oficinas flexibles<\/strong>. Incorporando cabinas ac\u00fasticas en oficinas innovadoras, generando mayor flexibilidad laboral.<\/li>\n<li>En segundo lugar, <strong>hemos transformado espacios educativos<\/strong>. Los laboratorios o patios escolares son algunos de los espacios que m\u00e1s se est\u00e1n reformando, ya que desde hace un tiempo se entienden como espacios de aprendizaje adaptados a los nuevos proyectos pedag\u00f3gicos y nuevas metodolog\u00edas para aprender y ense\u00f1ar. Tambi\u00e9n seguimos colaborando con <a href=\"https:\/\/www.fundaciotrams.org\/\">Fundaci\u00f3n Tr@ms<\/a>, <a href=\"https:\/\/www.segellsmart.org\/es\/sello-escuela-smart\/\">Sello SMART<\/a> y <a href=\"http:\/\/www.binomi.cat\/\">Binomi Tecnopedagog\u00eda<\/a>.<\/li>\n<li>Por lo que respeta a los espacios para personas mayores, hemos iniciado dos proyectos de investigaci\u00f3n que explicamos m\u00e1s adelante (<a href=\"https:\/\/www.grupefebe.com\/freska-un-servei-que-facilita-mobiliari-urba-a-seniors\/\">FR\u00cbSKA<\/a> y <a href=\"https:\/\/www.grupefebe.com\/deu-institucions-que-representen-el-conjunt-de-la-societat-civil-catalana-impulsen-el-primer-living-lab-centrat-en-lenvelliment\/\">Barcelona Aging coLLaboratory<\/a>), adem\u00e1s de nuestros proyectos de reforma integral en residencias de mayores.<\/li>\n<\/ul>\n<h3>Programa Incorpora con Fundaci\u00f3 Ared<\/h3>\n<p>Junto con Fundaci\u00f3n Ared, con Judit Masc\u00f3 como presidenta, y Fundaci\u00f3n laboral de la Construcci\u00f3n hemos realizado la primera edici\u00f3n del Punto de formaci\u00f3n Incorpora para mujeres en el sector de la construcci\u00f3n. Esta iniciativa de la Fundaci\u00f3n \u201dla Caixa\u201d persigue la inserci\u00f3n laboral de personas en riesgo de exclusi\u00f3n social y donde promueve el empoderamiento femenino en las obras.<\/p>\n<p>Adem\u00e1s, en junio tuvo lugar la <strong><a href=\"https:\/\/www.grupefebe.com\/es\/efebe-celebramos-la-presencia-de-la-mujer-en-el-sector-de-la-construccion-en-la-bcn-design-week-2022\/\">Barcelona Design Week 2022<\/a><\/strong>. En el marco de este calendario celebramos la clausura del programa y entregamos los diplomas a las participantes.<\/p>\n<p><img loading=\"lazy\" decoding=\"async\" class=\" wp-image-10920 aligncenter\" src=\"https:\/\/grupefebe.com\/custom\/uploads\/2022\/05\/DSC1667-300x200.jpg\" alt=\"oportunitat d\u2019inserci\u00f3 laboral\" width=\"715\" height=\"476\" srcset=\"https:\/\/grupefebe.com\/custom\/uploads\/2022\/05\/DSC1667-300x200.jpg 300w, https:\/\/grupefebe.com\/custom\/uploads\/2022\/05\/DSC1667-1536x1025.jpg 1536w, https:\/\/grupefebe.com\/custom\/uploads\/2022\/05\/DSC1667-2048x1367.jpg 2048w\" sizes=\"auto, (max-width: 715px) 100vw, 715px\" \/><\/p>\n<h3>Arquitectura sostenible<\/h3>\n<p>Desde Grup Efeb\u00e9 buscamos que los espacios profesionales de nuestros clientes puedan garantizar el bienestar de las personas que conviven y de su entorno social, cultural y ambiental. Por eso, uno de los principales valores de nuestra organizaci\u00f3n es la <strong>transformaci\u00f3n sostenible<\/strong>. Desde el dise\u00f1o de un proyecto, pasando por la selecci\u00f3n de materiales, hasta el equipamiento de los espacios, tomamos decisiones responsables con el medio ambiente, siguiendo criterios sostenibles y comprometidos con el entorno.<\/p>\n<p>Con los proyectos de adecuaci\u00f3n y reforma de espacios, buscamos reducir el consumo de energ\u00eda con t\u00e9cnicas y sistemas m\u00e1s eficientes. Adem\u00e1s mejoramos el espacio existente incorporando <strong>materiales naturales, saludables y respetuosos con el medio ambiente.<\/strong><\/p>\n<p>As\u00ed pues, llevamos a\u00f1os adaptando las tareas y decisiones que ya tomamos en nuestro d\u00eda a d\u00eda a los <strong>ODS (Objetivos de Desarrollo Sostenible)<\/strong> que forman la Agenda 2030 de las Naciones Unidas.<\/p>\n<h3>Bienestar de las personas mayores<\/h3>\n<p>Para el sector senior hemos estado trabajando en diferentes iniciativas de investigaci\u00f3n para conocer cada vez m\u00e1s las necesidades de las personas mayores y el personal que las cuida y c\u00f3mo deben ser los espacios adecuados que acompa\u00f1en esta atenci\u00f3n centrada en la persona. A continuaci\u00f3n te presentamos los proyectos en los que hemos participado:<\/p>\n<ul>\n<li><strong>FR\u00cbSKA<\/strong><\/li>\n<\/ul>\n<p>Grupo Efeb\u00e9 participamos en FR\u00cbSKA, un proyecto impulsado por IKEA que busca recuperar el espacio urbano para las personas mayores. La iniciativa busca recuperar para los seniors la tradici\u00f3n de gozar de espacios libres en la ciudad; donde personas de todas las edades se relacionen y compartan momentos de calidad. Lo hace a trav\u00e9s del chair-sharing recuperando el concepto de \u201csacar la silla a la calle\u201d como soporte para descansar, socializar, hablar con los vecinos, etc. El proyecto nace del trabajo conjunto de ciudadanos, estudiantes de dise\u00f1o y profesionales y est\u00e1 enmarcado en la iniciativa <strong>Next Gen: Seniors<\/strong> impulsada por <a href=\"https:\/\/www.ikea.com\/\">IKEA<\/a>, <a href=\"https:\/\/www.lafabrica.com\/madriddesignfestival\/\">Madrid Design Festival<\/a>, <a href=\"https:\/\/barcelonadesignweek.com\/\">Barcelona Design Week<\/a> i <a href=\"https:\/\/www.wdcvalencia2022.com\/val\/\">Val\u00e8ncia Capital Mundial del Disseny<\/a>..<\/p>\n<ul>\n<li><strong>Barcelona Aging coLLaboratory<\/strong><\/li>\n<\/ul>\n<p>El Barcelona Aging coLLaboratory (BALL) tiene como objetivo crear soluciones innovadoras. Cuenta con la participaci\u00f3n de los usuarios finales, para mejorar la calidad de vida y la atenci\u00f3n sanitaria y social de las personas mayores. El primer proyecto del BALL es un robot humanizado que ayudar\u00e1 a los pacientes que no pueden alimentarse por s\u00ed mismos, ofreci\u00e9ndoles una soluci\u00f3n adaptada a sus necesidades.<\/p>\n<h3>Grupo Papelmatic<\/h3>\n<p>En abril recibimos la visita del <strong>Consejo de Relaciones Laborales de Catalu\u00f1a<\/strong>, formado por miembros de la Secretar\u00eda General del Consejo de Relaciones Laborales(<a href=\"http:\/\/sac.gencat.cat\/sacgencat\/AppJava\/organisme_fitxa.jsp?codi=16283\">SGCRL<\/a>), <a href=\"https:\/\/www.ccoo.cat\/\">CCOO de Catalunya<\/a>, la <a href=\"https:\/\/www.ugt.es\/\">UGT de Catalunya<\/a>, la <a href=\"https:\/\/www.pimec.org\/\">Fundaci\u00f3 PIMEC<\/a> y DGRLTASSL.<\/p>\n<p>El equipo de Grupo Papelmatic (<a href=\"https:\/\/gruppapelmatic.com\/\">Papelmatic<\/a>, <a href=\"https:\/\/www.grupefebe.com\/\">Grup Efeb\u00e9<\/a>, <a href=\"https:\/\/disnordic.com\/\">Disn\u00f2rdic<\/a> y HGS) les presentamos las acciones que llevamos a cabo para la Responsabilidad Social Corporativa, enmarcadas dentro de la f\u00f3rmula <strong>ESG (Environmental, Social and Governance)<\/strong>. Son tres c\u00edrculos que siempre deben tenerse en cuenta y trabajar por igual: <strong>la empresa, el entorno y la sociedad.<\/strong><\/p>\n<p>Desde Grup Papelmatic contribuimos al desarrollo sostenible, incluyendo la salud y el bienestar de la sociedad.<\/p>\n","protected":false},"excerpt":{"rendered":"<p>Ya instalados en la \u00faltima semana de diciembre queremos aprovechar para hacer balance del a\u00f1o y presentar los mejores momentos [&hellip;]<\/p>\n","protected":false},"author":2,"featured_media":12687,"comment_status":"closed","ping_status":"closed","sticky":false,"template":"","format":"standard","meta":{"_acf_changed":false,"footnotes":"","_links_to":"","_links_to_target":""},"categories":[205,204,203,200,201,202],"class_list":["post-12699","post","type-post","status-publish","format-standard","has-post-thumbnail","hentry","category-centros-deportivos","category-centros-medicos","category-escuelas","category-oficinas","category-otros-sectores","category-residencias-mayores"],"acf":[],"yoast_head":"<!-- This site is optimized with the Yoast SEO plugin v25.9 - https:\/\/yoast.com\/wordpress\/plugins\/seo\/ -->\n<title>Los mejores momentos de 2022 para Grup Efeb\u00e9 | Grupo Efeb\u00e9<\/title>\n<meta name=\"description\" content=\"Grup Efeb\u00e9 te presentamos los mejores momentos de 2022 para nuestro equipo, a trav\u00e9s de distintos proyectos e iniciativas. \u00a1Desc\u00fabrelo aqu\u00ed!\" \/>\n<meta name=\"robots\" content=\"index, follow, max-snippet:-1, max-image-preview:large, max-video-preview:-1\" \/>\n<link rel=\"canonical\" href=\"https:\/\/grupefebe.com\/es\/los-mejores-momentos-de-2022-para-grup-efebe\/\" \/>\n<meta property=\"og:locale\" content=\"es_ES\" \/>\n<meta property=\"og:type\" content=\"article\" \/>\n<meta property=\"og:title\" content=\"Los mejores momentos de 2022 para Grup Efeb\u00e9 | Grupo Efeb\u00e9\" \/>\n<meta property=\"og:description\" content=\"Grup Efeb\u00e9 te presentamos los mejores momentos de 2022 para nuestro equipo, a trav\u00e9s de distintos proyectos e iniciativas. \u00a1Desc\u00fabrelo aqu\u00ed!\" \/>\n<meta property=\"og:url\" content=\"https:\/\/grupefebe.com\/es\/los-mejores-momentos-de-2022-para-grup-efebe\/\" \/>\n<meta property=\"og:site_name\" content=\"Grupo Efeb\u00e9\" \/>\n<meta property=\"article:publisher\" content=\"https:\/\/www.facebook.com\/grup.efebe\" \/>\n<meta property=\"article:published_time\" content=\"2022-12-27T09:00:26+00:00\" \/>\n<meta property=\"article:modified_time\" content=\"2022-12-27T11:11:41+00:00\" \/>\n<meta property=\"og:image\" content=\"https:\/\/mail.grupefebe.com\/custom\/uploads\/2022\/12\/grup-efebe-equip.jpg\" \/>\n\t<meta property=\"og:image:width\" content=\"2000\" \/>\n\t<meta property=\"og:image:height\" content=\"1125\" \/>\n\t<meta property=\"og:image:type\" content=\"image\/jpeg\" \/>\n<meta name=\"author\" content=\"Grup Efeb\u00e9\" \/>\n<meta name=\"twitter:card\" content=\"summary_large_image\" \/>\n<meta name=\"twitter:creator\" content=\"@grup_efebe\" \/>\n<meta name=\"twitter:site\" content=\"@grup_efebe\" \/>\n<meta name=\"twitter:label1\" content=\"Escrito por\" \/>\n\t<meta name=\"twitter:data1\" content=\"Grup Efeb\u00e9\" \/>\n\t<meta name=\"twitter:label2\" content=\"Tiempo de lectura\" \/>\n\t<meta name=\"twitter:data2\" content=\"5 minutos\" \/>\n<script type=\"application\/ld+json\" class=\"yoast-schema-graph\">{\"@context\":\"https:\/\/schema.org\",\"@graph\":[{\"@type\":\"Article\",\"@id\":\"https:\/\/grupefebe.com\/es\/los-mejores-momentos-de-2022-para-grup-efebe\/#article\",\"isPartOf\":{\"@id\":\"https:\/\/grupefebe.com\/es\/los-mejores-momentos-de-2022-para-grup-efebe\/\"},\"author\":{\"name\":\"Grup Efeb\u00e9\",\"@id\":\"https:\/\/mail.grupefebe.com\/es\/#\/schema\/person\/76402b3180eef131413100afc3282997\"},\"headline\":\"Los mejores momentos de 2022 para Grup Efeb\u00e9\",\"datePublished\":\"2022-12-27T09:00:26+00:00\",\"dateModified\":\"2022-12-27T11:11:41+00:00\",\"mainEntityOfPage\":{\"@id\":\"https:\/\/grupefebe.com\/es\/los-mejores-momentos-de-2022-para-grup-efebe\/\"},\"wordCount\":1036,\"publisher\":{\"@id\":\"https:\/\/mail.grupefebe.com\/es\/#organization\"},\"image\":{\"@id\":\"https:\/\/grupefebe.com\/es\/los-mejores-momentos-de-2022-para-grup-efebe\/#primaryimage\"},\"thumbnailUrl\":\"https:\/\/grupefebe.com\/custom\/uploads\/2022\/12\/grup-efebe-equip.jpg\",\"articleSection\":[\"Centros Deportivos\",\"Centros M\u00e9dicos\",\"Escuelas\",\"Oficinas\",\"Otros Sectores\",\"Residencias para mayores\"],\"inLanguage\":\"es\"},{\"@type\":\"WebPage\",\"@id\":\"https:\/\/grupefebe.com\/es\/los-mejores-momentos-de-2022-para-grup-efebe\/\",\"url\":\"https:\/\/grupefebe.com\/es\/los-mejores-momentos-de-2022-para-grup-efebe\/\",\"name\":\"Los mejores momentos de 2022 para Grup Efeb\u00e9 | Grupo Efeb\u00e9\",\"isPartOf\":{\"@id\":\"https:\/\/mail.grupefebe.com\/es\/#website\"},\"primaryImageOfPage\":{\"@id\":\"https:\/\/grupefebe.com\/es\/los-mejores-momentos-de-2022-para-grup-efebe\/#primaryimage\"},\"image\":{\"@id\":\"https:\/\/grupefebe.com\/es\/los-mejores-momentos-de-2022-para-grup-efebe\/#primaryimage\"},\"thumbnailUrl\":\"https:\/\/grupefebe.com\/custom\/uploads\/2022\/12\/grup-efebe-equip.jpg\",\"datePublished\":\"2022-12-27T09:00:26+00:00\",\"dateModified\":\"2022-12-27T11:11:41+00:00\",\"description\":\"Grup Efeb\u00e9 te presentamos los mejores momentos de 2022 para nuestro equipo, a trav\u00e9s de distintos proyectos e iniciativas. \u00a1Desc\u00fabrelo aqu\u00ed!\",\"breadcrumb\":{\"@id\":\"https:\/\/grupefebe.com\/es\/los-mejores-momentos-de-2022-para-grup-efebe\/#breadcrumb\"},\"inLanguage\":\"es\",\"potentialAction\":[{\"@type\":\"ReadAction\",\"target\":[\"https:\/\/grupefebe.com\/es\/los-mejores-momentos-de-2022-para-grup-efebe\/\"]}]},{\"@type\":\"ImageObject\",\"inLanguage\":\"es\",\"@id\":\"https:\/\/grupefebe.com\/es\/los-mejores-momentos-de-2022-para-grup-efebe\/#primaryimage\",\"url\":\"https:\/\/grupefebe.com\/custom\/uploads\/2022\/12\/grup-efebe-equip.jpg\",\"contentUrl\":\"https:\/\/grupefebe.com\/custom\/uploads\/2022\/12\/grup-efebe-equip.jpg\",\"width\":2000,\"height\":1125,\"caption\":\"millors moments 2022\"},{\"@type\":\"BreadcrumbList\",\"@id\":\"https:\/\/grupefebe.com\/es\/los-mejores-momentos-de-2022-para-grup-efebe\/#breadcrumb\",\"itemListElement\":[{\"@type\":\"ListItem\",\"position\":1,\"name\":\"Inici\",\"item\":\"https:\/\/mail.grupefebe.com\/es\/\"},{\"@type\":\"ListItem\",\"position\":2,\"name\":\"Los mejores momentos de 2022 para Grup Efeb\u00e9\"}]},{\"@type\":\"WebSite\",\"@id\":\"https:\/\/mail.grupefebe.com\/es\/#website\",\"url\":\"https:\/\/mail.grupefebe.com\/es\/\",\"name\":\"Grup Efeb\u00e9\",\"description\":\"Otro sitio realizado con WordPress\",\"publisher\":{\"@id\":\"https:\/\/mail.grupefebe.com\/es\/#organization\"},\"potentialAction\":[{\"@type\":\"SearchAction\",\"target\":{\"@type\":\"EntryPoint\",\"urlTemplate\":\"https:\/\/mail.grupefebe.com\/es\/?s={search_term_string}\"},\"query-input\":{\"@type\":\"PropertyValueSpecification\",\"valueRequired\":true,\"valueName\":\"search_term_string\"}}],\"inLanguage\":\"es\"},{\"@type\":\"Organization\",\"@id\":\"https:\/\/mail.grupefebe.com\/es\/#organization\",\"name\":\"Grup Efeb\u00e9\",\"url\":\"https:\/\/mail.grupefebe.com\/es\/\",\"logo\":{\"@type\":\"ImageObject\",\"inLanguage\":\"es\",\"@id\":\"https:\/\/mail.grupefebe.com\/es\/#\/schema\/logo\/image\/\",\"url\":\"https:\/\/grupefebe.com\/custom\/uploads\/2021\/01\/logo-efebe.png\",\"contentUrl\":\"https:\/\/grupefebe.com\/custom\/uploads\/2021\/01\/logo-efebe.png\",\"width\":524,\"height\":135,\"caption\":\"Grup Efeb\u00e9\"},\"image\":{\"@id\":\"https:\/\/mail.grupefebe.com\/es\/#\/schema\/logo\/image\/\"},\"sameAs\":[\"https:\/\/www.facebook.com\/grup.efebe\",\"https:\/\/x.com\/grup_efebe\",\"https:\/\/www.instagram.com\/grup_efebe\/\",\"https:\/\/www.linkedin.com\/company\/grupefebe\",\"https:\/\/www.youtube.com\/channel\/UCj11-LAuLhPfqrL2649Xzrw\"]},{\"@type\":\"Person\",\"@id\":\"https:\/\/mail.grupefebe.com\/es\/#\/schema\/person\/76402b3180eef131413100afc3282997\",\"name\":\"Grup Efeb\u00e9\",\"image\":{\"@type\":\"ImageObject\",\"inLanguage\":\"es\",\"@id\":\"https:\/\/mail.grupefebe.com\/es\/#\/schema\/person\/image\/\",\"url\":\"https:\/\/secure.gravatar.com\/avatar\/913bc6aa90480101061296ab9cad4bd4ccfb82c623a8820f3fd577558c1651be?s=96&d=mm&r=g\",\"contentUrl\":\"https:\/\/secure.gravatar.com\/avatar\/913bc6aa90480101061296ab9cad4bd4ccfb82c623a8820f3fd577558c1651be?s=96&d=mm&r=g\",\"caption\":\"Grup Efeb\u00e9\"},\"url\":\"https:\/\/grupefebe.com\/es\/author\/julia\/\"}]}<\/script>\n<!-- \/ Yoast SEO plugin. -->","yoast_head_json":{"title":"Los mejores momentos de 2022 para Grup Efeb\u00e9 | Grupo Efeb\u00e9","description":"Grup Efeb\u00e9 te presentamos los mejores momentos de 2022 para nuestro equipo, a trav\u00e9s de distintos proyectos e iniciativas. \u00a1Desc\u00fabrelo aqu\u00ed!","robots":{"index":"index","follow":"follow","max-snippet":"max-snippet:-1","max-image-preview":"max-image-preview:large","max-video-preview":"max-video-preview:-1"},"canonical":"https:\/\/grupefebe.com\/es\/los-mejores-momentos-de-2022-para-grup-efebe\/","og_locale":"es_ES","og_type":"article","og_title":"Los mejores momentos de 2022 para Grup Efeb\u00e9 | Grupo Efeb\u00e9","og_description":"Grup Efeb\u00e9 te presentamos los mejores momentos de 2022 para nuestro equipo, a trav\u00e9s de distintos proyectos e iniciativas. \u00a1Desc\u00fabrelo aqu\u00ed!","og_url":"https:\/\/grupefebe.com\/es\/los-mejores-momentos-de-2022-para-grup-efebe\/","og_site_name":"Grupo Efeb\u00e9","article_publisher":"https:\/\/www.facebook.com\/grup.efebe","article_published_time":"2022-12-27T09:00:26+00:00","article_modified_time":"2022-12-27T11:11:41+00:00","og_image":[{"width":2000,"height":1125,"url":"https:\/\/mail.grupefebe.com\/custom\/uploads\/2022\/12\/grup-efebe-equip.jpg","type":"image\/jpeg"}],"author":"Grup Efeb\u00e9","twitter_card":"summary_large_image","twitter_creator":"@grup_efebe","twitter_site":"@grup_efebe","twitter_misc":{"Escrito por":"Grup Efeb\u00e9","Tiempo de lectura":"5 minutos"},"schema":{"@context":"https:\/\/schema.org","@graph":[{"@type":"Article","@id":"https:\/\/grupefebe.com\/es\/los-mejores-momentos-de-2022-para-grup-efebe\/#article","isPartOf":{"@id":"https:\/\/grupefebe.com\/es\/los-mejores-momentos-de-2022-para-grup-efebe\/"},"author":{"name":"Grup Efeb\u00e9","@id":"https:\/\/mail.grupefebe.com\/es\/#\/schema\/person\/76402b3180eef131413100afc3282997"},"headline":"Los mejores momentos de 2022 para Grup Efeb\u00e9","datePublished":"2022-12-27T09:00:26+00:00","dateModified":"2022-12-27T11:11:41+00:00","mainEntityOfPage":{"@id":"https:\/\/grupefebe.com\/es\/los-mejores-momentos-de-2022-para-grup-efebe\/"},"wordCount":1036,"publisher":{"@id":"https:\/\/mail.grupefebe.com\/es\/#organization"},"image":{"@id":"https:\/\/grupefebe.com\/es\/los-mejores-momentos-de-2022-para-grup-efebe\/#primaryimage"},"thumbnailUrl":"https:\/\/grupefebe.com\/custom\/uploads\/2022\/12\/grup-efebe-equip.jpg","articleSection":["Centros Deportivos","Centros M\u00e9dicos","Escuelas","Oficinas","Otros Sectores","Residencias para mayores"],"inLanguage":"es"},{"@type":"WebPage","@id":"https:\/\/grupefebe.com\/es\/los-mejores-momentos-de-2022-para-grup-efebe\/","url":"https:\/\/grupefebe.com\/es\/los-mejores-momentos-de-2022-para-grup-efebe\/","name":"Los mejores momentos de 2022 para Grup Efeb\u00e9 | Grupo Efeb\u00e9","isPartOf":{"@id":"https:\/\/mail.grupefebe.com\/es\/#website"},"primaryImageOfPage":{"@id":"https:\/\/grupefebe.com\/es\/los-mejores-momentos-de-2022-para-grup-efebe\/#primaryimage"},"image":{"@id":"https:\/\/grupefebe.com\/es\/los-mejores-momentos-de-2022-para-grup-efebe\/#primaryimage"},"thumbnailUrl":"https:\/\/grupefebe.com\/custom\/uploads\/2022\/12\/grup-efebe-equip.jpg","datePublished":"2022-12-27T09:00:26+00:00","dateModified":"2022-12-27T11:11:41+00:00","description":"Grup Efeb\u00e9 te presentamos los mejores momentos de 2022 para nuestro equipo, a trav\u00e9s de distintos proyectos e iniciativas. \u00a1Desc\u00fabrelo aqu\u00ed!","breadcrumb":{"@id":"https:\/\/grupefebe.com\/es\/los-mejores-momentos-de-2022-para-grup-efebe\/#breadcrumb"},"inLanguage":"es","potentialAction":[{"@type":"ReadAction","target":["https:\/\/grupefebe.com\/es\/los-mejores-momentos-de-2022-para-grup-efebe\/"]}]},{"@type":"ImageObject","inLanguage":"es","@id":"https:\/\/grupefebe.com\/es\/los-mejores-momentos-de-2022-para-grup-efebe\/#primaryimage","url":"https:\/\/grupefebe.com\/custom\/uploads\/2022\/12\/grup-efebe-equip.jpg","contentUrl":"https:\/\/grupefebe.com\/custom\/uploads\/2022\/12\/grup-efebe-equip.jpg","width":2000,"height":1125,"caption":"millors moments 2022"},{"@type":"BreadcrumbList","@id":"https:\/\/grupefebe.com\/es\/los-mejores-momentos-de-2022-para-grup-efebe\/#breadcrumb","itemListElement":[{"@type":"ListItem","position":1,"name":"Inici","item":"https:\/\/mail.grupefebe.com\/es\/"},{"@type":"ListItem","position":2,"name":"Los mejores momentos de 2022 para Grup Efeb\u00e9"}]},{"@type":"WebSite","@id":"https:\/\/mail.grupefebe.com\/es\/#website","url":"https:\/\/mail.grupefebe.com\/es\/","name":"Grup Efeb\u00e9","description":"Otro sitio realizado con WordPress","publisher":{"@id":"https:\/\/mail.grupefebe.com\/es\/#organization"},"potentialAction":[{"@type":"SearchAction","target":{"@type":"EntryPoint","urlTemplate":"https:\/\/mail.grupefebe.com\/es\/?s={search_term_string}"},"query-input":{"@type":"PropertyValueSpecification","valueRequired":true,"valueName":"search_term_string"}}],"inLanguage":"es"},{"@type":"Organization","@id":"https:\/\/mail.grupefebe.com\/es\/#organization","name":"Grup Efeb\u00e9","url":"https:\/\/mail.grupefebe.com\/es\/","logo":{"@type":"ImageObject","inLanguage":"es","@id":"https:\/\/mail.grupefebe.com\/es\/#\/schema\/logo\/image\/","url":"https:\/\/grupefebe.com\/custom\/uploads\/2021\/01\/logo-efebe.png","contentUrl":"https:\/\/grupefebe.com\/custom\/uploads\/2021\/01\/logo-efebe.png","width":524,"height":135,"caption":"Grup Efeb\u00e9"},"image":{"@id":"https:\/\/mail.grupefebe.com\/es\/#\/schema\/logo\/image\/"},"sameAs":["https:\/\/www.facebook.com\/grup.efebe","https:\/\/x.com\/grup_efebe","https:\/\/www.instagram.com\/grup_efebe\/","https:\/\/www.linkedin.com\/company\/grupefebe","https:\/\/www.youtube.com\/channel\/UCj11-LAuLhPfqrL2649Xzrw"]},{"@type":"Person","@id":"https:\/\/mail.grupefebe.com\/es\/#\/schema\/person\/76402b3180eef131413100afc3282997","name":"Grup Efeb\u00e9","image":{"@type":"ImageObject","inLanguage":"es","@id":"https:\/\/mail.grupefebe.com\/es\/#\/schema\/person\/image\/","url":"https:\/\/secure.gravatar.com\/avatar\/913bc6aa90480101061296ab9cad4bd4ccfb82c623a8820f3fd577558c1651be?s=96&d=mm&r=g","contentUrl":"https:\/\/secure.gravatar.com\/avatar\/913bc6aa90480101061296ab9cad4bd4ccfb82c623a8820f3fd577558c1651be?s=96&d=mm&r=g","caption":"Grup Efeb\u00e9"},"url":"https:\/\/grupefebe.com\/es\/author\/julia\/"}]}},"_links":{"self":[{"href":"https:\/\/grupefebe.com\/es\/wp-json\/wp\/v2\/posts\/12699","targetHints":{"allow":["GET"]}}],"collection":[{"href":"https:\/\/grupefebe.com\/es\/wp-json\/wp\/v2\/posts"}],"about":[{"href":"https:\/\/grupefebe.com\/es\/wp-json\/wp\/v2\/types\/post"}],"author":[{"embeddable":true,"href":"https:\/\/grupefebe.com\/es\/wp-json\/wp\/v2\/users\/2"}],"replies":[{"embeddable":true,"href":"https:\/\/grupefebe.com\/es\/wp-json\/wp\/v2\/comments?post=12699"}],"version-history":[{"count":4,"href":"https:\/\/grupefebe.com\/es\/wp-json\/wp\/v2\/posts\/12699\/revisions"}],"predecessor-version":[{"id":12778,"href":"https:\/\/grupefebe.com\/es\/wp-json\/wp\/v2\/posts\/12699\/revisions\/12778"}],"wp:featuredmedia":[{"embeddable":true,"href":"https:\/\/grupefebe.com\/es\/wp-json\/wp\/v2\/media\/12687"}],"wp:attachment":[{"href":"https:\/\/grupefebe.com\/es\/wp-json\/wp\/v2\/media?parent=12699"}],"wp:term":[{"taxonomy":"category","embeddable":true,"href":"https:\/\/grupefebe.com\/es\/wp-json\/wp\/v2\/categories?post=12699"}],"curies":[{"name":"wp","href":"https:\/\/api.w.org\/{rel}","templated":true}]}}