{"id":12885,"date":"2018-06-21T16:35:38","date_gmt":"2018-06-21T16:35:38","guid":{"rendered":"https:\/\/grupefebe.com\/el-disseny-com-a-vector-de-transformacio-dels-espais-professionals-20e-aniversari\/"},"modified":"2023-01-17T17:12:28","modified_gmt":"2023-01-17T17:12:28","slug":"el-diseno-como-vector-de-transformacion-de-los-espacios-profesionales-20-aniversario","status":"publish","type":"post","link":"https:\/\/grupefebe.com\/es\/el-diseno-como-vector-de-transformacion-de-los-espacios-profesionales-20-aniversario\/","title":{"rendered":"El dise\u00f1o como vector de transformaci\u00f3n de los espacios profesionales \u2013 20 aniversario"},"content":{"rendered":"<p><strong>El dise\u00f1o como vector de transformaci\u00f3n de los espacios profesionales\u00a0<\/strong>es el nombre que describe el acto que celebramos en las <a href=\"https:\/\/www.grupefebe.com\/projects\/oficina-tecnica-defebe-cultura-dinnovacio-i-collaboracio\/\">oficinas de Efeb\u00e9<\/a> el pasado 14 de junio en el marco de nuestro 20 aniversario. En \u00e9l, profesionales del sector sociosanitario, educativo y empresarial debatieron, junto con el p\u00fablico, sobre el papel del dise\u00f1o en la creaci\u00f3n de espacios adecuados a las necesidades de cada organizaci\u00f3n. <strong>Vivimos en momentos acelerados, l\u00edquidos, donde los nuevos modelos organizativos necesitan m\u00e1s rapidez para responder, reaccionar, tomar decisiones y solucionar problemas, por eso necesitamos espacios de trabajo que respondan a este entorno cambiante.<\/strong><\/p>\n<p>El acto se conform\u00f3 dentro de la\u00a0<strong><em>Barcelona Design Week<\/em><\/strong>\u00a0que tuvo lugar durante los d\u00edas 7-14 de junio en nuestra ciudad. Asimismo, sirvi\u00f3 para celebrar con nuestros clientes, proveedores y trabajadores el\u00a0<strong>20 aniversario de Efeb\u00e9<\/strong>, un hito destacable.<\/p>\n<h3>\u00bfC\u00f3mo fue el 20 aniversario d&#8217;Efeb\u00e9?<\/h3>\n<p>La tarde comenz\u00f3 con una mesa redonda moderada por\u00a0<strong>Roger Brufau<\/strong>, psic\u00f3logo y fundador de INUIT, y conformada por:<\/p>\n<ul>\n<li><strong>Sandra Gon\u00e7alves<\/strong>, Operations Manager EMEA, especialista en implantaci\u00f3n de nuevas Sedes por la compa\u00f1\u00eda Transperfect todo el mundo.<\/li>\n<li><strong>Reyes Gualda,<\/strong>\u00a0Gerente del Nuevo Hospital Evang\u00e9lico, como especialista del sector sociosanitario.<\/li>\n<li><strong>Oriol Blancher,\u00a0<\/strong>Director de la escuela IPSI, como especialista del sector educativo.<\/li>\n<\/ul>\n\n\t\t<div class='galeria-blog owl-carousel-blog owl-carousel owl-theme'><img src='https:\/\/grupefebe.com\/custom\/uploads\/2023\/01\/20e-aniversari-grup-efebe-2.jpg'><img src='https:\/\/grupefebe.com\/custom\/uploads\/2023\/01\/grup-efebe.jpg'><img src='https:\/\/grupefebe.com\/custom\/uploads\/2023\/01\/20e-aniversari-efebe.jpg'><img src='https:\/\/grupefebe.com\/custom\/uploads\/2023\/01\/20e-aniversari-grup-efebe.jpg'><\/div>\n<p>Durante el debate, los profesionales compartieron su experiencia con todos nosotros. Destacaron c\u00f3mo el dise\u00f1o les ayudaba a alcanzar sus objetivos y transmitir los valores y el mensaje que los representa. Asimismo, el tiempo fue guiando el debate en varios puntos, uno de ellos nos llev\u00f3 a reflexionar qu\u00e9 es el dise\u00f1o y c\u00f3mo cada uno de nosotros lo percibe.<\/p>\n<p>Posteriormente, la celebraci\u00f3n continu\u00f3 con un c\u00f3ctel que inaugur\u00f3 una velada espl\u00e9ndida con aquellas personas que hacen posible el \u00e9xito de Efeb\u00e9.<\/p>\n<p>A continuaci\u00f3n, el equipo t\u00e9cnico de Efeb\u00e9 disfrutando de la celebraci\u00f3n. Gracias al trabajo de todas nosotros la empresa sigue apuntando alto. Tambi\u00e9n, gracias de parte de todo el equipo a los asistentes a la fiesta que quisieron celebrar con nosotros este acto.<\/p>\n<p><img loading=\"lazy\" decoding=\"async\" class=\"aligncenter wp-image-12882\" src=\"https:\/\/grupefebe.com\/custom\/uploads\/2023\/01\/equip-grup-efebe-300x169.jpg\" alt=\"20 aniversario\" width=\"1003\" height=\"565\" srcset=\"https:\/\/grupefebe.com\/custom\/uploads\/2023\/01\/equip-grup-efebe-300x169.jpg 300w, https:\/\/grupefebe.com\/custom\/uploads\/2023\/01\/equip-grup-efebe-1024x576.jpg 1024w, https:\/\/grupefebe.com\/custom\/uploads\/2023\/01\/equip-grup-efebe-768x432.jpg 768w, https:\/\/grupefebe.com\/custom\/uploads\/2023\/01\/equip-grup-efebe-1536x864.jpg 1536w, https:\/\/grupefebe.com\/custom\/uploads\/2023\/01\/equip-grup-efebe-2048x1152.jpg 2048w\" sizes=\"auto, (max-width: 1003px) 100vw, 1003px\" \/><\/p>\n","protected":false},"excerpt":{"rendered":"<p>El dise\u00f1o como vector de transformaci\u00f3n de los espacios profesionales\u00a0es el nombre que describe el acto que celebramos en las [&hellip;]<\/p>\n","protected":false},"author":2,"featured_media":12873,"comment_status":"closed","ping_status":"closed","sticky":false,"template":"","format":"standard","meta":{"_acf_changed":false,"footnotes":"","_links_to":"","_links_to_target":""},"categories":[205,204,203,200,201,202],"class_list":["post-12885","post","type-post","status-publish","format-standard","has-post-thumbnail","hentry","category-centros-deportivos","category-centros-medicos","category-escuelas","category-oficinas","category-otros-sectores","category-residencias-mayores"],"acf":[],"yoast_head":"<!-- This site is optimized with the Yoast SEO plugin v25.9 - https:\/\/yoast.com\/wordpress\/plugins\/seo\/ -->\n<title>El dise\u00f1o como vector de transformaci\u00f3n de los espacios profesionales \u2013 20 aniversario | Grupo Efeb\u00e9<\/title>\n<meta name=\"description\" content=\"\u00a1Grup Efeb\u00e9 celebramos nuestro 20 aniversario! Nos ilusiona compartir la celebraci\u00f3n con clientes, trabajadores, familia y colaboradores.\" \/>\n<meta name=\"robots\" content=\"index, follow, max-snippet:-1, max-image-preview:large, max-video-preview:-1\" \/>\n<link rel=\"canonical\" href=\"https:\/\/grupefebe.com\/es\/el-diseno-como-vector-de-transformacion-de-los-espacios-profesionales-20-aniversario\/\" \/>\n<meta property=\"og:locale\" content=\"es_ES\" \/>\n<meta property=\"og:type\" content=\"article\" \/>\n<meta property=\"og:title\" content=\"El dise\u00f1o como vector de transformaci\u00f3n de los espacios profesionales \u2013 20 aniversario | Grupo Efeb\u00e9\" \/>\n<meta property=\"og:description\" content=\"\u00a1Grup Efeb\u00e9 celebramos nuestro 20 aniversario! Nos ilusiona compartir la celebraci\u00f3n con clientes, trabajadores, familia y colaboradores.\" \/>\n<meta property=\"og:url\" content=\"https:\/\/grupefebe.com\/es\/el-diseno-como-vector-de-transformacion-de-los-espacios-profesionales-20-aniversario\/\" \/>\n<meta property=\"og:site_name\" content=\"Grupo Efeb\u00e9\" \/>\n<meta property=\"article:publisher\" content=\"https:\/\/www.facebook.com\/grup.efebe\" \/>\n<meta property=\"article:published_time\" content=\"2018-06-21T16:35:38+00:00\" \/>\n<meta property=\"article:modified_time\" content=\"2023-01-17T17:12:28+00:00\" \/>\n<meta property=\"og:image\" content=\"https:\/\/grupefebe.com\/custom\/uploads\/2023\/01\/20e-aniversari-scaled.jpg\" \/>\n\t<meta property=\"og:image:width\" content=\"2560\" \/>\n\t<meta property=\"og:image:height\" content=\"1440\" \/>\n\t<meta property=\"og:image:type\" content=\"image\/jpeg\" \/>\n<meta name=\"author\" content=\"Grup Efeb\u00e9\" \/>\n<meta name=\"twitter:card\" content=\"summary_large_image\" \/>\n<meta name=\"twitter:creator\" content=\"@grup_efebe\" \/>\n<meta name=\"twitter:site\" content=\"@grup_efebe\" \/>\n<meta name=\"twitter:label1\" content=\"Escrito por\" \/>\n\t<meta name=\"twitter:data1\" content=\"Grup Efeb\u00e9\" \/>\n\t<meta name=\"twitter:label2\" content=\"Tiempo de lectura\" \/>\n\t<meta name=\"twitter:data2\" content=\"2 minutos\" \/>\n<script type=\"application\/ld+json\" class=\"yoast-schema-graph\">{\"@context\":\"https:\/\/schema.org\",\"@graph\":[{\"@type\":\"Article\",\"@id\":\"https:\/\/grupefebe.com\/es\/el-diseno-como-vector-de-transformacion-de-los-espacios-profesionales-20-aniversario\/#article\",\"isPartOf\":{\"@id\":\"https:\/\/grupefebe.com\/es\/el-diseno-como-vector-de-transformacion-de-los-espacios-profesionales-20-aniversario\/\"},\"author\":{\"name\":\"Grup Efeb\u00e9\",\"@id\":\"https:\/\/www.grupefebe.com\/es\/#\/schema\/person\/76402b3180eef131413100afc3282997\"},\"headline\":\"El dise\u00f1o como vector de transformaci\u00f3n de los espacios profesionales \u2013 20 aniversario\",\"datePublished\":\"2018-06-21T16:35:38+00:00\",\"dateModified\":\"2023-01-17T17:12:28+00:00\",\"mainEntityOfPage\":{\"@id\":\"https:\/\/grupefebe.com\/es\/el-diseno-como-vector-de-transformacion-de-los-espacios-profesionales-20-aniversario\/\"},\"wordCount\":369,\"publisher\":{\"@id\":\"https:\/\/www.grupefebe.com\/es\/#organization\"},\"image\":{\"@id\":\"https:\/\/grupefebe.com\/es\/el-diseno-como-vector-de-transformacion-de-los-espacios-profesionales-20-aniversario\/#primaryimage\"},\"thumbnailUrl\":\"https:\/\/grupefebe.com\/custom\/uploads\/2023\/01\/20e-aniversari-scaled.jpg\",\"articleSection\":[\"Centros Deportivos\",\"Centros M\u00e9dicos\",\"Escuelas\",\"Oficinas\",\"Otros Sectores\",\"Residencias para mayores\"],\"inLanguage\":\"es\"},{\"@type\":\"WebPage\",\"@id\":\"https:\/\/grupefebe.com\/es\/el-diseno-como-vector-de-transformacion-de-los-espacios-profesionales-20-aniversario\/\",\"url\":\"https:\/\/grupefebe.com\/es\/el-diseno-como-vector-de-transformacion-de-los-espacios-profesionales-20-aniversario\/\",\"name\":\"El dise\u00f1o como vector de transformaci\u00f3n de los espacios profesionales \u2013 20 aniversario | Grupo Efeb\u00e9\",\"isPartOf\":{\"@id\":\"https:\/\/www.grupefebe.com\/es\/#website\"},\"primaryImageOfPage\":{\"@id\":\"https:\/\/grupefebe.com\/es\/el-diseno-como-vector-de-transformacion-de-los-espacios-profesionales-20-aniversario\/#primaryimage\"},\"image\":{\"@id\":\"https:\/\/grupefebe.com\/es\/el-diseno-como-vector-de-transformacion-de-los-espacios-profesionales-20-aniversario\/#primaryimage\"},\"thumbnailUrl\":\"https:\/\/grupefebe.com\/custom\/uploads\/2023\/01\/20e-aniversari-scaled.jpg\",\"datePublished\":\"2018-06-21T16:35:38+00:00\",\"dateModified\":\"2023-01-17T17:12:28+00:00\",\"description\":\"\u00a1Grup Efeb\u00e9 celebramos nuestro 20 aniversario! Nos ilusiona compartir la celebraci\u00f3n con clientes, trabajadores, familia y colaboradores.\",\"breadcrumb\":{\"@id\":\"https:\/\/grupefebe.com\/es\/el-diseno-como-vector-de-transformacion-de-los-espacios-profesionales-20-aniversario\/#breadcrumb\"},\"inLanguage\":\"es\",\"potentialAction\":[{\"@type\":\"ReadAction\",\"target\":[\"https:\/\/grupefebe.com\/es\/el-diseno-como-vector-de-transformacion-de-los-espacios-profesionales-20-aniversario\/\"]}]},{\"@type\":\"ImageObject\",\"inLanguage\":\"es\",\"@id\":\"https:\/\/grupefebe.com\/es\/el-diseno-como-vector-de-transformacion-de-los-espacios-profesionales-20-aniversario\/#primaryimage\",\"url\":\"https:\/\/grupefebe.com\/custom\/uploads\/2023\/01\/20e-aniversari-scaled.jpg\",\"contentUrl\":\"https:\/\/grupefebe.com\/custom\/uploads\/2023\/01\/20e-aniversari-scaled.jpg\",\"width\":2560,\"height\":1440,\"caption\":\"20 aniversario\"},{\"@type\":\"BreadcrumbList\",\"@id\":\"https:\/\/grupefebe.com\/es\/el-diseno-como-vector-de-transformacion-de-los-espacios-profesionales-20-aniversario\/#breadcrumb\",\"itemListElement\":[{\"@type\":\"ListItem\",\"position\":1,\"name\":\"Inici\",\"item\":\"https:\/\/www.grupefebe.com\/es\/\"},{\"@type\":\"ListItem\",\"position\":2,\"name\":\"El dise\u00f1o como vector de transformaci\u00f3n de los espacios profesionales \u2013 20 aniversario\"}]},{\"@type\":\"WebSite\",\"@id\":\"https:\/\/www.grupefebe.com\/es\/#website\",\"url\":\"https:\/\/www.grupefebe.com\/es\/\",\"name\":\"Grup Efeb\u00e9\",\"description\":\"Otro sitio realizado con WordPress\",\"publisher\":{\"@id\":\"https:\/\/www.grupefebe.com\/es\/#organization\"},\"potentialAction\":[{\"@type\":\"SearchAction\",\"target\":{\"@type\":\"EntryPoint\",\"urlTemplate\":\"https:\/\/www.grupefebe.com\/es\/?s={search_term_string}\"},\"query-input\":{\"@type\":\"PropertyValueSpecification\",\"valueRequired\":true,\"valueName\":\"search_term_string\"}}],\"inLanguage\":\"es\"},{\"@type\":\"Organization\",\"@id\":\"https:\/\/www.grupefebe.com\/es\/#organization\",\"name\":\"Grup Efeb\u00e9\",\"url\":\"https:\/\/www.grupefebe.com\/es\/\",\"logo\":{\"@type\":\"ImageObject\",\"inLanguage\":\"es\",\"@id\":\"https:\/\/www.grupefebe.com\/es\/#\/schema\/logo\/image\/\",\"url\":\"https:\/\/grupefebe.com\/custom\/uploads\/2021\/01\/logo-efebe.png\",\"contentUrl\":\"https:\/\/grupefebe.com\/custom\/uploads\/2021\/01\/logo-efebe.png\",\"width\":524,\"height\":135,\"caption\":\"Grup Efeb\u00e9\"},\"image\":{\"@id\":\"https:\/\/www.grupefebe.com\/es\/#\/schema\/logo\/image\/\"},\"sameAs\":[\"https:\/\/www.facebook.com\/grup.efebe\",\"https:\/\/x.com\/grup_efebe\",\"https:\/\/www.instagram.com\/grup_efebe\/\",\"https:\/\/www.linkedin.com\/company\/grupefebe\",\"https:\/\/www.youtube.com\/channel\/UCj11-LAuLhPfqrL2649Xzrw\"]},{\"@type\":\"Person\",\"@id\":\"https:\/\/www.grupefebe.com\/es\/#\/schema\/person\/76402b3180eef131413100afc3282997\",\"name\":\"Grup Efeb\u00e9\",\"image\":{\"@type\":\"ImageObject\",\"inLanguage\":\"es\",\"@id\":\"https:\/\/www.grupefebe.com\/es\/#\/schema\/person\/image\/\",\"url\":\"https:\/\/secure.gravatar.com\/avatar\/913bc6aa90480101061296ab9cad4bd4ccfb82c623a8820f3fd577558c1651be?s=96&d=mm&r=g\",\"contentUrl\":\"https:\/\/secure.gravatar.com\/avatar\/913bc6aa90480101061296ab9cad4bd4ccfb82c623a8820f3fd577558c1651be?s=96&d=mm&r=g\",\"caption\":\"Grup Efeb\u00e9\"},\"url\":\"https:\/\/grupefebe.com\/es\/author\/julia\/\"}]}<\/script>\n<!-- \/ Yoast SEO plugin. -->","yoast_head_json":{"title":"El dise\u00f1o como vector de transformaci\u00f3n de los espacios profesionales \u2013 20 aniversario | Grupo Efeb\u00e9","description":"\u00a1Grup Efeb\u00e9 celebramos nuestro 20 aniversario! Nos ilusiona compartir la celebraci\u00f3n con clientes, trabajadores, familia y colaboradores.","robots":{"index":"index","follow":"follow","max-snippet":"max-snippet:-1","max-image-preview":"max-image-preview:large","max-video-preview":"max-video-preview:-1"},"canonical":"https:\/\/grupefebe.com\/es\/el-diseno-como-vector-de-transformacion-de-los-espacios-profesionales-20-aniversario\/","og_locale":"es_ES","og_type":"article","og_title":"El dise\u00f1o como vector de transformaci\u00f3n de los espacios profesionales \u2013 20 aniversario | Grupo Efeb\u00e9","og_description":"\u00a1Grup Efeb\u00e9 celebramos nuestro 20 aniversario! Nos ilusiona compartir la celebraci\u00f3n con clientes, trabajadores, familia y colaboradores.","og_url":"https:\/\/grupefebe.com\/es\/el-diseno-como-vector-de-transformacion-de-los-espacios-profesionales-20-aniversario\/","og_site_name":"Grupo Efeb\u00e9","article_publisher":"https:\/\/www.facebook.com\/grup.efebe","article_published_time":"2018-06-21T16:35:38+00:00","article_modified_time":"2023-01-17T17:12:28+00:00","og_image":[{"width":2560,"height":1440,"url":"https:\/\/grupefebe.com\/custom\/uploads\/2023\/01\/20e-aniversari-scaled.jpg","type":"image\/jpeg"}],"author":"Grup Efeb\u00e9","twitter_card":"summary_large_image","twitter_creator":"@grup_efebe","twitter_site":"@grup_efebe","twitter_misc":{"Escrito por":"Grup Efeb\u00e9","Tiempo de lectura":"2 minutos"},"schema":{"@context":"https:\/\/schema.org","@graph":[{"@type":"Article","@id":"https:\/\/grupefebe.com\/es\/el-diseno-como-vector-de-transformacion-de-los-espacios-profesionales-20-aniversario\/#article","isPartOf":{"@id":"https:\/\/grupefebe.com\/es\/el-diseno-como-vector-de-transformacion-de-los-espacios-profesionales-20-aniversario\/"},"author":{"name":"Grup Efeb\u00e9","@id":"https:\/\/www.grupefebe.com\/es\/#\/schema\/person\/76402b3180eef131413100afc3282997"},"headline":"El dise\u00f1o como vector de transformaci\u00f3n de los espacios profesionales \u2013 20 aniversario","datePublished":"2018-06-21T16:35:38+00:00","dateModified":"2023-01-17T17:12:28+00:00","mainEntityOfPage":{"@id":"https:\/\/grupefebe.com\/es\/el-diseno-como-vector-de-transformacion-de-los-espacios-profesionales-20-aniversario\/"},"wordCount":369,"publisher":{"@id":"https:\/\/www.grupefebe.com\/es\/#organization"},"image":{"@id":"https:\/\/grupefebe.com\/es\/el-diseno-como-vector-de-transformacion-de-los-espacios-profesionales-20-aniversario\/#primaryimage"},"thumbnailUrl":"https:\/\/grupefebe.com\/custom\/uploads\/2023\/01\/20e-aniversari-scaled.jpg","articleSection":["Centros Deportivos","Centros M\u00e9dicos","Escuelas","Oficinas","Otros Sectores","Residencias para mayores"],"inLanguage":"es"},{"@type":"WebPage","@id":"https:\/\/grupefebe.com\/es\/el-diseno-como-vector-de-transformacion-de-los-espacios-profesionales-20-aniversario\/","url":"https:\/\/grupefebe.com\/es\/el-diseno-como-vector-de-transformacion-de-los-espacios-profesionales-20-aniversario\/","name":"El dise\u00f1o como vector de transformaci\u00f3n de los espacios profesionales \u2013 20 aniversario | Grupo Efeb\u00e9","isPartOf":{"@id":"https:\/\/www.grupefebe.com\/es\/#website"},"primaryImageOfPage":{"@id":"https:\/\/grupefebe.com\/es\/el-diseno-como-vector-de-transformacion-de-los-espacios-profesionales-20-aniversario\/#primaryimage"},"image":{"@id":"https:\/\/grupefebe.com\/es\/el-diseno-como-vector-de-transformacion-de-los-espacios-profesionales-20-aniversario\/#primaryimage"},"thumbnailUrl":"https:\/\/grupefebe.com\/custom\/uploads\/2023\/01\/20e-aniversari-scaled.jpg","datePublished":"2018-06-21T16:35:38+00:00","dateModified":"2023-01-17T17:12:28+00:00","description":"\u00a1Grup Efeb\u00e9 celebramos nuestro 20 aniversario! Nos ilusiona compartir la celebraci\u00f3n con clientes, trabajadores, familia y colaboradores.","breadcrumb":{"@id":"https:\/\/grupefebe.com\/es\/el-diseno-como-vector-de-transformacion-de-los-espacios-profesionales-20-aniversario\/#breadcrumb"},"inLanguage":"es","potentialAction":[{"@type":"ReadAction","target":["https:\/\/grupefebe.com\/es\/el-diseno-como-vector-de-transformacion-de-los-espacios-profesionales-20-aniversario\/"]}]},{"@type":"ImageObject","inLanguage":"es","@id":"https:\/\/grupefebe.com\/es\/el-diseno-como-vector-de-transformacion-de-los-espacios-profesionales-20-aniversario\/#primaryimage","url":"https:\/\/grupefebe.com\/custom\/uploads\/2023\/01\/20e-aniversari-scaled.jpg","contentUrl":"https:\/\/grupefebe.com\/custom\/uploads\/2023\/01\/20e-aniversari-scaled.jpg","width":2560,"height":1440,"caption":"20 aniversario"},{"@type":"BreadcrumbList","@id":"https:\/\/grupefebe.com\/es\/el-diseno-como-vector-de-transformacion-de-los-espacios-profesionales-20-aniversario\/#breadcrumb","itemListElement":[{"@type":"ListItem","position":1,"name":"Inici","item":"https:\/\/www.grupefebe.com\/es\/"},{"@type":"ListItem","position":2,"name":"El dise\u00f1o como vector de transformaci\u00f3n de los espacios profesionales \u2013 20 aniversario"}]},{"@type":"WebSite","@id":"https:\/\/www.grupefebe.com\/es\/#website","url":"https:\/\/www.grupefebe.com\/es\/","name":"Grup Efeb\u00e9","description":"Otro sitio realizado con WordPress","publisher":{"@id":"https:\/\/www.grupefebe.com\/es\/#organization"},"potentialAction":[{"@type":"SearchAction","target":{"@type":"EntryPoint","urlTemplate":"https:\/\/www.grupefebe.com\/es\/?s={search_term_string}"},"query-input":{"@type":"PropertyValueSpecification","valueRequired":true,"valueName":"search_term_string"}}],"inLanguage":"es"},{"@type":"Organization","@id":"https:\/\/www.grupefebe.com\/es\/#organization","name":"Grup Efeb\u00e9","url":"https:\/\/www.grupefebe.com\/es\/","logo":{"@type":"ImageObject","inLanguage":"es","@id":"https:\/\/www.grupefebe.com\/es\/#\/schema\/logo\/image\/","url":"https:\/\/grupefebe.com\/custom\/uploads\/2021\/01\/logo-efebe.png","contentUrl":"https:\/\/grupefebe.com\/custom\/uploads\/2021\/01\/logo-efebe.png","width":524,"height":135,"caption":"Grup Efeb\u00e9"},"image":{"@id":"https:\/\/www.grupefebe.com\/es\/#\/schema\/logo\/image\/"},"sameAs":["https:\/\/www.facebook.com\/grup.efebe","https:\/\/x.com\/grup_efebe","https:\/\/www.instagram.com\/grup_efebe\/","https:\/\/www.linkedin.com\/company\/grupefebe","https:\/\/www.youtube.com\/channel\/UCj11-LAuLhPfqrL2649Xzrw"]},{"@type":"Person","@id":"https:\/\/www.grupefebe.com\/es\/#\/schema\/person\/76402b3180eef131413100afc3282997","name":"Grup Efeb\u00e9","image":{"@type":"ImageObject","inLanguage":"es","@id":"https:\/\/www.grupefebe.com\/es\/#\/schema\/person\/image\/","url":"https:\/\/secure.gravatar.com\/avatar\/913bc6aa90480101061296ab9cad4bd4ccfb82c623a8820f3fd577558c1651be?s=96&d=mm&r=g","contentUrl":"https:\/\/secure.gravatar.com\/avatar\/913bc6aa90480101061296ab9cad4bd4ccfb82c623a8820f3fd577558c1651be?s=96&d=mm&r=g","caption":"Grup Efeb\u00e9"},"url":"https:\/\/grupefebe.com\/es\/author\/julia\/"}]}},"_links":{"self":[{"href":"https:\/\/grupefebe.com\/es\/wp-json\/wp\/v2\/posts\/12885","targetHints":{"allow":["GET"]}}],"collection":[{"href":"https:\/\/grupefebe.com\/es\/wp-json\/wp\/v2\/posts"}],"about":[{"href":"https:\/\/grupefebe.com\/es\/wp-json\/wp\/v2\/types\/post"}],"author":[{"embeddable":true,"href":"https:\/\/grupefebe.com\/es\/wp-json\/wp\/v2\/users\/2"}],"replies":[{"embeddable":true,"href":"https:\/\/grupefebe.com\/es\/wp-json\/wp\/v2\/comments?post=12885"}],"version-history":[{"count":2,"href":"https:\/\/grupefebe.com\/es\/wp-json\/wp\/v2\/posts\/12885\/revisions"}],"predecessor-version":[{"id":12887,"href":"https:\/\/grupefebe.com\/es\/wp-json\/wp\/v2\/posts\/12885\/revisions\/12887"}],"wp:featuredmedia":[{"embeddable":true,"href":"https:\/\/grupefebe.com\/es\/wp-json\/wp\/v2\/media\/12873"}],"wp:attachment":[{"href":"https:\/\/grupefebe.com\/es\/wp-json\/wp\/v2\/media?parent=12885"}],"wp:term":[{"taxonomy":"category","embeddable":true,"href":"https:\/\/grupefebe.com\/es\/wp-json\/wp\/v2\/categories?post=12885"}],"curies":[{"name":"wp","href":"https:\/\/api.w.org\/{rel}","templated":true}]}}