{"id":13016,"date":"2023-02-06T11:08:18","date_gmt":"2023-02-06T11:08:18","guid":{"rendered":"https:\/\/grupefebe.com\/?p=13016"},"modified":"2023-02-06T11:11:25","modified_gmt":"2023-02-06T11:11:25","slug":"como-transformar-tu-centro-en-una-escuela-sostenible","status":"publish","type":"post","link":"https:\/\/grupefebe.com\/es\/como-transformar-tu-centro-en-una-escuela-sostenible\/","title":{"rendered":"C\u00f3mo transformar tu centro educativo en una escuela sostenible"},"content":{"rendered":"<p>La educaci\u00f3n ambiental y la sostenibilidad deben ser parte integral del d\u00eda a d\u00eda en los centros educativos, no solo como un tema a abordar en algunas asignaturas. Es necesario cambiar h\u00e1bitos y crear una escuela sostenible per se. La responsabilidad ambiental ya no es una opci\u00f3n, sino una necesidad imperante. Adem\u00e1s, cada vez son m\u00e1s las familias que buscan centros educativos que cumplan con est\u00e1ndares sostenibles y que fomenten la educaci\u00f3n ambiental.<\/p>\n<p>Hemos preparado el <strong><a href=\"https:\/\/www.grupefebe.com\/es\/packs\/escuela-sostenible\/\">Pack Escuela sostenible<\/a><\/strong> pensado para hacer realidad estos cambios tan necesarios para el bienestar de las personas en el d\u00eda a d\u00eda y del Planeta.<\/p>\n<h3>Transformaci\u00f3n educativa sostenible<\/h3>\n<div class=\"w-full border-b border-black\/10 dark:border-gray-900\/50 text-gray-800 dark:text-gray-100 group bg-gray-50 dark:bg-[#444654]\">\n<div class=\"text-base gap-4 md:gap-6 m-auto md:max-w-2xl lg:max-w-2xl xl:max-w-3xl p-4 md:py-6 flex lg:px-0\">\n<div class=\"relative flex w-[calc(100%-50px)] flex-col gap-1 md:gap-3 lg:w-[calc(100%-115px)]\">\n<div class=\"flex flex-grow flex-col gap-3\">\n<div class=\"min-h-[20px] flex flex-col items-start gap-4 whitespace-pre-wrap\">\n<div class=\"markdown prose w-full break-words dark:prose-invert light\">\n<p>La adecuaci\u00f3n sostenible de los espacios educativos <strong>reduce el consumo de energ\u00eda<\/strong> y <strong>mejora el entorno pedag\u00f3gico y el bienestar de los estudiantes y el personal docente<\/strong> a trav\u00e9s del uso de t\u00e9cnicas y materiales eficientes y respetuosos con el medio ambiente. En nuestros proyectos Grup Efeb\u00e9 apostamos por una naturalizaci\u00f3n de los espacios para fomentar la educaci\u00f3n ambiental, la inclusi\u00f3n y la eficiencia en la gesti\u00f3n de recursos naturales.<\/p>\n<\/div>\n<\/div>\n<\/div>\n<div class=\"flex justify-between\">\n<div class=\"text-gray-400 flex self-end lg:self-center justify-center mt-2 gap-3 md:gap-4 lg:gap-1 lg:absolute lg:top-0 lg:translate-x-full lg:right-0 lg:mt-0 lg:pl-2 visible\">La educaci\u00f3n para el Desarrollo Sostenible est\u00e1 enfocada en los Objetivos de Desarrollo Sostenible (ODS) de las Naciones Unidas. Es importante que los centros educativos adopten iniciativas para fomentar la educaci\u00f3n y la gesti\u00f3n ambiental. Adem\u00e1s, la sostenibilidad debe formar parte de la cultura y los valores de la escuela, para crear ciudadanos conscientes y responsables con el medio ambiente.<\/div>\n<div><\/div>\n<div class=\"text-gray-400 flex self-end lg:self-center justify-center mt-2 gap-3 md:gap-4 lg:gap-1 lg:absolute lg:top-0 lg:translate-x-full lg:right-0 lg:mt-0 lg:pl-2 visible\">La <strong>arquitectura sostenible<\/strong> hace referencia a los dise\u00f1os y proyectos de adecuaci\u00f3n que optimizan los recursos naturales para <strong>minimizar el impacto ambiental<\/strong>, asumiendo criterios de implementaci\u00f3n de la <strong>eficiencia energ\u00e9tica<\/strong>. A continuaci\u00f3n, te presentamos los que aplicamos en nuestros proyectos:<\/div>\n<\/div>\n<\/div>\n<\/div>\n<\/div>\n<ul>\n<li><strong>Aislamiento t\u00e9rmico y ac\u00fastico.<\/strong> El aislamiento t\u00e9rmico puede reducir entre un 50% y un 70% de las p\u00e9rdidas de energ\u00eda en un edificio, lo que significa un importante ahorro energ\u00e9tico. Para el confort ac\u00fastico, acondicionamos los espacios interiores con paneles ac\u00fasticos fonoabsorbentes, para as\u00ed reducir la reverberaci\u00f3n que se genera. Estos paneles tienen una alta capacidad de absorci\u00f3n del sonido, gracias a su composici\u00f3n y porosidad. Adem\u00e1s, las <a href=\"https:\/\/www.grupefebe.com\/products\/panell-acustic-ecoworking\/\">opciones disponibles en nuestro cat\u00e1logo<\/a> est\u00e1n hechas con materiales ecol\u00f3gicos, reciclados de botellas de pl\u00e1stico.<\/li>\n<li><strong>Materiales naturales y saludables<\/strong><\/li>\n<li><strong>Aprovechamiento de la iluminaci\u00f3n natural<\/strong><\/li>\n<li><strong><strong>Naturalizaci\u00f3n de los espacios. <\/strong><\/strong>Al fomentar la interacci\u00f3n directa con la naturaleza, se mejora el desarrollo cognitivo, emocional y f\u00edsico de los estudiantes y se les ense\u00f1a valores importantes de cuidado del medio ambiente y sostenibilidad.<\/li>\n<li><strong>Sistema de ventilaci\u00f3n mec\u00e1nica<\/strong>. <span class=\"S1PPyQ\">El aire interior est\u00e1 hasta cinco veces m\u00e1s contaminado que el exterior. Las part\u00edculas t\u00f3xicas en los interiores pueden tener efectos negativos en la salud, como alergias, cansancio o asma. Por eso, purificamos el aire con una ventilaci\u00f3n constante con equipos eficientes energ\u00e9ticamente, para una regulaci\u00f3n adecuada de la temperatura.<\/span><\/li>\n<li><strong>Ahorro de agua<\/strong><\/li>\n<\/ul>\n<div id=\"attachment_7260\" style=\"width: 1080px\" class=\"wp-caption aligncenter\"><img loading=\"lazy\" decoding=\"async\" aria-describedby=\"caption-attachment-7260\" class=\" wp-image-7260\" src=\"https:\/\/grupefebe.com\/custom\/uploads\/2021\/06\/AZR3355-Panora\u00a6umica-300x120.jpg\" alt=\"pati\" width=\"1070\" height=\"428\" srcset=\"https:\/\/grupefebe.com\/custom\/uploads\/2021\/06\/AZR3355-Panora\u00a6umica-300x120.jpg 300w, https:\/\/grupefebe.com\/custom\/uploads\/2021\/06\/AZR3355-Panora\u00a6umica-1024x409.jpg 1024w, https:\/\/grupefebe.com\/custom\/uploads\/2021\/06\/AZR3355-Panora\u00a6umica-768x306.jpg 768w, https:\/\/grupefebe.com\/custom\/uploads\/2021\/06\/AZR3355-Panora\u00a6umica-1536x613.jpg 1536w, https:\/\/grupefebe.com\/custom\/uploads\/2021\/06\/AZR3355-Panora\u00a6umica.jpg 1920w\" sizes=\"auto, (max-width: 1070px) 100vw, 1070px\" \/><p id=\"caption-attachment-7260\" class=\"wp-caption-text\">Adecuaci\u00f3n ac\u00fastica en la <a href=\"https:\/\/grupefebe.com\/es\/projects\/mejora-del-confort-acustico-en-la-escuela-fundacion-llor\/\">Escuela Fundaci\u00f3n Llor<\/a>. Proyecto de Efeb\u00e9. Fotograf\u00eda: <a href=\"https:\/\/www.joanazorinfotoarq.com\/ca\/home-cat\/\">Joan Azor\u00edn<\/a>.<\/p><\/div>\n<h3>Beneficios de una escuela sostenible<\/h3>\n<ul>\n<li>Mejora de las capacidades cognitivas<\/li>\n<li>M\u00e1s concentraci\u00f3n<\/li>\n<li>Reducci\u00f3n de estr\u00e9s y frustraci\u00f3n<\/li>\n<li>Mejora del bienestar y la atenci\u00f3n<\/li>\n<li>Reducci\u00f3n de absentismo escolar<\/li>\n<\/ul>\n","protected":false},"excerpt":{"rendered":"<p>La educaci\u00f3n ambiental y la sostenibilidad deben ser parte integral del d\u00eda a d\u00eda en los centros educativos, no solo [&hellip;]<\/p>\n","protected":false},"author":2,"featured_media":13020,"comment_status":"closed","ping_status":"closed","sticky":false,"template":"","format":"standard","meta":{"_acf_changed":false,"footnotes":"","_links_to":"","_links_to_target":""},"categories":[203],"class_list":["post-13016","post","type-post","status-publish","format-standard","has-post-thumbnail","hentry","category-escuelas"],"acf":[],"yoast_head":"<!-- This site is optimized with the Yoast SEO plugin v25.9 - https:\/\/yoast.com\/wordpress\/plugins\/seo\/ -->\n<title>C\u00f3mo transformar tu centro educativo en una escuela sostenible | Grupo Efeb\u00e9<\/title>\n<meta name=\"description\" content=\"\u00bfC\u00f3mo transformar tu centro educativo en una escuela sostenible? En este art\u00edculo de Grup Efeb\u00e9 te contamos c\u00f3mo lo hacemos posible.\" \/>\n<meta name=\"robots\" content=\"index, follow, max-snippet:-1, max-image-preview:large, max-video-preview:-1\" \/>\n<link rel=\"canonical\" href=\"https:\/\/grupefebe.com\/es\/como-transformar-tu-centro-en-una-escuela-sostenible\/\" \/>\n<meta property=\"og:locale\" content=\"es_ES\" \/>\n<meta property=\"og:type\" content=\"article\" \/>\n<meta property=\"og:title\" content=\"C\u00f3mo transformar tu centro educativo en una escuela sostenible | Grupo Efeb\u00e9\" \/>\n<meta property=\"og:description\" content=\"\u00bfC\u00f3mo transformar tu centro educativo en una escuela sostenible? En este art\u00edculo de Grup Efeb\u00e9 te contamos c\u00f3mo lo hacemos posible.\" \/>\n<meta property=\"og:url\" content=\"https:\/\/grupefebe.com\/es\/como-transformar-tu-centro-en-una-escuela-sostenible\/\" \/>\n<meta property=\"og:site_name\" content=\"Grupo Efeb\u00e9\" \/>\n<meta property=\"article:publisher\" content=\"https:\/\/www.facebook.com\/grup.efebe\" \/>\n<meta property=\"article:published_time\" content=\"2023-02-06T11:08:18+00:00\" \/>\n<meta property=\"article:modified_time\" content=\"2023-02-06T11:11:25+00:00\" \/>\n<meta property=\"og:image\" content=\"https:\/\/grupefebe.com\/custom\/uploads\/2023\/02\/escuela-sostenible-1-scaled.jpg\" \/>\n\t<meta property=\"og:image:width\" content=\"2560\" \/>\n\t<meta property=\"og:image:height\" content=\"1707\" \/>\n\t<meta property=\"og:image:type\" content=\"image\/jpeg\" \/>\n<meta name=\"author\" content=\"Grup Efeb\u00e9\" \/>\n<meta name=\"twitter:card\" content=\"summary_large_image\" \/>\n<meta name=\"twitter:creator\" content=\"@grup_efebe\" \/>\n<meta name=\"twitter:site\" content=\"@grup_efebe\" \/>\n<meta name=\"twitter:label1\" content=\"Escrito por\" \/>\n\t<meta name=\"twitter:data1\" content=\"Grup Efeb\u00e9\" \/>\n\t<meta name=\"twitter:label2\" content=\"Tiempo de lectura\" \/>\n\t<meta name=\"twitter:data2\" content=\"3 minutos\" \/>\n<script type=\"application\/ld+json\" class=\"yoast-schema-graph\">{\"@context\":\"https:\/\/schema.org\",\"@graph\":[{\"@type\":\"Article\",\"@id\":\"https:\/\/grupefebe.com\/es\/como-transformar-tu-centro-en-una-escuela-sostenible\/#article\",\"isPartOf\":{\"@id\":\"https:\/\/grupefebe.com\/es\/como-transformar-tu-centro-en-una-escuela-sostenible\/\"},\"author\":{\"name\":\"Grup Efeb\u00e9\",\"@id\":\"https:\/\/www.grupefebe.com\/es\/#\/schema\/person\/76402b3180eef131413100afc3282997\"},\"headline\":\"C\u00f3mo transformar tu centro educativo en una escuela sostenible\",\"datePublished\":\"2023-02-06T11:08:18+00:00\",\"dateModified\":\"2023-02-06T11:11:25+00:00\",\"mainEntityOfPage\":{\"@id\":\"https:\/\/grupefebe.com\/es\/como-transformar-tu-centro-en-una-escuela-sostenible\/\"},\"wordCount\":585,\"publisher\":{\"@id\":\"https:\/\/www.grupefebe.com\/es\/#organization\"},\"image\":{\"@id\":\"https:\/\/grupefebe.com\/es\/como-transformar-tu-centro-en-una-escuela-sostenible\/#primaryimage\"},\"thumbnailUrl\":\"https:\/\/grupefebe.com\/custom\/uploads\/2023\/02\/escuela-sostenible-1-scaled.jpg\",\"articleSection\":[\"Escuelas\"],\"inLanguage\":\"es\"},{\"@type\":\"WebPage\",\"@id\":\"https:\/\/grupefebe.com\/es\/como-transformar-tu-centro-en-una-escuela-sostenible\/\",\"url\":\"https:\/\/grupefebe.com\/es\/como-transformar-tu-centro-en-una-escuela-sostenible\/\",\"name\":\"C\u00f3mo transformar tu centro educativo en una escuela sostenible | Grupo Efeb\u00e9\",\"isPartOf\":{\"@id\":\"https:\/\/www.grupefebe.com\/es\/#website\"},\"primaryImageOfPage\":{\"@id\":\"https:\/\/grupefebe.com\/es\/como-transformar-tu-centro-en-una-escuela-sostenible\/#primaryimage\"},\"image\":{\"@id\":\"https:\/\/grupefebe.com\/es\/como-transformar-tu-centro-en-una-escuela-sostenible\/#primaryimage\"},\"thumbnailUrl\":\"https:\/\/grupefebe.com\/custom\/uploads\/2023\/02\/escuela-sostenible-1-scaled.jpg\",\"datePublished\":\"2023-02-06T11:08:18+00:00\",\"dateModified\":\"2023-02-06T11:11:25+00:00\",\"description\":\"\u00bfC\u00f3mo transformar tu centro educativo en una escuela sostenible? En este art\u00edculo de Grup Efeb\u00e9 te contamos c\u00f3mo lo hacemos posible.\",\"breadcrumb\":{\"@id\":\"https:\/\/grupefebe.com\/es\/como-transformar-tu-centro-en-una-escuela-sostenible\/#breadcrumb\"},\"inLanguage\":\"es\",\"potentialAction\":[{\"@type\":\"ReadAction\",\"target\":[\"https:\/\/grupefebe.com\/es\/como-transformar-tu-centro-en-una-escuela-sostenible\/\"]}]},{\"@type\":\"ImageObject\",\"inLanguage\":\"es\",\"@id\":\"https:\/\/grupefebe.com\/es\/como-transformar-tu-centro-en-una-escuela-sostenible\/#primaryimage\",\"url\":\"https:\/\/grupefebe.com\/custom\/uploads\/2023\/02\/escuela-sostenible-1-scaled.jpg\",\"contentUrl\":\"https:\/\/grupefebe.com\/custom\/uploads\/2023\/02\/escuela-sostenible-1-scaled.jpg\",\"width\":2560,\"height\":1707,\"caption\":\"escuela sostenible\"},{\"@type\":\"BreadcrumbList\",\"@id\":\"https:\/\/grupefebe.com\/es\/como-transformar-tu-centro-en-una-escuela-sostenible\/#breadcrumb\",\"itemListElement\":[{\"@type\":\"ListItem\",\"position\":1,\"name\":\"Inici\",\"item\":\"https:\/\/www.grupefebe.com\/es\/\"},{\"@type\":\"ListItem\",\"position\":2,\"name\":\"C\u00f3mo transformar tu centro educativo en una escuela sostenible\"}]},{\"@type\":\"WebSite\",\"@id\":\"https:\/\/www.grupefebe.com\/es\/#website\",\"url\":\"https:\/\/www.grupefebe.com\/es\/\",\"name\":\"Grup Efeb\u00e9\",\"description\":\"Otro sitio realizado con WordPress\",\"publisher\":{\"@id\":\"https:\/\/www.grupefebe.com\/es\/#organization\"},\"potentialAction\":[{\"@type\":\"SearchAction\",\"target\":{\"@type\":\"EntryPoint\",\"urlTemplate\":\"https:\/\/www.grupefebe.com\/es\/?s={search_term_string}\"},\"query-input\":{\"@type\":\"PropertyValueSpecification\",\"valueRequired\":true,\"valueName\":\"search_term_string\"}}],\"inLanguage\":\"es\"},{\"@type\":\"Organization\",\"@id\":\"https:\/\/www.grupefebe.com\/es\/#organization\",\"name\":\"Grup Efeb\u00e9\",\"url\":\"https:\/\/www.grupefebe.com\/es\/\",\"logo\":{\"@type\":\"ImageObject\",\"inLanguage\":\"es\",\"@id\":\"https:\/\/www.grupefebe.com\/es\/#\/schema\/logo\/image\/\",\"url\":\"https:\/\/grupefebe.com\/custom\/uploads\/2021\/01\/logo-efebe.png\",\"contentUrl\":\"https:\/\/grupefebe.com\/custom\/uploads\/2021\/01\/logo-efebe.png\",\"width\":524,\"height\":135,\"caption\":\"Grup Efeb\u00e9\"},\"image\":{\"@id\":\"https:\/\/www.grupefebe.com\/es\/#\/schema\/logo\/image\/\"},\"sameAs\":[\"https:\/\/www.facebook.com\/grup.efebe\",\"https:\/\/x.com\/grup_efebe\",\"https:\/\/www.instagram.com\/grup_efebe\/\",\"https:\/\/www.linkedin.com\/company\/grupefebe\",\"https:\/\/www.youtube.com\/channel\/UCj11-LAuLhPfqrL2649Xzrw\"]},{\"@type\":\"Person\",\"@id\":\"https:\/\/www.grupefebe.com\/es\/#\/schema\/person\/76402b3180eef131413100afc3282997\",\"name\":\"Grup Efeb\u00e9\",\"image\":{\"@type\":\"ImageObject\",\"inLanguage\":\"es\",\"@id\":\"https:\/\/www.grupefebe.com\/es\/#\/schema\/person\/image\/\",\"url\":\"https:\/\/secure.gravatar.com\/avatar\/913bc6aa90480101061296ab9cad4bd4ccfb82c623a8820f3fd577558c1651be?s=96&d=mm&r=g\",\"contentUrl\":\"https:\/\/secure.gravatar.com\/avatar\/913bc6aa90480101061296ab9cad4bd4ccfb82c623a8820f3fd577558c1651be?s=96&d=mm&r=g\",\"caption\":\"Grup Efeb\u00e9\"},\"url\":\"https:\/\/grupefebe.com\/es\/author\/julia\/\"}]}<\/script>\n<!-- \/ Yoast SEO plugin. -->","yoast_head_json":{"title":"C\u00f3mo transformar tu centro educativo en una escuela sostenible | Grupo Efeb\u00e9","description":"\u00bfC\u00f3mo transformar tu centro educativo en una escuela sostenible? En este art\u00edculo de Grup Efeb\u00e9 te contamos c\u00f3mo lo hacemos posible.","robots":{"index":"index","follow":"follow","max-snippet":"max-snippet:-1","max-image-preview":"max-image-preview:large","max-video-preview":"max-video-preview:-1"},"canonical":"https:\/\/grupefebe.com\/es\/como-transformar-tu-centro-en-una-escuela-sostenible\/","og_locale":"es_ES","og_type":"article","og_title":"C\u00f3mo transformar tu centro educativo en una escuela sostenible | Grupo Efeb\u00e9","og_description":"\u00bfC\u00f3mo transformar tu centro educativo en una escuela sostenible? En este art\u00edculo de Grup Efeb\u00e9 te contamos c\u00f3mo lo hacemos posible.","og_url":"https:\/\/grupefebe.com\/es\/como-transformar-tu-centro-en-una-escuela-sostenible\/","og_site_name":"Grupo Efeb\u00e9","article_publisher":"https:\/\/www.facebook.com\/grup.efebe","article_published_time":"2023-02-06T11:08:18+00:00","article_modified_time":"2023-02-06T11:11:25+00:00","og_image":[{"width":2560,"height":1707,"url":"https:\/\/grupefebe.com\/custom\/uploads\/2023\/02\/escuela-sostenible-1-scaled.jpg","type":"image\/jpeg"}],"author":"Grup Efeb\u00e9","twitter_card":"summary_large_image","twitter_creator":"@grup_efebe","twitter_site":"@grup_efebe","twitter_misc":{"Escrito por":"Grup Efeb\u00e9","Tiempo de lectura":"3 minutos"},"schema":{"@context":"https:\/\/schema.org","@graph":[{"@type":"Article","@id":"https:\/\/grupefebe.com\/es\/como-transformar-tu-centro-en-una-escuela-sostenible\/#article","isPartOf":{"@id":"https:\/\/grupefebe.com\/es\/como-transformar-tu-centro-en-una-escuela-sostenible\/"},"author":{"name":"Grup Efeb\u00e9","@id":"https:\/\/www.grupefebe.com\/es\/#\/schema\/person\/76402b3180eef131413100afc3282997"},"headline":"C\u00f3mo transformar tu centro educativo en una escuela sostenible","datePublished":"2023-02-06T11:08:18+00:00","dateModified":"2023-02-06T11:11:25+00:00","mainEntityOfPage":{"@id":"https:\/\/grupefebe.com\/es\/como-transformar-tu-centro-en-una-escuela-sostenible\/"},"wordCount":585,"publisher":{"@id":"https:\/\/www.grupefebe.com\/es\/#organization"},"image":{"@id":"https:\/\/grupefebe.com\/es\/como-transformar-tu-centro-en-una-escuela-sostenible\/#primaryimage"},"thumbnailUrl":"https:\/\/grupefebe.com\/custom\/uploads\/2023\/02\/escuela-sostenible-1-scaled.jpg","articleSection":["Escuelas"],"inLanguage":"es"},{"@type":"WebPage","@id":"https:\/\/grupefebe.com\/es\/como-transformar-tu-centro-en-una-escuela-sostenible\/","url":"https:\/\/grupefebe.com\/es\/como-transformar-tu-centro-en-una-escuela-sostenible\/","name":"C\u00f3mo transformar tu centro educativo en una escuela sostenible | Grupo Efeb\u00e9","isPartOf":{"@id":"https:\/\/www.grupefebe.com\/es\/#website"},"primaryImageOfPage":{"@id":"https:\/\/grupefebe.com\/es\/como-transformar-tu-centro-en-una-escuela-sostenible\/#primaryimage"},"image":{"@id":"https:\/\/grupefebe.com\/es\/como-transformar-tu-centro-en-una-escuela-sostenible\/#primaryimage"},"thumbnailUrl":"https:\/\/grupefebe.com\/custom\/uploads\/2023\/02\/escuela-sostenible-1-scaled.jpg","datePublished":"2023-02-06T11:08:18+00:00","dateModified":"2023-02-06T11:11:25+00:00","description":"\u00bfC\u00f3mo transformar tu centro educativo en una escuela sostenible? En este art\u00edculo de Grup Efeb\u00e9 te contamos c\u00f3mo lo hacemos posible.","breadcrumb":{"@id":"https:\/\/grupefebe.com\/es\/como-transformar-tu-centro-en-una-escuela-sostenible\/#breadcrumb"},"inLanguage":"es","potentialAction":[{"@type":"ReadAction","target":["https:\/\/grupefebe.com\/es\/como-transformar-tu-centro-en-una-escuela-sostenible\/"]}]},{"@type":"ImageObject","inLanguage":"es","@id":"https:\/\/grupefebe.com\/es\/como-transformar-tu-centro-en-una-escuela-sostenible\/#primaryimage","url":"https:\/\/grupefebe.com\/custom\/uploads\/2023\/02\/escuela-sostenible-1-scaled.jpg","contentUrl":"https:\/\/grupefebe.com\/custom\/uploads\/2023\/02\/escuela-sostenible-1-scaled.jpg","width":2560,"height":1707,"caption":"escuela sostenible"},{"@type":"BreadcrumbList","@id":"https:\/\/grupefebe.com\/es\/como-transformar-tu-centro-en-una-escuela-sostenible\/#breadcrumb","itemListElement":[{"@type":"ListItem","position":1,"name":"Inici","item":"https:\/\/www.grupefebe.com\/es\/"},{"@type":"ListItem","position":2,"name":"C\u00f3mo transformar tu centro educativo en una escuela sostenible"}]},{"@type":"WebSite","@id":"https:\/\/www.grupefebe.com\/es\/#website","url":"https:\/\/www.grupefebe.com\/es\/","name":"Grup Efeb\u00e9","description":"Otro sitio realizado con WordPress","publisher":{"@id":"https:\/\/www.grupefebe.com\/es\/#organization"},"potentialAction":[{"@type":"SearchAction","target":{"@type":"EntryPoint","urlTemplate":"https:\/\/www.grupefebe.com\/es\/?s={search_term_string}"},"query-input":{"@type":"PropertyValueSpecification","valueRequired":true,"valueName":"search_term_string"}}],"inLanguage":"es"},{"@type":"Organization","@id":"https:\/\/www.grupefebe.com\/es\/#organization","name":"Grup Efeb\u00e9","url":"https:\/\/www.grupefebe.com\/es\/","logo":{"@type":"ImageObject","inLanguage":"es","@id":"https:\/\/www.grupefebe.com\/es\/#\/schema\/logo\/image\/","url":"https:\/\/grupefebe.com\/custom\/uploads\/2021\/01\/logo-efebe.png","contentUrl":"https:\/\/grupefebe.com\/custom\/uploads\/2021\/01\/logo-efebe.png","width":524,"height":135,"caption":"Grup Efeb\u00e9"},"image":{"@id":"https:\/\/www.grupefebe.com\/es\/#\/schema\/logo\/image\/"},"sameAs":["https:\/\/www.facebook.com\/grup.efebe","https:\/\/x.com\/grup_efebe","https:\/\/www.instagram.com\/grup_efebe\/","https:\/\/www.linkedin.com\/company\/grupefebe","https:\/\/www.youtube.com\/channel\/UCj11-LAuLhPfqrL2649Xzrw"]},{"@type":"Person","@id":"https:\/\/www.grupefebe.com\/es\/#\/schema\/person\/76402b3180eef131413100afc3282997","name":"Grup Efeb\u00e9","image":{"@type":"ImageObject","inLanguage":"es","@id":"https:\/\/www.grupefebe.com\/es\/#\/schema\/person\/image\/","url":"https:\/\/secure.gravatar.com\/avatar\/913bc6aa90480101061296ab9cad4bd4ccfb82c623a8820f3fd577558c1651be?s=96&d=mm&r=g","contentUrl":"https:\/\/secure.gravatar.com\/avatar\/913bc6aa90480101061296ab9cad4bd4ccfb82c623a8820f3fd577558c1651be?s=96&d=mm&r=g","caption":"Grup Efeb\u00e9"},"url":"https:\/\/grupefebe.com\/es\/author\/julia\/"}]}},"_links":{"self":[{"href":"https:\/\/grupefebe.com\/es\/wp-json\/wp\/v2\/posts\/13016","targetHints":{"allow":["GET"]}}],"collection":[{"href":"https:\/\/grupefebe.com\/es\/wp-json\/wp\/v2\/posts"}],"about":[{"href":"https:\/\/grupefebe.com\/es\/wp-json\/wp\/v2\/types\/post"}],"author":[{"embeddable":true,"href":"https:\/\/grupefebe.com\/es\/wp-json\/wp\/v2\/users\/2"}],"replies":[{"embeddable":true,"href":"https:\/\/grupefebe.com\/es\/wp-json\/wp\/v2\/comments?post=13016"}],"version-history":[{"count":9,"href":"https:\/\/grupefebe.com\/es\/wp-json\/wp\/v2\/posts\/13016\/revisions"}],"predecessor-version":[{"id":13055,"href":"https:\/\/grupefebe.com\/es\/wp-json\/wp\/v2\/posts\/13016\/revisions\/13055"}],"wp:featuredmedia":[{"embeddable":true,"href":"https:\/\/grupefebe.com\/es\/wp-json\/wp\/v2\/media\/13020"}],"wp:attachment":[{"href":"https:\/\/grupefebe.com\/es\/wp-json\/wp\/v2\/media?parent=13016"}],"wp:term":[{"taxonomy":"category","embeddable":true,"href":"https:\/\/grupefebe.com\/es\/wp-json\/wp\/v2\/categories?post=13016"}],"curies":[{"name":"wp","href":"https:\/\/api.w.org\/{rel}","templated":true}]}}