{"id":13067,"date":"2023-02-08T11:18:53","date_gmt":"2023-02-08T11:18:53","guid":{"rendered":"https:\/\/grupefebe.com\/materials-sostenibles-i-projectes-socials-defebe-a-radio-estel\/"},"modified":"2023-02-08T12:27:56","modified_gmt":"2023-02-08T12:27:56","slug":"materiales-sostenibles-y-proyectos-sociales-de-efebe-en-radio-estel","status":"publish","type":"post","link":"https:\/\/grupefebe.com\/es\/materiales-sostenibles-y-proyectos-sociales-de-efebe-en-radio-estel\/","title":{"rendered":"Materiales sostenibles y proyectos sociales de Efeb\u00e9 en Radio Estel"},"content":{"rendered":"<div class=\"css-1dbjc4n r-1adg3ll r-6gpygo\">\n<div class=\"css-1dbjc4n\">\n<div dir=\"auto\" data-testid=\"UserDescription\">\n<p>Uso de materiales sostenibles, proyectos sociales con la comunidad o el dise\u00f1o de espacios para el bienestar de las personas. Estos son los principales temas que ha tratado el programa \u00abCaminos\u00bb de Radio Estel. Un proyecto sobre econom\u00eda con clave de valores humanos, producido por el <span class=\"css-901oao css-16my406 r-poiln3 r-bcqeeo r-qvutc0\"> <a href=\"http:\/\/www.ceesocials.org\/\">Centre d&#8217;Estudis Econ\u00f2mics i Socials<\/a> (CEES).<\/span><\/p>\n<p>Este magazin ofrece una amplia variedad de temas que van desde la actualidad del d\u00eda, entrevistas, secciones culturales, sociales y deportes, pasando por el an\u00e1lisis y el humor. Todo con un tono natural e informal, para acabar el d\u00eda con buenas sensaciones. Anna Fornt, directora y fundadora de Grup Efeb\u00e9, visita la secci\u00f3n \u00abEconom\u00eda con valores\u00bb, presentada por <strong>Salvador Aragon\u00e9s y Rosario Santa Mar\u00eda<\/strong>.<\/p>\n<\/div>\n<\/div>\n<\/div>\n<div dir=\"auto\" data-testid=\"UserDescription\"><\/div>\n<h3 dir=\"auto\" data-testid=\"UserDescription\">Responsabilidad ambiental<\/h3>\n<p>La responsabilidad con el entorno es fundamental en Grup Efeb\u00e9. Estamos comprometidos con el bienestar planetario, por eso nuestro proceso de dise\u00f1o y construcci\u00f3n de proyectos busca minimizar el impacto ambiental asumiendo criterios de eficiencia energ\u00e9tica.<\/p>\n<p>\u00abNosotros tenemos una vertiente m\u00e1s interna de gesti\u00f3n de nuestro d\u00eda a d\u00eda y nuestro entorno. Tiene mucho que ver con c\u00f3mo gestionamos la luz, la calefacci\u00f3n o el reciclaje. A la hora de proponer soluciones y proyectos con nuestros clientes tambi\u00e9n tenemos en cuenta todos estos conceptos de forma que ahorren energ\u00eda y sus espacios promuevan la innovaci\u00f3n.\u00bb<\/p>\n<p>Adem\u00e1s, Fornt comenta como hacemos uso de materiales sostenibles, naturales y saludables que per se ya son beneficiosos para el entorno. Pues, \u00abdise\u00f1amos con materiales saludables de origen certificado\u00bb.<\/p>\n<h3>\u00bfC\u00f3mo debe ser un lugar confortable?<\/h3>\n<p>Rafa Sanahuja, presentador de \u00abCaminos\u00bb se pregunta \u00abqu\u00e9 es fundamental para que un lugar sea confortable para trabajar, estudiar y vivir\u00bb.<\/p>\n<p>\u00abUna mezcla de un espacio innovador que a la vez sea eficiente y cuente con materiales que faciliten el confort. La ac\u00fastica, la iluminaci\u00f3n, el confort t\u00e9rmico o la ergonom\u00eda son claves para el bienestar en cualquier tipo de espacio.\u00bb<\/p>\n<h3>Mujeres en la construcci\u00f3n<\/h3>\n<p>\u00abEstamos muy orgullosos del proyecto. Somos un equipo mayoritariamente formado por mujeres en el equipo t\u00e9cnico y administrativo. Y pens\u00e1bamos, \u00bfpor qu\u00e9 no en la obra? Donde la mayor\u00eda son hombres.\u00bb, reflexiona Anna Fornt sobre el <strong>Programa Incorpora<\/strong> que hicieron durante el 2022.<\/p>\n<p>\u00abEmpezamos una selecci\u00f3n de personas de la mano de <a href=\"https:\/\/www.fundacioared.org\/es\/\">Fundaci\u00f3 Ared<\/a>. Se trataba de un sector que ellos no hab\u00edan trabajado nunca. Se presentaban mujeres que quer\u00edan reenfocar su vida profesional o buscaban trabajo. Seguidamente, hicimos un proceso de formaci\u00f3n donde convergimos con <a href=\"https:\/\/www.fundacionlaboral.org\/\">Fundaci\u00f3n laboral de la Construcci\u00f3n<\/a>. Nosotros nos encargamos de la formaci\u00f3n t\u00e9cnica, lectura de planos, concienciaci\u00f3n y prevenci\u00f3n de riesgos laborales en las obras.\u00bb<\/p>\n<p>Para acabar, entregamos los diplomas de las mujeres que acabaron la formaci\u00f3n en un acto en el marco de la <a href=\"https:\/\/www.grupefebe.com\/es\/efebe-celebramos-la-presencia-de-la-mujer-en-el-sector-de-la-construccion-en-la-bcn-design-week-2022\/\">Barcelona Design Week 2022<\/a>. Actualmente, \u00a1dos de las mujeres que cursaron el Programa Incorpora forman parte de nuestro equipo de obra!<\/p>\n","protected":false},"excerpt":{"rendered":"<p>Uso de materiales sostenibles, proyectos sociales con la comunidad o el dise\u00f1o de espacios para el bienestar de las personas. [&hellip;]<\/p>\n","protected":false},"author":2,"featured_media":13085,"comment_status":"closed","ping_status":"closed","sticky":false,"template":"","format":"standard","meta":{"_acf_changed":false,"footnotes":"","_links_to":"","_links_to_target":""},"categories":[203,200,202],"class_list":["post-13067","post","type-post","status-publish","format-standard","has-post-thumbnail","hentry","category-escuelas","category-oficinas","category-residencias-mayores"],"acf":[],"yoast_head":"<!-- This site is optimized with the Yoast SEO plugin v25.9 - https:\/\/yoast.com\/wordpress\/plugins\/seo\/ -->\n<title>Materiales sostenibles y proyectos sociales de Efeb\u00e9 en Radio Estel | Grupo Efeb\u00e9<\/title>\n<meta name=\"description\" content=\"Anna Fornt visita el &quot;Economia amb valors&quot; en Radio Estel para hablar sobre los proyectos de Efeb\u00e9, materiales sostenibles que usan y m\u00e1s.\" \/>\n<meta name=\"robots\" content=\"index, follow, max-snippet:-1, max-image-preview:large, max-video-preview:-1\" \/>\n<link rel=\"canonical\" href=\"https:\/\/grupefebe.com\/es\/materiales-sostenibles-y-proyectos-sociales-de-efebe-en-radio-estel\/\" \/>\n<meta property=\"og:locale\" content=\"es_ES\" \/>\n<meta property=\"og:type\" content=\"article\" \/>\n<meta property=\"og:title\" content=\"Materiales sostenibles y proyectos sociales de Efeb\u00e9 en Radio Estel | Grupo Efeb\u00e9\" \/>\n<meta property=\"og:description\" content=\"Anna Fornt visita el &quot;Economia amb valors&quot; en Radio Estel para hablar sobre los proyectos de Efeb\u00e9, materiales sostenibles que usan y m\u00e1s.\" \/>\n<meta property=\"og:url\" content=\"https:\/\/grupefebe.com\/es\/materiales-sostenibles-y-proyectos-sociales-de-efebe-en-radio-estel\/\" \/>\n<meta property=\"og:site_name\" content=\"Grupo Efeb\u00e9\" \/>\n<meta property=\"article:publisher\" content=\"https:\/\/www.facebook.com\/grup.efebe\" \/>\n<meta property=\"article:published_time\" content=\"2023-02-08T11:18:53+00:00\" \/>\n<meta property=\"article:modified_time\" content=\"2023-02-08T12:27:56+00:00\" \/>\n<meta property=\"og:image\" content=\"https:\/\/www.grupefebe.com\/custom\/uploads\/2023\/02\/materiales-sostenibles.jpg\" \/>\n\t<meta property=\"og:image:width\" content=\"2048\" \/>\n\t<meta property=\"og:image:height\" content=\"1152\" \/>\n\t<meta property=\"og:image:type\" content=\"image\/jpeg\" \/>\n<meta name=\"author\" content=\"Grup Efeb\u00e9\" \/>\n<meta name=\"twitter:card\" content=\"summary_large_image\" \/>\n<meta name=\"twitter:creator\" content=\"@grup_efebe\" \/>\n<meta name=\"twitter:site\" content=\"@grup_efebe\" \/>\n<meta name=\"twitter:label1\" content=\"Escrito por\" \/>\n\t<meta name=\"twitter:data1\" content=\"Grup Efeb\u00e9\" \/>\n\t<meta name=\"twitter:label2\" content=\"Tiempo de lectura\" \/>\n\t<meta name=\"twitter:data2\" content=\"3 minutos\" \/>\n<script type=\"application\/ld+json\" class=\"yoast-schema-graph\">{\"@context\":\"https:\/\/schema.org\",\"@graph\":[{\"@type\":\"Article\",\"@id\":\"https:\/\/grupefebe.com\/es\/materiales-sostenibles-y-proyectos-sociales-de-efebe-en-radio-estel\/#article\",\"isPartOf\":{\"@id\":\"https:\/\/grupefebe.com\/es\/materiales-sostenibles-y-proyectos-sociales-de-efebe-en-radio-estel\/\"},\"author\":{\"name\":\"Grup Efeb\u00e9\",\"@id\":\"https:\/\/mail.grupefebe.com\/es\/#\/schema\/person\/76402b3180eef131413100afc3282997\"},\"headline\":\"Materiales sostenibles y proyectos sociales de Efeb\u00e9 en Radio Estel\",\"datePublished\":\"2023-02-08T11:18:53+00:00\",\"dateModified\":\"2023-02-08T12:27:56+00:00\",\"mainEntityOfPage\":{\"@id\":\"https:\/\/grupefebe.com\/es\/materiales-sostenibles-y-proyectos-sociales-de-efebe-en-radio-estel\/\"},\"wordCount\":516,\"publisher\":{\"@id\":\"https:\/\/mail.grupefebe.com\/es\/#organization\"},\"image\":{\"@id\":\"https:\/\/grupefebe.com\/es\/materiales-sostenibles-y-proyectos-sociales-de-efebe-en-radio-estel\/#primaryimage\"},\"thumbnailUrl\":\"https:\/\/grupefebe.com\/custom\/uploads\/2023\/02\/materiales-sostenibles.jpg\",\"articleSection\":[\"Escuelas\",\"Oficinas\",\"Residencias para mayores\"],\"inLanguage\":\"es\"},{\"@type\":\"WebPage\",\"@id\":\"https:\/\/grupefebe.com\/es\/materiales-sostenibles-y-proyectos-sociales-de-efebe-en-radio-estel\/\",\"url\":\"https:\/\/grupefebe.com\/es\/materiales-sostenibles-y-proyectos-sociales-de-efebe-en-radio-estel\/\",\"name\":\"Materiales sostenibles y proyectos sociales de Efeb\u00e9 en Radio Estel | Grupo Efeb\u00e9\",\"isPartOf\":{\"@id\":\"https:\/\/mail.grupefebe.com\/es\/#website\"},\"primaryImageOfPage\":{\"@id\":\"https:\/\/grupefebe.com\/es\/materiales-sostenibles-y-proyectos-sociales-de-efebe-en-radio-estel\/#primaryimage\"},\"image\":{\"@id\":\"https:\/\/grupefebe.com\/es\/materiales-sostenibles-y-proyectos-sociales-de-efebe-en-radio-estel\/#primaryimage\"},\"thumbnailUrl\":\"https:\/\/grupefebe.com\/custom\/uploads\/2023\/02\/materiales-sostenibles.jpg\",\"datePublished\":\"2023-02-08T11:18:53+00:00\",\"dateModified\":\"2023-02-08T12:27:56+00:00\",\"description\":\"Anna Fornt visita el \\\"Economia amb valors\\\" en Radio Estel para hablar sobre los proyectos de Efeb\u00e9, materiales sostenibles que usan y m\u00e1s.\",\"breadcrumb\":{\"@id\":\"https:\/\/grupefebe.com\/es\/materiales-sostenibles-y-proyectos-sociales-de-efebe-en-radio-estel\/#breadcrumb\"},\"inLanguage\":\"es\",\"potentialAction\":[{\"@type\":\"ReadAction\",\"target\":[\"https:\/\/grupefebe.com\/es\/materiales-sostenibles-y-proyectos-sociales-de-efebe-en-radio-estel\/\"]}]},{\"@type\":\"ImageObject\",\"inLanguage\":\"es\",\"@id\":\"https:\/\/grupefebe.com\/es\/materiales-sostenibles-y-proyectos-sociales-de-efebe-en-radio-estel\/#primaryimage\",\"url\":\"https:\/\/grupefebe.com\/custom\/uploads\/2023\/02\/materiales-sostenibles.jpg\",\"contentUrl\":\"https:\/\/grupefebe.com\/custom\/uploads\/2023\/02\/materiales-sostenibles.jpg\",\"width\":2048,\"height\":1152,\"caption\":\"materials sostenibles\"},{\"@type\":\"BreadcrumbList\",\"@id\":\"https:\/\/grupefebe.com\/es\/materiales-sostenibles-y-proyectos-sociales-de-efebe-en-radio-estel\/#breadcrumb\",\"itemListElement\":[{\"@type\":\"ListItem\",\"position\":1,\"name\":\"Inici\",\"item\":\"https:\/\/mail.grupefebe.com\/es\/\"},{\"@type\":\"ListItem\",\"position\":2,\"name\":\"Materiales sostenibles y proyectos sociales de Efeb\u00e9 en Radio Estel\"}]},{\"@type\":\"WebSite\",\"@id\":\"https:\/\/mail.grupefebe.com\/es\/#website\",\"url\":\"https:\/\/mail.grupefebe.com\/es\/\",\"name\":\"Grup Efeb\u00e9\",\"description\":\"Otro sitio realizado con WordPress\",\"publisher\":{\"@id\":\"https:\/\/mail.grupefebe.com\/es\/#organization\"},\"potentialAction\":[{\"@type\":\"SearchAction\",\"target\":{\"@type\":\"EntryPoint\",\"urlTemplate\":\"https:\/\/mail.grupefebe.com\/es\/?s={search_term_string}\"},\"query-input\":{\"@type\":\"PropertyValueSpecification\",\"valueRequired\":true,\"valueName\":\"search_term_string\"}}],\"inLanguage\":\"es\"},{\"@type\":\"Organization\",\"@id\":\"https:\/\/mail.grupefebe.com\/es\/#organization\",\"name\":\"Grup Efeb\u00e9\",\"url\":\"https:\/\/mail.grupefebe.com\/es\/\",\"logo\":{\"@type\":\"ImageObject\",\"inLanguage\":\"es\",\"@id\":\"https:\/\/mail.grupefebe.com\/es\/#\/schema\/logo\/image\/\",\"url\":\"https:\/\/grupefebe.com\/custom\/uploads\/2021\/01\/logo-efebe.png\",\"contentUrl\":\"https:\/\/grupefebe.com\/custom\/uploads\/2021\/01\/logo-efebe.png\",\"width\":524,\"height\":135,\"caption\":\"Grup Efeb\u00e9\"},\"image\":{\"@id\":\"https:\/\/mail.grupefebe.com\/es\/#\/schema\/logo\/image\/\"},\"sameAs\":[\"https:\/\/www.facebook.com\/grup.efebe\",\"https:\/\/x.com\/grup_efebe\",\"https:\/\/www.instagram.com\/grup_efebe\/\",\"https:\/\/www.linkedin.com\/company\/grupefebe\",\"https:\/\/www.youtube.com\/channel\/UCj11-LAuLhPfqrL2649Xzrw\"]},{\"@type\":\"Person\",\"@id\":\"https:\/\/mail.grupefebe.com\/es\/#\/schema\/person\/76402b3180eef131413100afc3282997\",\"name\":\"Grup Efeb\u00e9\",\"image\":{\"@type\":\"ImageObject\",\"inLanguage\":\"es\",\"@id\":\"https:\/\/mail.grupefebe.com\/es\/#\/schema\/person\/image\/\",\"url\":\"https:\/\/secure.gravatar.com\/avatar\/913bc6aa90480101061296ab9cad4bd4ccfb82c623a8820f3fd577558c1651be?s=96&d=mm&r=g\",\"contentUrl\":\"https:\/\/secure.gravatar.com\/avatar\/913bc6aa90480101061296ab9cad4bd4ccfb82c623a8820f3fd577558c1651be?s=96&d=mm&r=g\",\"caption\":\"Grup Efeb\u00e9\"},\"url\":\"https:\/\/grupefebe.com\/es\/author\/julia\/\"}]}<\/script>\n<!-- \/ Yoast SEO plugin. -->","yoast_head_json":{"title":"Materiales sostenibles y proyectos sociales de Efeb\u00e9 en Radio Estel | Grupo Efeb\u00e9","description":"Anna Fornt visita el \"Economia amb valors\" en Radio Estel para hablar sobre los proyectos de Efeb\u00e9, materiales sostenibles que usan y m\u00e1s.","robots":{"index":"index","follow":"follow","max-snippet":"max-snippet:-1","max-image-preview":"max-image-preview:large","max-video-preview":"max-video-preview:-1"},"canonical":"https:\/\/grupefebe.com\/es\/materiales-sostenibles-y-proyectos-sociales-de-efebe-en-radio-estel\/","og_locale":"es_ES","og_type":"article","og_title":"Materiales sostenibles y proyectos sociales de Efeb\u00e9 en Radio Estel | Grupo Efeb\u00e9","og_description":"Anna Fornt visita el \"Economia amb valors\" en Radio Estel para hablar sobre los proyectos de Efeb\u00e9, materiales sostenibles que usan y m\u00e1s.","og_url":"https:\/\/grupefebe.com\/es\/materiales-sostenibles-y-proyectos-sociales-de-efebe-en-radio-estel\/","og_site_name":"Grupo Efeb\u00e9","article_publisher":"https:\/\/www.facebook.com\/grup.efebe","article_published_time":"2023-02-08T11:18:53+00:00","article_modified_time":"2023-02-08T12:27:56+00:00","og_image":[{"width":2048,"height":1152,"url":"https:\/\/www.grupefebe.com\/custom\/uploads\/2023\/02\/materiales-sostenibles.jpg","type":"image\/jpeg"}],"author":"Grup Efeb\u00e9","twitter_card":"summary_large_image","twitter_creator":"@grup_efebe","twitter_site":"@grup_efebe","twitter_misc":{"Escrito por":"Grup Efeb\u00e9","Tiempo de lectura":"3 minutos"},"schema":{"@context":"https:\/\/schema.org","@graph":[{"@type":"Article","@id":"https:\/\/grupefebe.com\/es\/materiales-sostenibles-y-proyectos-sociales-de-efebe-en-radio-estel\/#article","isPartOf":{"@id":"https:\/\/grupefebe.com\/es\/materiales-sostenibles-y-proyectos-sociales-de-efebe-en-radio-estel\/"},"author":{"name":"Grup Efeb\u00e9","@id":"https:\/\/mail.grupefebe.com\/es\/#\/schema\/person\/76402b3180eef131413100afc3282997"},"headline":"Materiales sostenibles y proyectos sociales de Efeb\u00e9 en Radio Estel","datePublished":"2023-02-08T11:18:53+00:00","dateModified":"2023-02-08T12:27:56+00:00","mainEntityOfPage":{"@id":"https:\/\/grupefebe.com\/es\/materiales-sostenibles-y-proyectos-sociales-de-efebe-en-radio-estel\/"},"wordCount":516,"publisher":{"@id":"https:\/\/mail.grupefebe.com\/es\/#organization"},"image":{"@id":"https:\/\/grupefebe.com\/es\/materiales-sostenibles-y-proyectos-sociales-de-efebe-en-radio-estel\/#primaryimage"},"thumbnailUrl":"https:\/\/grupefebe.com\/custom\/uploads\/2023\/02\/materiales-sostenibles.jpg","articleSection":["Escuelas","Oficinas","Residencias para mayores"],"inLanguage":"es"},{"@type":"WebPage","@id":"https:\/\/grupefebe.com\/es\/materiales-sostenibles-y-proyectos-sociales-de-efebe-en-radio-estel\/","url":"https:\/\/grupefebe.com\/es\/materiales-sostenibles-y-proyectos-sociales-de-efebe-en-radio-estel\/","name":"Materiales sostenibles y proyectos sociales de Efeb\u00e9 en Radio Estel | Grupo Efeb\u00e9","isPartOf":{"@id":"https:\/\/mail.grupefebe.com\/es\/#website"},"primaryImageOfPage":{"@id":"https:\/\/grupefebe.com\/es\/materiales-sostenibles-y-proyectos-sociales-de-efebe-en-radio-estel\/#primaryimage"},"image":{"@id":"https:\/\/grupefebe.com\/es\/materiales-sostenibles-y-proyectos-sociales-de-efebe-en-radio-estel\/#primaryimage"},"thumbnailUrl":"https:\/\/grupefebe.com\/custom\/uploads\/2023\/02\/materiales-sostenibles.jpg","datePublished":"2023-02-08T11:18:53+00:00","dateModified":"2023-02-08T12:27:56+00:00","description":"Anna Fornt visita el \"Economia amb valors\" en Radio Estel para hablar sobre los proyectos de Efeb\u00e9, materiales sostenibles que usan y m\u00e1s.","breadcrumb":{"@id":"https:\/\/grupefebe.com\/es\/materiales-sostenibles-y-proyectos-sociales-de-efebe-en-radio-estel\/#breadcrumb"},"inLanguage":"es","potentialAction":[{"@type":"ReadAction","target":["https:\/\/grupefebe.com\/es\/materiales-sostenibles-y-proyectos-sociales-de-efebe-en-radio-estel\/"]}]},{"@type":"ImageObject","inLanguage":"es","@id":"https:\/\/grupefebe.com\/es\/materiales-sostenibles-y-proyectos-sociales-de-efebe-en-radio-estel\/#primaryimage","url":"https:\/\/grupefebe.com\/custom\/uploads\/2023\/02\/materiales-sostenibles.jpg","contentUrl":"https:\/\/grupefebe.com\/custom\/uploads\/2023\/02\/materiales-sostenibles.jpg","width":2048,"height":1152,"caption":"materials sostenibles"},{"@type":"BreadcrumbList","@id":"https:\/\/grupefebe.com\/es\/materiales-sostenibles-y-proyectos-sociales-de-efebe-en-radio-estel\/#breadcrumb","itemListElement":[{"@type":"ListItem","position":1,"name":"Inici","item":"https:\/\/mail.grupefebe.com\/es\/"},{"@type":"ListItem","position":2,"name":"Materiales sostenibles y proyectos sociales de Efeb\u00e9 en Radio Estel"}]},{"@type":"WebSite","@id":"https:\/\/mail.grupefebe.com\/es\/#website","url":"https:\/\/mail.grupefebe.com\/es\/","name":"Grup Efeb\u00e9","description":"Otro sitio realizado con WordPress","publisher":{"@id":"https:\/\/mail.grupefebe.com\/es\/#organization"},"potentialAction":[{"@type":"SearchAction","target":{"@type":"EntryPoint","urlTemplate":"https:\/\/mail.grupefebe.com\/es\/?s={search_term_string}"},"query-input":{"@type":"PropertyValueSpecification","valueRequired":true,"valueName":"search_term_string"}}],"inLanguage":"es"},{"@type":"Organization","@id":"https:\/\/mail.grupefebe.com\/es\/#organization","name":"Grup Efeb\u00e9","url":"https:\/\/mail.grupefebe.com\/es\/","logo":{"@type":"ImageObject","inLanguage":"es","@id":"https:\/\/mail.grupefebe.com\/es\/#\/schema\/logo\/image\/","url":"https:\/\/grupefebe.com\/custom\/uploads\/2021\/01\/logo-efebe.png","contentUrl":"https:\/\/grupefebe.com\/custom\/uploads\/2021\/01\/logo-efebe.png","width":524,"height":135,"caption":"Grup Efeb\u00e9"},"image":{"@id":"https:\/\/mail.grupefebe.com\/es\/#\/schema\/logo\/image\/"},"sameAs":["https:\/\/www.facebook.com\/grup.efebe","https:\/\/x.com\/grup_efebe","https:\/\/www.instagram.com\/grup_efebe\/","https:\/\/www.linkedin.com\/company\/grupefebe","https:\/\/www.youtube.com\/channel\/UCj11-LAuLhPfqrL2649Xzrw"]},{"@type":"Person","@id":"https:\/\/mail.grupefebe.com\/es\/#\/schema\/person\/76402b3180eef131413100afc3282997","name":"Grup Efeb\u00e9","image":{"@type":"ImageObject","inLanguage":"es","@id":"https:\/\/mail.grupefebe.com\/es\/#\/schema\/person\/image\/","url":"https:\/\/secure.gravatar.com\/avatar\/913bc6aa90480101061296ab9cad4bd4ccfb82c623a8820f3fd577558c1651be?s=96&d=mm&r=g","contentUrl":"https:\/\/secure.gravatar.com\/avatar\/913bc6aa90480101061296ab9cad4bd4ccfb82c623a8820f3fd577558c1651be?s=96&d=mm&r=g","caption":"Grup Efeb\u00e9"},"url":"https:\/\/grupefebe.com\/es\/author\/julia\/"}]}},"_links":{"self":[{"href":"https:\/\/grupefebe.com\/es\/wp-json\/wp\/v2\/posts\/13067","targetHints":{"allow":["GET"]}}],"collection":[{"href":"https:\/\/grupefebe.com\/es\/wp-json\/wp\/v2\/posts"}],"about":[{"href":"https:\/\/grupefebe.com\/es\/wp-json\/wp\/v2\/types\/post"}],"author":[{"embeddable":true,"href":"https:\/\/grupefebe.com\/es\/wp-json\/wp\/v2\/users\/2"}],"replies":[{"embeddable":true,"href":"https:\/\/grupefebe.com\/es\/wp-json\/wp\/v2\/comments?post=13067"}],"version-history":[{"count":3,"href":"https:\/\/grupefebe.com\/es\/wp-json\/wp\/v2\/posts\/13067\/revisions"}],"predecessor-version":[{"id":13071,"href":"https:\/\/grupefebe.com\/es\/wp-json\/wp\/v2\/posts\/13067\/revisions\/13071"}],"wp:featuredmedia":[{"embeddable":true,"href":"https:\/\/grupefebe.com\/es\/wp-json\/wp\/v2\/media\/13085"}],"wp:attachment":[{"href":"https:\/\/grupefebe.com\/es\/wp-json\/wp\/v2\/media?parent=13067"}],"wp:term":[{"taxonomy":"category","embeddable":true,"href":"https:\/\/grupefebe.com\/es\/wp-json\/wp\/v2\/categories?post=13067"}],"curies":[{"name":"wp","href":"https:\/\/api.w.org\/{rel}","templated":true}]}}