{"id":13418,"date":"2023-03-13T14:47:22","date_gmt":"2023-03-13T14:47:22","guid":{"rendered":"https:\/\/grupefebe.com\/transperfect-mountain-challenge-2023-una-cursa-solidaria\/"},"modified":"2023-03-13T15:02:08","modified_gmt":"2023-03-13T15:02:08","slug":"transperfect-mountain-challenge-2023-una-carrera-solidaria","status":"publish","type":"post","link":"https:\/\/grupefebe.com\/es\/transperfect-mountain-challenge-2023-una-carrera-solidaria\/","title":{"rendered":"TransPerfect Mountain Challenge 2023, una carrera solidaria"},"content":{"rendered":"<p>El equipo de Grup Efeb\u00e9 hemos hecho una donaci\u00f3n a la <a href=\"https:\/\/grupefebe.com\/es\/efebe-colabora-en-la-2a-edicion-de-la-transperfect-mountain-challenge\/\"><strong>TransPerfect Mountain Challenge<\/strong><\/a> 2023, la carrera solidaria organizada por TransPerfect en beneficio de las familias afectadas por el c\u00e1ncer infantil.<\/p>\n<p>El s\u00e1bado 11 de marzo ha tenido lugar el acontecimiento solidario y, un a\u00f1o m\u00e1s, no nos lo hemos querido perder.<\/p>\n<p>A continuaci\u00f3n, \u00a1en este art\u00edculo de nuestro blog te explicamos c\u00f3mo ha sido la jornada!<\/p>\n<h3>TransPerfect Mountain Challenge 2023<\/h3>\n<p>Esta iniciativa est\u00e1 pensada para destinar todas las donaciones y aportaciones de los participantes directamente a <a href=\"https:\/\/afanoc.org\/\"><strong>AFANOC<\/strong><\/a> (Asociaci\u00f3n de Familiares y Amigos de Ni\u00f1os Oncol\u00f3gicos de Catalu\u00f1a). Se trata de una organizaci\u00f3n sin \u00e1nimo de lucro que apoya a las familias con ni\u00f1os\/se y adolescentes con c\u00e1ncer.<\/p>\n<p>El equipo de Efeb\u00e9 hemos asistido a la carrera solidaria que se celebra desde 2018 en Sant Iscle de Vallalta (Barcelona). Nos hemos dividido entre la <strong>carrera de orientaci\u00f3n rogaine<\/strong> con el \u00fanico uso de un mapa y una br\u00fajula y el <strong>trail de 5 km<\/strong>. Adem\u00e1s, queremos felicitar a Guillem Serra (Jefe de Obra de Efeb\u00e9) y Juan Felipe Iturralde (Interiorista de Efeb\u00e9). Han quedado primero y segundo del Trail, respectivamente.<\/p>\n<p>Para acabar, \u00a1en este art\u00edculo compartimos una compilaci\u00f3n de im\u00e1genes del equipo de Grup Efeb\u00e9! Si quieres m\u00e1s informaci\u00f3n sobre la iniciativa o quieres participar de alguna forma el pr\u00f3ximo a\u00f1o, puedes entrar <a href=\"https:\/\/www.transperfectmountainchallenge.com\/ca\/transperfect-mountain-challenge-2\/\">aqu\u00ed<\/a> y descubrir como hacerlo.<\/p>\n<p>&nbsp;<\/p>\n\n\t\t<div class='galeria-blog owl-carousel-blog owl-carousel owl-theme'><img src='https:\/\/grupefebe.com\/custom\/uploads\/2023\/03\/transperfect-mountain-challenge-2023-2.jpg'><img src='https:\/\/grupefebe.com\/custom\/uploads\/2023\/03\/transperfect-mountain-challenge-2023-5.jpeg'><img src='https:\/\/grupefebe.com\/custom\/uploads\/2023\/03\/transperfect-mountain-challenge-2023-4.jpg'><img src='https:\/\/grupefebe.com\/custom\/uploads\/2023\/03\/transperfect-mountain-challenge-2023-3.jpg'><img src='https:\/\/grupefebe.com\/custom\/uploads\/2023\/03\/transperfect-mountain-challenge-2023-1.jpg'><\/div>\n","protected":false},"excerpt":{"rendered":"<p>El equipo de Grup Efeb\u00e9 hemos hecho una donaci\u00f3n a la TransPerfect Mountain Challenge 2023, la carrera solidaria organizada por [&hellip;]<\/p>\n","protected":false},"author":2,"featured_media":13398,"comment_status":"closed","ping_status":"closed","sticky":false,"template":"","format":"standard","meta":{"_acf_changed":false,"footnotes":"","_links_to":"","_links_to_target":""},"categories":[201],"class_list":["post-13418","post","type-post","status-publish","format-standard","has-post-thumbnail","hentry","category-otros-sectores"],"acf":[],"yoast_head":"<!-- This site is optimized with the Yoast SEO plugin v25.9 - https:\/\/yoast.com\/wordpress\/plugins\/seo\/ -->\n<title>TransPerfect Mountain Challenge 2023, una carrera solidaria | Grupo Efeb\u00e9<\/title>\n<meta name=\"description\" content=\"El equipo de Grup Efeb\u00e9 hemos hecho una donaci\u00f3n y participamos en el TransPerfect Mountain Challenge 2023. \u00a1Descubre los detalles aqu\u00ed!\" \/>\n<meta name=\"robots\" content=\"index, follow, max-snippet:-1, max-image-preview:large, max-video-preview:-1\" \/>\n<link rel=\"canonical\" href=\"https:\/\/grupefebe.com\/es\/transperfect-mountain-challenge-2023-una-carrera-solidaria\/\" \/>\n<meta property=\"og:locale\" content=\"es_ES\" \/>\n<meta property=\"og:type\" content=\"article\" \/>\n<meta property=\"og:title\" content=\"TransPerfect Mountain Challenge 2023, una carrera solidaria | Grupo Efeb\u00e9\" \/>\n<meta property=\"og:description\" content=\"El equipo de Grup Efeb\u00e9 hemos hecho una donaci\u00f3n y participamos en el TransPerfect Mountain Challenge 2023. \u00a1Descubre los detalles aqu\u00ed!\" \/>\n<meta property=\"og:url\" content=\"https:\/\/grupefebe.com\/es\/transperfect-mountain-challenge-2023-una-carrera-solidaria\/\" \/>\n<meta property=\"og:site_name\" content=\"Grupo Efeb\u00e9\" \/>\n<meta property=\"article:publisher\" content=\"https:\/\/www.facebook.com\/grup.efebe\" \/>\n<meta property=\"article:published_time\" content=\"2023-03-13T14:47:22+00:00\" \/>\n<meta property=\"article:modified_time\" content=\"2023-03-13T15:02:08+00:00\" \/>\n<meta property=\"og:image\" content=\"https:\/\/www.grupefebe.com\/custom\/uploads\/2023\/03\/MicrosoftTeams-image-1.jpg\" \/>\n\t<meta property=\"og:image:width\" content=\"1024\" \/>\n\t<meta property=\"og:image:height\" content=\"1018\" \/>\n\t<meta property=\"og:image:type\" content=\"image\/jpeg\" \/>\n<meta name=\"author\" content=\"Grup Efeb\u00e9\" \/>\n<meta name=\"twitter:card\" content=\"summary_large_image\" \/>\n<meta name=\"twitter:creator\" content=\"@grup_efebe\" \/>\n<meta name=\"twitter:site\" content=\"@grup_efebe\" \/>\n<meta name=\"twitter:label1\" content=\"Escrito por\" \/>\n\t<meta name=\"twitter:data1\" content=\"Grup Efeb\u00e9\" \/>\n\t<meta name=\"twitter:label2\" content=\"Tiempo de lectura\" \/>\n\t<meta name=\"twitter:data2\" content=\"2 minutos\" \/>\n<script type=\"application\/ld+json\" class=\"yoast-schema-graph\">{\"@context\":\"https:\/\/schema.org\",\"@graph\":[{\"@type\":\"Article\",\"@id\":\"https:\/\/grupefebe.com\/es\/transperfect-mountain-challenge-2023-una-carrera-solidaria\/#article\",\"isPartOf\":{\"@id\":\"https:\/\/grupefebe.com\/es\/transperfect-mountain-challenge-2023-una-carrera-solidaria\/\"},\"author\":{\"name\":\"Grup Efeb\u00e9\",\"@id\":\"https:\/\/www.grupefebe.com\/es\/#\/schema\/person\/76402b3180eef131413100afc3282997\"},\"headline\":\"TransPerfect Mountain Challenge 2023, una carrera solidaria\",\"datePublished\":\"2023-03-13T14:47:22+00:00\",\"dateModified\":\"2023-03-13T15:02:08+00:00\",\"mainEntityOfPage\":{\"@id\":\"https:\/\/grupefebe.com\/es\/transperfect-mountain-challenge-2023-una-carrera-solidaria\/\"},\"wordCount\":258,\"publisher\":{\"@id\":\"https:\/\/www.grupefebe.com\/es\/#organization\"},\"image\":{\"@id\":\"https:\/\/grupefebe.com\/es\/transperfect-mountain-challenge-2023-una-carrera-solidaria\/#primaryimage\"},\"thumbnailUrl\":\"https:\/\/grupefebe.com\/custom\/uploads\/2023\/03\/MicrosoftTeams-image-1.jpg\",\"articleSection\":[\"Otros Sectores\"],\"inLanguage\":\"es\"},{\"@type\":\"WebPage\",\"@id\":\"https:\/\/grupefebe.com\/es\/transperfect-mountain-challenge-2023-una-carrera-solidaria\/\",\"url\":\"https:\/\/grupefebe.com\/es\/transperfect-mountain-challenge-2023-una-carrera-solidaria\/\",\"name\":\"TransPerfect Mountain Challenge 2023, una carrera solidaria | Grupo Efeb\u00e9\",\"isPartOf\":{\"@id\":\"https:\/\/www.grupefebe.com\/es\/#website\"},\"primaryImageOfPage\":{\"@id\":\"https:\/\/grupefebe.com\/es\/transperfect-mountain-challenge-2023-una-carrera-solidaria\/#primaryimage\"},\"image\":{\"@id\":\"https:\/\/grupefebe.com\/es\/transperfect-mountain-challenge-2023-una-carrera-solidaria\/#primaryimage\"},\"thumbnailUrl\":\"https:\/\/grupefebe.com\/custom\/uploads\/2023\/03\/MicrosoftTeams-image-1.jpg\",\"datePublished\":\"2023-03-13T14:47:22+00:00\",\"dateModified\":\"2023-03-13T15:02:08+00:00\",\"description\":\"El equipo de Grup Efeb\u00e9 hemos hecho una donaci\u00f3n y participamos en el TransPerfect Mountain Challenge 2023. \u00a1Descubre los detalles aqu\u00ed!\",\"breadcrumb\":{\"@id\":\"https:\/\/grupefebe.com\/es\/transperfect-mountain-challenge-2023-una-carrera-solidaria\/#breadcrumb\"},\"inLanguage\":\"es\",\"potentialAction\":[{\"@type\":\"ReadAction\",\"target\":[\"https:\/\/grupefebe.com\/es\/transperfect-mountain-challenge-2023-una-carrera-solidaria\/\"]}]},{\"@type\":\"ImageObject\",\"inLanguage\":\"es\",\"@id\":\"https:\/\/grupefebe.com\/es\/transperfect-mountain-challenge-2023-una-carrera-solidaria\/#primaryimage\",\"url\":\"https:\/\/grupefebe.com\/custom\/uploads\/2023\/03\/MicrosoftTeams-image-1.jpg\",\"contentUrl\":\"https:\/\/grupefebe.com\/custom\/uploads\/2023\/03\/MicrosoftTeams-image-1.jpg\",\"width\":1024,\"height\":1018,\"caption\":\"transperfect mountain challenge 2023\"},{\"@type\":\"BreadcrumbList\",\"@id\":\"https:\/\/grupefebe.com\/es\/transperfect-mountain-challenge-2023-una-carrera-solidaria\/#breadcrumb\",\"itemListElement\":[{\"@type\":\"ListItem\",\"position\":1,\"name\":\"Inici\",\"item\":\"https:\/\/www.grupefebe.com\/es\/\"},{\"@type\":\"ListItem\",\"position\":2,\"name\":\"TransPerfect Mountain Challenge 2023, una carrera solidaria\"}]},{\"@type\":\"WebSite\",\"@id\":\"https:\/\/www.grupefebe.com\/es\/#website\",\"url\":\"https:\/\/www.grupefebe.com\/es\/\",\"name\":\"Grup Efeb\u00e9\",\"description\":\"Otro sitio realizado con WordPress\",\"publisher\":{\"@id\":\"https:\/\/www.grupefebe.com\/es\/#organization\"},\"potentialAction\":[{\"@type\":\"SearchAction\",\"target\":{\"@type\":\"EntryPoint\",\"urlTemplate\":\"https:\/\/www.grupefebe.com\/es\/?s={search_term_string}\"},\"query-input\":{\"@type\":\"PropertyValueSpecification\",\"valueRequired\":true,\"valueName\":\"search_term_string\"}}],\"inLanguage\":\"es\"},{\"@type\":\"Organization\",\"@id\":\"https:\/\/www.grupefebe.com\/es\/#organization\",\"name\":\"Grup Efeb\u00e9\",\"url\":\"https:\/\/www.grupefebe.com\/es\/\",\"logo\":{\"@type\":\"ImageObject\",\"inLanguage\":\"es\",\"@id\":\"https:\/\/www.grupefebe.com\/es\/#\/schema\/logo\/image\/\",\"url\":\"https:\/\/grupefebe.com\/custom\/uploads\/2021\/01\/logo-efebe.png\",\"contentUrl\":\"https:\/\/grupefebe.com\/custom\/uploads\/2021\/01\/logo-efebe.png\",\"width\":524,\"height\":135,\"caption\":\"Grup Efeb\u00e9\"},\"image\":{\"@id\":\"https:\/\/www.grupefebe.com\/es\/#\/schema\/logo\/image\/\"},\"sameAs\":[\"https:\/\/www.facebook.com\/grup.efebe\",\"https:\/\/x.com\/grup_efebe\",\"https:\/\/www.instagram.com\/grup_efebe\/\",\"https:\/\/www.linkedin.com\/company\/grupefebe\",\"https:\/\/www.youtube.com\/channel\/UCj11-LAuLhPfqrL2649Xzrw\"]},{\"@type\":\"Person\",\"@id\":\"https:\/\/www.grupefebe.com\/es\/#\/schema\/person\/76402b3180eef131413100afc3282997\",\"name\":\"Grup Efeb\u00e9\",\"image\":{\"@type\":\"ImageObject\",\"inLanguage\":\"es\",\"@id\":\"https:\/\/www.grupefebe.com\/es\/#\/schema\/person\/image\/\",\"url\":\"https:\/\/secure.gravatar.com\/avatar\/913bc6aa90480101061296ab9cad4bd4ccfb82c623a8820f3fd577558c1651be?s=96&d=mm&r=g\",\"contentUrl\":\"https:\/\/secure.gravatar.com\/avatar\/913bc6aa90480101061296ab9cad4bd4ccfb82c623a8820f3fd577558c1651be?s=96&d=mm&r=g\",\"caption\":\"Grup Efeb\u00e9\"},\"url\":\"https:\/\/grupefebe.com\/es\/author\/julia\/\"}]}<\/script>\n<!-- \/ Yoast SEO plugin. -->","yoast_head_json":{"title":"TransPerfect Mountain Challenge 2023, una carrera solidaria | Grupo Efeb\u00e9","description":"El equipo de Grup Efeb\u00e9 hemos hecho una donaci\u00f3n y participamos en el TransPerfect Mountain Challenge 2023. \u00a1Descubre los detalles aqu\u00ed!","robots":{"index":"index","follow":"follow","max-snippet":"max-snippet:-1","max-image-preview":"max-image-preview:large","max-video-preview":"max-video-preview:-1"},"canonical":"https:\/\/grupefebe.com\/es\/transperfect-mountain-challenge-2023-una-carrera-solidaria\/","og_locale":"es_ES","og_type":"article","og_title":"TransPerfect Mountain Challenge 2023, una carrera solidaria | Grupo Efeb\u00e9","og_description":"El equipo de Grup Efeb\u00e9 hemos hecho una donaci\u00f3n y participamos en el TransPerfect Mountain Challenge 2023. \u00a1Descubre los detalles aqu\u00ed!","og_url":"https:\/\/grupefebe.com\/es\/transperfect-mountain-challenge-2023-una-carrera-solidaria\/","og_site_name":"Grupo Efeb\u00e9","article_publisher":"https:\/\/www.facebook.com\/grup.efebe","article_published_time":"2023-03-13T14:47:22+00:00","article_modified_time":"2023-03-13T15:02:08+00:00","og_image":[{"width":1024,"height":1018,"url":"https:\/\/www.grupefebe.com\/custom\/uploads\/2023\/03\/MicrosoftTeams-image-1.jpg","type":"image\/jpeg"}],"author":"Grup Efeb\u00e9","twitter_card":"summary_large_image","twitter_creator":"@grup_efebe","twitter_site":"@grup_efebe","twitter_misc":{"Escrito por":"Grup Efeb\u00e9","Tiempo de lectura":"2 minutos"},"schema":{"@context":"https:\/\/schema.org","@graph":[{"@type":"Article","@id":"https:\/\/grupefebe.com\/es\/transperfect-mountain-challenge-2023-una-carrera-solidaria\/#article","isPartOf":{"@id":"https:\/\/grupefebe.com\/es\/transperfect-mountain-challenge-2023-una-carrera-solidaria\/"},"author":{"name":"Grup Efeb\u00e9","@id":"https:\/\/www.grupefebe.com\/es\/#\/schema\/person\/76402b3180eef131413100afc3282997"},"headline":"TransPerfect Mountain Challenge 2023, una carrera solidaria","datePublished":"2023-03-13T14:47:22+00:00","dateModified":"2023-03-13T15:02:08+00:00","mainEntityOfPage":{"@id":"https:\/\/grupefebe.com\/es\/transperfect-mountain-challenge-2023-una-carrera-solidaria\/"},"wordCount":258,"publisher":{"@id":"https:\/\/www.grupefebe.com\/es\/#organization"},"image":{"@id":"https:\/\/grupefebe.com\/es\/transperfect-mountain-challenge-2023-una-carrera-solidaria\/#primaryimage"},"thumbnailUrl":"https:\/\/grupefebe.com\/custom\/uploads\/2023\/03\/MicrosoftTeams-image-1.jpg","articleSection":["Otros Sectores"],"inLanguage":"es"},{"@type":"WebPage","@id":"https:\/\/grupefebe.com\/es\/transperfect-mountain-challenge-2023-una-carrera-solidaria\/","url":"https:\/\/grupefebe.com\/es\/transperfect-mountain-challenge-2023-una-carrera-solidaria\/","name":"TransPerfect Mountain Challenge 2023, una carrera solidaria | Grupo Efeb\u00e9","isPartOf":{"@id":"https:\/\/www.grupefebe.com\/es\/#website"},"primaryImageOfPage":{"@id":"https:\/\/grupefebe.com\/es\/transperfect-mountain-challenge-2023-una-carrera-solidaria\/#primaryimage"},"image":{"@id":"https:\/\/grupefebe.com\/es\/transperfect-mountain-challenge-2023-una-carrera-solidaria\/#primaryimage"},"thumbnailUrl":"https:\/\/grupefebe.com\/custom\/uploads\/2023\/03\/MicrosoftTeams-image-1.jpg","datePublished":"2023-03-13T14:47:22+00:00","dateModified":"2023-03-13T15:02:08+00:00","description":"El equipo de Grup Efeb\u00e9 hemos hecho una donaci\u00f3n y participamos en el TransPerfect Mountain Challenge 2023. \u00a1Descubre los detalles aqu\u00ed!","breadcrumb":{"@id":"https:\/\/grupefebe.com\/es\/transperfect-mountain-challenge-2023-una-carrera-solidaria\/#breadcrumb"},"inLanguage":"es","potentialAction":[{"@type":"ReadAction","target":["https:\/\/grupefebe.com\/es\/transperfect-mountain-challenge-2023-una-carrera-solidaria\/"]}]},{"@type":"ImageObject","inLanguage":"es","@id":"https:\/\/grupefebe.com\/es\/transperfect-mountain-challenge-2023-una-carrera-solidaria\/#primaryimage","url":"https:\/\/grupefebe.com\/custom\/uploads\/2023\/03\/MicrosoftTeams-image-1.jpg","contentUrl":"https:\/\/grupefebe.com\/custom\/uploads\/2023\/03\/MicrosoftTeams-image-1.jpg","width":1024,"height":1018,"caption":"transperfect mountain challenge 2023"},{"@type":"BreadcrumbList","@id":"https:\/\/grupefebe.com\/es\/transperfect-mountain-challenge-2023-una-carrera-solidaria\/#breadcrumb","itemListElement":[{"@type":"ListItem","position":1,"name":"Inici","item":"https:\/\/www.grupefebe.com\/es\/"},{"@type":"ListItem","position":2,"name":"TransPerfect Mountain Challenge 2023, una carrera solidaria"}]},{"@type":"WebSite","@id":"https:\/\/www.grupefebe.com\/es\/#website","url":"https:\/\/www.grupefebe.com\/es\/","name":"Grup Efeb\u00e9","description":"Otro sitio realizado con WordPress","publisher":{"@id":"https:\/\/www.grupefebe.com\/es\/#organization"},"potentialAction":[{"@type":"SearchAction","target":{"@type":"EntryPoint","urlTemplate":"https:\/\/www.grupefebe.com\/es\/?s={search_term_string}"},"query-input":{"@type":"PropertyValueSpecification","valueRequired":true,"valueName":"search_term_string"}}],"inLanguage":"es"},{"@type":"Organization","@id":"https:\/\/www.grupefebe.com\/es\/#organization","name":"Grup Efeb\u00e9","url":"https:\/\/www.grupefebe.com\/es\/","logo":{"@type":"ImageObject","inLanguage":"es","@id":"https:\/\/www.grupefebe.com\/es\/#\/schema\/logo\/image\/","url":"https:\/\/grupefebe.com\/custom\/uploads\/2021\/01\/logo-efebe.png","contentUrl":"https:\/\/grupefebe.com\/custom\/uploads\/2021\/01\/logo-efebe.png","width":524,"height":135,"caption":"Grup Efeb\u00e9"},"image":{"@id":"https:\/\/www.grupefebe.com\/es\/#\/schema\/logo\/image\/"},"sameAs":["https:\/\/www.facebook.com\/grup.efebe","https:\/\/x.com\/grup_efebe","https:\/\/www.instagram.com\/grup_efebe\/","https:\/\/www.linkedin.com\/company\/grupefebe","https:\/\/www.youtube.com\/channel\/UCj11-LAuLhPfqrL2649Xzrw"]},{"@type":"Person","@id":"https:\/\/www.grupefebe.com\/es\/#\/schema\/person\/76402b3180eef131413100afc3282997","name":"Grup Efeb\u00e9","image":{"@type":"ImageObject","inLanguage":"es","@id":"https:\/\/www.grupefebe.com\/es\/#\/schema\/person\/image\/","url":"https:\/\/secure.gravatar.com\/avatar\/913bc6aa90480101061296ab9cad4bd4ccfb82c623a8820f3fd577558c1651be?s=96&d=mm&r=g","contentUrl":"https:\/\/secure.gravatar.com\/avatar\/913bc6aa90480101061296ab9cad4bd4ccfb82c623a8820f3fd577558c1651be?s=96&d=mm&r=g","caption":"Grup Efeb\u00e9"},"url":"https:\/\/grupefebe.com\/es\/author\/julia\/"}]}},"_links":{"self":[{"href":"https:\/\/grupefebe.com\/es\/wp-json\/wp\/v2\/posts\/13418","targetHints":{"allow":["GET"]}}],"collection":[{"href":"https:\/\/grupefebe.com\/es\/wp-json\/wp\/v2\/posts"}],"about":[{"href":"https:\/\/grupefebe.com\/es\/wp-json\/wp\/v2\/types\/post"}],"author":[{"embeddable":true,"href":"https:\/\/grupefebe.com\/es\/wp-json\/wp\/v2\/users\/2"}],"replies":[{"embeddable":true,"href":"https:\/\/grupefebe.com\/es\/wp-json\/wp\/v2\/comments?post=13418"}],"version-history":[{"count":4,"href":"https:\/\/grupefebe.com\/es\/wp-json\/wp\/v2\/posts\/13418\/revisions"}],"predecessor-version":[{"id":13422,"href":"https:\/\/grupefebe.com\/es\/wp-json\/wp\/v2\/posts\/13418\/revisions\/13422"}],"wp:featuredmedia":[{"embeddable":true,"href":"https:\/\/grupefebe.com\/es\/wp-json\/wp\/v2\/media\/13398"}],"wp:attachment":[{"href":"https:\/\/grupefebe.com\/es\/wp-json\/wp\/v2\/media?parent=13418"}],"wp:term":[{"taxonomy":"category","embeddable":true,"href":"https:\/\/grupefebe.com\/es\/wp-json\/wp\/v2\/categories?post=13418"}],"curies":[{"name":"wp","href":"https:\/\/api.w.org\/{rel}","templated":true}]}}