{"id":13876,"date":"2023-03-28T14:38:16","date_gmt":"2023-03-28T14:38:16","guid":{"rendered":"https:\/\/grupefebe.com\/4-consells-per-escollir-mobiliari-dexterior-per-a-persones-grans\/"},"modified":"2023-03-28T15:53:16","modified_gmt":"2023-03-28T15:53:16","slug":"4-consejos-para-escoger-mobiliario-de-exterior-para-personas-mayores","status":"publish","type":"post","link":"https:\/\/grupefebe.com\/es\/4-consejos-para-escoger-mobiliario-de-exterior-para-personas-mayores\/","title":{"rendered":"4 consejos para escoger mobiliario de exterior para personas mayores"},"content":{"rendered":"<p>El buen tiempo y los d\u00edas m\u00e1s largos dan ganas de aprovechar los espacios exteriores. En este art\u00edculo te damos cuatro consejos para garantizar una calidad de vida saludable y positiva para los usuarios\/aries con mobiliario de exterior para personas mayores.<\/p>\n<p>Los espacios exteriores son esenciales en las residencias de gente mayor por varias razones. En primer lugar, estos espacios proporcionan una fuente de aire fresco y actividad f\u00edsica al aire libre, cosa que es clave para la salud y el bienestar de las personas mayores. Adem\u00e1s, los espacios exteriores pueden ayudar a crear un ambiente m\u00e1s relajado y c\u00f3modo. Esto puede contribuir a su felicidad y calidad de vida. Los espacios exteriores tambi\u00e9n pueden ser utilizados para actividades sociales y recreativas.<\/p>\n<h4>C\u00f3mo escoger mobiliario de exterior para personas mayores<\/h4>\n<h3>1. Tener cura de la iluminaci\u00f3n exterior<\/h3>\n<p>La iluminaci\u00f3n en espacios exteriores para personas mayores es esencial para garantizar un ambiente seguro y confortable para los usuarios\/arias. Siempre que sea posible hay que aprovechar la luz natural. Como los espacios exteriores de una residencia se pueden usar en cualquier momento del d\u00eda, hay que contar con una iluminaci\u00f3n artificial adecuada para poder leer, hacer actividades por las tardes o incluso pasear al atardecer, cuando es m\u00e1s oscuro.<\/p>\n<p>Para hacer un buen uso de la iluminaci\u00f3n, hay que utilizar tecnolog\u00edas de iluminaci\u00f3n LED de alta eficiencia energ\u00e9tica, puesto que consumen menos energ\u00eda y tienen una vida \u00fatil m\u00e1s larga que las bombillas incandescentes y fluorescentes convencionales. Adem\u00e1s, la iluminaci\u00f3n tiene que estar dise\u00f1ada para evitar el uso excesivo de electricidad. De esta forma, no solo reduce los costes de energ\u00eda, sino que tambi\u00e9n reduce las emisiones de gases invernaderos.<\/p>\n<p>Tambi\u00e9n puede mejorar la calidad de vida al proporcionar una iluminaci\u00f3n adecuada para la realizaci\u00f3n de actividades diarias y mejorar el sue\u00f1o. Por ejemplo, con la <a href=\"https:\/\/www.grupefebe.com\/es\/products\/lampara-sin-cables-giravolta\/\">l\u00e1mpara sin cables Giravolta<\/a> o <a href=\"https:\/\/www.grupefebe.com\/es\/products\/lampara-exterior-chispa\/\">l\u00e1mpara exterior Chispa<\/a>.<\/p>\n<h3>2. Usar sillas ergon\u00f3micas<\/h3>\n<p>Es importante que las sillas sean ergon\u00f3micas y se ajusten bien a la anatom\u00eda del cuerpo humano. Con un buen apoyo lumbar y apoya-brazos c\u00f3modos, para que puedan sentarse y levantarse f\u00e1cilmente.<\/p>\n<p>Adem\u00e1s, es esencial que las sillas de exterior sean estables y seguras para evitar accidentes y lesiones, especialmente para aquellos con problemas de movilidad o equilibrio. Las sillas tienen que estar construidas con materiales resistentes a la intemperie para evitar la corrosi\u00f3n y el deterioro. Y tienen que ser f\u00e1ciles de limpiar y mantener para garantizar la durabilidad a largo plazo.<\/p>\n<p>Te proponemos cinco sillas ergon\u00f3micas como mobiliario de exterior para personas mayores:<\/p>\n<ul>\n<li><a href=\"https:\/\/www.grupefebe.com\/es\/products\/silla-con-brazos-smart-tapizada\/\">Silla con brazos Smart tapizada<\/a><\/li>\n<li><a href=\"https:\/\/www.grupefebe.com\/es\/products\/silla-con-brazos-milano-con-cojin\/\"> Silla con brazos Milano con coj\u00edn<\/a><\/li>\n<li><a href=\"https:\/\/www.grupefebe.com\/es\/products\/silla-dock\/\">Silla Dock<\/a><\/li>\n<li><a href=\"https:\/\/www.grupefebe.com\/es\/products\/silla-linear-steel\/\">Silla Linear Steel<\/a><\/li>\n<li><a href=\"https:\/\/www.grupefebe.com\/es\/products\/silla-tube\/\">Silla Tube<\/a><\/li>\n<\/ul>\n<div id=\"attachment_13779\" style=\"width: 898px\" class=\"wp-caption aligncenter\"><img loading=\"lazy\" decoding=\"async\" aria-describedby=\"caption-attachment-13779\" class=\"wp-image-13779\" src=\"https:\/\/grupefebe.com\/custom\/uploads\/2023\/03\/Silla-Linear-Steel-3-300x240.jpg\" alt=\"Silla Linear Steel\" width=\"888\" height=\"710\" srcset=\"https:\/\/grupefebe.com\/custom\/uploads\/2023\/03\/Silla-Linear-Steel-3-300x240.jpg 300w, https:\/\/grupefebe.com\/custom\/uploads\/2023\/03\/Silla-Linear-Steel-3-1024x819.jpg 1024w, https:\/\/grupefebe.com\/custom\/uploads\/2023\/03\/Silla-Linear-Steel-3-768x614.jpg 768w, https:\/\/grupefebe.com\/custom\/uploads\/2023\/03\/Silla-Linear-Steel-3.jpg 1500w\" sizes=\"auto, (max-width: 888px) 100vw, 888px\" \/><p id=\"caption-attachment-13779\" class=\"wp-caption-text\"><a href=\"https:\/\/www.grupefebe.com\/es\/products\/silla-linear-steel\/\">Silla Linear Steel<\/a><\/p><\/div>\n<h3>3. Incorporar mesas confortables para s\u00e9niors<\/h3>\n<p>Las mesas tienen que ser funcionales y seguras para garantizar la comodidad y la seguridad de las personas mayores. Por eso, es importante que sean bastante amplias para acomodar varias personas a la vez. Tambi\u00e9n deben est\u00e9n construidas con materiales resistentes a la intemperie para soportar las condiciones clim\u00e1ticas cambiantes. Adem\u00e1s, las mesas tienen que ser f\u00e1ciles de limpiar y mantener para garantizar la durabilidad a largo plazo. Es esencial que las mesas est\u00e9n dise\u00f1adas con <strong>bordes redondeados<\/strong>\u00a0para evitar lesiones y que est\u00e9n a una <strong>altura adecuada para acomodar los usuarios con sillas de ruedas<\/strong>.<\/p>\n<ul>\n<li><a href=\"https:\/\/www.grupefebe.com\/es\/products\/mesa-exterior-ypsilon\/\">Mesa exterior Ypsilon<\/a><\/li>\n<li><a href=\"https:\/\/www.grupefebe.com\/es\/products\/mesa-de-exterior-tube\/\">Mesa de exterior Tube<\/a><\/li>\n<li><a href=\"https:\/\/www.grupefebe.com\/es\/products\/mesa-toledo\/\">Mesa Toledo<\/a><\/li>\n<li><a href=\"https:\/\/www.grupefebe.com\/es\/products\/mesa-linear-cafe\/\">Mesa Linear Cafe<\/a><\/li>\n<li><a href=\"https:\/\/www.grupefebe.com\/es\/products\/mesa-noa\/\">Mesa Noa<\/a><\/li>\n<\/ul>\n<h3>4. Proporcionar sombras con parasoles<\/h3>\n<p>Para proporcionar sombra en d\u00edas calurosos y reducir la exposici\u00f3n a los rayos UV, hay que contar con parasoles.<\/p>\n<p>Un <a href=\"https:\/\/www.grupefebe.com\/products\/para-sol-eolo-pureti\/\">parasol Eolo Pureti<\/a> en una terraza provocar\u00eda el mismo efecto descontaminando que plantar dos \u00e1rboles. El tejido de este parasol descontamina el aire y neutraliza los gases de los motores y otras sustancias nocivas. Incorpora una nanotecnolog\u00eda fotocatal\u00edtica. Este tratamiento sobre el tejido en contacto con la luz solar y la humedad de aire contribuye a eliminar las sustancias nocivas limpiando el aire que respiramos.<\/p>\n","protected":false},"excerpt":{"rendered":"<p>El buen tiempo y los d\u00edas m\u00e1s largos dan ganas de aprovechar los espacios exteriores. En este art\u00edculo te damos [&hellip;]<\/p>\n","protected":false},"author":2,"featured_media":13783,"comment_status":"closed","ping_status":"closed","sticky":false,"template":"","format":"standard","meta":{"_acf_changed":false,"footnotes":"","_links_to":"","_links_to_target":""},"categories":[202],"class_list":["post-13876","post","type-post","status-publish","format-standard","has-post-thumbnail","hentry","category-residencias-mayores"],"acf":[],"yoast_head":"<!-- This site is optimized with the Yoast SEO plugin v25.9 - https:\/\/yoast.com\/wordpress\/plugins\/seo\/ -->\n<title>4 consejos para escoger mobiliario de exterior para personas mayores | Grupo Efeb\u00e9<\/title>\n<meta name=\"description\" content=\"En este art\u00edculo de Grup Efeb\u00e9 te presentamos algunos consejos para equipar una residencia con mobiliario de exterior para personas mayores.\" \/>\n<meta name=\"robots\" content=\"index, follow, max-snippet:-1, max-image-preview:large, max-video-preview:-1\" \/>\n<link rel=\"canonical\" href=\"https:\/\/grupefebe.com\/es\/4-consejos-para-escoger-mobiliario-de-exterior-para-personas-mayores\/\" \/>\n<meta property=\"og:locale\" content=\"es_ES\" \/>\n<meta property=\"og:type\" content=\"article\" \/>\n<meta property=\"og:title\" content=\"4 consejos para escoger mobiliario de exterior para personas mayores | Grupo Efeb\u00e9\" \/>\n<meta property=\"og:description\" content=\"En este art\u00edculo de Grup Efeb\u00e9 te presentamos algunos consejos para equipar una residencia con mobiliario de exterior para personas mayores.\" \/>\n<meta property=\"og:url\" content=\"https:\/\/grupefebe.com\/es\/4-consejos-para-escoger-mobiliario-de-exterior-para-personas-mayores\/\" \/>\n<meta property=\"og:site_name\" content=\"Grupo Efeb\u00e9\" \/>\n<meta property=\"article:publisher\" content=\"https:\/\/www.facebook.com\/grup.efebe\" \/>\n<meta property=\"article:published_time\" content=\"2023-03-28T14:38:16+00:00\" \/>\n<meta property=\"article:modified_time\" content=\"2023-03-28T15:53:16+00:00\" \/>\n<meta property=\"og:image\" content=\"https:\/\/www.grupefebe.com\/custom\/uploads\/2023\/03\/Silla-Linear-Steel_5.jpg\" \/>\n\t<meta property=\"og:image:width\" content=\"1500\" \/>\n\t<meta property=\"og:image:height\" content=\"1124\" \/>\n\t<meta property=\"og:image:type\" content=\"image\/jpeg\" \/>\n<meta name=\"author\" content=\"Grup Efeb\u00e9\" \/>\n<meta name=\"twitter:card\" content=\"summary_large_image\" \/>\n<meta name=\"twitter:creator\" content=\"@grup_efebe\" \/>\n<meta name=\"twitter:site\" content=\"@grup_efebe\" \/>\n<meta name=\"twitter:label1\" content=\"Escrito por\" \/>\n\t<meta name=\"twitter:data1\" content=\"Grup Efeb\u00e9\" \/>\n\t<meta name=\"twitter:label2\" content=\"Tiempo de lectura\" \/>\n\t<meta name=\"twitter:data2\" content=\"4 minutos\" \/>\n<script type=\"application\/ld+json\" class=\"yoast-schema-graph\">{\"@context\":\"https:\/\/schema.org\",\"@graph\":[{\"@type\":\"Article\",\"@id\":\"https:\/\/grupefebe.com\/es\/4-consejos-para-escoger-mobiliario-de-exterior-para-personas-mayores\/#article\",\"isPartOf\":{\"@id\":\"https:\/\/grupefebe.com\/es\/4-consejos-para-escoger-mobiliario-de-exterior-para-personas-mayores\/\"},\"author\":{\"name\":\"Grup Efeb\u00e9\",\"@id\":\"https:\/\/mail.grupefebe.com\/es\/#\/schema\/person\/76402b3180eef131413100afc3282997\"},\"headline\":\"4 consejos para escoger mobiliario de exterior para personas mayores\",\"datePublished\":\"2023-03-28T14:38:16+00:00\",\"dateModified\":\"2023-03-28T15:53:16+00:00\",\"mainEntityOfPage\":{\"@id\":\"https:\/\/grupefebe.com\/es\/4-consejos-para-escoger-mobiliario-de-exterior-para-personas-mayores\/\"},\"wordCount\":717,\"publisher\":{\"@id\":\"https:\/\/mail.grupefebe.com\/es\/#organization\"},\"image\":{\"@id\":\"https:\/\/grupefebe.com\/es\/4-consejos-para-escoger-mobiliario-de-exterior-para-personas-mayores\/#primaryimage\"},\"thumbnailUrl\":\"https:\/\/grupefebe.com\/custom\/uploads\/2023\/03\/Silla-Linear-Steel_5.jpg\",\"articleSection\":[\"Residencias para mayores\"],\"inLanguage\":\"es\"},{\"@type\":\"WebPage\",\"@id\":\"https:\/\/grupefebe.com\/es\/4-consejos-para-escoger-mobiliario-de-exterior-para-personas-mayores\/\",\"url\":\"https:\/\/grupefebe.com\/es\/4-consejos-para-escoger-mobiliario-de-exterior-para-personas-mayores\/\",\"name\":\"4 consejos para escoger mobiliario de exterior para personas mayores | Grupo Efeb\u00e9\",\"isPartOf\":{\"@id\":\"https:\/\/mail.grupefebe.com\/es\/#website\"},\"primaryImageOfPage\":{\"@id\":\"https:\/\/grupefebe.com\/es\/4-consejos-para-escoger-mobiliario-de-exterior-para-personas-mayores\/#primaryimage\"},\"image\":{\"@id\":\"https:\/\/grupefebe.com\/es\/4-consejos-para-escoger-mobiliario-de-exterior-para-personas-mayores\/#primaryimage\"},\"thumbnailUrl\":\"https:\/\/grupefebe.com\/custom\/uploads\/2023\/03\/Silla-Linear-Steel_5.jpg\",\"datePublished\":\"2023-03-28T14:38:16+00:00\",\"dateModified\":\"2023-03-28T15:53:16+00:00\",\"description\":\"En este art\u00edculo de Grup Efeb\u00e9 te presentamos algunos consejos para equipar una residencia con mobiliario de exterior para personas mayores.\",\"breadcrumb\":{\"@id\":\"https:\/\/grupefebe.com\/es\/4-consejos-para-escoger-mobiliario-de-exterior-para-personas-mayores\/#breadcrumb\"},\"inLanguage\":\"es\",\"potentialAction\":[{\"@type\":\"ReadAction\",\"target\":[\"https:\/\/grupefebe.com\/es\/4-consejos-para-escoger-mobiliario-de-exterior-para-personas-mayores\/\"]}]},{\"@type\":\"ImageObject\",\"inLanguage\":\"es\",\"@id\":\"https:\/\/grupefebe.com\/es\/4-consejos-para-escoger-mobiliario-de-exterior-para-personas-mayores\/#primaryimage\",\"url\":\"https:\/\/grupefebe.com\/custom\/uploads\/2023\/03\/Silla-Linear-Steel_5.jpg\",\"contentUrl\":\"https:\/\/grupefebe.com\/custom\/uploads\/2023\/03\/Silla-Linear-Steel_5.jpg\",\"width\":1500,\"height\":1124,\"caption\":\"Mobiliario de exterior para personas mayores\"},{\"@type\":\"BreadcrumbList\",\"@id\":\"https:\/\/grupefebe.com\/es\/4-consejos-para-escoger-mobiliario-de-exterior-para-personas-mayores\/#breadcrumb\",\"itemListElement\":[{\"@type\":\"ListItem\",\"position\":1,\"name\":\"Inici\",\"item\":\"https:\/\/mail.grupefebe.com\/es\/\"},{\"@type\":\"ListItem\",\"position\":2,\"name\":\"4 consejos para escoger mobiliario de exterior para personas mayores\"}]},{\"@type\":\"WebSite\",\"@id\":\"https:\/\/mail.grupefebe.com\/es\/#website\",\"url\":\"https:\/\/mail.grupefebe.com\/es\/\",\"name\":\"Grup Efeb\u00e9\",\"description\":\"Otro sitio realizado con WordPress\",\"publisher\":{\"@id\":\"https:\/\/mail.grupefebe.com\/es\/#organization\"},\"potentialAction\":[{\"@type\":\"SearchAction\",\"target\":{\"@type\":\"EntryPoint\",\"urlTemplate\":\"https:\/\/mail.grupefebe.com\/es\/?s={search_term_string}\"},\"query-input\":{\"@type\":\"PropertyValueSpecification\",\"valueRequired\":true,\"valueName\":\"search_term_string\"}}],\"inLanguage\":\"es\"},{\"@type\":\"Organization\",\"@id\":\"https:\/\/mail.grupefebe.com\/es\/#organization\",\"name\":\"Grup Efeb\u00e9\",\"url\":\"https:\/\/mail.grupefebe.com\/es\/\",\"logo\":{\"@type\":\"ImageObject\",\"inLanguage\":\"es\",\"@id\":\"https:\/\/mail.grupefebe.com\/es\/#\/schema\/logo\/image\/\",\"url\":\"https:\/\/grupefebe.com\/custom\/uploads\/2021\/01\/logo-efebe.png\",\"contentUrl\":\"https:\/\/grupefebe.com\/custom\/uploads\/2021\/01\/logo-efebe.png\",\"width\":524,\"height\":135,\"caption\":\"Grup Efeb\u00e9\"},\"image\":{\"@id\":\"https:\/\/mail.grupefebe.com\/es\/#\/schema\/logo\/image\/\"},\"sameAs\":[\"https:\/\/www.facebook.com\/grup.efebe\",\"https:\/\/x.com\/grup_efebe\",\"https:\/\/www.instagram.com\/grup_efebe\/\",\"https:\/\/www.linkedin.com\/company\/grupefebe\",\"https:\/\/www.youtube.com\/channel\/UCj11-LAuLhPfqrL2649Xzrw\"]},{\"@type\":\"Person\",\"@id\":\"https:\/\/mail.grupefebe.com\/es\/#\/schema\/person\/76402b3180eef131413100afc3282997\",\"name\":\"Grup Efeb\u00e9\",\"image\":{\"@type\":\"ImageObject\",\"inLanguage\":\"es\",\"@id\":\"https:\/\/mail.grupefebe.com\/es\/#\/schema\/person\/image\/\",\"url\":\"https:\/\/secure.gravatar.com\/avatar\/913bc6aa90480101061296ab9cad4bd4ccfb82c623a8820f3fd577558c1651be?s=96&d=mm&r=g\",\"contentUrl\":\"https:\/\/secure.gravatar.com\/avatar\/913bc6aa90480101061296ab9cad4bd4ccfb82c623a8820f3fd577558c1651be?s=96&d=mm&r=g\",\"caption\":\"Grup Efeb\u00e9\"},\"url\":\"https:\/\/grupefebe.com\/es\/author\/julia\/\"}]}<\/script>\n<!-- \/ Yoast SEO plugin. -->","yoast_head_json":{"title":"4 consejos para escoger mobiliario de exterior para personas mayores | Grupo Efeb\u00e9","description":"En este art\u00edculo de Grup Efeb\u00e9 te presentamos algunos consejos para equipar una residencia con mobiliario de exterior para personas mayores.","robots":{"index":"index","follow":"follow","max-snippet":"max-snippet:-1","max-image-preview":"max-image-preview:large","max-video-preview":"max-video-preview:-1"},"canonical":"https:\/\/grupefebe.com\/es\/4-consejos-para-escoger-mobiliario-de-exterior-para-personas-mayores\/","og_locale":"es_ES","og_type":"article","og_title":"4 consejos para escoger mobiliario de exterior para personas mayores | Grupo Efeb\u00e9","og_description":"En este art\u00edculo de Grup Efeb\u00e9 te presentamos algunos consejos para equipar una residencia con mobiliario de exterior para personas mayores.","og_url":"https:\/\/grupefebe.com\/es\/4-consejos-para-escoger-mobiliario-de-exterior-para-personas-mayores\/","og_site_name":"Grupo Efeb\u00e9","article_publisher":"https:\/\/www.facebook.com\/grup.efebe","article_published_time":"2023-03-28T14:38:16+00:00","article_modified_time":"2023-03-28T15:53:16+00:00","og_image":[{"width":1500,"height":1124,"url":"https:\/\/www.grupefebe.com\/custom\/uploads\/2023\/03\/Silla-Linear-Steel_5.jpg","type":"image\/jpeg"}],"author":"Grup Efeb\u00e9","twitter_card":"summary_large_image","twitter_creator":"@grup_efebe","twitter_site":"@grup_efebe","twitter_misc":{"Escrito por":"Grup Efeb\u00e9","Tiempo de lectura":"4 minutos"},"schema":{"@context":"https:\/\/schema.org","@graph":[{"@type":"Article","@id":"https:\/\/grupefebe.com\/es\/4-consejos-para-escoger-mobiliario-de-exterior-para-personas-mayores\/#article","isPartOf":{"@id":"https:\/\/grupefebe.com\/es\/4-consejos-para-escoger-mobiliario-de-exterior-para-personas-mayores\/"},"author":{"name":"Grup Efeb\u00e9","@id":"https:\/\/mail.grupefebe.com\/es\/#\/schema\/person\/76402b3180eef131413100afc3282997"},"headline":"4 consejos para escoger mobiliario de exterior para personas mayores","datePublished":"2023-03-28T14:38:16+00:00","dateModified":"2023-03-28T15:53:16+00:00","mainEntityOfPage":{"@id":"https:\/\/grupefebe.com\/es\/4-consejos-para-escoger-mobiliario-de-exterior-para-personas-mayores\/"},"wordCount":717,"publisher":{"@id":"https:\/\/mail.grupefebe.com\/es\/#organization"},"image":{"@id":"https:\/\/grupefebe.com\/es\/4-consejos-para-escoger-mobiliario-de-exterior-para-personas-mayores\/#primaryimage"},"thumbnailUrl":"https:\/\/grupefebe.com\/custom\/uploads\/2023\/03\/Silla-Linear-Steel_5.jpg","articleSection":["Residencias para mayores"],"inLanguage":"es"},{"@type":"WebPage","@id":"https:\/\/grupefebe.com\/es\/4-consejos-para-escoger-mobiliario-de-exterior-para-personas-mayores\/","url":"https:\/\/grupefebe.com\/es\/4-consejos-para-escoger-mobiliario-de-exterior-para-personas-mayores\/","name":"4 consejos para escoger mobiliario de exterior para personas mayores | Grupo Efeb\u00e9","isPartOf":{"@id":"https:\/\/mail.grupefebe.com\/es\/#website"},"primaryImageOfPage":{"@id":"https:\/\/grupefebe.com\/es\/4-consejos-para-escoger-mobiliario-de-exterior-para-personas-mayores\/#primaryimage"},"image":{"@id":"https:\/\/grupefebe.com\/es\/4-consejos-para-escoger-mobiliario-de-exterior-para-personas-mayores\/#primaryimage"},"thumbnailUrl":"https:\/\/grupefebe.com\/custom\/uploads\/2023\/03\/Silla-Linear-Steel_5.jpg","datePublished":"2023-03-28T14:38:16+00:00","dateModified":"2023-03-28T15:53:16+00:00","description":"En este art\u00edculo de Grup Efeb\u00e9 te presentamos algunos consejos para equipar una residencia con mobiliario de exterior para personas mayores.","breadcrumb":{"@id":"https:\/\/grupefebe.com\/es\/4-consejos-para-escoger-mobiliario-de-exterior-para-personas-mayores\/#breadcrumb"},"inLanguage":"es","potentialAction":[{"@type":"ReadAction","target":["https:\/\/grupefebe.com\/es\/4-consejos-para-escoger-mobiliario-de-exterior-para-personas-mayores\/"]}]},{"@type":"ImageObject","inLanguage":"es","@id":"https:\/\/grupefebe.com\/es\/4-consejos-para-escoger-mobiliario-de-exterior-para-personas-mayores\/#primaryimage","url":"https:\/\/grupefebe.com\/custom\/uploads\/2023\/03\/Silla-Linear-Steel_5.jpg","contentUrl":"https:\/\/grupefebe.com\/custom\/uploads\/2023\/03\/Silla-Linear-Steel_5.jpg","width":1500,"height":1124,"caption":"Mobiliario de exterior para personas mayores"},{"@type":"BreadcrumbList","@id":"https:\/\/grupefebe.com\/es\/4-consejos-para-escoger-mobiliario-de-exterior-para-personas-mayores\/#breadcrumb","itemListElement":[{"@type":"ListItem","position":1,"name":"Inici","item":"https:\/\/mail.grupefebe.com\/es\/"},{"@type":"ListItem","position":2,"name":"4 consejos para escoger mobiliario de exterior para personas mayores"}]},{"@type":"WebSite","@id":"https:\/\/mail.grupefebe.com\/es\/#website","url":"https:\/\/mail.grupefebe.com\/es\/","name":"Grup Efeb\u00e9","description":"Otro sitio realizado con WordPress","publisher":{"@id":"https:\/\/mail.grupefebe.com\/es\/#organization"},"potentialAction":[{"@type":"SearchAction","target":{"@type":"EntryPoint","urlTemplate":"https:\/\/mail.grupefebe.com\/es\/?s={search_term_string}"},"query-input":{"@type":"PropertyValueSpecification","valueRequired":true,"valueName":"search_term_string"}}],"inLanguage":"es"},{"@type":"Organization","@id":"https:\/\/mail.grupefebe.com\/es\/#organization","name":"Grup Efeb\u00e9","url":"https:\/\/mail.grupefebe.com\/es\/","logo":{"@type":"ImageObject","inLanguage":"es","@id":"https:\/\/mail.grupefebe.com\/es\/#\/schema\/logo\/image\/","url":"https:\/\/grupefebe.com\/custom\/uploads\/2021\/01\/logo-efebe.png","contentUrl":"https:\/\/grupefebe.com\/custom\/uploads\/2021\/01\/logo-efebe.png","width":524,"height":135,"caption":"Grup Efeb\u00e9"},"image":{"@id":"https:\/\/mail.grupefebe.com\/es\/#\/schema\/logo\/image\/"},"sameAs":["https:\/\/www.facebook.com\/grup.efebe","https:\/\/x.com\/grup_efebe","https:\/\/www.instagram.com\/grup_efebe\/","https:\/\/www.linkedin.com\/company\/grupefebe","https:\/\/www.youtube.com\/channel\/UCj11-LAuLhPfqrL2649Xzrw"]},{"@type":"Person","@id":"https:\/\/mail.grupefebe.com\/es\/#\/schema\/person\/76402b3180eef131413100afc3282997","name":"Grup Efeb\u00e9","image":{"@type":"ImageObject","inLanguage":"es","@id":"https:\/\/mail.grupefebe.com\/es\/#\/schema\/person\/image\/","url":"https:\/\/secure.gravatar.com\/avatar\/913bc6aa90480101061296ab9cad4bd4ccfb82c623a8820f3fd577558c1651be?s=96&d=mm&r=g","contentUrl":"https:\/\/secure.gravatar.com\/avatar\/913bc6aa90480101061296ab9cad4bd4ccfb82c623a8820f3fd577558c1651be?s=96&d=mm&r=g","caption":"Grup Efeb\u00e9"},"url":"https:\/\/grupefebe.com\/es\/author\/julia\/"}]}},"_links":{"self":[{"href":"https:\/\/grupefebe.com\/es\/wp-json\/wp\/v2\/posts\/13876","targetHints":{"allow":["GET"]}}],"collection":[{"href":"https:\/\/grupefebe.com\/es\/wp-json\/wp\/v2\/posts"}],"about":[{"href":"https:\/\/grupefebe.com\/es\/wp-json\/wp\/v2\/types\/post"}],"author":[{"embeddable":true,"href":"https:\/\/grupefebe.com\/es\/wp-json\/wp\/v2\/users\/2"}],"replies":[{"embeddable":true,"href":"https:\/\/grupefebe.com\/es\/wp-json\/wp\/v2\/comments?post=13876"}],"version-history":[{"count":6,"href":"https:\/\/grupefebe.com\/es\/wp-json\/wp\/v2\/posts\/13876\/revisions"}],"predecessor-version":[{"id":13883,"href":"https:\/\/grupefebe.com\/es\/wp-json\/wp\/v2\/posts\/13876\/revisions\/13883"}],"wp:featuredmedia":[{"embeddable":true,"href":"https:\/\/grupefebe.com\/es\/wp-json\/wp\/v2\/media\/13783"}],"wp:attachment":[{"href":"https:\/\/grupefebe.com\/es\/wp-json\/wp\/v2\/media?parent=13876"}],"wp:term":[{"taxonomy":"category","embeddable":true,"href":"https:\/\/grupefebe.com\/es\/wp-json\/wp\/v2\/categories?post=13876"}],"curies":[{"name":"wp","href":"https:\/\/api.w.org\/{rel}","templated":true}]}}