{"id":14175,"date":"2023-05-18T15:08:04","date_gmt":"2023-05-18T15:08:04","guid":{"rendered":"https:\/\/grupefebe.com\/ampliem-nous-serveis-al-centre-de-dia-entrevistem-a-langels-saldanya\/"},"modified":"2023-05-18T15:57:46","modified_gmt":"2023-05-18T15:57:46","slug":"ampliamos-nuevos-servicios-en-el-centro-de-dia-entrevista-a-angels-saldanya","status":"publish","type":"post","link":"https:\/\/grupefebe.com\/es\/ampliamos-nuevos-servicios-en-el-centro-de-dia-entrevista-a-angels-saldanya\/","title":{"rendered":"\u00abAmpliamos nuevos servicios en el centro de d\u00eda\u00bb. Entrevista a \u00c0ngels Saldanya."},"content":{"rendered":"<p>La <a href=\"https:\/\/www.fundacioanaribot.org\/\">Fundaci\u00f3n Ana Ribot<\/a> ofrece un servicio de acogida diurna. El centro de d\u00eda trabaja para mejorar la calidad de vida de las personas mayores con alg\u00fan tipo de dependencia (f\u00edsica, ps\u00edquica y social). Especialmente est\u00e1 sensibilizada en la atenci\u00f3n de enfermos de Alzheimer, ofreciendo apoyo social y psicol\u00f3gico a sus familiares y cuidadores.<\/p>\n<p>Grup Efeb\u00e9 hemos entrevistado a \u00c0ngels Saldanya, directora de la Fundaci\u00f3n Ana Ribot. A continuaci\u00f3n, puedes leer la entrevista completa.<\/p>\n<ol>\n<li>\n<h3>Uno de vuestros objetivos es promover un envejecimiento activo, \u00bfc\u00f3mo se consigue?<\/h3>\n<\/li>\n<\/ol>\n<p>En estos \u00faltimos a\u00f1os, con la esperanza de vida cada vez a edades m\u00e1s avanzadas, el concepto de envejecimiento activo es el nuevo paradigma a la hora de plantearnos c\u00f3mo debemos envejecer de la mejor forma posible en la Sociedad actual. <strong>El objetivo es mantener al m\u00e1ximo la calidad de vida de la persona mayor<\/strong>, a partir del mantenimiento de su salud y de sus capacidades f\u00edsicas, cognitivas, sociales y comunitarias. Las pol\u00edticas de acci\u00f3n propuestas por la OMS, en 2002, ya marcaban 4 l\u00edneas de trabajo:<\/p>\n<ol>\n<li><strong>Reducir los factores de riesgo asociados a enfermedades y aumentar los de protecci\u00f3n de la salud<\/strong> mediante h\u00e1bitos saludables y ejercicio f\u00edsico.<\/li>\n<li>Promover factores de <strong>protecci\u00f3n de las capacidades cognitivas<\/strong>.<\/li>\n<li>Promover una <strong>buena salud emocional.<\/strong><\/li>\n<li>Promover la<strong> participaci\u00f3n psicosocial y comunitaria<\/strong>.<\/li>\n<\/ol>\n<p>Nosotros, desde la Fundaci\u00f3n, nos hemos embarcado en este nuevo proyecto, precisamente para actuar en estas l\u00edneas de trabajo, de modo que los nuevos espacios permitan llevar a cabo actividades, servicios, recursos que ayuden a la persona a:<strong> alimentarse de forma saludable<\/strong> y enfocada en las necesidades de nutrientes en esta etapa de la vida (comedor social), <strong>mantener un buen estado f\u00edsico y funcional<\/strong> (fisioterapia especializada),<strong> mantener las capacidades cognitivas<\/strong> cuando comienzan a presentar dificultades (talleres de <em>memory training<\/em>), <strong>potenciar las relaciones sociales<\/strong> entre las personas mediante diferentes actividades grupales como salidas, huerto terap\u00e9utico, etc. Los nuevos espacios tambi\u00e9n incluyen una sala para las personas que forman parte del proyecto de voluntariado, gran parte de ellas, mayores de 65 a\u00f1os. Las acciones de voluntariado que las personas mayores pueden realizar son una forma de participar activamente en la comunidad, aportando conocimiento, experiencia y sabidur\u00eda.<\/p>\n<ol start=\"2\">\n<li>\n<h3>En 2050 una de cada tres personas tendr\u00e1 m\u00e1s de 65 a\u00f1os. \u00bfC\u00f3mo nos planteamos los nuevos modelos de vida de las personas mayores?<\/h3>\n<\/li>\n<\/ol>\n<p>Es precisamente una de las premisas que m\u00e1s peso han tenido en este proyecto en el que ya estamos trabajando. Cada vez vivimos m\u00e1s a\u00f1os, cada vez las generaciones que van llegando a esta franja de edad son personas que vienen de una situaci\u00f3n econ\u00f3mica, social y cultural diferente a la anterior, tienen m\u00e1s claro c\u00f3mo quieren vivir, que quieren seguir estando activos , que quieren compartir con los dem\u00e1s su d\u00eda a d\u00eda, que tienen cosas que aportar a la Sociedad como experiencia, conocimiento, valores, sabidur\u00eda, etc. Y esto nos marca un reto importante: <strong>ser capaces de vehicular estas inquietudes hacia servicios y recursos que sean v\u00e1lidos y significativos para ellos.<\/strong><\/p>\n<p>Creemos y apostamos por generar recursos y servicios que permitan acompa\u00f1ar a la persona en su proceso de envejecer, para que puedan vivir dende quieren vivir, para que puedan estar activos y acompa\u00f1ados, si quieren, para poner a su alcance lo que van necesitando conforme las capacidades f\u00edsicas y cognitivas van menguando.<\/p>\n<ol start=\"3\">\n<li>\n<h3>\u00bfC\u00f3mo ha sido el proceso completo de trabajo con Grup Efeb\u00e9?<\/h3>\n<\/li>\n<\/ol>\n<p>Muy interesante, a partir de una situaci\u00f3n y funcionamiento actual, Grup Efeb\u00e9 con su sistema de cocreaci\u00f3n ha conseguido, con la participaci\u00f3n de todas las personas implicadas, \u201cromper\u201d los esquemas y, a partir de desmontar lo que es ahora, rehacer el rompecabezas y dise\u00f1ar una forma de atenci\u00f3n m\u00e1s abierta y flexible.<\/p>\n<ol start=\"4\">\n<li>\n<h3>Con este proyecto, se abrir\u00e1 el primer centro de noche en Catalu\u00f1a. \u00bfPor qu\u00e9 no se ha hecho antes? Adem\u00e1s, esta iniciativa ayuda a usuarios\/as y a sus cuidadores a tener una mejor calidad de vida. H\u00e1blanos sobre esta oportunidad.<\/h3>\n<\/li>\n<\/ol>\n<p>El centro de noche es un servicio incluido en la cartera de servicios sociales de la Generalitat, pero actualmente no existe en Catalu\u00f1a. Hace tiempo que la Fundaci\u00f3n tiene ganas de conseguir poner en marcha este proyecto, de hecho en 2019, gracias a la ayuda de un equipo de consultores solidarios de ESADE ALUMNI, elaboraron un plan de viabilidad de un centro de noche en Pallej\u00e0. En este momento ya contamos con los espacios que se han dado a la Fundaci\u00f3n, donde est\u00e1 previsto poder crear este centro de noche. Como viene siendo habitual en las entidades sociales, la principal dificultad es obtener los fondos para poder hacerlo realidad.<\/p>\n<p>Uno de los objetivos de nuestra entidad es conseguir mantener a la persona mayor en su entorno familiar, social y comunitario, el m\u00e1ximo tiempo posible, porque, esto es lo que habitualmente quiere la persona para sentirse a gusto, amada y acompa\u00f1ada. Para ello, no podemos olvidar al familiar y cuidadora principal, si ella est\u00e1 \u201cbien\u201d podr\u00e1 cuidar de forma m\u00e1s \u00f3ptima a su familiar. Nuestra experiencia durante estos 21 a\u00f1os de camino con este colectivo y con sus familias nos ha hecho detectar la necesidad que tienen estas cuidadoras, de tiempo de \u201crespiro\u201d por ellas, de descanso para poder cargar las pilas y, as\u00ed, poder seguir con su tarea diaria de atender y cuidar, con la mejor salud emocional y f\u00edsica.<\/p>\n<p>El descanso durante la noche es muy importante para la salud tanto de los enfermos como de las personas que lo cuidan. As\u00ed pues, el poder ofrecer este servicio de forma puntual, durante el a\u00f1o, permite a estas personas mantener una mejor calidad de vida. La adaptaci\u00f3n y flexibilidad en la cobertura de las necesidades que presenta este colectivo es la mejor forma de acompa\u00f1arlos en su d\u00eda a d\u00eda.<\/p>\n\n\t\t<div class='galeria-blog owl-carousel-blog owl-carousel owl-theme'><img src='https:\/\/grupefebe.com\/custom\/uploads\/2023\/04\/habitacion-doble-grup-efebe-scaled.jpg'><img src='https:\/\/grupefebe.com\/custom\/uploads\/2023\/04\/habitacion-doble-centro-de-noche-scaled.jpg'><\/div>\n<ol start=\"5\">\n<li>\n<h3><strong>Di 3 beneficios que aportan los nuevos espacios del centro de d\u00eda.<\/strong><\/h3>\n<\/li>\n<\/ol>\n<ul>\n<li>Este proyecto est\u00e1 pensado para <strong>empoderar<\/strong> a la persona mayor y que sea ella la que decide qu\u00e9 necesita, qu\u00e9 quiere hacer, d\u00f3nde quiere estar y poder participar.<\/li>\n<li>Ofrecer recursos y servicios para <strong>mantener activas<\/strong> a las personas mayores. Adem\u00e1s, con un amplio abanico de actividades a las que pueden apuntarse en funci\u00f3n de sus necesidades y gustos. Desde actividades dirigidas como talleres de <em>memory training<\/em> hasta actividades autogestionadas y autoorganizadas por las propias personas: culturales, voluntariado, sensibilizaci\u00f3n social, etc. en funci\u00f3n de sus necesidades.<\/li>\n<li><strong>Potenciar las relaciones sociales y personales<\/strong> entre el colectivo de personas mayores, de forma que mejore la sensaci\u00f3n de soledad o aislamiento, que muchas veces les acompa\u00f1a.<\/li>\n<\/ul>\n<ol start=\"6\">\n<li>\n<h3>Los voluntarios son clave. \u00bfC\u00f3mo interact\u00faan el equipo de voluntarios que la Fundaci\u00f3n lleva gestionando desde hace muchos a\u00f1os, en el nuevo proyecto?<\/h3>\n<\/li>\n<\/ol>\n<p>Como bien has dicho, los voluntarios son una prenda indispensable y muy importante para la Fundaci\u00f3n y para la Sociedad. Desde hace a\u00f1os, la Fundaci\u00f3n tiene en marcha el proyecto de voluntariado coordinado por la Trabajadora Social del centro de d\u00eda. Gracias a ellos, se han podido realizar muchas de las actividades de divulgaci\u00f3n y sensibilizaci\u00f3n que organiza la entidad. Por ejemplo, apoyar algunas actividades del centro de d\u00eda, como las salidas, o bien en el departamento de administraci\u00f3n. El nuevo proyecto contempla desde su inicio un espacio para que ellos puedan organizarse y gestionarse de forma aut\u00f3noma. Esta sala por el voluntariado estar\u00e1 abierta y a disposici\u00f3n del grupo para poder ampliar las l\u00edneas de actuaci\u00f3n de este colectivo cada vez mayor y vinculado a la mejora de la Sociedad.<\/p>\n","protected":false},"excerpt":{"rendered":"<p>La Fundaci\u00f3n Ana Ribot ofrece un servicio de acogida diurna. El centro de d\u00eda trabaja para mejorar la calidad de [&hellip;]<\/p>\n","protected":false},"author":2,"featured_media":14170,"comment_status":"closed","ping_status":"closed","sticky":false,"template":"","format":"standard","meta":{"_acf_changed":false,"footnotes":"","_links_to":"","_links_to_target":""},"categories":[202],"class_list":["post-14175","post","type-post","status-publish","format-standard","has-post-thumbnail","hentry","category-residencias-mayores"],"acf":[],"yoast_head":"<!-- This site is optimized with the Yoast SEO plugin v25.9 - https:\/\/yoast.com\/wordpress\/plugins\/seo\/ -->\n<title>&quot;Ampliamos nuevos servicios en el centro de d\u00eda&quot;. Entrevista a \u00c0ngels Saldanya. | Grupo Efeb\u00e9<\/title>\n<meta name=\"description\" content=\"Grupo Efeb\u00e9 entrevistamos a \u00c0ngels Saldanya, directora de la Fundaci\u00f3n Ana Ribot. El nuevo proyecto de ampliaci\u00f3n del centro de d\u00eda.\" \/>\n<meta name=\"robots\" content=\"index, follow, max-snippet:-1, max-image-preview:large, max-video-preview:-1\" \/>\n<link rel=\"canonical\" href=\"https:\/\/grupefebe.com\/es\/ampliamos-nuevos-servicios-en-el-centro-de-dia-entrevista-a-angels-saldanya\/\" \/>\n<meta property=\"og:locale\" content=\"es_ES\" \/>\n<meta property=\"og:type\" content=\"article\" \/>\n<meta property=\"og:title\" content=\"&quot;Ampliamos nuevos servicios en el centro de d\u00eda&quot;. Entrevista a \u00c0ngels Saldanya. | Grupo Efeb\u00e9\" \/>\n<meta property=\"og:description\" content=\"Grupo Efeb\u00e9 entrevistamos a \u00c0ngels Saldanya, directora de la Fundaci\u00f3n Ana Ribot. El nuevo proyecto de ampliaci\u00f3n del centro de d\u00eda.\" \/>\n<meta property=\"og:url\" content=\"https:\/\/grupefebe.com\/es\/ampliamos-nuevos-servicios-en-el-centro-de-dia-entrevista-a-angels-saldanya\/\" \/>\n<meta property=\"og:site_name\" content=\"Grupo Efeb\u00e9\" \/>\n<meta property=\"article:publisher\" content=\"https:\/\/www.facebook.com\/grup.efebe\" \/>\n<meta property=\"article:published_time\" content=\"2023-05-18T15:08:04+00:00\" \/>\n<meta property=\"article:modified_time\" content=\"2023-05-18T15:57:46+00:00\" \/>\n<meta property=\"og:image\" content=\"https:\/\/www.grupefebe.com\/custom\/uploads\/2023\/05\/fundacio-ana-ribot-scaled.jpg\" \/>\n\t<meta property=\"og:image:width\" content=\"2560\" \/>\n\t<meta property=\"og:image:height\" content=\"1348\" \/>\n\t<meta property=\"og:image:type\" content=\"image\/jpeg\" \/>\n<meta name=\"author\" content=\"Grup Efeb\u00e9\" \/>\n<meta name=\"twitter:card\" content=\"summary_large_image\" \/>\n<meta name=\"twitter:creator\" content=\"@grup_efebe\" \/>\n<meta name=\"twitter:site\" content=\"@grup_efebe\" \/>\n<meta name=\"twitter:label1\" content=\"Escrito por\" \/>\n\t<meta name=\"twitter:data1\" content=\"Grup Efeb\u00e9\" \/>\n\t<meta name=\"twitter:label2\" content=\"Tiempo de lectura\" \/>\n\t<meta name=\"twitter:data2\" content=\"6 minutos\" \/>\n<script type=\"application\/ld+json\" class=\"yoast-schema-graph\">{\"@context\":\"https:\/\/schema.org\",\"@graph\":[{\"@type\":\"Article\",\"@id\":\"https:\/\/grupefebe.com\/es\/ampliamos-nuevos-servicios-en-el-centro-de-dia-entrevista-a-angels-saldanya\/#article\",\"isPartOf\":{\"@id\":\"https:\/\/grupefebe.com\/es\/ampliamos-nuevos-servicios-en-el-centro-de-dia-entrevista-a-angels-saldanya\/\"},\"author\":{\"name\":\"Grup Efeb\u00e9\",\"@id\":\"https:\/\/www.grupefebe.com\/es\/#\/schema\/person\/76402b3180eef131413100afc3282997\"},\"headline\":\"\u00abAmpliamos nuevos servicios en el centro de d\u00eda\u00bb. Entrevista a \u00c0ngels Saldanya.\",\"datePublished\":\"2023-05-18T15:08:04+00:00\",\"dateModified\":\"2023-05-18T15:57:46+00:00\",\"mainEntityOfPage\":{\"@id\":\"https:\/\/grupefebe.com\/es\/ampliamos-nuevos-servicios-en-el-centro-de-dia-entrevista-a-angels-saldanya\/\"},\"wordCount\":1329,\"publisher\":{\"@id\":\"https:\/\/www.grupefebe.com\/es\/#organization\"},\"image\":{\"@id\":\"https:\/\/grupefebe.com\/es\/ampliamos-nuevos-servicios-en-el-centro-de-dia-entrevista-a-angels-saldanya\/#primaryimage\"},\"thumbnailUrl\":\"https:\/\/grupefebe.com\/custom\/uploads\/2023\/05\/fundacio-ana-ribot-scaled.jpg\",\"articleSection\":[\"Residencias para mayores\"],\"inLanguage\":\"es\"},{\"@type\":\"WebPage\",\"@id\":\"https:\/\/grupefebe.com\/es\/ampliamos-nuevos-servicios-en-el-centro-de-dia-entrevista-a-angels-saldanya\/\",\"url\":\"https:\/\/grupefebe.com\/es\/ampliamos-nuevos-servicios-en-el-centro-de-dia-entrevista-a-angels-saldanya\/\",\"name\":\"\\\"Ampliamos nuevos servicios en el centro de d\u00eda\\\". Entrevista a \u00c0ngels Saldanya. | Grupo Efeb\u00e9\",\"isPartOf\":{\"@id\":\"https:\/\/www.grupefebe.com\/es\/#website\"},\"primaryImageOfPage\":{\"@id\":\"https:\/\/grupefebe.com\/es\/ampliamos-nuevos-servicios-en-el-centro-de-dia-entrevista-a-angels-saldanya\/#primaryimage\"},\"image\":{\"@id\":\"https:\/\/grupefebe.com\/es\/ampliamos-nuevos-servicios-en-el-centro-de-dia-entrevista-a-angels-saldanya\/#primaryimage\"},\"thumbnailUrl\":\"https:\/\/grupefebe.com\/custom\/uploads\/2023\/05\/fundacio-ana-ribot-scaled.jpg\",\"datePublished\":\"2023-05-18T15:08:04+00:00\",\"dateModified\":\"2023-05-18T15:57:46+00:00\",\"description\":\"Grupo Efeb\u00e9 entrevistamos a \u00c0ngels Saldanya, directora de la Fundaci\u00f3n Ana Ribot. El nuevo proyecto de ampliaci\u00f3n del centro de d\u00eda.\",\"breadcrumb\":{\"@id\":\"https:\/\/grupefebe.com\/es\/ampliamos-nuevos-servicios-en-el-centro-de-dia-entrevista-a-angels-saldanya\/#breadcrumb\"},\"inLanguage\":\"es\",\"potentialAction\":[{\"@type\":\"ReadAction\",\"target\":[\"https:\/\/grupefebe.com\/es\/ampliamos-nuevos-servicios-en-el-centro-de-dia-entrevista-a-angels-saldanya\/\"]}]},{\"@type\":\"ImageObject\",\"inLanguage\":\"es\",\"@id\":\"https:\/\/grupefebe.com\/es\/ampliamos-nuevos-servicios-en-el-centro-de-dia-entrevista-a-angels-saldanya\/#primaryimage\",\"url\":\"https:\/\/grupefebe.com\/custom\/uploads\/2023\/05\/fundacio-ana-ribot-scaled.jpg\",\"contentUrl\":\"https:\/\/grupefebe.com\/custom\/uploads\/2023\/05\/fundacio-ana-ribot-scaled.jpg\",\"width\":2560,\"height\":1348,\"caption\":\"centro de d\u00eda\"},{\"@type\":\"BreadcrumbList\",\"@id\":\"https:\/\/grupefebe.com\/es\/ampliamos-nuevos-servicios-en-el-centro-de-dia-entrevista-a-angels-saldanya\/#breadcrumb\",\"itemListElement\":[{\"@type\":\"ListItem\",\"position\":1,\"name\":\"Inici\",\"item\":\"https:\/\/www.grupefebe.com\/es\/\"},{\"@type\":\"ListItem\",\"position\":2,\"name\":\"\u00abAmpliamos nuevos servicios en el centro de d\u00eda\u00bb. Entrevista a \u00c0ngels Saldanya.\"}]},{\"@type\":\"WebSite\",\"@id\":\"https:\/\/www.grupefebe.com\/es\/#website\",\"url\":\"https:\/\/www.grupefebe.com\/es\/\",\"name\":\"Grup Efeb\u00e9\",\"description\":\"Otro sitio realizado con WordPress\",\"publisher\":{\"@id\":\"https:\/\/www.grupefebe.com\/es\/#organization\"},\"potentialAction\":[{\"@type\":\"SearchAction\",\"target\":{\"@type\":\"EntryPoint\",\"urlTemplate\":\"https:\/\/www.grupefebe.com\/es\/?s={search_term_string}\"},\"query-input\":{\"@type\":\"PropertyValueSpecification\",\"valueRequired\":true,\"valueName\":\"search_term_string\"}}],\"inLanguage\":\"es\"},{\"@type\":\"Organization\",\"@id\":\"https:\/\/www.grupefebe.com\/es\/#organization\",\"name\":\"Grup Efeb\u00e9\",\"url\":\"https:\/\/www.grupefebe.com\/es\/\",\"logo\":{\"@type\":\"ImageObject\",\"inLanguage\":\"es\",\"@id\":\"https:\/\/www.grupefebe.com\/es\/#\/schema\/logo\/image\/\",\"url\":\"https:\/\/grupefebe.com\/custom\/uploads\/2021\/01\/logo-efebe.png\",\"contentUrl\":\"https:\/\/grupefebe.com\/custom\/uploads\/2021\/01\/logo-efebe.png\",\"width\":524,\"height\":135,\"caption\":\"Grup Efeb\u00e9\"},\"image\":{\"@id\":\"https:\/\/www.grupefebe.com\/es\/#\/schema\/logo\/image\/\"},\"sameAs\":[\"https:\/\/www.facebook.com\/grup.efebe\",\"https:\/\/x.com\/grup_efebe\",\"https:\/\/www.instagram.com\/grup_efebe\/\",\"https:\/\/www.linkedin.com\/company\/grupefebe\",\"https:\/\/www.youtube.com\/channel\/UCj11-LAuLhPfqrL2649Xzrw\"]},{\"@type\":\"Person\",\"@id\":\"https:\/\/www.grupefebe.com\/es\/#\/schema\/person\/76402b3180eef131413100afc3282997\",\"name\":\"Grup Efeb\u00e9\",\"image\":{\"@type\":\"ImageObject\",\"inLanguage\":\"es\",\"@id\":\"https:\/\/www.grupefebe.com\/es\/#\/schema\/person\/image\/\",\"url\":\"https:\/\/secure.gravatar.com\/avatar\/913bc6aa90480101061296ab9cad4bd4ccfb82c623a8820f3fd577558c1651be?s=96&d=mm&r=g\",\"contentUrl\":\"https:\/\/secure.gravatar.com\/avatar\/913bc6aa90480101061296ab9cad4bd4ccfb82c623a8820f3fd577558c1651be?s=96&d=mm&r=g\",\"caption\":\"Grup Efeb\u00e9\"},\"url\":\"https:\/\/grupefebe.com\/es\/author\/julia\/\"}]}<\/script>\n<!-- \/ Yoast SEO plugin. -->","yoast_head_json":{"title":"\"Ampliamos nuevos servicios en el centro de d\u00eda\". Entrevista a \u00c0ngels Saldanya. | Grupo Efeb\u00e9","description":"Grupo Efeb\u00e9 entrevistamos a \u00c0ngels Saldanya, directora de la Fundaci\u00f3n Ana Ribot. El nuevo proyecto de ampliaci\u00f3n del centro de d\u00eda.","robots":{"index":"index","follow":"follow","max-snippet":"max-snippet:-1","max-image-preview":"max-image-preview:large","max-video-preview":"max-video-preview:-1"},"canonical":"https:\/\/grupefebe.com\/es\/ampliamos-nuevos-servicios-en-el-centro-de-dia-entrevista-a-angels-saldanya\/","og_locale":"es_ES","og_type":"article","og_title":"\"Ampliamos nuevos servicios en el centro de d\u00eda\". Entrevista a \u00c0ngels Saldanya. | Grupo Efeb\u00e9","og_description":"Grupo Efeb\u00e9 entrevistamos a \u00c0ngels Saldanya, directora de la Fundaci\u00f3n Ana Ribot. El nuevo proyecto de ampliaci\u00f3n del centro de d\u00eda.","og_url":"https:\/\/grupefebe.com\/es\/ampliamos-nuevos-servicios-en-el-centro-de-dia-entrevista-a-angels-saldanya\/","og_site_name":"Grupo Efeb\u00e9","article_publisher":"https:\/\/www.facebook.com\/grup.efebe","article_published_time":"2023-05-18T15:08:04+00:00","article_modified_time":"2023-05-18T15:57:46+00:00","og_image":[{"width":2560,"height":1348,"url":"https:\/\/www.grupefebe.com\/custom\/uploads\/2023\/05\/fundacio-ana-ribot-scaled.jpg","type":"image\/jpeg"}],"author":"Grup Efeb\u00e9","twitter_card":"summary_large_image","twitter_creator":"@grup_efebe","twitter_site":"@grup_efebe","twitter_misc":{"Escrito por":"Grup Efeb\u00e9","Tiempo de lectura":"6 minutos"},"schema":{"@context":"https:\/\/schema.org","@graph":[{"@type":"Article","@id":"https:\/\/grupefebe.com\/es\/ampliamos-nuevos-servicios-en-el-centro-de-dia-entrevista-a-angels-saldanya\/#article","isPartOf":{"@id":"https:\/\/grupefebe.com\/es\/ampliamos-nuevos-servicios-en-el-centro-de-dia-entrevista-a-angels-saldanya\/"},"author":{"name":"Grup Efeb\u00e9","@id":"https:\/\/www.grupefebe.com\/es\/#\/schema\/person\/76402b3180eef131413100afc3282997"},"headline":"\u00abAmpliamos nuevos servicios en el centro de d\u00eda\u00bb. Entrevista a \u00c0ngels Saldanya.","datePublished":"2023-05-18T15:08:04+00:00","dateModified":"2023-05-18T15:57:46+00:00","mainEntityOfPage":{"@id":"https:\/\/grupefebe.com\/es\/ampliamos-nuevos-servicios-en-el-centro-de-dia-entrevista-a-angels-saldanya\/"},"wordCount":1329,"publisher":{"@id":"https:\/\/www.grupefebe.com\/es\/#organization"},"image":{"@id":"https:\/\/grupefebe.com\/es\/ampliamos-nuevos-servicios-en-el-centro-de-dia-entrevista-a-angels-saldanya\/#primaryimage"},"thumbnailUrl":"https:\/\/grupefebe.com\/custom\/uploads\/2023\/05\/fundacio-ana-ribot-scaled.jpg","articleSection":["Residencias para mayores"],"inLanguage":"es"},{"@type":"WebPage","@id":"https:\/\/grupefebe.com\/es\/ampliamos-nuevos-servicios-en-el-centro-de-dia-entrevista-a-angels-saldanya\/","url":"https:\/\/grupefebe.com\/es\/ampliamos-nuevos-servicios-en-el-centro-de-dia-entrevista-a-angels-saldanya\/","name":"\"Ampliamos nuevos servicios en el centro de d\u00eda\". Entrevista a \u00c0ngels Saldanya. | Grupo Efeb\u00e9","isPartOf":{"@id":"https:\/\/www.grupefebe.com\/es\/#website"},"primaryImageOfPage":{"@id":"https:\/\/grupefebe.com\/es\/ampliamos-nuevos-servicios-en-el-centro-de-dia-entrevista-a-angels-saldanya\/#primaryimage"},"image":{"@id":"https:\/\/grupefebe.com\/es\/ampliamos-nuevos-servicios-en-el-centro-de-dia-entrevista-a-angels-saldanya\/#primaryimage"},"thumbnailUrl":"https:\/\/grupefebe.com\/custom\/uploads\/2023\/05\/fundacio-ana-ribot-scaled.jpg","datePublished":"2023-05-18T15:08:04+00:00","dateModified":"2023-05-18T15:57:46+00:00","description":"Grupo Efeb\u00e9 entrevistamos a \u00c0ngels Saldanya, directora de la Fundaci\u00f3n Ana Ribot. El nuevo proyecto de ampliaci\u00f3n del centro de d\u00eda.","breadcrumb":{"@id":"https:\/\/grupefebe.com\/es\/ampliamos-nuevos-servicios-en-el-centro-de-dia-entrevista-a-angels-saldanya\/#breadcrumb"},"inLanguage":"es","potentialAction":[{"@type":"ReadAction","target":["https:\/\/grupefebe.com\/es\/ampliamos-nuevos-servicios-en-el-centro-de-dia-entrevista-a-angels-saldanya\/"]}]},{"@type":"ImageObject","inLanguage":"es","@id":"https:\/\/grupefebe.com\/es\/ampliamos-nuevos-servicios-en-el-centro-de-dia-entrevista-a-angels-saldanya\/#primaryimage","url":"https:\/\/grupefebe.com\/custom\/uploads\/2023\/05\/fundacio-ana-ribot-scaled.jpg","contentUrl":"https:\/\/grupefebe.com\/custom\/uploads\/2023\/05\/fundacio-ana-ribot-scaled.jpg","width":2560,"height":1348,"caption":"centro de d\u00eda"},{"@type":"BreadcrumbList","@id":"https:\/\/grupefebe.com\/es\/ampliamos-nuevos-servicios-en-el-centro-de-dia-entrevista-a-angels-saldanya\/#breadcrumb","itemListElement":[{"@type":"ListItem","position":1,"name":"Inici","item":"https:\/\/www.grupefebe.com\/es\/"},{"@type":"ListItem","position":2,"name":"\u00abAmpliamos nuevos servicios en el centro de d\u00eda\u00bb. Entrevista a \u00c0ngels Saldanya."}]},{"@type":"WebSite","@id":"https:\/\/www.grupefebe.com\/es\/#website","url":"https:\/\/www.grupefebe.com\/es\/","name":"Grup Efeb\u00e9","description":"Otro sitio realizado con WordPress","publisher":{"@id":"https:\/\/www.grupefebe.com\/es\/#organization"},"potentialAction":[{"@type":"SearchAction","target":{"@type":"EntryPoint","urlTemplate":"https:\/\/www.grupefebe.com\/es\/?s={search_term_string}"},"query-input":{"@type":"PropertyValueSpecification","valueRequired":true,"valueName":"search_term_string"}}],"inLanguage":"es"},{"@type":"Organization","@id":"https:\/\/www.grupefebe.com\/es\/#organization","name":"Grup Efeb\u00e9","url":"https:\/\/www.grupefebe.com\/es\/","logo":{"@type":"ImageObject","inLanguage":"es","@id":"https:\/\/www.grupefebe.com\/es\/#\/schema\/logo\/image\/","url":"https:\/\/grupefebe.com\/custom\/uploads\/2021\/01\/logo-efebe.png","contentUrl":"https:\/\/grupefebe.com\/custom\/uploads\/2021\/01\/logo-efebe.png","width":524,"height":135,"caption":"Grup Efeb\u00e9"},"image":{"@id":"https:\/\/www.grupefebe.com\/es\/#\/schema\/logo\/image\/"},"sameAs":["https:\/\/www.facebook.com\/grup.efebe","https:\/\/x.com\/grup_efebe","https:\/\/www.instagram.com\/grup_efebe\/","https:\/\/www.linkedin.com\/company\/grupefebe","https:\/\/www.youtube.com\/channel\/UCj11-LAuLhPfqrL2649Xzrw"]},{"@type":"Person","@id":"https:\/\/www.grupefebe.com\/es\/#\/schema\/person\/76402b3180eef131413100afc3282997","name":"Grup Efeb\u00e9","image":{"@type":"ImageObject","inLanguage":"es","@id":"https:\/\/www.grupefebe.com\/es\/#\/schema\/person\/image\/","url":"https:\/\/secure.gravatar.com\/avatar\/913bc6aa90480101061296ab9cad4bd4ccfb82c623a8820f3fd577558c1651be?s=96&d=mm&r=g","contentUrl":"https:\/\/secure.gravatar.com\/avatar\/913bc6aa90480101061296ab9cad4bd4ccfb82c623a8820f3fd577558c1651be?s=96&d=mm&r=g","caption":"Grup Efeb\u00e9"},"url":"https:\/\/grupefebe.com\/es\/author\/julia\/"}]}},"_links":{"self":[{"href":"https:\/\/grupefebe.com\/es\/wp-json\/wp\/v2\/posts\/14175","targetHints":{"allow":["GET"]}}],"collection":[{"href":"https:\/\/grupefebe.com\/es\/wp-json\/wp\/v2\/posts"}],"about":[{"href":"https:\/\/grupefebe.com\/es\/wp-json\/wp\/v2\/types\/post"}],"author":[{"embeddable":true,"href":"https:\/\/grupefebe.com\/es\/wp-json\/wp\/v2\/users\/2"}],"replies":[{"embeddable":true,"href":"https:\/\/grupefebe.com\/es\/wp-json\/wp\/v2\/comments?post=14175"}],"version-history":[{"count":3,"href":"https:\/\/grupefebe.com\/es\/wp-json\/wp\/v2\/posts\/14175\/revisions"}],"predecessor-version":[{"id":14178,"href":"https:\/\/grupefebe.com\/es\/wp-json\/wp\/v2\/posts\/14175\/revisions\/14178"}],"wp:featuredmedia":[{"embeddable":true,"href":"https:\/\/grupefebe.com\/es\/wp-json\/wp\/v2\/media\/14170"}],"wp:attachment":[{"href":"https:\/\/grupefebe.com\/es\/wp-json\/wp\/v2\/media?parent=14175"}],"wp:term":[{"taxonomy":"category","embeddable":true,"href":"https:\/\/grupefebe.com\/es\/wp-json\/wp\/v2\/categories?post=14175"}],"curies":[{"name":"wp","href":"https:\/\/api.w.org\/{rel}","templated":true}]}}