{"id":14871,"date":"2024-04-12T09:27:59","date_gmt":"2024-04-12T09:27:59","guid":{"rendered":"https:\/\/grupefebe.com\/?p=14871"},"modified":"2024-04-12T09:27:59","modified_gmt":"2024-04-12T09:27:59","slug":"naturalizacion-de-espacios-exteriores-para-residencias","status":"publish","type":"post","link":"https:\/\/grupefebe.com\/es\/naturalizacion-de-espacios-exteriores-para-residencias\/","title":{"rendered":"Gu\u00eda para la naturalizaci\u00f3n de espacios exteriores para residencias"},"content":{"rendered":"<h1>\u00bfC\u00f3mo mejorar la naturalizaci\u00f3n de los espacios exteriores en las residencias?<\/h1>\n<p>En el universo de las residencias para personas mayores, <strong>el dise\u00f1o y la naturalizaci\u00f3n de espacios son elementos cruciales<\/strong> para el bienestar y la calidad de vida de los residentes. Mientras que las residencias tradicionales a menudo se perciben como entornos institucionales y fr\u00edos (conclusiones del<strong><a href=\"https:\/\/www.grupefebe.com\/es\/barometro-grup-efebe-baby-boomers-y-generacion-x-quieren-seguir-viviendo-en-comunidad-cuando-sean-mayores-y-sentirse-autonomos-capaces-y-autosuficientes\/\"> bar\u00f3metro Grup Efeb\u00e9<\/a><\/strong>), en Efeb\u00e9 nos esforzamos por crear hogares vibrantes y acogedores que promuevan la <strong>salud f\u00edsica y mental <\/strong>de quienes los habitan. En este art\u00edculo, exploraremos en detalle los beneficios del dise\u00f1o centrado en las personas y la integraci\u00f3n de la naturaleza en el entorno de las residencias, as\u00ed como proporcionaremos<strong> consejos pr\u00e1cticos<\/strong> para aquellos que est\u00e9n considerando implementar cambios en el dise\u00f1o de una residencia.<\/p>\n<p><img loading=\"lazy\" decoding=\"async\" class=\"alignnone wp-image-14885\" src=\"https:\/\/grupefebe.com\/custom\/uploads\/2024\/04\/2.png\" alt=\"jard\u00edn residencia\" width=\"677\" height=\"508\" \/><\/p>\n<h2>1. Beneficios de la naturalizaci\u00f3n de espacios<\/h2>\n<h3>Impacto positivo en la salud mental y emocional<\/h3>\n<p>Estudios han demostrado que los <strong>entornos naturales y bien dise\u00f1ados<\/strong> pueden tener un impacto significativo en la salud mental y emocional de las personas mayores (consulta nuestro<strong><a href=\"https:\/\/www.grupefebe.com\/es\/barometro-grup-efebe-baby-boomers-y-generacion-x-quieren-seguir-viviendo-en-comunidad-cuando-sean-mayores-y-sentirse-autonomos-capaces-y-autosuficientes\/\"> bar\u00f3metro <\/a><\/strong>para m\u00e1s informaci\u00f3n). La presencia de <strong>vegetaci\u00f3n y elementos naturales<\/strong> en el entorno puede reducir el estr\u00e9s, la ansiedad y la depresi\u00f3n, y promover una sensaci\u00f3n de calma y bienestar.<\/p>\n<p><strong>Por ejemplo:<\/strong> Puedes incorporar jardines terap\u00e9uticos con plantas arom\u00e1ticas y senderos naturales, para mejorar el estado de \u00e1nimo y la interacci\u00f3n social de los residentes.<\/p>\n<h3>Mejora de la calidad del sue\u00f1o<\/h3>\n<p>Un entorno bien dise\u00f1ado y naturalizado tambi\u00e9n puede contribuir a mejorar la calidad del sue\u00f1o de los residentes. La exposici\u00f3n a la <strong>luz natural<\/strong> durante el d\u00eda y la implementaci\u00f3n de <strong>sistemas de iluminaci\u00f3n<\/strong> adecuados pueden regular los ciclos de sue\u00f1o y vigilia, ayudando a los residentes a dormir mejor por la noche.<\/p>\n<p><strong>Idea:<\/strong> Podr\u00edas implementar estrategias de dise\u00f1o que maximizan la entrada de luz natural y visualizaci\u00f3n de la vegetaci\u00f3n exterior desde el interior del edificio.<\/p>\n<p style=\"text-align: left;\">Ahorra energ\u00eda con estos<strong><a href=\"https:\/\/www.grupefebe.com\/es\/6-consejos-para-ser-sostenible-y-ahorrar-energia\/\"> 6 consejos<\/a><\/strong>.<\/p>\n<h3>Reducci\u00f3n de la sensaci\u00f3n de aislamiento social<\/h3>\n<p>Los espacios bien dise\u00f1ados y naturales tambi\u00e9n pueden <strong>fomentar la interacci\u00f3n social<\/strong> y reducir la sensaci\u00f3n de aislamiento entre los residentes. La creaci\u00f3n de <strong>\u00e1reas comunes<\/strong> acogedoras al aire libre, como patios y terrazas, puede proporcionar un espacio para que los residentes se re\u00fanan, socialicen y disfruten de actividades al aire libre juntos.<\/p>\n<p><strong>Propuesta:<\/strong> Dise\u00f1ar un patio central con \u00e1reas de descanso, juegos y huertos urbanos, donde los residentes pueden participar en actividades grupales y sentirse conectados con la naturaleza y entre ellos.<\/p>\n<p><img loading=\"lazy\" decoding=\"async\" class=\"alignnone size-full wp-image-14890\" src=\"https:\/\/grupefebe.com\/custom\/uploads\/2024\/04\/5B_ESPAI-EXTERIOR.png\" alt=\"personas mayores andando\" width=\"800\" height=\"450\" srcset=\"https:\/\/grupefebe.com\/custom\/uploads\/2024\/04\/5B_ESPAI-EXTERIOR.png 800w, https:\/\/grupefebe.com\/custom\/uploads\/2024\/04\/5B_ESPAI-EXTERIOR-300x169.png 300w, https:\/\/grupefebe.com\/custom\/uploads\/2024\/04\/5B_ESPAI-EXTERIOR-768x432.png 768w\" sizes=\"auto, (max-width: 800px) 100vw, 800px\" \/><\/p>\n<h2>2. \u00bfEn qu\u00e9 ayuda la integraci\u00f3n de vegetaci\u00f3n aut\u00f3ctona y mobiliario urbano?<\/h2>\n<h3>Promoci\u00f3n de la salud f\u00edsica<\/h3>\n<p>La integraci\u00f3n de vegetaci\u00f3n aut\u00f3ctona y mobiliario urbano en los espacios exteriores de las residencias puede promover la salud f\u00edsica de los residentes al facilitar la realizaci\u00f3n de actividades al aire libre y promover un estilo de vida activo.<\/p>\n<p><strong>Idea: <\/strong>Hacer la instalaci\u00f3n de bancos y \u00e1reas de descanso en medio de jardines bot\u00e1nicos puede animar a los residentes a dar paseos y disfrutar del entorno natural.<\/p>\n<p>Coge inspiraci\u00f3n con estas <strong>6 mesas de exterior<\/strong> para residencias de gente mayor haciendo <strong><a href=\"https:\/\/www.grupefebe.com\/es\/seis-mesas-de-exterior-para-residencias-de-gente-mayor\/\">clic aqu\u00ed<\/a><\/strong>.<\/p>\n<h3>Fomento de la conexi\u00f3n con la naturaleza<\/h3>\n<p>La presencia de vegetaci\u00f3n aut\u00f3ctona y elementos naturales en el entorno de la residencia puede<strong> fomentar la conexi\u00f3n con la naturaleza<\/strong> y mejorar el bienestar emocional de los residentes. La creaci\u00f3n de espacios verdes accesibles y atractivos, como jardines y parques, puede proporcionar un refugio tranquilo donde los residentes puedan relajarse, meditar y disfrutar de la belleza natural que los rodea.<\/p>\n<h3>Estimulaci\u00f3n sensorial y cognitiva<\/h3>\n<p>La integraci\u00f3n de vegetaci\u00f3n aut\u00f3ctona y elementos naturales en el entorno de la residencia puede <strong>estimular los sentidos<\/strong> y promover la cognici\u00f3n entre los residentes. Por ejemplo, la presencia de plantas arom\u00e1ticas y coloridas puede despertar la curiosidad y el inter\u00e9s de los residentes, proporcionando una experiencia sensorial enriquecedora y estimulante.<\/p>\n<div id=\"attachment_13779\" style=\"width: 690px\" class=\"wp-caption alignnone\"><a href=\"https:\/\/www.grupefebe.com\/es\/products\/silla-linear-steel\/\"><img loading=\"lazy\" decoding=\"async\" aria-describedby=\"caption-attachment-13779\" class=\"wp-image-13779\" src=\"https:\/\/grupefebe.com\/custom\/uploads\/2023\/03\/Silla-Linear-Steel-3-1024x819.jpg\" alt=\"Silla Linear Steel\" width=\"680\" height=\"544\" srcset=\"https:\/\/grupefebe.com\/custom\/uploads\/2023\/03\/Silla-Linear-Steel-3-1024x819.jpg 1024w, https:\/\/grupefebe.com\/custom\/uploads\/2023\/03\/Silla-Linear-Steel-3-300x240.jpg 300w, https:\/\/grupefebe.com\/custom\/uploads\/2023\/03\/Silla-Linear-Steel-3-768x614.jpg 768w, https:\/\/grupefebe.com\/custom\/uploads\/2023\/03\/Silla-Linear-Steel-3.jpg 1500w\" sizes=\"auto, (max-width: 680px) 100vw, 680px\" \/><\/a><p id=\"caption-attachment-13779\" class=\"wp-caption-text\">Silla Linear Steel<\/p><\/div>\n<h2>3. A\u00f1ade equipamiento deportivo urbano y fomenta actividades al exterior<\/h2>\n<h3>Promoci\u00f3n de un estilo de vida activo<\/h3>\n<p>La instalaci\u00f3n de <strong>equipamiento deportivo urbano<\/strong>, como m\u00e1quinas de ejercicio al aire libre y pistas de caminar, puede promover un estilo de vida activo entre los residentes y mejorar su salud f\u00edsica y bienestar general.<\/p>\n<p><strong>Idea:<\/strong> puedes incorporar un <strong>circuito de ejercicios<\/strong> al aire libre, donde los residentes pueden participar en actividades de bajo impacto para fortalecer sus m\u00fasculos y mejorar su resistencia cardiovascular.<\/p>\n<h3>Fomento de la socializaci\u00f3n y la diversi\u00f3n<\/h3>\n<p>Las actividades al aire libre, como los <strong>huertos urbanos<\/strong> y las clases de yoga al aire libre, pueden fomentar la socializaci\u00f3n y la diversi\u00f3n entre los residentes, promoviendo un sentido de comunidad y pertenencia.<\/p>\n<p>Apl\u00edcalo organizando regularmente actividades al aire libre, donde los residentes pueden participar en la jardiner\u00eda, la danza y otros pasatiempos recreativos, disfrutando del aire fresco y la compa\u00f1\u00eda de sus compa\u00f1eros.<\/p>\n<h3>Mejora del bienestar y la calidad de vida<\/h3>\n<p>La participaci\u00f3n en actividades al aire libre y el uso de equipamiento deportivo urbano pueden contribuir a mejorar el bienestar y la calidad de vida de los residentes al proporcionarles una salida para el estr\u00e9s y la ansiedad, y promover una <strong>sensaci\u00f3n de logro y satisfacci\u00f3n personal<\/strong>. Puedes ofrecer una amplia gama de actividades al aire libre, desde clases de tai chi hasta paseos guiados por la naturaleza, dise\u00f1adas para mejorar la<strong> salud f\u00edsica y mental<\/strong> de sus residentes y fomentar un estilo de vida activo y saludable.<\/p>\n<p><img loading=\"lazy\" decoding=\"async\" class=\"alignnone size-full wp-image-14888\" src=\"https:\/\/grupefebe.com\/custom\/uploads\/2024\/04\/5A_ESPAI-EXTERIOR_POST.png\" alt=\"huerto urbano\" width=\"800\" height=\"450\" srcset=\"https:\/\/grupefebe.com\/custom\/uploads\/2024\/04\/5A_ESPAI-EXTERIOR_POST.png 800w, https:\/\/grupefebe.com\/custom\/uploads\/2024\/04\/5A_ESPAI-EXTERIOR_POST-300x169.png 300w, https:\/\/grupefebe.com\/custom\/uploads\/2024\/04\/5A_ESPAI-EXTERIOR_POST-768x432.png 768w\" sizes=\"auto, (max-width: 800px) 100vw, 800px\" \/><\/p>\n<h2>4. \u00bfQu\u00e9 elementos de dise\u00f1o podemos usar para la naturalizaci\u00f3n de espacios exteriores?<\/h2>\n<h3>Selecci\u00f3n de vegetaci\u00f3n aut\u00f3ctona<\/h3>\n<p>La elecci\u00f3n de plantas y \u00e1rboles aut\u00f3ctonos es fundamental para crear un entorno naturalizado y sostenible en las \u00e1reas exteriores de una residencia. Las especies aut\u00f3ctonas est\u00e1n <strong>adaptadas al clima<\/strong> y las condiciones del suelo de la regi\u00f3n, lo que las hace m\u00e1s resistentes a enfermedades y plagas, y requieren <strong>menos agua y mantenimiento<\/strong>. Al seleccionar vegetaci\u00f3n aut\u00f3ctona, como arbustos nativos, \u00e1rboles frondosos y plantas perennes, podemos crear un paisaje diverso y atractivo que atraiga a la fauna local y proporcione refugio y alimento para insectos y aves.<\/p>\n<h3>Dise\u00f1o de zonas verdes funcionales<\/h3>\n<p>El dise\u00f1o de zonas verdes funcionales es esencial para maximizar el uso y el disfrute de los espacios exteriores de una residencia. Las zonas verdes pueden incluir \u00e1reas de descanso y relajaci\u00f3n, jardines terap\u00e9uticos, huertos urbanos y espacios para actividades al aire libre. Al planificar el dise\u00f1o de las zonas verdes, es importante tener en cuenta las<strong> necesidades y preferencias de los residentes<\/strong>, as\u00ed como la <strong>accesibilidad y la seguridad<\/strong>. Por ejemplo, se pueden crear senderos accesibles y pavimentados para facilitar el acceso de los residentes en sillas de ruedas o con movilidad reducida, y se pueden instalar bancos y \u00e1reas de descanso en lugares estrat\u00e9gicos para promover la socializaci\u00f3n y el descanso.<\/p>\n<p>Descubre 4 consejos para escoger mobiliario de exterior para personas mayores <strong><a href=\"https:\/\/www.grupefebe.com\/es\/4-consejos-para-escoger-mobiliario-de-exterior-para-personas-mayores\/\">aqu\u00ed<\/a><\/strong>.<\/p>\n<h3>Incorporaci\u00f3n de elementos de agua<\/h3>\n<p>La incorporaci\u00f3n de elementos de agua, como fuentes, estanques y arroyos, puede agregar un toque de <strong>serenidad y frescura<\/strong> al entorno naturalizado de una residencia. El sonido del agua en movimiento puede tener un efecto relajante y terap\u00e9utico, y proporcionar un punto focal atractivo para los residentes y visitantes. Adem\u00e1s, los elementos de agua pueden atraer a la vida silvestre y crear un h\u00e1bitat acu\u00e1tico diverso y din\u00e1mico.<\/p>\n<h3>Uso de materiales naturales y sostenibles<\/h3>\n<p>El uso de materiales naturales y sostenibles en el dise\u00f1o de espacios exteriores puede contribuir a la <strong>est\u00e9tica y la funcionalidad<\/strong> del entorno, al tiempo que reduce el impacto ambiental y promueve la <strong>sostenibilidad<\/strong>. Por ejemplo, se pueden utilizar pavimentos permeables, como adoquines de piedra natural o gravilla, para permitir la infiltraci\u00f3n de agua en el suelo y reducir la escorrent\u00eda superficial. Adem\u00e1s, se pueden utilizar maderas certificadas por el FSC (<a href=\"https:\/\/www.es.fsc.org\/es-es\">Forest Stewardship Council<\/a>) para la construcci\u00f3n de estructuras y muebles al aire libre, garantizando que provienen de bosques gestionados de forma sostenible.<\/p>\n<h3>Iluminaci\u00f3n ambiental y eficiente<\/h3>\n<p>La iluminaci\u00f3n ambiental y eficiente es clave para crear un entorno seguro y acogedor en los espacios exteriores de una residencia durante la noche. Se pueden utilizar<strong> luces LED de bajo consumo energ\u00e9tico<\/strong> y sistemas de iluminaci\u00f3n direccionales para resaltar caracter\u00edsticas naturales y arquitect\u00f3nicas, como \u00e1rboles, senderos y \u00e1reas de descanso. Adem\u00e1s, se pueden instalar <strong>luces solares<\/strong> en \u00e1reas donde no hay acceso a la red el\u00e9ctrica, aprovechando la energ\u00eda renovable del sol para iluminar los espacios exteriores de manera sostenible y respetuosa con el medio ambiente.<\/p>\n<p>\u00a1Con estos elementos de dise\u00f1o, podemos transformar los espacios exteriores de una residencia en un oasis natural y acogedor que promueva el bienestar y la calidad de vida de sus residentes!<\/p>\n<div id=\"attachment_13727\" style=\"width: 582px\" class=\"wp-caption alignnone\"><a href=\"https:\/\/www.grupefebe.com\/es\/products\/lampara-sin-cables-giravolta\/\" rel=\"https:\/\/www.grupefebe.com\/es\/products\/lampara-sin-cables-giravolta\/\"><img loading=\"lazy\" decoding=\"async\" aria-describedby=\"caption-attachment-13727\" class=\"wp-image-13727\" src=\"https:\/\/grupefebe.com\/custom\/uploads\/2023\/03\/giravolta-1799-still-03-1024x703.jpg\" alt=\"L\u00e1mpara sin cables Giravolta\" width=\"572\" height=\"393\" srcset=\"https:\/\/grupefebe.com\/custom\/uploads\/2023\/03\/giravolta-1799-still-03-1024x703.jpg 1024w, https:\/\/grupefebe.com\/custom\/uploads\/2023\/03\/giravolta-1799-still-03-300x206.jpg 300w, https:\/\/grupefebe.com\/custom\/uploads\/2023\/03\/giravolta-1799-still-03-768x527.jpg 768w, https:\/\/grupefebe.com\/custom\/uploads\/2023\/03\/giravolta-1799-still-03-1536x1054.jpg 1536w, https:\/\/grupefebe.com\/custom\/uploads\/2023\/03\/giravolta-1799-still-03.jpg 1600w\" sizes=\"auto, (max-width: 572px) 100vw, 572px\" \/><\/a><p id=\"caption-attachment-13727\" class=\"wp-caption-text\">L\u00e1mpara sin cables Giravolta<\/p><\/div>\n<p>En resumen, el dise\u00f1o y la naturalizaci\u00f3n de espacios en las residencias para personas mayores pueden tener un impacto significativo en su bienestar f\u00edsico, mental y emocional. Al integrar vegetaci\u00f3n aut\u00f3ctona, mobiliario urbano, equipamiento deportivo urbano y actividades al exterior en el entorno de la residencia, podemos crear un ambiente acogedor, estimulante y saludable que promueva la salud y la felicidad de quienes lo habitan. En Efeb\u00e9, estamos comprometidos a transformar las residencias de personas mayores en hogares vibrantes y humanizados que mejoren la calidad de vida de sus residentes y fomenten un envejecimiento activo y saludable. \u00a1<strong>Contacta con nosotros <a href=\"https:\/\/grupefebe.com\/es\/formulario-contacto\/\">aqu\u00ed<\/a><\/strong> para descubrir c\u00f3mo podemos ayudarte a crear una residencia que sea un lugar donde los residentes puedan vivir con bienestar i calidad de vida!<\/p>\n","protected":false},"excerpt":{"rendered":"<p>\u00bfC\u00f3mo mejorar la naturalizaci\u00f3n de los espacios exteriores en las residencias? En el universo de las residencias para personas mayores, [&hellip;]<\/p>\n","protected":false},"author":2,"featured_media":14872,"comment_status":"closed","ping_status":"closed","sticky":false,"template":"","format":"standard","meta":{"_acf_changed":false,"footnotes":"","_links_to":"","_links_to_target":""},"categories":[202],"class_list":["post-14871","post","type-post","status-publish","format-standard","has-post-thumbnail","hentry","category-residencias-mayores"],"acf":[],"yoast_head":"<!-- This site is optimized with the Yoast SEO plugin v25.9 - https:\/\/yoast.com\/wordpress\/plugins\/seo\/ -->\n<title>Gu\u00eda para la naturalizaci\u00f3n de espacios exteriores para residencias<\/title>\n<meta name=\"description\" content=\"Descubre c\u00f3mo la naturalizaci\u00f3n de espacios en residencias para personas mayores puede transformar el entorno, promoviendo el bienestar...\" \/>\n<meta name=\"robots\" content=\"index, follow, max-snippet:-1, max-image-preview:large, max-video-preview:-1\" \/>\n<link rel=\"canonical\" href=\"https:\/\/grupefebe.com\/es\/naturalizacion-de-espacios-exteriores-para-residencias\/\" \/>\n<meta property=\"og:locale\" content=\"es_ES\" \/>\n<meta property=\"og:type\" content=\"article\" \/>\n<meta property=\"og:title\" content=\"Gu\u00eda para la naturalizaci\u00f3n de espacios exteriores para residencias\" \/>\n<meta property=\"og:description\" content=\"Descubre c\u00f3mo la naturalizaci\u00f3n de espacios en residencias para personas mayores puede transformar el entorno, promoviendo el bienestar...\" \/>\n<meta property=\"og:url\" content=\"https:\/\/grupefebe.com\/es\/naturalizacion-de-espacios-exteriores-para-residencias\/\" \/>\n<meta property=\"og:site_name\" content=\"Grupo Efeb\u00e9\" \/>\n<meta property=\"article:publisher\" content=\"https:\/\/www.facebook.com\/grup.efebe\" \/>\n<meta property=\"article:published_time\" content=\"2024-04-12T09:27:59+00:00\" \/>\n<meta property=\"og:image\" content=\"https:\/\/grupefebe.com\/custom\/uploads\/2024\/04\/JARDI-RESI_2.jpg\" \/>\n\t<meta property=\"og:image:width\" content=\"2000\" \/>\n\t<meta property=\"og:image:height\" content=\"1125\" \/>\n\t<meta property=\"og:image:type\" content=\"image\/jpeg\" \/>\n<meta name=\"author\" content=\"Grup Efeb\u00e9\" \/>\n<meta name=\"twitter:card\" content=\"summary_large_image\" \/>\n<meta name=\"twitter:creator\" content=\"@grup_efebe\" \/>\n<meta name=\"twitter:site\" content=\"@grup_efebe\" \/>\n<meta name=\"twitter:label1\" content=\"Escrito por\" \/>\n\t<meta name=\"twitter:data1\" content=\"Grup Efeb\u00e9\" \/>\n\t<meta name=\"twitter:label2\" content=\"Tiempo de lectura\" \/>\n\t<meta name=\"twitter:data2\" content=\"9 minutos\" \/>\n<script type=\"application\/ld+json\" class=\"yoast-schema-graph\">{\"@context\":\"https:\/\/schema.org\",\"@graph\":[{\"@type\":\"Article\",\"@id\":\"https:\/\/grupefebe.com\/es\/naturalizacion-de-espacios-exteriores-para-residencias\/#article\",\"isPartOf\":{\"@id\":\"https:\/\/grupefebe.com\/es\/naturalizacion-de-espacios-exteriores-para-residencias\/\"},\"author\":{\"name\":\"Grup Efeb\u00e9\",\"@id\":\"https:\/\/www.grupefebe.com\/es\/#\/schema\/person\/76402b3180eef131413100afc3282997\"},\"headline\":\"Gu\u00eda para la naturalizaci\u00f3n de espacios exteriores para residencias\",\"datePublished\":\"2024-04-12T09:27:59+00:00\",\"mainEntityOfPage\":{\"@id\":\"https:\/\/grupefebe.com\/es\/naturalizacion-de-espacios-exteriores-para-residencias\/\"},\"wordCount\":1696,\"publisher\":{\"@id\":\"https:\/\/www.grupefebe.com\/es\/#organization\"},\"image\":{\"@id\":\"https:\/\/grupefebe.com\/es\/naturalizacion-de-espacios-exteriores-para-residencias\/#primaryimage\"},\"thumbnailUrl\":\"https:\/\/grupefebe.com\/custom\/uploads\/2024\/04\/JARDI-RESI_2.jpg\",\"articleSection\":[\"Residencias para mayores\"],\"inLanguage\":\"es\"},{\"@type\":\"WebPage\",\"@id\":\"https:\/\/grupefebe.com\/es\/naturalizacion-de-espacios-exteriores-para-residencias\/\",\"url\":\"https:\/\/grupefebe.com\/es\/naturalizacion-de-espacios-exteriores-para-residencias\/\",\"name\":\"Gu\u00eda para la naturalizaci\u00f3n de espacios exteriores para residencias\",\"isPartOf\":{\"@id\":\"https:\/\/www.grupefebe.com\/es\/#website\"},\"primaryImageOfPage\":{\"@id\":\"https:\/\/grupefebe.com\/es\/naturalizacion-de-espacios-exteriores-para-residencias\/#primaryimage\"},\"image\":{\"@id\":\"https:\/\/grupefebe.com\/es\/naturalizacion-de-espacios-exteriores-para-residencias\/#primaryimage\"},\"thumbnailUrl\":\"https:\/\/grupefebe.com\/custom\/uploads\/2024\/04\/JARDI-RESI_2.jpg\",\"datePublished\":\"2024-04-12T09:27:59+00:00\",\"description\":\"Descubre c\u00f3mo la naturalizaci\u00f3n de espacios en residencias para personas mayores puede transformar el entorno, promoviendo el bienestar...\",\"breadcrumb\":{\"@id\":\"https:\/\/grupefebe.com\/es\/naturalizacion-de-espacios-exteriores-para-residencias\/#breadcrumb\"},\"inLanguage\":\"es\",\"potentialAction\":[{\"@type\":\"ReadAction\",\"target\":[\"https:\/\/grupefebe.com\/es\/naturalizacion-de-espacios-exteriores-para-residencias\/\"]}]},{\"@type\":\"ImageObject\",\"inLanguage\":\"es\",\"@id\":\"https:\/\/grupefebe.com\/es\/naturalizacion-de-espacios-exteriores-para-residencias\/#primaryimage\",\"url\":\"https:\/\/grupefebe.com\/custom\/uploads\/2024\/04\/JARDI-RESI_2.jpg\",\"contentUrl\":\"https:\/\/grupefebe.com\/custom\/uploads\/2024\/04\/JARDI-RESI_2.jpg\",\"width\":2000,\"height\":1125,\"caption\":\"jardin residencia\"},{\"@type\":\"BreadcrumbList\",\"@id\":\"https:\/\/grupefebe.com\/es\/naturalizacion-de-espacios-exteriores-para-residencias\/#breadcrumb\",\"itemListElement\":[{\"@type\":\"ListItem\",\"position\":1,\"name\":\"Inici\",\"item\":\"https:\/\/www.grupefebe.com\/es\/\"},{\"@type\":\"ListItem\",\"position\":2,\"name\":\"Gu\u00eda para la naturalizaci\u00f3n de espacios exteriores para residencias\"}]},{\"@type\":\"WebSite\",\"@id\":\"https:\/\/www.grupefebe.com\/es\/#website\",\"url\":\"https:\/\/www.grupefebe.com\/es\/\",\"name\":\"Grup Efeb\u00e9\",\"description\":\"Otro sitio realizado con WordPress\",\"publisher\":{\"@id\":\"https:\/\/www.grupefebe.com\/es\/#organization\"},\"potentialAction\":[{\"@type\":\"SearchAction\",\"target\":{\"@type\":\"EntryPoint\",\"urlTemplate\":\"https:\/\/www.grupefebe.com\/es\/?s={search_term_string}\"},\"query-input\":{\"@type\":\"PropertyValueSpecification\",\"valueRequired\":true,\"valueName\":\"search_term_string\"}}],\"inLanguage\":\"es\"},{\"@type\":\"Organization\",\"@id\":\"https:\/\/www.grupefebe.com\/es\/#organization\",\"name\":\"Grup Efeb\u00e9\",\"url\":\"https:\/\/www.grupefebe.com\/es\/\",\"logo\":{\"@type\":\"ImageObject\",\"inLanguage\":\"es\",\"@id\":\"https:\/\/www.grupefebe.com\/es\/#\/schema\/logo\/image\/\",\"url\":\"https:\/\/grupefebe.com\/custom\/uploads\/2021\/01\/logo-efebe.png\",\"contentUrl\":\"https:\/\/grupefebe.com\/custom\/uploads\/2021\/01\/logo-efebe.png\",\"width\":524,\"height\":135,\"caption\":\"Grup Efeb\u00e9\"},\"image\":{\"@id\":\"https:\/\/www.grupefebe.com\/es\/#\/schema\/logo\/image\/\"},\"sameAs\":[\"https:\/\/www.facebook.com\/grup.efebe\",\"https:\/\/x.com\/grup_efebe\",\"https:\/\/www.instagram.com\/grup_efebe\/\",\"https:\/\/www.linkedin.com\/company\/grupefebe\",\"https:\/\/www.youtube.com\/channel\/UCj11-LAuLhPfqrL2649Xzrw\"]},{\"@type\":\"Person\",\"@id\":\"https:\/\/www.grupefebe.com\/es\/#\/schema\/person\/76402b3180eef131413100afc3282997\",\"name\":\"Grup Efeb\u00e9\",\"image\":{\"@type\":\"ImageObject\",\"inLanguage\":\"es\",\"@id\":\"https:\/\/www.grupefebe.com\/es\/#\/schema\/person\/image\/\",\"url\":\"https:\/\/secure.gravatar.com\/avatar\/913bc6aa90480101061296ab9cad4bd4ccfb82c623a8820f3fd577558c1651be?s=96&d=mm&r=g\",\"contentUrl\":\"https:\/\/secure.gravatar.com\/avatar\/913bc6aa90480101061296ab9cad4bd4ccfb82c623a8820f3fd577558c1651be?s=96&d=mm&r=g\",\"caption\":\"Grup Efeb\u00e9\"},\"url\":\"https:\/\/grupefebe.com\/es\/author\/julia\/\"}]}<\/script>\n<!-- \/ Yoast SEO plugin. -->","yoast_head_json":{"title":"Gu\u00eda para la naturalizaci\u00f3n de espacios exteriores para residencias","description":"Descubre c\u00f3mo la naturalizaci\u00f3n de espacios en residencias para personas mayores puede transformar el entorno, promoviendo el bienestar...","robots":{"index":"index","follow":"follow","max-snippet":"max-snippet:-1","max-image-preview":"max-image-preview:large","max-video-preview":"max-video-preview:-1"},"canonical":"https:\/\/grupefebe.com\/es\/naturalizacion-de-espacios-exteriores-para-residencias\/","og_locale":"es_ES","og_type":"article","og_title":"Gu\u00eda para la naturalizaci\u00f3n de espacios exteriores para residencias","og_description":"Descubre c\u00f3mo la naturalizaci\u00f3n de espacios en residencias para personas mayores puede transformar el entorno, promoviendo el bienestar...","og_url":"https:\/\/grupefebe.com\/es\/naturalizacion-de-espacios-exteriores-para-residencias\/","og_site_name":"Grupo Efeb\u00e9","article_publisher":"https:\/\/www.facebook.com\/grup.efebe","article_published_time":"2024-04-12T09:27:59+00:00","og_image":[{"width":2000,"height":1125,"url":"https:\/\/grupefebe.com\/custom\/uploads\/2024\/04\/JARDI-RESI_2.jpg","type":"image\/jpeg"}],"author":"Grup Efeb\u00e9","twitter_card":"summary_large_image","twitter_creator":"@grup_efebe","twitter_site":"@grup_efebe","twitter_misc":{"Escrito por":"Grup Efeb\u00e9","Tiempo de lectura":"9 minutos"},"schema":{"@context":"https:\/\/schema.org","@graph":[{"@type":"Article","@id":"https:\/\/grupefebe.com\/es\/naturalizacion-de-espacios-exteriores-para-residencias\/#article","isPartOf":{"@id":"https:\/\/grupefebe.com\/es\/naturalizacion-de-espacios-exteriores-para-residencias\/"},"author":{"name":"Grup Efeb\u00e9","@id":"https:\/\/www.grupefebe.com\/es\/#\/schema\/person\/76402b3180eef131413100afc3282997"},"headline":"Gu\u00eda para la naturalizaci\u00f3n de espacios exteriores para residencias","datePublished":"2024-04-12T09:27:59+00:00","mainEntityOfPage":{"@id":"https:\/\/grupefebe.com\/es\/naturalizacion-de-espacios-exteriores-para-residencias\/"},"wordCount":1696,"publisher":{"@id":"https:\/\/www.grupefebe.com\/es\/#organization"},"image":{"@id":"https:\/\/grupefebe.com\/es\/naturalizacion-de-espacios-exteriores-para-residencias\/#primaryimage"},"thumbnailUrl":"https:\/\/grupefebe.com\/custom\/uploads\/2024\/04\/JARDI-RESI_2.jpg","articleSection":["Residencias para mayores"],"inLanguage":"es"},{"@type":"WebPage","@id":"https:\/\/grupefebe.com\/es\/naturalizacion-de-espacios-exteriores-para-residencias\/","url":"https:\/\/grupefebe.com\/es\/naturalizacion-de-espacios-exteriores-para-residencias\/","name":"Gu\u00eda para la naturalizaci\u00f3n de espacios exteriores para residencias","isPartOf":{"@id":"https:\/\/www.grupefebe.com\/es\/#website"},"primaryImageOfPage":{"@id":"https:\/\/grupefebe.com\/es\/naturalizacion-de-espacios-exteriores-para-residencias\/#primaryimage"},"image":{"@id":"https:\/\/grupefebe.com\/es\/naturalizacion-de-espacios-exteriores-para-residencias\/#primaryimage"},"thumbnailUrl":"https:\/\/grupefebe.com\/custom\/uploads\/2024\/04\/JARDI-RESI_2.jpg","datePublished":"2024-04-12T09:27:59+00:00","description":"Descubre c\u00f3mo la naturalizaci\u00f3n de espacios en residencias para personas mayores puede transformar el entorno, promoviendo el bienestar...","breadcrumb":{"@id":"https:\/\/grupefebe.com\/es\/naturalizacion-de-espacios-exteriores-para-residencias\/#breadcrumb"},"inLanguage":"es","potentialAction":[{"@type":"ReadAction","target":["https:\/\/grupefebe.com\/es\/naturalizacion-de-espacios-exteriores-para-residencias\/"]}]},{"@type":"ImageObject","inLanguage":"es","@id":"https:\/\/grupefebe.com\/es\/naturalizacion-de-espacios-exteriores-para-residencias\/#primaryimage","url":"https:\/\/grupefebe.com\/custom\/uploads\/2024\/04\/JARDI-RESI_2.jpg","contentUrl":"https:\/\/grupefebe.com\/custom\/uploads\/2024\/04\/JARDI-RESI_2.jpg","width":2000,"height":1125,"caption":"jardin residencia"},{"@type":"BreadcrumbList","@id":"https:\/\/grupefebe.com\/es\/naturalizacion-de-espacios-exteriores-para-residencias\/#breadcrumb","itemListElement":[{"@type":"ListItem","position":1,"name":"Inici","item":"https:\/\/www.grupefebe.com\/es\/"},{"@type":"ListItem","position":2,"name":"Gu\u00eda para la naturalizaci\u00f3n de espacios exteriores para residencias"}]},{"@type":"WebSite","@id":"https:\/\/www.grupefebe.com\/es\/#website","url":"https:\/\/www.grupefebe.com\/es\/","name":"Grup Efeb\u00e9","description":"Otro sitio realizado con WordPress","publisher":{"@id":"https:\/\/www.grupefebe.com\/es\/#organization"},"potentialAction":[{"@type":"SearchAction","target":{"@type":"EntryPoint","urlTemplate":"https:\/\/www.grupefebe.com\/es\/?s={search_term_string}"},"query-input":{"@type":"PropertyValueSpecification","valueRequired":true,"valueName":"search_term_string"}}],"inLanguage":"es"},{"@type":"Organization","@id":"https:\/\/www.grupefebe.com\/es\/#organization","name":"Grup Efeb\u00e9","url":"https:\/\/www.grupefebe.com\/es\/","logo":{"@type":"ImageObject","inLanguage":"es","@id":"https:\/\/www.grupefebe.com\/es\/#\/schema\/logo\/image\/","url":"https:\/\/grupefebe.com\/custom\/uploads\/2021\/01\/logo-efebe.png","contentUrl":"https:\/\/grupefebe.com\/custom\/uploads\/2021\/01\/logo-efebe.png","width":524,"height":135,"caption":"Grup Efeb\u00e9"},"image":{"@id":"https:\/\/www.grupefebe.com\/es\/#\/schema\/logo\/image\/"},"sameAs":["https:\/\/www.facebook.com\/grup.efebe","https:\/\/x.com\/grup_efebe","https:\/\/www.instagram.com\/grup_efebe\/","https:\/\/www.linkedin.com\/company\/grupefebe","https:\/\/www.youtube.com\/channel\/UCj11-LAuLhPfqrL2649Xzrw"]},{"@type":"Person","@id":"https:\/\/www.grupefebe.com\/es\/#\/schema\/person\/76402b3180eef131413100afc3282997","name":"Grup Efeb\u00e9","image":{"@type":"ImageObject","inLanguage":"es","@id":"https:\/\/www.grupefebe.com\/es\/#\/schema\/person\/image\/","url":"https:\/\/secure.gravatar.com\/avatar\/913bc6aa90480101061296ab9cad4bd4ccfb82c623a8820f3fd577558c1651be?s=96&d=mm&r=g","contentUrl":"https:\/\/secure.gravatar.com\/avatar\/913bc6aa90480101061296ab9cad4bd4ccfb82c623a8820f3fd577558c1651be?s=96&d=mm&r=g","caption":"Grup Efeb\u00e9"},"url":"https:\/\/grupefebe.com\/es\/author\/julia\/"}]}},"_links":{"self":[{"href":"https:\/\/grupefebe.com\/es\/wp-json\/wp\/v2\/posts\/14871","targetHints":{"allow":["GET"]}}],"collection":[{"href":"https:\/\/grupefebe.com\/es\/wp-json\/wp\/v2\/posts"}],"about":[{"href":"https:\/\/grupefebe.com\/es\/wp-json\/wp\/v2\/types\/post"}],"author":[{"embeddable":true,"href":"https:\/\/grupefebe.com\/es\/wp-json\/wp\/v2\/users\/2"}],"replies":[{"embeddable":true,"href":"https:\/\/grupefebe.com\/es\/wp-json\/wp\/v2\/comments?post=14871"}],"version-history":[{"count":15,"href":"https:\/\/grupefebe.com\/es\/wp-json\/wp\/v2\/posts\/14871\/revisions"}],"predecessor-version":[{"id":26510,"href":"https:\/\/grupefebe.com\/es\/wp-json\/wp\/v2\/posts\/14871\/revisions\/26510"}],"wp:featuredmedia":[{"embeddable":true,"href":"https:\/\/grupefebe.com\/es\/wp-json\/wp\/v2\/media\/14872"}],"wp:attachment":[{"href":"https:\/\/grupefebe.com\/es\/wp-json\/wp\/v2\/media?parent=14871"}],"wp:term":[{"taxonomy":"category","embeddable":true,"href":"https:\/\/grupefebe.com\/es\/wp-json\/wp\/v2\/categories?post=14871"}],"curies":[{"name":"wp","href":"https:\/\/api.w.org\/{rel}","templated":true}]}}