{"id":15040,"date":"2024-06-04T09:24:05","date_gmt":"2024-06-04T09:24:05","guid":{"rendered":"https:\/\/grupefebe.com\/efebe-signa-un-conveni-amb-saoprat-per-impulsar-projectes-de-construccio-circular\/"},"modified":"2024-06-04T09:39:34","modified_gmt":"2024-06-04T09:39:34","slug":"efebe-firma-un-convenio-con-saoprat-para-impulsar-proyectos-de-construccion-circular","status":"publish","type":"post","link":"https:\/\/grupefebe.com\/es\/efebe-firma-un-convenio-con-saoprat-para-impulsar-proyectos-de-construccion-circular\/","title":{"rendered":"Efeb\u00e9 firma un convenio con Sa\u00f3Prat para impulsar los proyectos de construcci\u00f3n circular"},"content":{"rendered":"<h1>Jornada de puertas abiertas en la Nave RED\u00d3: Efeb\u00e9 y Sa\u00f3Prat firman un convenio de colaboraci\u00f3n para promover la econom\u00eda circular<\/h1>\n<p>El viernes 17 de mayo, Efeb\u00e9 tuvo el honor de asistir a la inauguraci\u00f3n de la nave RED\u00d3, un proyecto innovador de construcci\u00f3n circular impulsado por la <a href=\"https:\/\/saoprat.org\/es\/\">Asociaci\u00f3n Sa\u00f3Prat<\/a>. Este evento marc\u00f3 un momento clave en nuestro compromiso con la sostenibilidad y la econom\u00eda circular, ya que firmamos un convenio de colaboraci\u00f3n para desarrollar proyectos conjuntos que promover\u00e1n la reutilizaci\u00f3n de materiales y la creaci\u00f3n de oportunidades laborales para colectivos en situaci\u00f3n de vulnerabilidad.<\/p>\n<p><img loading=\"lazy\" decoding=\"async\" class=\"alignnone wp-image-15005 \" src=\"https:\/\/grupefebe.com\/custom\/uploads\/2024\/06\/IMG_2747-1024x768.jpg\" alt=\"Nau industrial al Prat de Llobregat\" width=\"857\" height=\"609\" \/><\/p>\n<h2>Una jornada dedicada a la sostenibilidad y la econom\u00eda circular<\/h2>\n<p>La jornada de puertas abiertas de la <a href=\"https:\/\/www.linkedin.com\/pulse\/jornada-de-portes-obertes-la-nau-red%C3%B3-associacio-saoprat-jtknf\/\">Nave RED\u00d3<\/a> reuni\u00f3 a alrededor de 50 personas, entre colaboradores, arquitectos, constructores y asesores, que no quisieron perderse esta oportunidad para conocer de primera mano los objetivos y los procesos de este proyecto pionero. Jordi Ib\u00e1\u00f1ez, Jefe de Sa\u00f3Reformes, fue el encargado de explicar c\u00f3mo RED\u00d3 trabaja para reducir el impacto medioambiental de los procesos de obra mediante la deconstrucci\u00f3n. Este enfoque t\u00e9cnico, ambiental y econ\u00f3mico permite recuperar y reutilizar materiales de construcci\u00f3n en obras de rehabilitaci\u00f3n, reduciendo as\u00ed los residuos y fomentando una econom\u00eda m\u00e1s sostenible.<\/p>\n<h2>El convenio de colaboraci\u00f3n entre Efeb\u00e9 y Sa\u00f3Prat<\/h2>\n<p>Durante el evento, Efeb\u00e9 firm\u00f3 un convenio de colaboraci\u00f3n con Sa\u00f3Prat, marcando el inicio de una nueva etapa en nuestra apuesta por la econom\u00eda circular. Este acuerdo tiene como objetivo principal promover el desarrollo de proyectos conjuntos que faciliten la formaci\u00f3n y la inserci\u00f3n laboral de colectivos vulnerables en el \u00e1mbito de las reformas y la construcci\u00f3n sostenible. Juntos, trabajaremos para integrar pr\u00e1cticas de reutilizaci\u00f3n y reconstrucci\u00f3n que no solo beneficien al medio ambiente, sino que tambi\u00e9n proporcionen oportunidades reales a aquellas personas que m\u00e1s lo necesitan.<\/p>\n<div id=\"attachment_15009\" style=\"width: 870px\" class=\"wp-caption alignnone\"><img loading=\"lazy\" decoding=\"async\" aria-describedby=\"caption-attachment-15009\" class=\" wp-image-15009\" src=\"https:\/\/grupefebe.com\/custom\/uploads\/2024\/06\/IMG_2807-1024x768.jpg\" alt=\"Ajuntament del Prat de Llobregat\" width=\"860\" height=\"645\" srcset=\"https:\/\/grupefebe.com\/custom\/uploads\/2024\/06\/IMG_2807-1024x768.jpg 1024w, https:\/\/grupefebe.com\/custom\/uploads\/2024\/06\/IMG_2807-300x225.jpg 300w, https:\/\/grupefebe.com\/custom\/uploads\/2024\/06\/IMG_2807-768x576.jpg 768w, https:\/\/grupefebe.com\/custom\/uploads\/2024\/06\/IMG_2807-1536x1152.jpg 1536w, https:\/\/grupefebe.com\/custom\/uploads\/2024\/06\/IMG_2807-2048x1536.jpg 2048w\" sizes=\"auto, (max-width: 860px) 100vw, 860px\" \/><p id=\"caption-attachment-15009\" class=\"wp-caption-text\">Anna Fornt (directora de Grup Efeb\u00e9), Jordi Ib\u00e1\u00f1ez (subdirector de Sa\u00f3Prat), Juan Carlos Moreno Roig (Teniente de alcalde de Desarrollo Econ\u00f3mico de El Prat de Llobregat) y Marta Jori (directora de Sa\u00f3Prat).<\/p><\/div>\n<h2>Un proyecto incluido en el Mayo Cooperativo<\/h2>\n<p>La jornada de puertas abiertas de la Nave RED\u00d3 se enmarcaba dentro de los actos del <a href=\"https:\/\/www.elprat.cat\/empresa-comerc-i-ocupacio\/municipi-cooperatiu\/maig-cooperatiu-economia-social-i-cooperativa?lan=es#googtrans(ca|es)\">Mayo Cooperativo<\/a>, una iniciativa organizada por el Ateneo Cooperativo del Bajo Llobregat que tiene como objetivo sensibilizar sobre la econom\u00eda social y solidaria. Este evento permiti\u00f3 a los asistentes conocer de cerca c\u00f3mo las empresas pueden colaborar para crear un futuro m\u00e1s sostenible e inclusivo.<\/p>\n<h2>Nuestro compromiso con el futuro<\/h2>\n<p>Desde Efeb\u00e9, estamos muy ilusionados con este nuevo cap\u00edtulo de colaboraci\u00f3n con Sa\u00f3Prat. Creemos firmemente que la uni\u00f3n de fuerzas es clave para lograr grandes cambios y estamos comprometidos a trabajar de manera conjunta para desarrollar soluciones innovadoras que beneficien tanto a las personas como al planeta. Estamos convencidos de que este convenio ser\u00e1 el punto de partida para muchos proyectos exitosos que ayudar\u00e1n a transformar el sector de la construcci\u00f3n hacia un modelo m\u00e1s circular y sostenible.<\/p>\n<p>Si quieres saber m\u00e1s sobre c\u00f3mo podemos ayudarte a reducir el impacto medioambiental en tus procesos de obra, no dudes en ponerte en <a href=\"https:\/\/grupefebe.com\/es\/formulario-contacto\/\">contacto con nosotros<\/a>. Juntos, podemos hacer un mundo mejor.<\/p>\n","protected":false},"excerpt":{"rendered":"<p>Jornada de puertas abiertas en la Nave RED\u00d3: Efeb\u00e9 y Sa\u00f3Prat firman un convenio de colaboraci\u00f3n para promover la econom\u00eda [&hellip;]<\/p>\n","protected":false},"author":2,"featured_media":15004,"comment_status":"closed","ping_status":"closed","sticky":false,"template":"","format":"standard","meta":{"_acf_changed":false,"footnotes":"","_links_to":"","_links_to_target":""},"categories":[],"class_list":["post-15040","post","type-post","status-publish","format-standard","has-post-thumbnail","hentry"],"acf":[],"yoast_head":"<!-- This site is optimized with the Yoast SEO plugin v25.9 - https:\/\/yoast.com\/wordpress\/plugins\/seo\/ -->\n<title>Efeb\u00e9 firma un convenio con Sa\u00f3Prat de construcci\u00f3n circular<\/title>\n<meta name=\"description\" content=\"Efeb\u00e9 y Sa\u00f3Prat firman un acuerdo para impulsar proyectos de econom\u00eda circular. Descubre los detalles de la inauguraci\u00f3n de la Nave RED\u00d3...\" \/>\n<meta name=\"robots\" content=\"index, follow, max-snippet:-1, max-image-preview:large, max-video-preview:-1\" \/>\n<link rel=\"canonical\" href=\"https:\/\/grupefebe.com\/es\/efebe-firma-un-convenio-con-saoprat-para-impulsar-proyectos-de-construccion-circular\/\" \/>\n<meta property=\"og:locale\" content=\"es_ES\" \/>\n<meta property=\"og:type\" content=\"article\" \/>\n<meta property=\"og:title\" content=\"Efeb\u00e9 firma un convenio con Sa\u00f3Prat de construcci\u00f3n circular\" \/>\n<meta property=\"og:description\" content=\"Efeb\u00e9 y Sa\u00f3Prat firman un acuerdo para impulsar proyectos de econom\u00eda circular. Descubre los detalles de la inauguraci\u00f3n de la Nave RED\u00d3...\" \/>\n<meta property=\"og:url\" content=\"https:\/\/grupefebe.com\/es\/efebe-firma-un-convenio-con-saoprat-para-impulsar-proyectos-de-construccion-circular\/\" \/>\n<meta property=\"og:site_name\" content=\"Grupo Efeb\u00e9\" \/>\n<meta property=\"article:publisher\" content=\"https:\/\/www.facebook.com\/grup.efebe\" \/>\n<meta property=\"article:published_time\" content=\"2024-06-04T09:24:05+00:00\" \/>\n<meta property=\"article:modified_time\" content=\"2024-06-04T09:39:34+00:00\" \/>\n<meta property=\"og:image\" content=\"https:\/\/grupefebe.com\/custom\/uploads\/2024\/06\/economia-circular-saoprat-grupefebe-1-e1717410458583.jpg\" \/>\n\t<meta property=\"og:image:width\" content=\"1500\" \/>\n\t<meta property=\"og:image:height\" content=\"1125\" \/>\n\t<meta property=\"og:image:type\" content=\"image\/jpeg\" \/>\n<meta name=\"author\" content=\"Grup Efeb\u00e9\" \/>\n<meta name=\"twitter:card\" content=\"summary_large_image\" \/>\n<meta name=\"twitter:creator\" content=\"@grup_efebe\" \/>\n<meta name=\"twitter:site\" content=\"@grup_efebe\" \/>\n<meta name=\"twitter:label1\" content=\"Escrito por\" \/>\n\t<meta name=\"twitter:data1\" content=\"Grup Efeb\u00e9\" \/>\n\t<meta name=\"twitter:label2\" content=\"Tiempo de lectura\" \/>\n\t<meta name=\"twitter:data2\" content=\"3 minutos\" \/>\n<script type=\"application\/ld+json\" class=\"yoast-schema-graph\">{\"@context\":\"https:\/\/schema.org\",\"@graph\":[{\"@type\":\"Article\",\"@id\":\"https:\/\/grupefebe.com\/es\/efebe-firma-un-convenio-con-saoprat-para-impulsar-proyectos-de-construccion-circular\/#article\",\"isPartOf\":{\"@id\":\"https:\/\/grupefebe.com\/es\/efebe-firma-un-convenio-con-saoprat-para-impulsar-proyectos-de-construccion-circular\/\"},\"author\":{\"name\":\"Grup Efeb\u00e9\",\"@id\":\"https:\/\/mail.grupefebe.com\/es\/#\/schema\/person\/76402b3180eef131413100afc3282997\"},\"headline\":\"Efeb\u00e9 firma un convenio con Sa\u00f3Prat para impulsar los proyectos de construcci\u00f3n circular\",\"datePublished\":\"2024-06-04T09:24:05+00:00\",\"dateModified\":\"2024-06-04T09:39:34+00:00\",\"mainEntityOfPage\":{\"@id\":\"https:\/\/grupefebe.com\/es\/efebe-firma-un-convenio-con-saoprat-para-impulsar-proyectos-de-construccion-circular\/\"},\"wordCount\":582,\"publisher\":{\"@id\":\"https:\/\/mail.grupefebe.com\/es\/#organization\"},\"image\":{\"@id\":\"https:\/\/grupefebe.com\/es\/efebe-firma-un-convenio-con-saoprat-para-impulsar-proyectos-de-construccion-circular\/#primaryimage\"},\"thumbnailUrl\":\"https:\/\/grupefebe.com\/custom\/uploads\/2024\/06\/economia-circular-saoprat-grupefebe-1-e1717410458583.jpg\",\"inLanguage\":\"es\"},{\"@type\":\"WebPage\",\"@id\":\"https:\/\/grupefebe.com\/es\/efebe-firma-un-convenio-con-saoprat-para-impulsar-proyectos-de-construccion-circular\/\",\"url\":\"https:\/\/grupefebe.com\/es\/efebe-firma-un-convenio-con-saoprat-para-impulsar-proyectos-de-construccion-circular\/\",\"name\":\"Efeb\u00e9 firma un convenio con Sa\u00f3Prat de construcci\u00f3n circular\",\"isPartOf\":{\"@id\":\"https:\/\/mail.grupefebe.com\/es\/#website\"},\"primaryImageOfPage\":{\"@id\":\"https:\/\/grupefebe.com\/es\/efebe-firma-un-convenio-con-saoprat-para-impulsar-proyectos-de-construccion-circular\/#primaryimage\"},\"image\":{\"@id\":\"https:\/\/grupefebe.com\/es\/efebe-firma-un-convenio-con-saoprat-para-impulsar-proyectos-de-construccion-circular\/#primaryimage\"},\"thumbnailUrl\":\"https:\/\/grupefebe.com\/custom\/uploads\/2024\/06\/economia-circular-saoprat-grupefebe-1-e1717410458583.jpg\",\"datePublished\":\"2024-06-04T09:24:05+00:00\",\"dateModified\":\"2024-06-04T09:39:34+00:00\",\"description\":\"Efeb\u00e9 y Sa\u00f3Prat firman un acuerdo para impulsar proyectos de econom\u00eda circular. Descubre los detalles de la inauguraci\u00f3n de la Nave RED\u00d3...\",\"breadcrumb\":{\"@id\":\"https:\/\/grupefebe.com\/es\/efebe-firma-un-convenio-con-saoprat-para-impulsar-proyectos-de-construccion-circular\/#breadcrumb\"},\"inLanguage\":\"es\",\"potentialAction\":[{\"@type\":\"ReadAction\",\"target\":[\"https:\/\/grupefebe.com\/es\/efebe-firma-un-convenio-con-saoprat-para-impulsar-proyectos-de-construccion-circular\/\"]}]},{\"@type\":\"ImageObject\",\"inLanguage\":\"es\",\"@id\":\"https:\/\/grupefebe.com\/es\/efebe-firma-un-convenio-con-saoprat-para-impulsar-proyectos-de-construccion-circular\/#primaryimage\",\"url\":\"https:\/\/grupefebe.com\/custom\/uploads\/2024\/06\/economia-circular-saoprat-grupefebe-1-e1717410458583.jpg\",\"contentUrl\":\"https:\/\/grupefebe.com\/custom\/uploads\/2024\/06\/economia-circular-saoprat-grupefebe-1-e1717410458583.jpg\",\"width\":1500,\"height\":1125,\"caption\":\"Anna Fornt i\"},{\"@type\":\"BreadcrumbList\",\"@id\":\"https:\/\/grupefebe.com\/es\/efebe-firma-un-convenio-con-saoprat-para-impulsar-proyectos-de-construccion-circular\/#breadcrumb\",\"itemListElement\":[{\"@type\":\"ListItem\",\"position\":1,\"name\":\"Inici\",\"item\":\"https:\/\/mail.grupefebe.com\/es\/\"},{\"@type\":\"ListItem\",\"position\":2,\"name\":\"Efeb\u00e9 firma un convenio con Sa\u00f3Prat para impulsar los proyectos de construcci\u00f3n circular\"}]},{\"@type\":\"WebSite\",\"@id\":\"https:\/\/mail.grupefebe.com\/es\/#website\",\"url\":\"https:\/\/mail.grupefebe.com\/es\/\",\"name\":\"Grup Efeb\u00e9\",\"description\":\"Otro sitio realizado con WordPress\",\"publisher\":{\"@id\":\"https:\/\/mail.grupefebe.com\/es\/#organization\"},\"potentialAction\":[{\"@type\":\"SearchAction\",\"target\":{\"@type\":\"EntryPoint\",\"urlTemplate\":\"https:\/\/mail.grupefebe.com\/es\/?s={search_term_string}\"},\"query-input\":{\"@type\":\"PropertyValueSpecification\",\"valueRequired\":true,\"valueName\":\"search_term_string\"}}],\"inLanguage\":\"es\"},{\"@type\":\"Organization\",\"@id\":\"https:\/\/mail.grupefebe.com\/es\/#organization\",\"name\":\"Grup Efeb\u00e9\",\"url\":\"https:\/\/mail.grupefebe.com\/es\/\",\"logo\":{\"@type\":\"ImageObject\",\"inLanguage\":\"es\",\"@id\":\"https:\/\/mail.grupefebe.com\/es\/#\/schema\/logo\/image\/\",\"url\":\"https:\/\/grupefebe.com\/custom\/uploads\/2021\/01\/logo-efebe.png\",\"contentUrl\":\"https:\/\/grupefebe.com\/custom\/uploads\/2021\/01\/logo-efebe.png\",\"width\":524,\"height\":135,\"caption\":\"Grup Efeb\u00e9\"},\"image\":{\"@id\":\"https:\/\/mail.grupefebe.com\/es\/#\/schema\/logo\/image\/\"},\"sameAs\":[\"https:\/\/www.facebook.com\/grup.efebe\",\"https:\/\/x.com\/grup_efebe\",\"https:\/\/www.instagram.com\/grup_efebe\/\",\"https:\/\/www.linkedin.com\/company\/grupefebe\",\"https:\/\/www.youtube.com\/channel\/UCj11-LAuLhPfqrL2649Xzrw\"]},{\"@type\":\"Person\",\"@id\":\"https:\/\/mail.grupefebe.com\/es\/#\/schema\/person\/76402b3180eef131413100afc3282997\",\"name\":\"Grup Efeb\u00e9\",\"image\":{\"@type\":\"ImageObject\",\"inLanguage\":\"es\",\"@id\":\"https:\/\/mail.grupefebe.com\/es\/#\/schema\/person\/image\/\",\"url\":\"https:\/\/secure.gravatar.com\/avatar\/913bc6aa90480101061296ab9cad4bd4ccfb82c623a8820f3fd577558c1651be?s=96&d=mm&r=g\",\"contentUrl\":\"https:\/\/secure.gravatar.com\/avatar\/913bc6aa90480101061296ab9cad4bd4ccfb82c623a8820f3fd577558c1651be?s=96&d=mm&r=g\",\"caption\":\"Grup Efeb\u00e9\"},\"url\":\"https:\/\/grupefebe.com\/es\/author\/julia\/\"}]}<\/script>\n<!-- \/ Yoast SEO plugin. -->","yoast_head_json":{"title":"Efeb\u00e9 firma un convenio con Sa\u00f3Prat de construcci\u00f3n circular","description":"Efeb\u00e9 y Sa\u00f3Prat firman un acuerdo para impulsar proyectos de econom\u00eda circular. Descubre los detalles de la inauguraci\u00f3n de la Nave RED\u00d3...","robots":{"index":"index","follow":"follow","max-snippet":"max-snippet:-1","max-image-preview":"max-image-preview:large","max-video-preview":"max-video-preview:-1"},"canonical":"https:\/\/grupefebe.com\/es\/efebe-firma-un-convenio-con-saoprat-para-impulsar-proyectos-de-construccion-circular\/","og_locale":"es_ES","og_type":"article","og_title":"Efeb\u00e9 firma un convenio con Sa\u00f3Prat de construcci\u00f3n circular","og_description":"Efeb\u00e9 y Sa\u00f3Prat firman un acuerdo para impulsar proyectos de econom\u00eda circular. Descubre los detalles de la inauguraci\u00f3n de la Nave RED\u00d3...","og_url":"https:\/\/grupefebe.com\/es\/efebe-firma-un-convenio-con-saoprat-para-impulsar-proyectos-de-construccion-circular\/","og_site_name":"Grupo Efeb\u00e9","article_publisher":"https:\/\/www.facebook.com\/grup.efebe","article_published_time":"2024-06-04T09:24:05+00:00","article_modified_time":"2024-06-04T09:39:34+00:00","og_image":[{"width":1500,"height":1125,"url":"https:\/\/grupefebe.com\/custom\/uploads\/2024\/06\/economia-circular-saoprat-grupefebe-1-e1717410458583.jpg","type":"image\/jpeg"}],"author":"Grup Efeb\u00e9","twitter_card":"summary_large_image","twitter_creator":"@grup_efebe","twitter_site":"@grup_efebe","twitter_misc":{"Escrito por":"Grup Efeb\u00e9","Tiempo de lectura":"3 minutos"},"schema":{"@context":"https:\/\/schema.org","@graph":[{"@type":"Article","@id":"https:\/\/grupefebe.com\/es\/efebe-firma-un-convenio-con-saoprat-para-impulsar-proyectos-de-construccion-circular\/#article","isPartOf":{"@id":"https:\/\/grupefebe.com\/es\/efebe-firma-un-convenio-con-saoprat-para-impulsar-proyectos-de-construccion-circular\/"},"author":{"name":"Grup Efeb\u00e9","@id":"https:\/\/mail.grupefebe.com\/es\/#\/schema\/person\/76402b3180eef131413100afc3282997"},"headline":"Efeb\u00e9 firma un convenio con Sa\u00f3Prat para impulsar los proyectos de construcci\u00f3n circular","datePublished":"2024-06-04T09:24:05+00:00","dateModified":"2024-06-04T09:39:34+00:00","mainEntityOfPage":{"@id":"https:\/\/grupefebe.com\/es\/efebe-firma-un-convenio-con-saoprat-para-impulsar-proyectos-de-construccion-circular\/"},"wordCount":582,"publisher":{"@id":"https:\/\/mail.grupefebe.com\/es\/#organization"},"image":{"@id":"https:\/\/grupefebe.com\/es\/efebe-firma-un-convenio-con-saoprat-para-impulsar-proyectos-de-construccion-circular\/#primaryimage"},"thumbnailUrl":"https:\/\/grupefebe.com\/custom\/uploads\/2024\/06\/economia-circular-saoprat-grupefebe-1-e1717410458583.jpg","inLanguage":"es"},{"@type":"WebPage","@id":"https:\/\/grupefebe.com\/es\/efebe-firma-un-convenio-con-saoprat-para-impulsar-proyectos-de-construccion-circular\/","url":"https:\/\/grupefebe.com\/es\/efebe-firma-un-convenio-con-saoprat-para-impulsar-proyectos-de-construccion-circular\/","name":"Efeb\u00e9 firma un convenio con Sa\u00f3Prat de construcci\u00f3n circular","isPartOf":{"@id":"https:\/\/mail.grupefebe.com\/es\/#website"},"primaryImageOfPage":{"@id":"https:\/\/grupefebe.com\/es\/efebe-firma-un-convenio-con-saoprat-para-impulsar-proyectos-de-construccion-circular\/#primaryimage"},"image":{"@id":"https:\/\/grupefebe.com\/es\/efebe-firma-un-convenio-con-saoprat-para-impulsar-proyectos-de-construccion-circular\/#primaryimage"},"thumbnailUrl":"https:\/\/grupefebe.com\/custom\/uploads\/2024\/06\/economia-circular-saoprat-grupefebe-1-e1717410458583.jpg","datePublished":"2024-06-04T09:24:05+00:00","dateModified":"2024-06-04T09:39:34+00:00","description":"Efeb\u00e9 y Sa\u00f3Prat firman un acuerdo para impulsar proyectos de econom\u00eda circular. Descubre los detalles de la inauguraci\u00f3n de la Nave RED\u00d3...","breadcrumb":{"@id":"https:\/\/grupefebe.com\/es\/efebe-firma-un-convenio-con-saoprat-para-impulsar-proyectos-de-construccion-circular\/#breadcrumb"},"inLanguage":"es","potentialAction":[{"@type":"ReadAction","target":["https:\/\/grupefebe.com\/es\/efebe-firma-un-convenio-con-saoprat-para-impulsar-proyectos-de-construccion-circular\/"]}]},{"@type":"ImageObject","inLanguage":"es","@id":"https:\/\/grupefebe.com\/es\/efebe-firma-un-convenio-con-saoprat-para-impulsar-proyectos-de-construccion-circular\/#primaryimage","url":"https:\/\/grupefebe.com\/custom\/uploads\/2024\/06\/economia-circular-saoprat-grupefebe-1-e1717410458583.jpg","contentUrl":"https:\/\/grupefebe.com\/custom\/uploads\/2024\/06\/economia-circular-saoprat-grupefebe-1-e1717410458583.jpg","width":1500,"height":1125,"caption":"Anna Fornt i"},{"@type":"BreadcrumbList","@id":"https:\/\/grupefebe.com\/es\/efebe-firma-un-convenio-con-saoprat-para-impulsar-proyectos-de-construccion-circular\/#breadcrumb","itemListElement":[{"@type":"ListItem","position":1,"name":"Inici","item":"https:\/\/mail.grupefebe.com\/es\/"},{"@type":"ListItem","position":2,"name":"Efeb\u00e9 firma un convenio con Sa\u00f3Prat para impulsar los proyectos de construcci\u00f3n circular"}]},{"@type":"WebSite","@id":"https:\/\/mail.grupefebe.com\/es\/#website","url":"https:\/\/mail.grupefebe.com\/es\/","name":"Grup Efeb\u00e9","description":"Otro sitio realizado con WordPress","publisher":{"@id":"https:\/\/mail.grupefebe.com\/es\/#organization"},"potentialAction":[{"@type":"SearchAction","target":{"@type":"EntryPoint","urlTemplate":"https:\/\/mail.grupefebe.com\/es\/?s={search_term_string}"},"query-input":{"@type":"PropertyValueSpecification","valueRequired":true,"valueName":"search_term_string"}}],"inLanguage":"es"},{"@type":"Organization","@id":"https:\/\/mail.grupefebe.com\/es\/#organization","name":"Grup Efeb\u00e9","url":"https:\/\/mail.grupefebe.com\/es\/","logo":{"@type":"ImageObject","inLanguage":"es","@id":"https:\/\/mail.grupefebe.com\/es\/#\/schema\/logo\/image\/","url":"https:\/\/grupefebe.com\/custom\/uploads\/2021\/01\/logo-efebe.png","contentUrl":"https:\/\/grupefebe.com\/custom\/uploads\/2021\/01\/logo-efebe.png","width":524,"height":135,"caption":"Grup Efeb\u00e9"},"image":{"@id":"https:\/\/mail.grupefebe.com\/es\/#\/schema\/logo\/image\/"},"sameAs":["https:\/\/www.facebook.com\/grup.efebe","https:\/\/x.com\/grup_efebe","https:\/\/www.instagram.com\/grup_efebe\/","https:\/\/www.linkedin.com\/company\/grupefebe","https:\/\/www.youtube.com\/channel\/UCj11-LAuLhPfqrL2649Xzrw"]},{"@type":"Person","@id":"https:\/\/mail.grupefebe.com\/es\/#\/schema\/person\/76402b3180eef131413100afc3282997","name":"Grup Efeb\u00e9","image":{"@type":"ImageObject","inLanguage":"es","@id":"https:\/\/mail.grupefebe.com\/es\/#\/schema\/person\/image\/","url":"https:\/\/secure.gravatar.com\/avatar\/913bc6aa90480101061296ab9cad4bd4ccfb82c623a8820f3fd577558c1651be?s=96&d=mm&r=g","contentUrl":"https:\/\/secure.gravatar.com\/avatar\/913bc6aa90480101061296ab9cad4bd4ccfb82c623a8820f3fd577558c1651be?s=96&d=mm&r=g","caption":"Grup Efeb\u00e9"},"url":"https:\/\/grupefebe.com\/es\/author\/julia\/"}]}},"_links":{"self":[{"href":"https:\/\/grupefebe.com\/es\/wp-json\/wp\/v2\/posts\/15040","targetHints":{"allow":["GET"]}}],"collection":[{"href":"https:\/\/grupefebe.com\/es\/wp-json\/wp\/v2\/posts"}],"about":[{"href":"https:\/\/grupefebe.com\/es\/wp-json\/wp\/v2\/types\/post"}],"author":[{"embeddable":true,"href":"https:\/\/grupefebe.com\/es\/wp-json\/wp\/v2\/users\/2"}],"replies":[{"embeddable":true,"href":"https:\/\/grupefebe.com\/es\/wp-json\/wp\/v2\/comments?post=15040"}],"version-history":[{"count":3,"href":"https:\/\/grupefebe.com\/es\/wp-json\/wp\/v2\/posts\/15040\/revisions"}],"predecessor-version":[{"id":15045,"href":"https:\/\/grupefebe.com\/es\/wp-json\/wp\/v2\/posts\/15040\/revisions\/15045"}],"wp:featuredmedia":[{"embeddable":true,"href":"https:\/\/grupefebe.com\/es\/wp-json\/wp\/v2\/media\/15004"}],"wp:attachment":[{"href":"https:\/\/grupefebe.com\/es\/wp-json\/wp\/v2\/media?parent=15040"}],"wp:term":[{"taxonomy":"category","embeddable":true,"href":"https:\/\/grupefebe.com\/es\/wp-json\/wp\/v2\/categories?post=15040"}],"curies":[{"name":"wp","href":"https:\/\/api.w.org\/{rel}","templated":true}]}}