{"id":2337,"date":"2015-03-15T10:40:17","date_gmt":"2015-03-15T10:40:17","guid":{"rendered":"https:\/\/www.grupefebe.com\/?p=2337"},"modified":"2020-11-03T10:40:59","modified_gmt":"2020-11-03T10:40:59","slug":"la-teva-residencia-aprovechamos-espacios","status":"publish","type":"post","link":"https:\/\/grupefebe.com\/es\/la-teva-residencia-aprovechamos-espacios\/","title":{"rendered":"La Teva Resid\u00e8ncia: Aprovechamos espacios"},"content":{"rendered":"<p>La <em>Teva Resid\u00e8ncia<\/em> requiere los servicios de EFEB\u00c9 ante la problem\u00e1tica del escaso aprovechamiento del espacio y de recorridos poco eficientes que dificultan el trabajo de los profesionales de la residencia.<\/p>\n<p>Para poner soluci\u00f3n a este problema, nuestro equipo elabora un <strong>programa de residencia saludable y acogedora<\/strong>.<\/p>\n<p>Detectamos que la lavander\u00eda, ubicada en la planta baja, no saca partido al contacto que tiene con la zona exterior. Por eso, decidimos reubicarla e instalar en este emplazamiento un despacho para los profesionales que trabajan en el centro, potenciando a la vez, la relaci\u00f3n con la sala de estar de los abuelos y la zona de rehabilitaci\u00f3n, que se encuentran en el mismo nivel.<\/p>\n<p>En consecuencia, se ubicada la lavander\u00eda en una sala que se encontraba en desuso en la planta superior y que a la vez comunica con la terraza para poder tender la ropa.<\/p>\n<p>Este es un ejemple de c\u00f3mo, con peque\u00f1as acciones, podemos sacar partido a todos los espacios y contribuir en el confort de sus habitantes.<\/p>\n","protected":false},"excerpt":{"rendered":"<p>La Teva Resid\u00e8ncia requiere los servicios de EFEB\u00c9 ante la problem\u00e1tica del escaso aprovechamiento del espacio y de recorridos poco [&hellip;]<\/p>\n","protected":false},"author":1,"featured_media":2323,"comment_status":"closed","ping_status":"closed","sticky":false,"template":"","format":"standard","meta":{"_acf_changed":false,"footnotes":"","_links_to":"","_links_to_target":""},"categories":[202],"class_list":["post-2337","post","type-post","status-publish","format-standard","has-post-thumbnail","hentry","category-residencias-mayores"],"acf":[],"yoast_head":"<!-- This site is optimized with the Yoast SEO plugin v25.9 - https:\/\/yoast.com\/wordpress\/plugins\/seo\/ -->\n<title>La Teva Resid\u00e8ncia: Aprovechamos espacios | Grupo Efeb\u00e9<\/title>\n<meta name=\"robots\" content=\"index, follow, max-snippet:-1, max-image-preview:large, max-video-preview:-1\" \/>\n<link rel=\"canonical\" href=\"https:\/\/grupefebe.com\/es\/la-teva-residencia-aprovechamos-espacios\/\" \/>\n<meta property=\"og:locale\" content=\"es_ES\" \/>\n<meta property=\"og:type\" content=\"article\" \/>\n<meta property=\"og:title\" content=\"La Teva Resid\u00e8ncia: Aprovechamos espacios | Grupo Efeb\u00e9\" \/>\n<meta property=\"og:description\" content=\"La Teva Resid\u00e8ncia requiere los servicios de EFEB\u00c9 ante la problem\u00e1tica del escaso aprovechamiento del espacio y de recorridos poco [&hellip;]\" \/>\n<meta property=\"og:url\" content=\"https:\/\/grupefebe.com\/es\/la-teva-residencia-aprovechamos-espacios\/\" \/>\n<meta property=\"og:site_name\" content=\"Grupo Efeb\u00e9\" \/>\n<meta property=\"article:publisher\" content=\"https:\/\/www.facebook.com\/grup.efebe\" \/>\n<meta property=\"article:published_time\" content=\"2015-03-15T10:40:17+00:00\" \/>\n<meta property=\"article:modified_time\" content=\"2020-11-03T10:40:59+00:00\" \/>\n<meta property=\"og:image\" content=\"https:\/\/www.grupefebe.com\/custom\/uploads\/2020\/11\/llar-davis-la-teva-residencia-aprofitem-espais.png\" \/>\n\t<meta property=\"og:image:width\" content=\"637\" \/>\n\t<meta property=\"og:image:height\" content=\"361\" \/>\n\t<meta property=\"og:image:type\" content=\"image\/png\" \/>\n<meta name=\"author\" content=\"efebe\" \/>\n<meta name=\"twitter:card\" content=\"summary_large_image\" \/>\n<meta name=\"twitter:creator\" content=\"@grup_efebe\" \/>\n<meta name=\"twitter:site\" content=\"@grup_efebe\" \/>\n<meta name=\"twitter:label1\" content=\"Escrito por\" \/>\n\t<meta name=\"twitter:data1\" content=\"efebe\" \/>\n\t<meta name=\"twitter:label2\" content=\"Tiempo de lectura\" \/>\n\t<meta name=\"twitter:data2\" content=\"1 minuto\" \/>\n<script type=\"application\/ld+json\" class=\"yoast-schema-graph\">{\"@context\":\"https:\/\/schema.org\",\"@graph\":[{\"@type\":\"Article\",\"@id\":\"https:\/\/grupefebe.com\/es\/la-teva-residencia-aprovechamos-espacios\/#article\",\"isPartOf\":{\"@id\":\"https:\/\/grupefebe.com\/es\/la-teva-residencia-aprovechamos-espacios\/\"},\"author\":{\"name\":\"efebe\",\"@id\":\"https:\/\/www.grupefebe.com\/es\/#\/schema\/person\/ea29ae2644736bcdb432a0b7f0d814cd\"},\"headline\":\"La Teva Resid\u00e8ncia: Aprovechamos espacios\",\"datePublished\":\"2015-03-15T10:40:17+00:00\",\"dateModified\":\"2020-11-03T10:40:59+00:00\",\"mainEntityOfPage\":{\"@id\":\"https:\/\/grupefebe.com\/es\/la-teva-residencia-aprovechamos-espacios\/\"},\"wordCount\":183,\"publisher\":{\"@id\":\"https:\/\/www.grupefebe.com\/es\/#organization\"},\"image\":{\"@id\":\"https:\/\/grupefebe.com\/es\/la-teva-residencia-aprovechamos-espacios\/#primaryimage\"},\"thumbnailUrl\":\"https:\/\/grupefebe.com\/custom\/uploads\/2020\/11\/llar-davis-la-teva-residencia-aprofitem-espais.png\",\"articleSection\":[\"Residencias para mayores\"],\"inLanguage\":\"es\"},{\"@type\":\"WebPage\",\"@id\":\"https:\/\/grupefebe.com\/es\/la-teva-residencia-aprovechamos-espacios\/\",\"url\":\"https:\/\/grupefebe.com\/es\/la-teva-residencia-aprovechamos-espacios\/\",\"name\":\"La Teva Resid\u00e8ncia: Aprovechamos espacios | Grupo Efeb\u00e9\",\"isPartOf\":{\"@id\":\"https:\/\/www.grupefebe.com\/es\/#website\"},\"primaryImageOfPage\":{\"@id\":\"https:\/\/grupefebe.com\/es\/la-teva-residencia-aprovechamos-espacios\/#primaryimage\"},\"image\":{\"@id\":\"https:\/\/grupefebe.com\/es\/la-teva-residencia-aprovechamos-espacios\/#primaryimage\"},\"thumbnailUrl\":\"https:\/\/grupefebe.com\/custom\/uploads\/2020\/11\/llar-davis-la-teva-residencia-aprofitem-espais.png\",\"datePublished\":\"2015-03-15T10:40:17+00:00\",\"dateModified\":\"2020-11-03T10:40:59+00:00\",\"breadcrumb\":{\"@id\":\"https:\/\/grupefebe.com\/es\/la-teva-residencia-aprovechamos-espacios\/#breadcrumb\"},\"inLanguage\":\"es\",\"potentialAction\":[{\"@type\":\"ReadAction\",\"target\":[\"https:\/\/grupefebe.com\/es\/la-teva-residencia-aprovechamos-espacios\/\"]}]},{\"@type\":\"ImageObject\",\"inLanguage\":\"es\",\"@id\":\"https:\/\/grupefebe.com\/es\/la-teva-residencia-aprovechamos-espacios\/#primaryimage\",\"url\":\"https:\/\/grupefebe.com\/custom\/uploads\/2020\/11\/llar-davis-la-teva-residencia-aprofitem-espais.png\",\"contentUrl\":\"https:\/\/grupefebe.com\/custom\/uploads\/2020\/11\/llar-davis-la-teva-residencia-aprofitem-espais.png\",\"width\":637,\"height\":361},{\"@type\":\"BreadcrumbList\",\"@id\":\"https:\/\/grupefebe.com\/es\/la-teva-residencia-aprovechamos-espacios\/#breadcrumb\",\"itemListElement\":[{\"@type\":\"ListItem\",\"position\":1,\"name\":\"Inici\",\"item\":\"https:\/\/www.grupefebe.com\/es\/\"},{\"@type\":\"ListItem\",\"position\":2,\"name\":\"La Teva Resid\u00e8ncia: Aprovechamos espacios\"}]},{\"@type\":\"WebSite\",\"@id\":\"https:\/\/www.grupefebe.com\/es\/#website\",\"url\":\"https:\/\/www.grupefebe.com\/es\/\",\"name\":\"Grup Efeb\u00e9\",\"description\":\"Otro sitio realizado con WordPress\",\"publisher\":{\"@id\":\"https:\/\/www.grupefebe.com\/es\/#organization\"},\"potentialAction\":[{\"@type\":\"SearchAction\",\"target\":{\"@type\":\"EntryPoint\",\"urlTemplate\":\"https:\/\/www.grupefebe.com\/es\/?s={search_term_string}\"},\"query-input\":{\"@type\":\"PropertyValueSpecification\",\"valueRequired\":true,\"valueName\":\"search_term_string\"}}],\"inLanguage\":\"es\"},{\"@type\":\"Organization\",\"@id\":\"https:\/\/www.grupefebe.com\/es\/#organization\",\"name\":\"Grup Efeb\u00e9\",\"url\":\"https:\/\/www.grupefebe.com\/es\/\",\"logo\":{\"@type\":\"ImageObject\",\"inLanguage\":\"es\",\"@id\":\"https:\/\/www.grupefebe.com\/es\/#\/schema\/logo\/image\/\",\"url\":\"https:\/\/grupefebe.com\/custom\/uploads\/2021\/01\/logo-efebe.png\",\"contentUrl\":\"https:\/\/grupefebe.com\/custom\/uploads\/2021\/01\/logo-efebe.png\",\"width\":524,\"height\":135,\"caption\":\"Grup Efeb\u00e9\"},\"image\":{\"@id\":\"https:\/\/www.grupefebe.com\/es\/#\/schema\/logo\/image\/\"},\"sameAs\":[\"https:\/\/www.facebook.com\/grup.efebe\",\"https:\/\/x.com\/grup_efebe\",\"https:\/\/www.instagram.com\/grup_efebe\/\",\"https:\/\/www.linkedin.com\/company\/grupefebe\",\"https:\/\/www.youtube.com\/channel\/UCj11-LAuLhPfqrL2649Xzrw\"]},{\"@type\":\"Person\",\"@id\":\"https:\/\/www.grupefebe.com\/es\/#\/schema\/person\/ea29ae2644736bcdb432a0b7f0d814cd\",\"name\":\"efebe\",\"image\":{\"@type\":\"ImageObject\",\"inLanguage\":\"es\",\"@id\":\"https:\/\/www.grupefebe.com\/es\/#\/schema\/person\/image\/\",\"url\":\"https:\/\/secure.gravatar.com\/avatar\/fe57a3f139ea81c65a338e37a8064b4e80844f839737532820c9107eb9e1966f?s=96&d=mm&r=g\",\"contentUrl\":\"https:\/\/secure.gravatar.com\/avatar\/fe57a3f139ea81c65a338e37a8064b4e80844f839737532820c9107eb9e1966f?s=96&d=mm&r=g\",\"caption\":\"efebe\"},\"url\":\"https:\/\/grupefebe.com\/es\/author\/efebe\/\"}]}<\/script>\n<!-- \/ Yoast SEO plugin. -->","yoast_head_json":{"title":"La Teva Resid\u00e8ncia: Aprovechamos espacios | Grupo Efeb\u00e9","robots":{"index":"index","follow":"follow","max-snippet":"max-snippet:-1","max-image-preview":"max-image-preview:large","max-video-preview":"max-video-preview:-1"},"canonical":"https:\/\/grupefebe.com\/es\/la-teva-residencia-aprovechamos-espacios\/","og_locale":"es_ES","og_type":"article","og_title":"La Teva Resid\u00e8ncia: Aprovechamos espacios | Grupo Efeb\u00e9","og_description":"La Teva Resid\u00e8ncia requiere los servicios de EFEB\u00c9 ante la problem\u00e1tica del escaso aprovechamiento del espacio y de recorridos poco [&hellip;]","og_url":"https:\/\/grupefebe.com\/es\/la-teva-residencia-aprovechamos-espacios\/","og_site_name":"Grupo Efeb\u00e9","article_publisher":"https:\/\/www.facebook.com\/grup.efebe","article_published_time":"2015-03-15T10:40:17+00:00","article_modified_time":"2020-11-03T10:40:59+00:00","og_image":[{"width":637,"height":361,"url":"https:\/\/www.grupefebe.com\/custom\/uploads\/2020\/11\/llar-davis-la-teva-residencia-aprofitem-espais.png","type":"image\/png"}],"author":"efebe","twitter_card":"summary_large_image","twitter_creator":"@grup_efebe","twitter_site":"@grup_efebe","twitter_misc":{"Escrito por":"efebe","Tiempo de lectura":"1 minuto"},"schema":{"@context":"https:\/\/schema.org","@graph":[{"@type":"Article","@id":"https:\/\/grupefebe.com\/es\/la-teva-residencia-aprovechamos-espacios\/#article","isPartOf":{"@id":"https:\/\/grupefebe.com\/es\/la-teva-residencia-aprovechamos-espacios\/"},"author":{"name":"efebe","@id":"https:\/\/www.grupefebe.com\/es\/#\/schema\/person\/ea29ae2644736bcdb432a0b7f0d814cd"},"headline":"La Teva Resid\u00e8ncia: Aprovechamos espacios","datePublished":"2015-03-15T10:40:17+00:00","dateModified":"2020-11-03T10:40:59+00:00","mainEntityOfPage":{"@id":"https:\/\/grupefebe.com\/es\/la-teva-residencia-aprovechamos-espacios\/"},"wordCount":183,"publisher":{"@id":"https:\/\/www.grupefebe.com\/es\/#organization"},"image":{"@id":"https:\/\/grupefebe.com\/es\/la-teva-residencia-aprovechamos-espacios\/#primaryimage"},"thumbnailUrl":"https:\/\/grupefebe.com\/custom\/uploads\/2020\/11\/llar-davis-la-teva-residencia-aprofitem-espais.png","articleSection":["Residencias para mayores"],"inLanguage":"es"},{"@type":"WebPage","@id":"https:\/\/grupefebe.com\/es\/la-teva-residencia-aprovechamos-espacios\/","url":"https:\/\/grupefebe.com\/es\/la-teva-residencia-aprovechamos-espacios\/","name":"La Teva Resid\u00e8ncia: Aprovechamos espacios | Grupo Efeb\u00e9","isPartOf":{"@id":"https:\/\/www.grupefebe.com\/es\/#website"},"primaryImageOfPage":{"@id":"https:\/\/grupefebe.com\/es\/la-teva-residencia-aprovechamos-espacios\/#primaryimage"},"image":{"@id":"https:\/\/grupefebe.com\/es\/la-teva-residencia-aprovechamos-espacios\/#primaryimage"},"thumbnailUrl":"https:\/\/grupefebe.com\/custom\/uploads\/2020\/11\/llar-davis-la-teva-residencia-aprofitem-espais.png","datePublished":"2015-03-15T10:40:17+00:00","dateModified":"2020-11-03T10:40:59+00:00","breadcrumb":{"@id":"https:\/\/grupefebe.com\/es\/la-teva-residencia-aprovechamos-espacios\/#breadcrumb"},"inLanguage":"es","potentialAction":[{"@type":"ReadAction","target":["https:\/\/grupefebe.com\/es\/la-teva-residencia-aprovechamos-espacios\/"]}]},{"@type":"ImageObject","inLanguage":"es","@id":"https:\/\/grupefebe.com\/es\/la-teva-residencia-aprovechamos-espacios\/#primaryimage","url":"https:\/\/grupefebe.com\/custom\/uploads\/2020\/11\/llar-davis-la-teva-residencia-aprofitem-espais.png","contentUrl":"https:\/\/grupefebe.com\/custom\/uploads\/2020\/11\/llar-davis-la-teva-residencia-aprofitem-espais.png","width":637,"height":361},{"@type":"BreadcrumbList","@id":"https:\/\/grupefebe.com\/es\/la-teva-residencia-aprovechamos-espacios\/#breadcrumb","itemListElement":[{"@type":"ListItem","position":1,"name":"Inici","item":"https:\/\/www.grupefebe.com\/es\/"},{"@type":"ListItem","position":2,"name":"La Teva Resid\u00e8ncia: Aprovechamos espacios"}]},{"@type":"WebSite","@id":"https:\/\/www.grupefebe.com\/es\/#website","url":"https:\/\/www.grupefebe.com\/es\/","name":"Grup Efeb\u00e9","description":"Otro sitio realizado con WordPress","publisher":{"@id":"https:\/\/www.grupefebe.com\/es\/#organization"},"potentialAction":[{"@type":"SearchAction","target":{"@type":"EntryPoint","urlTemplate":"https:\/\/www.grupefebe.com\/es\/?s={search_term_string}"},"query-input":{"@type":"PropertyValueSpecification","valueRequired":true,"valueName":"search_term_string"}}],"inLanguage":"es"},{"@type":"Organization","@id":"https:\/\/www.grupefebe.com\/es\/#organization","name":"Grup Efeb\u00e9","url":"https:\/\/www.grupefebe.com\/es\/","logo":{"@type":"ImageObject","inLanguage":"es","@id":"https:\/\/www.grupefebe.com\/es\/#\/schema\/logo\/image\/","url":"https:\/\/grupefebe.com\/custom\/uploads\/2021\/01\/logo-efebe.png","contentUrl":"https:\/\/grupefebe.com\/custom\/uploads\/2021\/01\/logo-efebe.png","width":524,"height":135,"caption":"Grup Efeb\u00e9"},"image":{"@id":"https:\/\/www.grupefebe.com\/es\/#\/schema\/logo\/image\/"},"sameAs":["https:\/\/www.facebook.com\/grup.efebe","https:\/\/x.com\/grup_efebe","https:\/\/www.instagram.com\/grup_efebe\/","https:\/\/www.linkedin.com\/company\/grupefebe","https:\/\/www.youtube.com\/channel\/UCj11-LAuLhPfqrL2649Xzrw"]},{"@type":"Person","@id":"https:\/\/www.grupefebe.com\/es\/#\/schema\/person\/ea29ae2644736bcdb432a0b7f0d814cd","name":"efebe","image":{"@type":"ImageObject","inLanguage":"es","@id":"https:\/\/www.grupefebe.com\/es\/#\/schema\/person\/image\/","url":"https:\/\/secure.gravatar.com\/avatar\/fe57a3f139ea81c65a338e37a8064b4e80844f839737532820c9107eb9e1966f?s=96&d=mm&r=g","contentUrl":"https:\/\/secure.gravatar.com\/avatar\/fe57a3f139ea81c65a338e37a8064b4e80844f839737532820c9107eb9e1966f?s=96&d=mm&r=g","caption":"efebe"},"url":"https:\/\/grupefebe.com\/es\/author\/efebe\/"}]}},"_links":{"self":[{"href":"https:\/\/grupefebe.com\/es\/wp-json\/wp\/v2\/posts\/2337","targetHints":{"allow":["GET"]}}],"collection":[{"href":"https:\/\/grupefebe.com\/es\/wp-json\/wp\/v2\/posts"}],"about":[{"href":"https:\/\/grupefebe.com\/es\/wp-json\/wp\/v2\/types\/post"}],"author":[{"embeddable":true,"href":"https:\/\/grupefebe.com\/es\/wp-json\/wp\/v2\/users\/1"}],"replies":[{"embeddable":true,"href":"https:\/\/grupefebe.com\/es\/wp-json\/wp\/v2\/comments?post=2337"}],"version-history":[{"count":1,"href":"https:\/\/grupefebe.com\/es\/wp-json\/wp\/v2\/posts\/2337\/revisions"}],"predecessor-version":[{"id":2338,"href":"https:\/\/grupefebe.com\/es\/wp-json\/wp\/v2\/posts\/2337\/revisions\/2338"}],"wp:featuredmedia":[{"embeddable":true,"href":"https:\/\/grupefebe.com\/es\/wp-json\/wp\/v2\/media\/2323"}],"wp:attachment":[{"href":"https:\/\/grupefebe.com\/es\/wp-json\/wp\/v2\/media?parent=2337"}],"wp:term":[{"taxonomy":"category","embeddable":true,"href":"https:\/\/grupefebe.com\/es\/wp-json\/wp\/v2\/categories?post=2337"}],"curies":[{"name":"wp","href":"https:\/\/api.w.org\/{rel}","templated":true}]}}