{"id":26191,"date":"2024-08-28T09:31:37","date_gmt":"2024-08-28T09:31:37","guid":{"rendered":"https:\/\/grupefebe.com\/tendencies-de-disseny-espais-fluids-daprenentatge\/"},"modified":"2024-08-28T10:02:23","modified_gmt":"2024-08-28T10:02:23","slug":"tendencias-de-diseno-espacios-fluidos-aprendizaje","status":"publish","type":"post","link":"https:\/\/grupefebe.com\/es\/tendencias-de-diseno-espacios-fluidos-aprendizaje\/","title":{"rendered":"Tendencias de dise\u00f1o para la vuelta al cole: innovaci\u00f3n y recuperaci\u00f3n de los espacios de aprendizaje"},"content":{"rendered":"<h1>La transformaci\u00f3n de los espaacios educativos<\/h1>\n<p>La vuelta al cole cada a\u00f1o conlleva la necesidad de adaptar los espacios educativos a las <strong>nuevas realidades<\/strong> y demandas de un mundo en constante cambio. Con la evoluci\u00f3n de las <strong>metodolog\u00edas pedag\u00f3gicas<\/strong> y la adopci\u00f3n de nuevas tecnolog\u00edas, el dise\u00f1o de los espacios escolares se ha convertido en un factor crucial para promover el aprendizaje activo, la creatividad y la colaboraci\u00f3n entre los estudiantes. En este contexto, surgen dos tendencias fundamentales para la vuelta al cole que proponemos desde Efeb\u00e9: los <strong>Espacios FluAp<\/strong> (Espacios Fluidos de Aprendizaje) y la recuperaci\u00f3n de las <strong>bibliotecas escolares<\/strong> como espacios clave para fomentar la lectura y la comprensi\u00f3n lectora.<\/p>\n<h1><strong>Espacios FluAp: innovaci\u00f3n y flexibilidad<\/strong><\/h1>\n<p>Los <strong>Espacios FluAp<\/strong> representan una respuesta a la necesidad de adaptar las escuelas a las nuevas formas de aprendizaje. Estos no solo incluyen el uso de nuevas tecnolog\u00edas, sino tambi\u00e9n un <strong>enfoque pedag\u00f3gico<\/strong> que promueve la colaboraci\u00f3n, el pensamiento cr\u00edtico y la creatividad. Los Espacios FluAp se definen por su capacidad de evolucionar y transformarse seg\u00fan las necesidades de los estudiantes y docentes, ofreciendo una experiencia de aprendizaje m\u00e1s org\u00e1nica y personalizada.<\/p>\n<p><img loading=\"lazy\" decoding=\"async\" class=\"alignnone size-large wp-image-14964\" src=\"https:\/\/grupefebe.com\/custom\/uploads\/2024\/05\/escoles-map-1024x576.png\" alt=\"disseny d'escoles\" width=\"1024\" height=\"576\" srcset=\"https:\/\/grupefebe.com\/custom\/uploads\/2024\/05\/escoles-map-1024x576.png 1024w, https:\/\/grupefebe.com\/custom\/uploads\/2024\/05\/escoles-map-300x169.png 300w, https:\/\/grupefebe.com\/custom\/uploads\/2024\/05\/escoles-map-768x432.png 768w, https:\/\/grupefebe.com\/custom\/uploads\/2024\/05\/escoles-map-1536x864.png 1536w, https:\/\/grupefebe.com\/custom\/uploads\/2024\/05\/escoles-map.png 2000w\" sizes=\"auto, (max-width: 1024px) 100vw, 1024px\" \/><\/p>\n<h2><strong>Principios de los Espacios FluAp<\/strong><\/h2>\n<ol>\n<li><strong>Flexibilidad y Versatilidad<\/strong>: Los Espacios FluAp son modulares y adaptables. Las aulas tradicionales son reemplazadas por espacios multifuncionales que pueden ser reconfigurados para acoger diversas actividades, desde clases magistrales hasta trabajos en grupo o actividades creativas. Esta flexibilidad es clave para fomentar la motivaci\u00f3n y una actitud positiva de los estudiantes hacia el aprendizaje.<\/li>\n<li><strong>Colaboraci\u00f3n y Trabajo en Equipo<\/strong>: El dise\u00f1o de los Espacios FluAp promueve el trabajo cooperativo. Espacios abiertos, atractivos y c\u00f3modos, con mobiliario flexible y tecnol\u00f3gicamente integrado, facilitan la interacci\u00f3n y la participaci\u00f3n activa. Los c\u00edrculos de di\u00e1logo, las proyecciones y las presentaciones se vuelven m\u00e1s accesibles y efectivos en estos entornos.<\/li>\n<li><strong>Tecnolog\u00eda Integrada<\/strong>: La tecnolog\u00eda juega un papel central en los Espacios FluAp. Desde pizarras digitales hasta dispositivos m\u00f3viles para el aprendizaje individual, estos espacios est\u00e1n equipados para facilitar el acceso a la informaci\u00f3n y promover nuevas metodolog\u00edas de aprendizaje, como la gamificaci\u00f3n o el Design Thinking.<\/li>\n<li><strong>Espacios de Reflexi\u00f3n y Concentraci\u00f3n<\/strong>: M\u00e1s all\u00e1 de los espacios de colaboraci\u00f3n, los Espacios FluAp incluyen zonas tranquilas dise\u00f1adas para la reflexi\u00f3n y el estudio individual. Estos espacios est\u00e1n pensados para reforzar la concentraci\u00f3n y fomentar la lectura y el pensamiento cr\u00edtico. Equipados con ordenadores de sobremesa y bibliotecas de recursos, estos rincones ofrecen un ambiente adecuado para la investigaci\u00f3n y el aprendizaje aut\u00f3nomo.<\/li>\n<li><strong>Experimentaci\u00f3n y Creatividad<\/strong>: Adem\u00e1s de los espacios de reflexi\u00f3n, los Espacios FluAp incluyen \u00e1reas espec\u00edficas para la experimentaci\u00f3n y la creatividad. Espacios makers y laboratorios de ciencias, equipados con materiales y herramientas adecuadas, permiten a los estudiantes desarrollar habilidades pr\u00e1cticas y t\u00e9cnicas a trav\u00e9s de proyectos reales, como la rob\u00f3tica o la creaci\u00f3n audiovisual.<\/li>\n<li><strong>Sostenibilidad y Ergonom\u00eda<\/strong>: El mobiliario utilizado en los Espacios FluAp est\u00e1 dise\u00f1ado bajo criterios de sostenibilidad y ergonom\u00eda. Fabricados localmente con una filosof\u00eda de producci\u00f3n Km0, estos muebles no solo son respetuosos con el medio ambiente, sino que tambi\u00e9n est\u00e1n pensados para garantizar el bienestar y el confort de los estudiantes y docentes.<\/li>\n<\/ol>\n<h1><strong>La recuperaci\u00f3n de las bibliotecas escolares: m\u00e1s que libros<\/strong><\/h1>\n<p>Las bibliotecas escolares han sido, tradicionalmente, el coraz\u00f3n del conocimiento dentro de las escuelas. Sin embargo, con el aumento del uso de dispositivos digitales y la disminuci\u00f3n de la lectura en papel, muchas de estas bibliotecas han ido quedando en segundo plano. Recientemente, se ha reconocido la importancia de recuperar estos espacios como herramientas fundamentales para la comprensi\u00f3n lectora y el aprendizaje en general.<\/p>\n<div id=\"attachment_14961\" style=\"width: 1034px\" class=\"wp-caption alignnone\"><img loading=\"lazy\" decoding=\"async\" aria-describedby=\"caption-attachment-14961\" class=\"size-large wp-image-14961\" src=\"https:\/\/grupefebe.com\/custom\/uploads\/2024\/05\/22.11.21_RENDER_ESCOLA_MERCE_RODOREDA_cam01postp-scaled-1-1024x341.jpg\" alt=\"dise\u00f1o de interior de una biblioteca\" width=\"1024\" height=\"341\" srcset=\"https:\/\/grupefebe.com\/custom\/uploads\/2024\/05\/22.11.21_RENDER_ESCOLA_MERCE_RODOREDA_cam01postp-scaled-1-1024x341.jpg 1024w, https:\/\/grupefebe.com\/custom\/uploads\/2024\/05\/22.11.21_RENDER_ESCOLA_MERCE_RODOREDA_cam01postp-scaled-1-300x100.jpg 300w, https:\/\/grupefebe.com\/custom\/uploads\/2024\/05\/22.11.21_RENDER_ESCOLA_MERCE_RODOREDA_cam01postp-scaled-1-768x256.jpg 768w, https:\/\/grupefebe.com\/custom\/uploads\/2024\/05\/22.11.21_RENDER_ESCOLA_MERCE_RODOREDA_cam01postp-scaled-1-1536x512.jpg 1536w, https:\/\/grupefebe.com\/custom\/uploads\/2024\/05\/22.11.21_RENDER_ESCOLA_MERCE_RODOREDA_cam01postp-scaled-1-2048x682.jpg 2048w\" sizes=\"auto, (max-width: 1024px) 100vw, 1024px\" \/><p id=\"caption-attachment-14961\" class=\"wp-caption-text\">Render realizado por el equipo de dise\u00f1o de Efeb\u00e9<\/p><\/div>\n<h2><strong>Transformaci\u00f3n de las Bibliotecas en Espacios Fluid Learning<\/strong><\/h2>\n<p>El programa FluAp no solo se limita a las aulas, sino que tambi\u00e9n se extiende a la transformaci\u00f3n de las bibliotecas escolares. Estas se convierten en espacios vers\u00e1tiles y din\u00e1micos que ofrecen mucho m\u00e1s que estanter\u00edas llenas de libros. El objetivo es crear entornos que inspiren y motiven a los estudiantes a leer, investigar y desarrollar habilidades esenciales para el siglo XXI.<\/p>\n<ol>\n<li><strong>Biblioteca como Espacio Modular y Adaptable<\/strong>: Las bibliotecas se transforman en espacios modulares que pueden ser reconfigurados para diferentes actividades, desde sesiones de lectura guiada hasta talleres de creaci\u00f3n literaria o debates. Esta flexibilidad permite que los espacios se adapten a las necesidades de cada momento, fomentando as\u00ed una experiencia de aprendizaje m\u00e1s rica y variada.<\/li>\n<li><strong>Integraci\u00f3n Tecnol\u00f3gica<\/strong>: La tecnolog\u00eda es una parte integral de la nueva concepci\u00f3n de las bibliotecas escolares. El acceso a recursos digitales, como bases de datos en l\u00ednea, libros electr\u00f3nicos y herramientas de investigaci\u00f3n, se integra en el espacio para ofrecer a los estudiantes una experiencia de lectura e investigaci\u00f3n m\u00e1s completa y actualizada.<\/li>\n<li><strong>Fomento de la Lectura y la Comprensi\u00f3n Lectora<\/strong>: Ante la preocupaci\u00f3n por los bajos niveles de comprensi\u00f3n lectora, la transformaci\u00f3n de las bibliotecas en Espacios Fluid Learning se presenta como una soluci\u00f3n prometedora. A trav\u00e9s de programas de lectura activos y atractivos, y con la ayuda de docentes comprometidos, las bibliotecas se convierten en espacios donde los estudiantes pueden redescubrir el placer de leer y mejorar su comprensi\u00f3n lectora.<\/li>\n<li><strong>Espacios Polivalentes para la Comunidad<\/strong>: Una de las innovaciones m\u00e1s destacadas es la creaci\u00f3n de bibliotecas abiertas a la comunidad. Estas bibliotecas no solo sirven a los estudiantes, sino que tambi\u00e9n se convierten en espacios polivalentes accesibles fuera del horario escolar, donde se pueden llevar a cabo actividades educativas y culturales para toda la comunidad.<\/li>\n<li><strong>Colaboraci\u00f3n con la Comunidad Educativa<\/strong>: La transformaci\u00f3n de las bibliotecas no ser\u00eda posible sin la colaboraci\u00f3n activa de la comunidad educativa. Los docentes, estudiantes y otros actores involucrados juegan un papel clave en la definici\u00f3n e implementaci\u00f3n de los Espacios Fluid Learning. Esta colaboraci\u00f3n asegura que los espacios resultantes respondan a las necesidades reales de los usuarios.<\/li>\n<\/ol>\n<div id=\"attachment_14395\" style=\"width: 1034px\" class=\"wp-caption alignnone\"><a href=\"https:\/\/grupefebe.com\/projects\/escola-ginebro-biblioteca\/\"><img loading=\"lazy\" decoding=\"async\" aria-describedby=\"caption-attachment-14395\" class=\"wp-image-14395 size-large\" src=\"https:\/\/grupefebe.com\/custom\/uploads\/2023\/09\/escola-ginebro-lectura-1024x648.jpeg\" alt=\"biblioteca de dise\u00f1o\" width=\"1024\" height=\"502\" \/><\/a><p id=\"caption-attachment-14395\" class=\"wp-caption-text\"><a href=\"https:\/\/grupefebe.com\/projects\/escola-ginebro-biblioteca\/\">Proyecto de biblioteca<\/a> realizado por Efeb\u00e9 en la Escuela Ginebr\u00f3 de Llinars del Vall\u00e8s<\/p><\/div>\n<h2><strong>Ejemplos de \u00c9xito: La Escuela Merc\u00e8 Rodoreda<\/strong><\/h2>\n<p>Uno de los ejemplos m\u00e1s destacados de la <strong>transformaci\u00f3n de una biblioteca<\/strong> escolar en un Espacio Fluid Learning es el caso de la <a href=\"https:\/\/agora.xtec.cat\/esc-mrodoreda-bcn\/\">Escuela Merc\u00e8 Rodoreda<\/a>. Este proyecto, llevado a cabo en colaboraci\u00f3n con el Grupo Efeb\u00e9, logr\u00f3 transformar la biblioteca en un espacio multifuncional y abierto a la comunidad, convirti\u00e9ndose en un referente en <strong>innovaci\u00f3n educativa<\/strong>.<\/p>\n<p>El <a href=\"https:\/\/grupefebe.com\/projects\/pla-de-barris-nou-pati-i-biblioteca-oberta-al-barri-a-lescola-merce-rodoreda\/\">proyecto de la Escuela Merc\u00e8 Rodoreda<\/a> no solo revitaliz\u00f3 la biblioteca, sino que mejor\u00f3 los espacios educativos de toda la escuela, ofreciendo un entorno m\u00e1s verde, seguro y adaptado a las nuevas formas de aprendizaje. Esto permiti\u00f3 a los estudiantes y docentes beneficiarse de un espacio que promueve la creatividad, la colaboraci\u00f3n y el pensamiento cr\u00edtico, al mismo tiempo que se integra a la comunidad local en el proceso educativo.<\/p>\n<div id=\"attachment_13928\" style=\"width: 1034px\" class=\"wp-caption alignnone\"><a href=\"https:\/\/grupefebe.com\/?p=26186&amp;preview=true\"><img loading=\"lazy\" decoding=\"async\" aria-describedby=\"caption-attachment-13928\" class=\"wp-image-13928 size-large\" src=\"https:\/\/grupefebe.com\/custom\/uploads\/2023\/04\/DSC0832-1024x681.jpg\" alt=\"biblioteca oberta\" width=\"1024\" height=\"566\" \/><\/a><p id=\"caption-attachment-13928\" class=\"wp-caption-text\"><a href=\"https:\/\/grupefebe.com\/?p=26186&amp;preview=true\">Biblioteca Escuela Merc\u00e8 Rodoreda<\/a> &#8211; Proyecto realitzado por Grupo Efeb\u00e9<\/p><\/div>\n<p>La vuelta al cole ya no es solo una cuesti\u00f3n de libros nuevos y mochilas preparadas; es una<strong> oportunidad<\/strong> para repensar y redise\u00f1ar los espacios educativos para adaptarlos a las necesidades del futuro. Tanto los Espacios FluAp como la recuperaci\u00f3n de las bibliotecas escolares como centros de innovaci\u00f3n educativa son<strong> tendencias<\/strong> que reflejan un cambio profundo en la manera en que entendemos el aprendizaje.<\/p>\n<p>Estas iniciativas no solo mejoran la experiencia educativa de los estudiantes, sino que tambi\u00e9n contribuyen a crear una sociedad m\u00e1s creativa, colaborativa y cr\u00edtica. Los Espacios Fluid Learning y las bibliotecas transformadas son una apuesta por un futuro donde la educaci\u00f3n sea accesible, din\u00e1mica e inspiradora para todos.<\/p>\n<p>\u00bfTe gustar\u00eda integrar tu proyecto educativo en el dise\u00f1o de tu escuela? \u00a1<strong><a href=\"https:\/\/grupefebe.com\/es\/formulario-contacto\/\">Contacta<\/a><\/strong> con nosotros y te ayudaremos!<\/p>\n<p>&nbsp;<\/p>\n<p>&nbsp;<\/p>\n","protected":false},"excerpt":{"rendered":"<p>La transformaci\u00f3n de los espaacios educativos La vuelta al cole cada a\u00f1o conlleva la necesidad de adaptar los espacios educativos [&hellip;]<\/p>\n","protected":false},"author":2,"featured_media":10044,"comment_status":"closed","ping_status":"closed","sticky":false,"template":"","format":"standard","meta":{"_acf_changed":false,"footnotes":"","_links_to":"","_links_to_target":""},"categories":[203],"class_list":["post-26191","post","type-post","status-publish","format-standard","has-post-thumbnail","hentry","category-escuelas"],"acf":[],"yoast_head":"<!-- This site is optimized with the Yoast SEO plugin v25.9 - https:\/\/yoast.com\/wordpress\/plugins\/seo\/ -->\n<title>Tendencias del dise\u00f1o para la vuelta al cole: espacios fluidos de aprendizaje.<\/title>\n<meta name=\"description\" content=\"Descubre las \u00faltimas tendencias en dise\u00f1o educativo con los Espacios Fluidos de Aprendizaje y la transformaci\u00f3n de bibliotecas escolares.\" \/>\n<meta name=\"robots\" content=\"index, follow, max-snippet:-1, max-image-preview:large, max-video-preview:-1\" \/>\n<link rel=\"canonical\" href=\"https:\/\/grupefebe.com\/es\/tendencias-de-diseno-espacios-fluidos-aprendizaje\/\" \/>\n<meta property=\"og:locale\" content=\"es_ES\" \/>\n<meta property=\"og:type\" content=\"article\" \/>\n<meta property=\"og:title\" content=\"Tendencias del dise\u00f1o para la vuelta al cole: espacios fluidos de aprendizaje.\" \/>\n<meta property=\"og:description\" content=\"Descubre las \u00faltimas tendencias en dise\u00f1o educativo con los Espacios Fluidos de Aprendizaje y la transformaci\u00f3n de bibliotecas escolares.\" \/>\n<meta property=\"og:url\" content=\"https:\/\/grupefebe.com\/es\/tendencias-de-diseno-espacios-fluidos-aprendizaje\/\" \/>\n<meta property=\"og:site_name\" content=\"Grupo Efeb\u00e9\" \/>\n<meta property=\"article:publisher\" content=\"https:\/\/www.facebook.com\/grup.efebe\" \/>\n<meta property=\"article:published_time\" content=\"2024-08-28T09:31:37+00:00\" \/>\n<meta property=\"article:modified_time\" content=\"2024-08-28T10:02:23+00:00\" \/>\n<meta property=\"og:image\" content=\"https:\/\/www.grupefebe.com\/custom\/uploads\/2020\/12\/DSC08143_006.jpg\" \/>\n\t<meta property=\"og:image:width\" content=\"1024\" \/>\n\t<meta property=\"og:image:height\" content=\"683\" \/>\n\t<meta property=\"og:image:type\" content=\"image\/jpeg\" \/>\n<meta name=\"author\" content=\"Grup Efeb\u00e9\" \/>\n<meta name=\"twitter:card\" content=\"summary_large_image\" \/>\n<meta name=\"twitter:creator\" content=\"@grup_efebe\" \/>\n<meta name=\"twitter:site\" content=\"@grup_efebe\" \/>\n<meta name=\"twitter:label1\" content=\"Escrito por\" \/>\n\t<meta name=\"twitter:data1\" content=\"Grup Efeb\u00e9\" \/>\n\t<meta name=\"twitter:label2\" content=\"Tiempo de lectura\" \/>\n\t<meta name=\"twitter:data2\" content=\"7 minutos\" \/>\n<script type=\"application\/ld+json\" class=\"yoast-schema-graph\">{\"@context\":\"https:\/\/schema.org\",\"@graph\":[{\"@type\":\"Article\",\"@id\":\"https:\/\/grupefebe.com\/es\/tendencias-de-diseno-espacios-fluidos-aprendizaje\/#article\",\"isPartOf\":{\"@id\":\"https:\/\/grupefebe.com\/es\/tendencias-de-diseno-espacios-fluidos-aprendizaje\/\"},\"author\":{\"name\":\"Grup Efeb\u00e9\",\"@id\":\"https:\/\/www.grupefebe.com\/es\/#\/schema\/person\/76402b3180eef131413100afc3282997\"},\"headline\":\"Tendencias de dise\u00f1o para la vuelta al cole: innovaci\u00f3n y recuperaci\u00f3n de los espacios de aprendizaje\",\"datePublished\":\"2024-08-28T09:31:37+00:00\",\"dateModified\":\"2024-08-28T10:02:23+00:00\",\"mainEntityOfPage\":{\"@id\":\"https:\/\/grupefebe.com\/es\/tendencias-de-diseno-espacios-fluidos-aprendizaje\/\"},\"wordCount\":1415,\"publisher\":{\"@id\":\"https:\/\/www.grupefebe.com\/es\/#organization\"},\"image\":{\"@id\":\"https:\/\/grupefebe.com\/es\/tendencias-de-diseno-espacios-fluidos-aprendizaje\/#primaryimage\"},\"thumbnailUrl\":\"https:\/\/grupefebe.com\/custom\/uploads\/2020\/12\/DSC08143_006.jpg\",\"articleSection\":[\"Escuelas\"],\"inLanguage\":\"es\"},{\"@type\":\"WebPage\",\"@id\":\"https:\/\/grupefebe.com\/es\/tendencias-de-diseno-espacios-fluidos-aprendizaje\/\",\"url\":\"https:\/\/grupefebe.com\/es\/tendencias-de-diseno-espacios-fluidos-aprendizaje\/\",\"name\":\"Tendencias del dise\u00f1o para la vuelta al cole: espacios fluidos de aprendizaje.\",\"isPartOf\":{\"@id\":\"https:\/\/www.grupefebe.com\/es\/#website\"},\"primaryImageOfPage\":{\"@id\":\"https:\/\/grupefebe.com\/es\/tendencias-de-diseno-espacios-fluidos-aprendizaje\/#primaryimage\"},\"image\":{\"@id\":\"https:\/\/grupefebe.com\/es\/tendencias-de-diseno-espacios-fluidos-aprendizaje\/#primaryimage\"},\"thumbnailUrl\":\"https:\/\/grupefebe.com\/custom\/uploads\/2020\/12\/DSC08143_006.jpg\",\"datePublished\":\"2024-08-28T09:31:37+00:00\",\"dateModified\":\"2024-08-28T10:02:23+00:00\",\"description\":\"Descubre las \u00faltimas tendencias en dise\u00f1o educativo con los Espacios Fluidos de Aprendizaje y la transformaci\u00f3n de bibliotecas escolares.\",\"breadcrumb\":{\"@id\":\"https:\/\/grupefebe.com\/es\/tendencias-de-diseno-espacios-fluidos-aprendizaje\/#breadcrumb\"},\"inLanguage\":\"es\",\"potentialAction\":[{\"@type\":\"ReadAction\",\"target\":[\"https:\/\/grupefebe.com\/es\/tendencias-de-diseno-espacios-fluidos-aprendizaje\/\"]}]},{\"@type\":\"ImageObject\",\"inLanguage\":\"es\",\"@id\":\"https:\/\/grupefebe.com\/es\/tendencias-de-diseno-espacios-fluidos-aprendizaje\/#primaryimage\",\"url\":\"https:\/\/grupefebe.com\/custom\/uploads\/2020\/12\/DSC08143_006.jpg\",\"contentUrl\":\"https:\/\/grupefebe.com\/custom\/uploads\/2020\/12\/DSC08143_006.jpg\",\"width\":1024,\"height\":683,\"caption\":\"Fotografies de nova sala de m\u00fasica a Escola La Salle, a Sant Celoni, Barcelona\"},{\"@type\":\"BreadcrumbList\",\"@id\":\"https:\/\/grupefebe.com\/es\/tendencias-de-diseno-espacios-fluidos-aprendizaje\/#breadcrumb\",\"itemListElement\":[{\"@type\":\"ListItem\",\"position\":1,\"name\":\"Inici\",\"item\":\"https:\/\/www.grupefebe.com\/es\/\"},{\"@type\":\"ListItem\",\"position\":2,\"name\":\"Tendencias de dise\u00f1o para la vuelta al cole: innovaci\u00f3n y recuperaci\u00f3n de los espacios de aprendizaje\"}]},{\"@type\":\"WebSite\",\"@id\":\"https:\/\/www.grupefebe.com\/es\/#website\",\"url\":\"https:\/\/www.grupefebe.com\/es\/\",\"name\":\"Grup Efeb\u00e9\",\"description\":\"Otro sitio realizado con WordPress\",\"publisher\":{\"@id\":\"https:\/\/www.grupefebe.com\/es\/#organization\"},\"potentialAction\":[{\"@type\":\"SearchAction\",\"target\":{\"@type\":\"EntryPoint\",\"urlTemplate\":\"https:\/\/www.grupefebe.com\/es\/?s={search_term_string}\"},\"query-input\":{\"@type\":\"PropertyValueSpecification\",\"valueRequired\":true,\"valueName\":\"search_term_string\"}}],\"inLanguage\":\"es\"},{\"@type\":\"Organization\",\"@id\":\"https:\/\/www.grupefebe.com\/es\/#organization\",\"name\":\"Grup Efeb\u00e9\",\"url\":\"https:\/\/www.grupefebe.com\/es\/\",\"logo\":{\"@type\":\"ImageObject\",\"inLanguage\":\"es\",\"@id\":\"https:\/\/www.grupefebe.com\/es\/#\/schema\/logo\/image\/\",\"url\":\"https:\/\/grupefebe.com\/custom\/uploads\/2021\/01\/logo-efebe.png\",\"contentUrl\":\"https:\/\/grupefebe.com\/custom\/uploads\/2021\/01\/logo-efebe.png\",\"width\":524,\"height\":135,\"caption\":\"Grup Efeb\u00e9\"},\"image\":{\"@id\":\"https:\/\/www.grupefebe.com\/es\/#\/schema\/logo\/image\/\"},\"sameAs\":[\"https:\/\/www.facebook.com\/grup.efebe\",\"https:\/\/x.com\/grup_efebe\",\"https:\/\/www.instagram.com\/grup_efebe\/\",\"https:\/\/www.linkedin.com\/company\/grupefebe\",\"https:\/\/www.youtube.com\/channel\/UCj11-LAuLhPfqrL2649Xzrw\"]},{\"@type\":\"Person\",\"@id\":\"https:\/\/www.grupefebe.com\/es\/#\/schema\/person\/76402b3180eef131413100afc3282997\",\"name\":\"Grup Efeb\u00e9\",\"image\":{\"@type\":\"ImageObject\",\"inLanguage\":\"es\",\"@id\":\"https:\/\/www.grupefebe.com\/es\/#\/schema\/person\/image\/\",\"url\":\"https:\/\/secure.gravatar.com\/avatar\/913bc6aa90480101061296ab9cad4bd4ccfb82c623a8820f3fd577558c1651be?s=96&d=mm&r=g\",\"contentUrl\":\"https:\/\/secure.gravatar.com\/avatar\/913bc6aa90480101061296ab9cad4bd4ccfb82c623a8820f3fd577558c1651be?s=96&d=mm&r=g\",\"caption\":\"Grup Efeb\u00e9\"},\"url\":\"https:\/\/grupefebe.com\/es\/author\/julia\/\"}]}<\/script>\n<!-- \/ Yoast SEO plugin. -->","yoast_head_json":{"title":"Tendencias del dise\u00f1o para la vuelta al cole: espacios fluidos de aprendizaje.","description":"Descubre las \u00faltimas tendencias en dise\u00f1o educativo con los Espacios Fluidos de Aprendizaje y la transformaci\u00f3n de bibliotecas escolares.","robots":{"index":"index","follow":"follow","max-snippet":"max-snippet:-1","max-image-preview":"max-image-preview:large","max-video-preview":"max-video-preview:-1"},"canonical":"https:\/\/grupefebe.com\/es\/tendencias-de-diseno-espacios-fluidos-aprendizaje\/","og_locale":"es_ES","og_type":"article","og_title":"Tendencias del dise\u00f1o para la vuelta al cole: espacios fluidos de aprendizaje.","og_description":"Descubre las \u00faltimas tendencias en dise\u00f1o educativo con los Espacios Fluidos de Aprendizaje y la transformaci\u00f3n de bibliotecas escolares.","og_url":"https:\/\/grupefebe.com\/es\/tendencias-de-diseno-espacios-fluidos-aprendizaje\/","og_site_name":"Grupo Efeb\u00e9","article_publisher":"https:\/\/www.facebook.com\/grup.efebe","article_published_time":"2024-08-28T09:31:37+00:00","article_modified_time":"2024-08-28T10:02:23+00:00","og_image":[{"width":1024,"height":683,"url":"https:\/\/www.grupefebe.com\/custom\/uploads\/2020\/12\/DSC08143_006.jpg","type":"image\/jpeg"}],"author":"Grup Efeb\u00e9","twitter_card":"summary_large_image","twitter_creator":"@grup_efebe","twitter_site":"@grup_efebe","twitter_misc":{"Escrito por":"Grup Efeb\u00e9","Tiempo de lectura":"7 minutos"},"schema":{"@context":"https:\/\/schema.org","@graph":[{"@type":"Article","@id":"https:\/\/grupefebe.com\/es\/tendencias-de-diseno-espacios-fluidos-aprendizaje\/#article","isPartOf":{"@id":"https:\/\/grupefebe.com\/es\/tendencias-de-diseno-espacios-fluidos-aprendizaje\/"},"author":{"name":"Grup Efeb\u00e9","@id":"https:\/\/www.grupefebe.com\/es\/#\/schema\/person\/76402b3180eef131413100afc3282997"},"headline":"Tendencias de dise\u00f1o para la vuelta al cole: innovaci\u00f3n y recuperaci\u00f3n de los espacios de aprendizaje","datePublished":"2024-08-28T09:31:37+00:00","dateModified":"2024-08-28T10:02:23+00:00","mainEntityOfPage":{"@id":"https:\/\/grupefebe.com\/es\/tendencias-de-diseno-espacios-fluidos-aprendizaje\/"},"wordCount":1415,"publisher":{"@id":"https:\/\/www.grupefebe.com\/es\/#organization"},"image":{"@id":"https:\/\/grupefebe.com\/es\/tendencias-de-diseno-espacios-fluidos-aprendizaje\/#primaryimage"},"thumbnailUrl":"https:\/\/grupefebe.com\/custom\/uploads\/2020\/12\/DSC08143_006.jpg","articleSection":["Escuelas"],"inLanguage":"es"},{"@type":"WebPage","@id":"https:\/\/grupefebe.com\/es\/tendencias-de-diseno-espacios-fluidos-aprendizaje\/","url":"https:\/\/grupefebe.com\/es\/tendencias-de-diseno-espacios-fluidos-aprendizaje\/","name":"Tendencias del dise\u00f1o para la vuelta al cole: espacios fluidos de aprendizaje.","isPartOf":{"@id":"https:\/\/www.grupefebe.com\/es\/#website"},"primaryImageOfPage":{"@id":"https:\/\/grupefebe.com\/es\/tendencias-de-diseno-espacios-fluidos-aprendizaje\/#primaryimage"},"image":{"@id":"https:\/\/grupefebe.com\/es\/tendencias-de-diseno-espacios-fluidos-aprendizaje\/#primaryimage"},"thumbnailUrl":"https:\/\/grupefebe.com\/custom\/uploads\/2020\/12\/DSC08143_006.jpg","datePublished":"2024-08-28T09:31:37+00:00","dateModified":"2024-08-28T10:02:23+00:00","description":"Descubre las \u00faltimas tendencias en dise\u00f1o educativo con los Espacios Fluidos de Aprendizaje y la transformaci\u00f3n de bibliotecas escolares.","breadcrumb":{"@id":"https:\/\/grupefebe.com\/es\/tendencias-de-diseno-espacios-fluidos-aprendizaje\/#breadcrumb"},"inLanguage":"es","potentialAction":[{"@type":"ReadAction","target":["https:\/\/grupefebe.com\/es\/tendencias-de-diseno-espacios-fluidos-aprendizaje\/"]}]},{"@type":"ImageObject","inLanguage":"es","@id":"https:\/\/grupefebe.com\/es\/tendencias-de-diseno-espacios-fluidos-aprendizaje\/#primaryimage","url":"https:\/\/grupefebe.com\/custom\/uploads\/2020\/12\/DSC08143_006.jpg","contentUrl":"https:\/\/grupefebe.com\/custom\/uploads\/2020\/12\/DSC08143_006.jpg","width":1024,"height":683,"caption":"Fotografies de nova sala de m\u00fasica a Escola La Salle, a Sant Celoni, Barcelona"},{"@type":"BreadcrumbList","@id":"https:\/\/grupefebe.com\/es\/tendencias-de-diseno-espacios-fluidos-aprendizaje\/#breadcrumb","itemListElement":[{"@type":"ListItem","position":1,"name":"Inici","item":"https:\/\/www.grupefebe.com\/es\/"},{"@type":"ListItem","position":2,"name":"Tendencias de dise\u00f1o para la vuelta al cole: innovaci\u00f3n y recuperaci\u00f3n de los espacios de aprendizaje"}]},{"@type":"WebSite","@id":"https:\/\/www.grupefebe.com\/es\/#website","url":"https:\/\/www.grupefebe.com\/es\/","name":"Grup Efeb\u00e9","description":"Otro sitio realizado con WordPress","publisher":{"@id":"https:\/\/www.grupefebe.com\/es\/#organization"},"potentialAction":[{"@type":"SearchAction","target":{"@type":"EntryPoint","urlTemplate":"https:\/\/www.grupefebe.com\/es\/?s={search_term_string}"},"query-input":{"@type":"PropertyValueSpecification","valueRequired":true,"valueName":"search_term_string"}}],"inLanguage":"es"},{"@type":"Organization","@id":"https:\/\/www.grupefebe.com\/es\/#organization","name":"Grup Efeb\u00e9","url":"https:\/\/www.grupefebe.com\/es\/","logo":{"@type":"ImageObject","inLanguage":"es","@id":"https:\/\/www.grupefebe.com\/es\/#\/schema\/logo\/image\/","url":"https:\/\/grupefebe.com\/custom\/uploads\/2021\/01\/logo-efebe.png","contentUrl":"https:\/\/grupefebe.com\/custom\/uploads\/2021\/01\/logo-efebe.png","width":524,"height":135,"caption":"Grup Efeb\u00e9"},"image":{"@id":"https:\/\/www.grupefebe.com\/es\/#\/schema\/logo\/image\/"},"sameAs":["https:\/\/www.facebook.com\/grup.efebe","https:\/\/x.com\/grup_efebe","https:\/\/www.instagram.com\/grup_efebe\/","https:\/\/www.linkedin.com\/company\/grupefebe","https:\/\/www.youtube.com\/channel\/UCj11-LAuLhPfqrL2649Xzrw"]},{"@type":"Person","@id":"https:\/\/www.grupefebe.com\/es\/#\/schema\/person\/76402b3180eef131413100afc3282997","name":"Grup Efeb\u00e9","image":{"@type":"ImageObject","inLanguage":"es","@id":"https:\/\/www.grupefebe.com\/es\/#\/schema\/person\/image\/","url":"https:\/\/secure.gravatar.com\/avatar\/913bc6aa90480101061296ab9cad4bd4ccfb82c623a8820f3fd577558c1651be?s=96&d=mm&r=g","contentUrl":"https:\/\/secure.gravatar.com\/avatar\/913bc6aa90480101061296ab9cad4bd4ccfb82c623a8820f3fd577558c1651be?s=96&d=mm&r=g","caption":"Grup Efeb\u00e9"},"url":"https:\/\/grupefebe.com\/es\/author\/julia\/"}]}},"_links":{"self":[{"href":"https:\/\/grupefebe.com\/es\/wp-json\/wp\/v2\/posts\/26191","targetHints":{"allow":["GET"]}}],"collection":[{"href":"https:\/\/grupefebe.com\/es\/wp-json\/wp\/v2\/posts"}],"about":[{"href":"https:\/\/grupefebe.com\/es\/wp-json\/wp\/v2\/types\/post"}],"author":[{"embeddable":true,"href":"https:\/\/grupefebe.com\/es\/wp-json\/wp\/v2\/users\/2"}],"replies":[{"embeddable":true,"href":"https:\/\/grupefebe.com\/es\/wp-json\/wp\/v2\/comments?post=26191"}],"version-history":[{"count":2,"href":"https:\/\/grupefebe.com\/es\/wp-json\/wp\/v2\/posts\/26191\/revisions"}],"predecessor-version":[{"id":26193,"href":"https:\/\/grupefebe.com\/es\/wp-json\/wp\/v2\/posts\/26191\/revisions\/26193"}],"wp:featuredmedia":[{"embeddable":true,"href":"https:\/\/grupefebe.com\/es\/wp-json\/wp\/v2\/media\/10044"}],"wp:attachment":[{"href":"https:\/\/grupefebe.com\/es\/wp-json\/wp\/v2\/media?parent=26191"}],"wp:term":[{"taxonomy":"category","embeddable":true,"href":"https:\/\/grupefebe.com\/es\/wp-json\/wp\/v2\/categories?post=26191"}],"curies":[{"name":"wp","href":"https:\/\/api.w.org\/{rel}","templated":true}]}}