{"id":26417,"date":"2024-11-04T09:21:26","date_gmt":"2024-11-04T09:21:26","guid":{"rendered":"https:\/\/grupefebe.com\/bdw24-projecte-ctoc-i-el-segell-dexcellencia-en-sostenibilitat\/"},"modified":"2024-11-20T10:40:55","modified_gmt":"2024-11-20T10:40:55","slug":"bdw24-proyecto-ctoc-y-el-sello-deexcelencia-en-sostenibilidad","status":"publish","type":"post","link":"https:\/\/grupefebe.com\/es\/bdw24-proyecto-ctoc-y-el-sello-deexcelencia-en-sostenibilidad\/","title":{"rendered":"Efeb\u00e9 presenta el Proyecto CtoC y el Sello de Excelencia en Sostenibilidad en la Barcelona Design Week"},"content":{"rendered":"<p>El pasado 24 de octubre de 2024, en el marco de la <a href=\"https:\/\/barcelonadesignweek.com\/\"><strong>Barcelona Design Week<\/strong><\/a>, Grup Efeb\u00e9 abri\u00f3 las puertas de su showroom para presentar dos de sus iniciativas m\u00e1s innovadoras en sostenibilidad y econom\u00eda circular: el proyecto CtoC (Consumer to Consumer) para escuelas y el Sello de Excelencia en Sostenibilidad, una certificaci\u00f3n pionera en el sector del dise\u00f1o sostenible y responsable.<\/p>\n<p>Durante el evento, que reuni\u00f3 a profesionales del dise\u00f1o y la arquitectura comprometidos con la sostenibilidad, Efeb\u00e9 comparti\u00f3 su visi\u00f3n para un futuro m\u00e1s verde e inclusivo, destacando su compromiso con la econom\u00eda circular y el triple impacto social, ambiental y econ\u00f3mico.<\/p>\n<p><img loading=\"lazy\" decoding=\"async\" class=\"alignnone wp-image-26356\" src=\"https:\/\/grupefebe.com\/custom\/uploads\/2024\/10\/WhatsApp-Image-2024-10-31-at-14.19.29-1-768x1024.jpeg\" alt=\"cadires de pl\u00e0stic reciclat\" width=\"273\" height=\"364\" srcset=\"https:\/\/grupefebe.com\/custom\/uploads\/2024\/10\/WhatsApp-Image-2024-10-31-at-14.19.29-1-768x1024.jpeg 768w, https:\/\/grupefebe.com\/custom\/uploads\/2024\/10\/WhatsApp-Image-2024-10-31-at-14.19.29-1-225x300.jpeg 225w, https:\/\/grupefebe.com\/custom\/uploads\/2024\/10\/WhatsApp-Image-2024-10-31-at-14.19.29-1-1152x1536.jpeg 1152w, https:\/\/grupefebe.com\/custom\/uploads\/2024\/10\/WhatsApp-Image-2024-10-31-at-14.19.29-1.jpeg 1200w\" sizes=\"auto, (max-width: 273px) 100vw, 273px\" \/> <img loading=\"lazy\" decoding=\"async\" class=\"alignnone wp-image-26360\" src=\"https:\/\/grupefebe.com\/custom\/uploads\/2024\/10\/WhatsApp-Image-2024-10-31-at-14.19.29-2-768x1024.jpeg\" alt=\"cadires escolars redissenyades\" width=\"273\" height=\"364\" srcset=\"https:\/\/grupefebe.com\/custom\/uploads\/2024\/10\/WhatsApp-Image-2024-10-31-at-14.19.29-2-768x1024.jpeg 768w, https:\/\/grupefebe.com\/custom\/uploads\/2024\/10\/WhatsApp-Image-2024-10-31-at-14.19.29-2-225x300.jpeg 225w, https:\/\/grupefebe.com\/custom\/uploads\/2024\/10\/WhatsApp-Image-2024-10-31-at-14.19.29-2-1152x1536.jpeg 1152w, https:\/\/grupefebe.com\/custom\/uploads\/2024\/10\/WhatsApp-Image-2024-10-31-at-14.19.29-2.jpeg 1200w\" sizes=\"auto, (max-width: 273px) 100vw, 273px\" \/> <img loading=\"lazy\" decoding=\"async\" class=\"alignnone wp-image-26364\" src=\"https:\/\/grupefebe.com\/custom\/uploads\/2024\/10\/shared-image-40-768x1024.jpg\" alt=\"cadires escolars reacondicionades\" width=\"272\" height=\"362\" srcset=\"https:\/\/grupefebe.com\/custom\/uploads\/2024\/10\/shared-image-40-768x1024.jpg 768w, https:\/\/grupefebe.com\/custom\/uploads\/2024\/10\/shared-image-40-225x300.jpg 225w, https:\/\/grupefebe.com\/custom\/uploads\/2024\/10\/shared-image-40-1152x1536.jpg 1152w, https:\/\/grupefebe.com\/custom\/uploads\/2024\/10\/shared-image-40.jpg 1536w\" sizes=\"auto, (max-width: 272px) 100vw, 272px\" \/><\/p>\n<h2>Proyecto CtoC: renovaci\u00f3n sostenible para las escuelas<\/h2>\n<p>El proyecto CtoC es una apuesta por la <strong>circularidad consciente en las escuelas<\/strong>, dise\u00f1ado para renovar el mobiliario escolar mediante procesos sostenibles e inclusivos. Con CtoC, Grup Efeb\u00e9 promueve la econom\u00eda circular dando una nueva vida a sillas, pupitres y otros elementos escolares, creando espacios de aprendizaje c\u00f3modos y responsables con el medio ambiente. Esta iniciativa no solo aporta beneficios ecol\u00f3gicos, sino que tambi\u00e9n involucra activamente a la comunidad educativa, sensibiliz\u00e1ndola sobre la importancia de la sostenibilidad.<\/p>\n<h3>\u00bfC\u00f3mo funciona el proceso CtoC?<\/h3>\n<ol>\n<li><strong>Recogida del mobiliario escolar<\/strong>: Con la colaboraci\u00f3n de la entidad Sa\u00f3 Prat, el mobiliario en desuso se recoge y se traslada a talleres especializados.<\/li>\n<li><strong>Restauraci\u00f3n y redise\u00f1o<\/strong>: A continuaci\u00f3n, la Fundaci\u00f3n Rubricatus se encarga de decapar y pintar las estructuras, mientras que Esclat Centro Educativo realiza los cortes de las piezas de pl\u00e1stico recicladas.<\/li>\n<li><strong>Montaje final<\/strong>: Con materiales reciclados proporcionados por Pl\u00e0stic Preci\u00f3s La Safor, el mobiliario se actualiza con un dise\u00f1o ergon\u00f3mico y sostenible, ideal para las necesidades de las aulas modernas.<\/li>\n<\/ol>\n<p>Este proceso consciente reduce los residuos y minimiza el impacto ambiental, haciendo que las escuelas participantes se conviertan en ejemplos de<strong> consumo responsable y circularidad consciente<\/strong>.<\/p>\n<p><img loading=\"lazy\" decoding=\"async\" class=\" wp-image-26556 alignright\" src=\"https:\/\/grupefebe.com\/custom\/uploads\/2024\/11\/foto-col-laboradors-scaled-1-768x1024.jpeg\" alt=\"equipo econom\u00eda circular efeb\u00e9\" width=\"369\" height=\"492\" srcset=\"https:\/\/grupefebe.com\/custom\/uploads\/2024\/11\/foto-col-laboradors-scaled-1-768x1023.jpeg 768w, https:\/\/grupefebe.com\/custom\/uploads\/2024\/11\/foto-col-laboradors-scaled-1-225x300.jpeg 225w, https:\/\/grupefebe.com\/custom\/uploads\/2024\/11\/foto-col-laboradors-scaled-1-1153x1536.jpeg 1153w, https:\/\/grupefebe.com\/custom\/uploads\/2024\/11\/foto-col-laboradors-scaled-1-1537x2048.jpeg 1537w, https:\/\/grupefebe.com\/custom\/uploads\/2024\/11\/foto-col-laboradors-scaled-1.jpeg 1921w\" sizes=\"auto, (max-width: 369px) 100vw, 369px\" \/><\/p>\n<h3>Entidades colaboradoras: unimos fuerzas para un mayor impacto<\/h3>\n<p>El proyecto CtoC se beneficia de la colaboraci\u00f3n con entidades sociales que aportan experiencia y apoyo en cada fase de renovaci\u00f3n:<\/p>\n<ul>\n<li><a href=\"https:\/\/saoprat.org\/\"><strong>Sa\u00f3 Prat<\/strong><\/a>: Especializada en la reinserci\u00f3n laboral de j\u00f3venes en riesgo de exclusi\u00f3n, Sa\u00f3 Prat se encarga de la log\u00edstica de recogida y entrega del mobiliario, ofreciendo formaci\u00f3n y oportunidades laborales a los j\u00f3venes.<\/li>\n<li><a href=\"https:\/\/rubricatus.org\/ca\/\"><strong>Fundaci\u00f3n Rubricatus<\/strong><\/a>: Dedicada a ofrecer oportunidades laborales a personas con discapacidad intelectual, Rubricatus participa en las fases de decapado y pintura, preparando las estructuras para su restauraci\u00f3n.<\/li>\n<li><a href=\"https:\/\/esclat.org\/\"><strong>Esclat Centre Educatiu<\/strong><\/a>: Esta entidad socioeducativa gestiona el taller de preparaci\u00f3n y corte de piezas recicladas, creando componentes clave para el mobiliario renovado.<\/li>\n<li><a href=\"https:\/\/www.plasticprecioslasafor.org\/\"><strong>Pl\u00e0stic Preci\u00f3s La Safor<\/strong><\/a>: Especializada en la transformaci\u00f3n de residuos pl\u00e1sticos, esta organizaci\u00f3n suministra las piezas de pl\u00e1stico recicladas, asegurando que cada elemento sea funcional y sostenible.<\/li>\n<\/ul>\n<p>Con el apoyo de estas entidades, el proyecto CtoC se convierte en un ejemplo de circularidad e inclusi\u00f3n social, impactando positivamente tanto el entorno educativo como la sociedad.<\/p>\n<h2>Sello de Excelencia en Sostenibilidad Efeb\u00e9: compromiso con el triple impacto<\/h2>\n<h3><strong><img loading=\"lazy\" decoding=\"async\" class=\"alignnone wp-image-26396 size-large\" src=\"https:\/\/grupefebe.com\/custom\/uploads\/2024\/11\/segell_sostenibilitat_versio_CAT_tipo_raleway-e1730708018556.png\" alt=\"Segell de sostenibilitat Efebe\" width=\"1024\" height=\"477\" srcset=\"https:\/\/grupefebe.com\/custom\/uploads\/2024\/11\/segell_sostenibilitat_versio_CAT_tipo_raleway-e1730708018556.png 3017w, https:\/\/grupefebe.com\/custom\/uploads\/2024\/11\/segell_sostenibilitat_versio_CAT_tipo_raleway-e1730708018556-300x140.png 300w, https:\/\/grupefebe.com\/custom\/uploads\/2024\/11\/segell_sostenibilitat_versio_CAT_tipo_raleway-e1730708018556-1024x477.png 1024w, https:\/\/grupefebe.com\/custom\/uploads\/2024\/11\/segell_sostenibilitat_versio_CAT_tipo_raleway-e1730708018556-768x357.png 768w, https:\/\/grupefebe.com\/custom\/uploads\/2024\/11\/segell_sostenibilitat_versio_CAT_tipo_raleway-e1730708018556-1536x715.png 1536w, https:\/\/grupefebe.com\/custom\/uploads\/2024\/11\/segell_sostenibilitat_versio_CAT_tipo_raleway-e1730708018556-2048x953.png 2048w\" sizes=\"auto, (max-width: 1024px) 100vw, 1024px\" \/><\/strong><\/h3>\n<p>Adem\u00e1s del proyecto CtoC, Grup Efeb\u00e9 present\u00f3 su <strong>Sello de Excelencia en Sostenibilidad<\/strong>, una certificaci\u00f3n propia que valida el compromiso de Efeb\u00e9 con la sostenibilidad. Este sello acredita que cada proyecto cumple con los m\u00e1s altos est\u00e1ndares de sostenibilidad en tres dimensiones: ambiental, social y econ\u00f3mica, ofreciendo a los clientes la garant\u00eda de un dise\u00f1o sostenible y con impacto positivo.<\/p>\n<h3>Los tres pilares del Sello de Excelencia en Sostenibilidad<\/h3>\n<ol>\n<li><strong>Impacto Ambiental<\/strong>: Promueve el uso de materiales de bajo impacto ambiental, la gesti\u00f3n eficiente de residuos y la reducci\u00f3n de las emisiones de CO\u2082.<\/li>\n<li><strong>Impacto Social<\/strong>: Genera oportunidades formativas y laborales con la colaboraci\u00f3n de entidades sociales, haciendo que los espacios sean accesibles y confortables para todos.<\/li>\n<li><strong>Impacto Econ\u00f3mico<\/strong>: Prioriza la contrataci\u00f3n de proveedores locales y el uso de materiales sostenibles, fomentando una econom\u00eda circular y responsable.<\/li>\n<\/ol>\n<h3>Niveles del Sello de Sostenibilidad Efeb\u00e9<\/h3>\n<h2><img loading=\"lazy\" decoding=\"async\" class=\" wp-image-26388 alignright\" src=\"https:\/\/grupefebe.com\/custom\/uploads\/2024\/10\/shared-image-23-576x1024.jpg\" alt=\"Carpeta de pl\u00e0stic reciclat\" width=\"390\" height=\"693\" srcset=\"https:\/\/grupefebe.com\/custom\/uploads\/2024\/10\/shared-image-23-576x1024.jpg 576w, https:\/\/grupefebe.com\/custom\/uploads\/2024\/10\/shared-image-23-169x300.jpg 169w, https:\/\/grupefebe.com\/custom\/uploads\/2024\/10\/shared-image-23-768x1365.jpg 768w, https:\/\/grupefebe.com\/custom\/uploads\/2024\/10\/shared-image-23-864x1536.jpg 864w, https:\/\/grupefebe.com\/custom\/uploads\/2024\/10\/shared-image-23.jpg 900w\" sizes=\"auto, (max-width: 390px) 100vw, 390px\" \/><\/h2>\n<p>El Sello de Sostenibilidad ofrece tres niveles de acreditaci\u00f3n \u2014A, B y C\u2014 seg\u00fan el grado de sostenibilidad alcanzado, con el nivel A como m\u00e1xima calificaci\u00f3n. As\u00ed, cada proyecto se clasifica de acuerdo con su cumplimiento de los criterios ambientales, sociales y econ\u00f3micos.<\/p>\n<h3>Beneficios de certificar con el Sello de Sostenibilidad Efeb\u00e9<\/h3>\n<ul>\n<li><strong>Eficiencia energ\u00e9tica<\/strong> y reducci\u00f3n del consumo.<\/li>\n<li><strong>Mejora de la calidad de vida<\/strong> de los usuarios de los espacios.<\/li>\n<li><strong>Ahorro de recursos<\/strong> con materiales duraderos y sostenibles.<\/li>\n<li><strong>Contribuci\u00f3n al cambio clim\u00e1tico<\/strong>, con una reducci\u00f3n significativa de emisiones.<\/li>\n<li><strong>Impacto social positivo<\/strong>, promovido por la colaboraci\u00f3n directa con entidades comunitarias.<\/li>\n<\/ul>\n<h2>Efeb\u00e9: liderando el futuro del dise\u00f1o sostenible<\/h2>\n<p>Con estas dos iniciativas, el proyecto<em> CtoC<\/em> y el <em>Sello de Excelencia en Sostenibilidad<\/em>, Grup Efeb\u00e9 demuestra su compromiso con un modelo de dise\u00f1o sostenible y con econom\u00eda circular. Estos proyectos son una muestra de c\u00f3mo Efeb\u00e9 integra el dise\u00f1o como herramienta de transformaci\u00f3n social y ambiental, creando espacios que responden a las necesidades actuales y dejan una huella positiva para las generaciones futuras.<\/p>\n","protected":false},"excerpt":{"rendered":"<p>El pasado 24 de octubre de 2024, en el marco de la Barcelona Design Week, Grup Efeb\u00e9 abri\u00f3 las puertas [&hellip;]<\/p>\n","protected":false},"author":2,"featured_media":26405,"comment_status":"closed","ping_status":"closed","sticky":false,"template":"","format":"standard","meta":{"_acf_changed":false,"footnotes":"","_links_to":"","_links_to_target":""},"categories":[203],"class_list":["post-26417","post","type-post","status-publish","format-standard","has-post-thumbnail","hentry","category-escuelas"],"acf":[],"yoast_head":"<!-- This site is optimized with the Yoast SEO plugin v25.9 - https:\/\/yoast.com\/wordpress\/plugins\/seo\/ -->\n<title>Presentamos CtoC y el Sello de Sostenibilidad por la BDW<\/title>\n<meta name=\"description\" content=\"Grup Efeb\u00e9 impulsa la economia circular en las escuelas con el proyecto CtoC y su Sello de Sostenibilidad por la Barcelona Design Week 24.\" \/>\n<meta name=\"robots\" content=\"index, follow, max-snippet:-1, max-image-preview:large, max-video-preview:-1\" \/>\n<link rel=\"canonical\" href=\"https:\/\/grupefebe.com\/es\/bdw24-proyecto-ctoc-y-el-sello-deexcelencia-en-sostenibilidad\/\" \/>\n<meta property=\"og:locale\" content=\"es_ES\" \/>\n<meta property=\"og:type\" content=\"article\" \/>\n<meta property=\"og:title\" content=\"Presentamos CtoC y el Sello de Sostenibilidad por la BDW\" \/>\n<meta property=\"og:description\" content=\"Grup Efeb\u00e9 impulsa la economia circular en las escuelas con el proyecto CtoC y su Sello de Sostenibilidad por la Barcelona Design Week 24.\" \/>\n<meta property=\"og:url\" content=\"https:\/\/grupefebe.com\/es\/bdw24-proyecto-ctoc-y-el-sello-deexcelencia-en-sostenibilidad\/\" \/>\n<meta property=\"og:site_name\" content=\"Grupo Efeb\u00e9\" \/>\n<meta property=\"article:publisher\" content=\"https:\/\/www.facebook.com\/grup.efebe\" \/>\n<meta property=\"article:published_time\" content=\"2024-11-04T09:21:26+00:00\" \/>\n<meta property=\"article:modified_time\" content=\"2024-11-20T10:40:55+00:00\" \/>\n<meta property=\"og:image\" content=\"https:\/\/www.grupefebe.com\/custom\/uploads\/2024\/11\/shared-image-17.jpg\" \/>\n\t<meta property=\"og:image:width\" content=\"1812\" \/>\n\t<meta property=\"og:image:height\" content=\"1020\" \/>\n\t<meta property=\"og:image:type\" content=\"image\/jpeg\" \/>\n<meta name=\"author\" content=\"Grup Efeb\u00e9\" \/>\n<meta name=\"twitter:card\" content=\"summary_large_image\" \/>\n<meta name=\"twitter:creator\" content=\"@grup_efebe\" \/>\n<meta name=\"twitter:site\" content=\"@grup_efebe\" \/>\n<meta name=\"twitter:label1\" content=\"Escrito por\" \/>\n\t<meta name=\"twitter:data1\" content=\"Grup Efeb\u00e9\" \/>\n\t<meta name=\"twitter:label2\" content=\"Tiempo de lectura\" \/>\n\t<meta name=\"twitter:data2\" content=\"6 minutos\" \/>\n<script type=\"application\/ld+json\" class=\"yoast-schema-graph\">{\"@context\":\"https:\/\/schema.org\",\"@graph\":[{\"@type\":\"Article\",\"@id\":\"https:\/\/grupefebe.com\/es\/bdw24-proyecto-ctoc-y-el-sello-deexcelencia-en-sostenibilidad\/#article\",\"isPartOf\":{\"@id\":\"https:\/\/grupefebe.com\/es\/bdw24-proyecto-ctoc-y-el-sello-deexcelencia-en-sostenibilidad\/\"},\"author\":{\"name\":\"Grup Efeb\u00e9\",\"@id\":\"https:\/\/mail.grupefebe.com\/es\/#\/schema\/person\/76402b3180eef131413100afc3282997\"},\"headline\":\"Efeb\u00e9 presenta el Proyecto CtoC y el Sello de Excelencia en Sostenibilidad en la Barcelona Design Week\",\"datePublished\":\"2024-11-04T09:21:26+00:00\",\"dateModified\":\"2024-11-20T10:40:55+00:00\",\"mainEntityOfPage\":{\"@id\":\"https:\/\/grupefebe.com\/es\/bdw24-proyecto-ctoc-y-el-sello-deexcelencia-en-sostenibilidad\/\"},\"wordCount\":883,\"publisher\":{\"@id\":\"https:\/\/mail.grupefebe.com\/es\/#organization\"},\"image\":{\"@id\":\"https:\/\/grupefebe.com\/es\/bdw24-proyecto-ctoc-y-el-sello-deexcelencia-en-sostenibilidad\/#primaryimage\"},\"thumbnailUrl\":\"https:\/\/grupefebe.com\/custom\/uploads\/2024\/11\/shared-image-17.jpg\",\"articleSection\":[\"Escuelas\"],\"inLanguage\":\"es\"},{\"@type\":\"WebPage\",\"@id\":\"https:\/\/grupefebe.com\/es\/bdw24-proyecto-ctoc-y-el-sello-deexcelencia-en-sostenibilidad\/\",\"url\":\"https:\/\/grupefebe.com\/es\/bdw24-proyecto-ctoc-y-el-sello-deexcelencia-en-sostenibilidad\/\",\"name\":\"Presentamos CtoC y el Sello de Sostenibilidad por la BDW\",\"isPartOf\":{\"@id\":\"https:\/\/mail.grupefebe.com\/es\/#website\"},\"primaryImageOfPage\":{\"@id\":\"https:\/\/grupefebe.com\/es\/bdw24-proyecto-ctoc-y-el-sello-deexcelencia-en-sostenibilidad\/#primaryimage\"},\"image\":{\"@id\":\"https:\/\/grupefebe.com\/es\/bdw24-proyecto-ctoc-y-el-sello-deexcelencia-en-sostenibilidad\/#primaryimage\"},\"thumbnailUrl\":\"https:\/\/grupefebe.com\/custom\/uploads\/2024\/11\/shared-image-17.jpg\",\"datePublished\":\"2024-11-04T09:21:26+00:00\",\"dateModified\":\"2024-11-20T10:40:55+00:00\",\"description\":\"Grup Efeb\u00e9 impulsa la economia circular en las escuelas con el proyecto CtoC y su Sello de Sostenibilidad por la Barcelona Design Week 24.\",\"breadcrumb\":{\"@id\":\"https:\/\/grupefebe.com\/es\/bdw24-proyecto-ctoc-y-el-sello-deexcelencia-en-sostenibilidad\/#breadcrumb\"},\"inLanguage\":\"es\",\"potentialAction\":[{\"@type\":\"ReadAction\",\"target\":[\"https:\/\/grupefebe.com\/es\/bdw24-proyecto-ctoc-y-el-sello-deexcelencia-en-sostenibilidad\/\"]}]},{\"@type\":\"ImageObject\",\"inLanguage\":\"es\",\"@id\":\"https:\/\/grupefebe.com\/es\/bdw24-proyecto-ctoc-y-el-sello-deexcelencia-en-sostenibilidad\/#primaryimage\",\"url\":\"https:\/\/grupefebe.com\/custom\/uploads\/2024\/11\/shared-image-17.jpg\",\"contentUrl\":\"https:\/\/grupefebe.com\/custom\/uploads\/2024\/11\/shared-image-17.jpg\",\"width\":1812,\"height\":1020,\"caption\":\"Fotograf\u00eda del equipo de Efeb\u00e9\"},{\"@type\":\"BreadcrumbList\",\"@id\":\"https:\/\/grupefebe.com\/es\/bdw24-proyecto-ctoc-y-el-sello-deexcelencia-en-sostenibilidad\/#breadcrumb\",\"itemListElement\":[{\"@type\":\"ListItem\",\"position\":1,\"name\":\"Inici\",\"item\":\"https:\/\/mail.grupefebe.com\/es\/\"},{\"@type\":\"ListItem\",\"position\":2,\"name\":\"Efeb\u00e9 presenta el Proyecto CtoC y el Sello de Excelencia en Sostenibilidad en la Barcelona Design Week\"}]},{\"@type\":\"WebSite\",\"@id\":\"https:\/\/mail.grupefebe.com\/es\/#website\",\"url\":\"https:\/\/mail.grupefebe.com\/es\/\",\"name\":\"Grup Efeb\u00e9\",\"description\":\"Otro sitio realizado con WordPress\",\"publisher\":{\"@id\":\"https:\/\/mail.grupefebe.com\/es\/#organization\"},\"potentialAction\":[{\"@type\":\"SearchAction\",\"target\":{\"@type\":\"EntryPoint\",\"urlTemplate\":\"https:\/\/mail.grupefebe.com\/es\/?s={search_term_string}\"},\"query-input\":{\"@type\":\"PropertyValueSpecification\",\"valueRequired\":true,\"valueName\":\"search_term_string\"}}],\"inLanguage\":\"es\"},{\"@type\":\"Organization\",\"@id\":\"https:\/\/mail.grupefebe.com\/es\/#organization\",\"name\":\"Grup Efeb\u00e9\",\"url\":\"https:\/\/mail.grupefebe.com\/es\/\",\"logo\":{\"@type\":\"ImageObject\",\"inLanguage\":\"es\",\"@id\":\"https:\/\/mail.grupefebe.com\/es\/#\/schema\/logo\/image\/\",\"url\":\"https:\/\/grupefebe.com\/custom\/uploads\/2021\/01\/logo-efebe.png\",\"contentUrl\":\"https:\/\/grupefebe.com\/custom\/uploads\/2021\/01\/logo-efebe.png\",\"width\":524,\"height\":135,\"caption\":\"Grup Efeb\u00e9\"},\"image\":{\"@id\":\"https:\/\/mail.grupefebe.com\/es\/#\/schema\/logo\/image\/\"},\"sameAs\":[\"https:\/\/www.facebook.com\/grup.efebe\",\"https:\/\/x.com\/grup_efebe\",\"https:\/\/www.instagram.com\/grup_efebe\/\",\"https:\/\/www.linkedin.com\/company\/grupefebe\",\"https:\/\/www.youtube.com\/channel\/UCj11-LAuLhPfqrL2649Xzrw\"]},{\"@type\":\"Person\",\"@id\":\"https:\/\/mail.grupefebe.com\/es\/#\/schema\/person\/76402b3180eef131413100afc3282997\",\"name\":\"Grup Efeb\u00e9\",\"image\":{\"@type\":\"ImageObject\",\"inLanguage\":\"es\",\"@id\":\"https:\/\/mail.grupefebe.com\/es\/#\/schema\/person\/image\/\",\"url\":\"https:\/\/secure.gravatar.com\/avatar\/913bc6aa90480101061296ab9cad4bd4ccfb82c623a8820f3fd577558c1651be?s=96&d=mm&r=g\",\"contentUrl\":\"https:\/\/secure.gravatar.com\/avatar\/913bc6aa90480101061296ab9cad4bd4ccfb82c623a8820f3fd577558c1651be?s=96&d=mm&r=g\",\"caption\":\"Grup Efeb\u00e9\"},\"url\":\"https:\/\/grupefebe.com\/es\/author\/julia\/\"}]}<\/script>\n<!-- \/ Yoast SEO plugin. -->","yoast_head_json":{"title":"Presentamos CtoC y el Sello de Sostenibilidad por la BDW","description":"Grup Efeb\u00e9 impulsa la economia circular en las escuelas con el proyecto CtoC y su Sello de Sostenibilidad por la Barcelona Design Week 24.","robots":{"index":"index","follow":"follow","max-snippet":"max-snippet:-1","max-image-preview":"max-image-preview:large","max-video-preview":"max-video-preview:-1"},"canonical":"https:\/\/grupefebe.com\/es\/bdw24-proyecto-ctoc-y-el-sello-deexcelencia-en-sostenibilidad\/","og_locale":"es_ES","og_type":"article","og_title":"Presentamos CtoC y el Sello de Sostenibilidad por la BDW","og_description":"Grup Efeb\u00e9 impulsa la economia circular en las escuelas con el proyecto CtoC y su Sello de Sostenibilidad por la Barcelona Design Week 24.","og_url":"https:\/\/grupefebe.com\/es\/bdw24-proyecto-ctoc-y-el-sello-deexcelencia-en-sostenibilidad\/","og_site_name":"Grupo Efeb\u00e9","article_publisher":"https:\/\/www.facebook.com\/grup.efebe","article_published_time":"2024-11-04T09:21:26+00:00","article_modified_time":"2024-11-20T10:40:55+00:00","og_image":[{"width":1812,"height":1020,"url":"https:\/\/www.grupefebe.com\/custom\/uploads\/2024\/11\/shared-image-17.jpg","type":"image\/jpeg"}],"author":"Grup Efeb\u00e9","twitter_card":"summary_large_image","twitter_creator":"@grup_efebe","twitter_site":"@grup_efebe","twitter_misc":{"Escrito por":"Grup Efeb\u00e9","Tiempo de lectura":"6 minutos"},"schema":{"@context":"https:\/\/schema.org","@graph":[{"@type":"Article","@id":"https:\/\/grupefebe.com\/es\/bdw24-proyecto-ctoc-y-el-sello-deexcelencia-en-sostenibilidad\/#article","isPartOf":{"@id":"https:\/\/grupefebe.com\/es\/bdw24-proyecto-ctoc-y-el-sello-deexcelencia-en-sostenibilidad\/"},"author":{"name":"Grup Efeb\u00e9","@id":"https:\/\/mail.grupefebe.com\/es\/#\/schema\/person\/76402b3180eef131413100afc3282997"},"headline":"Efeb\u00e9 presenta el Proyecto CtoC y el Sello de Excelencia en Sostenibilidad en la Barcelona Design Week","datePublished":"2024-11-04T09:21:26+00:00","dateModified":"2024-11-20T10:40:55+00:00","mainEntityOfPage":{"@id":"https:\/\/grupefebe.com\/es\/bdw24-proyecto-ctoc-y-el-sello-deexcelencia-en-sostenibilidad\/"},"wordCount":883,"publisher":{"@id":"https:\/\/mail.grupefebe.com\/es\/#organization"},"image":{"@id":"https:\/\/grupefebe.com\/es\/bdw24-proyecto-ctoc-y-el-sello-deexcelencia-en-sostenibilidad\/#primaryimage"},"thumbnailUrl":"https:\/\/grupefebe.com\/custom\/uploads\/2024\/11\/shared-image-17.jpg","articleSection":["Escuelas"],"inLanguage":"es"},{"@type":"WebPage","@id":"https:\/\/grupefebe.com\/es\/bdw24-proyecto-ctoc-y-el-sello-deexcelencia-en-sostenibilidad\/","url":"https:\/\/grupefebe.com\/es\/bdw24-proyecto-ctoc-y-el-sello-deexcelencia-en-sostenibilidad\/","name":"Presentamos CtoC y el Sello de Sostenibilidad por la BDW","isPartOf":{"@id":"https:\/\/mail.grupefebe.com\/es\/#website"},"primaryImageOfPage":{"@id":"https:\/\/grupefebe.com\/es\/bdw24-proyecto-ctoc-y-el-sello-deexcelencia-en-sostenibilidad\/#primaryimage"},"image":{"@id":"https:\/\/grupefebe.com\/es\/bdw24-proyecto-ctoc-y-el-sello-deexcelencia-en-sostenibilidad\/#primaryimage"},"thumbnailUrl":"https:\/\/grupefebe.com\/custom\/uploads\/2024\/11\/shared-image-17.jpg","datePublished":"2024-11-04T09:21:26+00:00","dateModified":"2024-11-20T10:40:55+00:00","description":"Grup Efeb\u00e9 impulsa la economia circular en las escuelas con el proyecto CtoC y su Sello de Sostenibilidad por la Barcelona Design Week 24.","breadcrumb":{"@id":"https:\/\/grupefebe.com\/es\/bdw24-proyecto-ctoc-y-el-sello-deexcelencia-en-sostenibilidad\/#breadcrumb"},"inLanguage":"es","potentialAction":[{"@type":"ReadAction","target":["https:\/\/grupefebe.com\/es\/bdw24-proyecto-ctoc-y-el-sello-deexcelencia-en-sostenibilidad\/"]}]},{"@type":"ImageObject","inLanguage":"es","@id":"https:\/\/grupefebe.com\/es\/bdw24-proyecto-ctoc-y-el-sello-deexcelencia-en-sostenibilidad\/#primaryimage","url":"https:\/\/grupefebe.com\/custom\/uploads\/2024\/11\/shared-image-17.jpg","contentUrl":"https:\/\/grupefebe.com\/custom\/uploads\/2024\/11\/shared-image-17.jpg","width":1812,"height":1020,"caption":"Fotograf\u00eda del equipo de Efeb\u00e9"},{"@type":"BreadcrumbList","@id":"https:\/\/grupefebe.com\/es\/bdw24-proyecto-ctoc-y-el-sello-deexcelencia-en-sostenibilidad\/#breadcrumb","itemListElement":[{"@type":"ListItem","position":1,"name":"Inici","item":"https:\/\/mail.grupefebe.com\/es\/"},{"@type":"ListItem","position":2,"name":"Efeb\u00e9 presenta el Proyecto CtoC y el Sello de Excelencia en Sostenibilidad en la Barcelona Design Week"}]},{"@type":"WebSite","@id":"https:\/\/mail.grupefebe.com\/es\/#website","url":"https:\/\/mail.grupefebe.com\/es\/","name":"Grup Efeb\u00e9","description":"Otro sitio realizado con WordPress","publisher":{"@id":"https:\/\/mail.grupefebe.com\/es\/#organization"},"potentialAction":[{"@type":"SearchAction","target":{"@type":"EntryPoint","urlTemplate":"https:\/\/mail.grupefebe.com\/es\/?s={search_term_string}"},"query-input":{"@type":"PropertyValueSpecification","valueRequired":true,"valueName":"search_term_string"}}],"inLanguage":"es"},{"@type":"Organization","@id":"https:\/\/mail.grupefebe.com\/es\/#organization","name":"Grup Efeb\u00e9","url":"https:\/\/mail.grupefebe.com\/es\/","logo":{"@type":"ImageObject","inLanguage":"es","@id":"https:\/\/mail.grupefebe.com\/es\/#\/schema\/logo\/image\/","url":"https:\/\/grupefebe.com\/custom\/uploads\/2021\/01\/logo-efebe.png","contentUrl":"https:\/\/grupefebe.com\/custom\/uploads\/2021\/01\/logo-efebe.png","width":524,"height":135,"caption":"Grup Efeb\u00e9"},"image":{"@id":"https:\/\/mail.grupefebe.com\/es\/#\/schema\/logo\/image\/"},"sameAs":["https:\/\/www.facebook.com\/grup.efebe","https:\/\/x.com\/grup_efebe","https:\/\/www.instagram.com\/grup_efebe\/","https:\/\/www.linkedin.com\/company\/grupefebe","https:\/\/www.youtube.com\/channel\/UCj11-LAuLhPfqrL2649Xzrw"]},{"@type":"Person","@id":"https:\/\/mail.grupefebe.com\/es\/#\/schema\/person\/76402b3180eef131413100afc3282997","name":"Grup Efeb\u00e9","image":{"@type":"ImageObject","inLanguage":"es","@id":"https:\/\/mail.grupefebe.com\/es\/#\/schema\/person\/image\/","url":"https:\/\/secure.gravatar.com\/avatar\/913bc6aa90480101061296ab9cad4bd4ccfb82c623a8820f3fd577558c1651be?s=96&d=mm&r=g","contentUrl":"https:\/\/secure.gravatar.com\/avatar\/913bc6aa90480101061296ab9cad4bd4ccfb82c623a8820f3fd577558c1651be?s=96&d=mm&r=g","caption":"Grup Efeb\u00e9"},"url":"https:\/\/grupefebe.com\/es\/author\/julia\/"}]}},"_links":{"self":[{"href":"https:\/\/grupefebe.com\/es\/wp-json\/wp\/v2\/posts\/26417","targetHints":{"allow":["GET"]}}],"collection":[{"href":"https:\/\/grupefebe.com\/es\/wp-json\/wp\/v2\/posts"}],"about":[{"href":"https:\/\/grupefebe.com\/es\/wp-json\/wp\/v2\/types\/post"}],"author":[{"embeddable":true,"href":"https:\/\/grupefebe.com\/es\/wp-json\/wp\/v2\/users\/2"}],"replies":[{"embeddable":true,"href":"https:\/\/grupefebe.com\/es\/wp-json\/wp\/v2\/comments?post=26417"}],"version-history":[{"count":3,"href":"https:\/\/grupefebe.com\/es\/wp-json\/wp\/v2\/posts\/26417\/revisions"}],"predecessor-version":[{"id":26558,"href":"https:\/\/grupefebe.com\/es\/wp-json\/wp\/v2\/posts\/26417\/revisions\/26558"}],"wp:featuredmedia":[{"embeddable":true,"href":"https:\/\/grupefebe.com\/es\/wp-json\/wp\/v2\/media\/26405"}],"wp:attachment":[{"href":"https:\/\/grupefebe.com\/es\/wp-json\/wp\/v2\/media?parent=26417"}],"wp:term":[{"taxonomy":"category","embeddable":true,"href":"https:\/\/grupefebe.com\/es\/wp-json\/wp\/v2\/categories?post=26417"}],"curies":[{"name":"wp","href":"https:\/\/api.w.org\/{rel}","templated":true}]}}