{"id":27192,"date":"2025-05-26T08:20:59","date_gmt":"2025-05-26T08:20:59","guid":{"rendered":"https:\/\/grupefebe.com\/showee-residencia-anthurium-efebe\/"},"modified":"2025-05-27T10:38:14","modified_gmt":"2025-05-27T10:38:14","slug":"showee-residencia-anthurium-efebe","status":"publish","type":"post","link":"https:\/\/grupefebe.com\/es\/showee-residencia-anthurium-efebe\/","title":{"rendered":"Tecnolog\u00eda, dignidad y autonom\u00eda: presentamos el caso de \u00e9xito de Showee en las Jornadas ACP de ACRA"},"content":{"rendered":"<p data-start=\"343\" data-end=\"852\">El pasado <strong data-start=\"353\" data-end=\"375\">22 de mayo de 2025<\/strong>, <strong data-start=\"377\" data-end=\"386\">Efeb\u00e9<\/strong> particip\u00f3 <strong data-start=\"406\" data-end=\"473\">en la 10\u00aa edici\u00f3n de las Jornadas ACP (Atenci\u00f3n Centrada en la Persona)<\/strong> organizadas por <strong data-start=\"491\" data-end=\"547\"><a href=\"https:\/\/www.acra.cat\/ca\">ACRA<\/a> \u2013 Asociaci\u00f3n Catalana de Recursos Asistenciales<\/strong>, una cita clave para el sector de las residencias y los servicios de atenci\u00f3n a las personas mayores con dependencia. Bajo el t\u00edtulo <strong data-start=\"672\" data-end=\"729\">\u201cLos retos del envejecimiento en una sociedad digital\u201d<\/strong>, la jornada puso el foco en c\u00f3mo la tecnolog\u00eda y la inteligencia artificial pueden mejorar la calidad de los cuidados. <\/p>\n<p data-start=\"854\" data-end=\"1160\">En este marco, Efeb\u00e9 present\u00f3 un caso real y transformador: la implantaci\u00f3n de la <strong data-start=\"939\" data-end=\"968\">ducha inteligente <a href=\"https:\/\/showeeshower.com\/\">Showee<\/a><\/strong> en la <strong data-start=\"974\" data-end=\"1010\"><a href=\"https:\/\/www.anthurium.cat\/\">Residencia Anthurium<\/a> de Cardedeu<\/strong>, convirtiendo dos ba\u00f1os en una <strong data-start=\"1040\" data-end=\"1074\">sala de experiencias sensoriales<\/strong> que mejora tanto la experiencia de los usuarios como el trabajo de los equipos asistenciales.<\/p>\n<h2 data-start=\"1167\" data-end=\"1231\">Una conversaci\u00f3n entre profesionales que innovan desde los cuidados<\/h2>\n<p data-start=\"1233\" data-end=\"1459\">La presentaci\u00f3n se hizo en formato entrevista entre la <strong data-start=\"1288\" data-end=\"1329\">directora general de Efeb\u00e9, Anna Fornt<\/strong>, y la <strong data-start=\"1335\" data-end=\"1350\">Eva Antol\u00edn<\/strong>, directora de la <strong data-start=\"1368\" data-end=\"1392\">Residencia Anthurium<\/strong>. Durante la conversaci\u00f3n, se explicaron todos los pasos del proyecto: <\/p>\n<ul data-start=\"1461\" data-end=\"1800\">\n<li data-start=\"1461\" data-end=\"1546\">\n<p data-start=\"1463\" data-end=\"1546\">La necesidad inicial y los motivos que llevaron a buscar una soluci\u00f3n tecnol\u00f3gica.<\/p>\n<\/li>\n<li data-start=\"1547\" data-end=\"1619\">\n<p data-start=\"1549\" data-end=\"1619\">La decisi\u00f3n de instalar la Showee como herramienta para promover la autonom\u00eda.<\/p>\n<\/li>\n<li data-start=\"1620\" data-end=\"1704\">\n<p data-start=\"1622\" data-end=\"1704\">La adaptaci\u00f3n del espacio y el proceso de instalaci\u00f3n dentro de la rutina de la residencia.<\/p>\n<\/li>\n<li data-start=\"1705\" data-end=\"1800\">\n<p data-start=\"1707\" data-end=\"1800\">El impacto emocional y pr\u00e1ctico tanto en las personas residentes como en el personal asistencial.<\/p>\n<\/li>\n<\/ul>\n<h2 data-start=\"1807\" data-end=\"1852\">\u00bfQu\u00e9 es la Showee y qu\u00e9 papel tiene Efeb\u00e9?<\/h2>\n<p data-start=\"1854\" data-end=\"2060\">La <strong data-start=\"1857\" data-end=\"1867\">Showee<\/strong> es una ducha inteligente e interactiva pensada para facilitar la higiene diaria a <strong data-start=\"1950\" data-end=\"2001\">personas con diversidad funcional o dependencia<\/strong>, ofreciendo una experiencia m\u00e1s <strong data-start=\"2031\" data-end=\"2059\">aut\u00f3noma, digna y segura<\/strong>.<\/p>\n<p data-start=\"2062\" data-end=\"2280\">Desde <strong data-start=\"2068\" data-end=\"2077\">Efeb\u00e9<\/strong>, somos <strong data-start=\"2083\" data-end=\"2138\">distribuidores e instaladores oficiales de la Showee<\/strong>, lo que nos permite acompa\u00f1ar a los centros durante todo el proceso: desde la detecci\u00f3n de la necesidad hasta la implantaci\u00f3n y adaptaci\u00f3n final.<\/p>\n<p data-start=\"2282\" data-end=\"2476\">En el caso de la Residencia Anthurium, el resultado ha sido una sala de experiencias sensoriales que transforma completamente el momento de la ducha, convirti\u00e9ndolo en un espacio de bienestar y respeto.<\/p>\n<p><iframe loading=\"lazy\" title=\"Showee: la ducha inteligente que mejora la autonom\u00eda en residencias y centros asistenciales\" width=\"500\" height=\"281\" src=\"https:\/\/www.youtube.com\/embed\/LRp99hGMnRw?feature=oembed\" frameborder=\"0\" allow=\"accelerometer; autoplay; clipboard-write; encrypted-media; gyroscope; picture-in-picture; web-share\" referrerpolicy=\"strict-origin-when-cross-origin\" allowfullscreen><\/iframe><\/p>\n<h2 data-start=\"2483\" data-end=\"2545\">Las Jornadas ACP de ACRA: la tecnolog\u00eda con mirada humanista<\/h2>\n<p data-start=\"2547\" data-end=\"2810\">La jornada organizada por <strong data-start=\"2574\" data-end=\"2582\">ACRA<\/strong> reuni\u00f3 a profesionales del sector asistencial, representantes institucionales y empresas tecnol\u00f3gicas para debatir sobre los riesgos y oportunidades de la digitalizaci\u00f3n y la inteligencia artificial en la atenci\u00f3n a las personas mayores.<\/p>\n<p data-start=\"2812\" data-end=\"3034\">Los participantes pudieron conocer proyectos reales, como el de Efeb\u00e9 y Showee, que demuestran que la tecnolog\u00eda, cuando se pone al servicio de la persona, <strong data-start=\"2961\" data-end=\"3033\">puede transformar completamente la experiencia de vida en una residencia<\/strong>.<\/p>\n<h2 data-start=\"3041\" data-end=\"3080\">Compromiso con la innovaci\u00f3n que cuida<\/h2>\n<p data-start=\"3082\" data-end=\"3360\">Este proyecto es una muestra m\u00e1s del compromiso de Efeb\u00e9 con la <strong data-start=\"3145\" data-end=\"3188\">transformaci\u00f3n de los espacios asistenciales<\/strong>. Apostamos por la tecnolog\u00eda como herramienta para <strong data-start=\"3231\" data-end=\"3290\">mejorar la calidad de vida, la dignidad y el bienestar<\/strong> de las personas mayores y de los equipos profesionales que las acompa\u00f1an. <\/p>\n<p data-start=\"3362\" data-end=\"3533\">Como <strong data-start=\"3368\" data-end=\"3407\">distribuidores oficiales de la Showee<\/strong>, continuaremos llevando esta soluci\u00f3n a otras residencias que buscan mejorar su modelo de atenci\u00f3n centrada en la persona.<\/p>\n<h2 data-start=\"3540\" data-end=\"3566\">Datos clave del proyecto<\/h2>\n<ul data-start=\"3568\" data-end=\"3962\">\n<li data-start=\"3568\" data-end=\"3619\">\n<p data-start=\"3570\" data-end=\"3619\">\ud83d\udccd <strong data-start=\"3573\" data-end=\"3586\">Ubicaci\u00f3n:<\/strong> Residencia Anthurium, Cardedeu<\/p>\n<\/li>\n<li data-start=\"3620\" data-end=\"3694\">\n<p data-start=\"3622\" data-end=\"3694\">\ud83e\udd1d <strong data-start=\"3625\" data-end=\"3643\">Colaboraci\u00f3n:<\/strong> Efeb\u00e9 + Showee + equipo directivo de la residencia<\/p>\n<\/li>\n<li data-start=\"3695\" data-end=\"3784\">\n<p data-start=\"3697\" data-end=\"3784\">\ud83c\udfaf <strong data-start=\"3700\" data-end=\"3713\">Objetivo:<\/strong> Mejorar la experiencia de higiene y dignidad de las personas usuarias<\/p>\n<\/li>\n<li data-start=\"3785\" data-end=\"3875\">\n<p data-start=\"3787\" data-end=\"3875\">\ud83d\udee0\ufe0f <strong data-start=\"3791\" data-end=\"3807\">Rol de Efeb\u00e9:<\/strong> Distribuci\u00f3n oficial, instalaci\u00f3n y adaptaci\u00f3n integral del espacio<\/p>\n<\/li>\n<li data-start=\"3876\" data-end=\"3962\">\n<p data-start=\"3878\" data-end=\"3962\">\ud83c\udf1f <strong data-start=\"3881\" data-end=\"3895\">Resultados:<\/strong> M\u00e1s autonom\u00eda, m\u00e1s bienestar y mejora en el d\u00eda a d\u00eda del personal<\/p>\n<\/li>\n<\/ul>\n<h2 data-start=\"180\" data-end=\"230\">\u00bfQuieres implantar la Showee en tu residencia?<\/h2>\n<p data-start=\"232\" data-end=\"549\">Si est\u00e1s valorando incorporar la <strong data-start=\"264\" data-end=\"293\">ducha inteligente Showee<\/strong> a tu centro o quieres m\u00e1s informaci\u00f3n sobre c\u00f3mo adaptarla a las necesidades de las personas usuarias, <strong data-start=\"395\" data-end=\"431\">ponte en contacto con nosotros<\/strong>.<br data-start=\"432\" data-end=\"435\">En <strong data-start=\"437\" data-end=\"446\">Efeb\u00e9<\/strong> te acompa\u00f1amos en todo el proceso: desde el asesoramiento hasta la instalaci\u00f3n y adaptaci\u00f3n del espacio.<\/p>\n<p data-start=\"551\" data-end=\"708\">\ud83d\udce9 Escr\u00edbenos a <a class=\"cursor-pointer\" rel=\"noopener\" data-start=\"567\" data-end=\"606\">info@efebe.com<\/a> o visita nuestra p\u00e1gina de <a class=\"cursor-pointer\" href=\"https:\/\/grupefebe.com\/formulari-contacte\/\" target=\"_new\" rel=\"noopener\" data-start=\"636\" data-end=\"675\">contacto<\/a>. \u00a1Estaremos encantadas de ayudarte! <\/p>\n","protected":false},"excerpt":{"rendered":"<p>El pasado 22 de mayo de 2025, Efeb\u00e9 particip\u00f3 en la 10\u00aa edici\u00f3n de las Jornadas ACP (Atenci\u00f3n Centrada en [&hellip;]<\/p>\n","protected":false},"author":2,"featured_media":27189,"comment_status":"closed","ping_status":"closed","sticky":false,"template":"","format":"standard","meta":{"_acf_changed":false,"footnotes":"","_links_to":"","_links_to_target":""},"categories":[202],"class_list":["post-27192","post","type-post","status-publish","format-standard","has-post-thumbnail","hentry","category-residencias-mayores"],"acf":[],"yoast_head":"<!-- This site is optimized with the Yoast SEO plugin v25.9 - https:\/\/yoast.com\/wordpress\/plugins\/seo\/ -->\n<title>Jornadas ACP de Acra: la ducha Showee de la Residencia Anthurium<\/title>\n<meta name=\"description\" content=\"Efeb\u00e9 presenta en las Jornadas ACP de ACRA la ducha inteligente Showee de la Residencia Anthurium, mejorando la autonom\u00eda en las residencias.\" \/>\n<meta name=\"robots\" content=\"index, follow, max-snippet:-1, max-image-preview:large, max-video-preview:-1\" \/>\n<link rel=\"canonical\" href=\"https:\/\/grupefebe.com\/es\/showee-residencia-anthurium-efebe\/\" \/>\n<meta property=\"og:locale\" content=\"es_ES\" \/>\n<meta property=\"og:type\" content=\"article\" \/>\n<meta property=\"og:title\" content=\"Jornadas ACP de Acra: la ducha Showee de la Residencia Anthurium\" \/>\n<meta property=\"og:description\" content=\"Efeb\u00e9 presenta en las Jornadas ACP de ACRA la ducha inteligente Showee de la Residencia Anthurium, mejorando la autonom\u00eda en las residencias.\" \/>\n<meta property=\"og:url\" content=\"https:\/\/grupefebe.com\/es\/showee-residencia-anthurium-efebe\/\" \/>\n<meta property=\"og:site_name\" content=\"Grupo Efeb\u00e9\" \/>\n<meta property=\"article:publisher\" content=\"https:\/\/www.facebook.com\/grup.efebe\" \/>\n<meta property=\"article:published_time\" content=\"2025-05-26T08:20:59+00:00\" \/>\n<meta property=\"article:modified_time\" content=\"2025-05-27T10:38:14+00:00\" \/>\n<meta property=\"og:image\" content=\"https:\/\/www.grupefebe.com\/custom\/uploads\/2025\/05\/showee-a-les-jornades-acp-scaled.jpg\" \/>\n\t<meta property=\"og:image:width\" content=\"1920\" \/>\n\t<meta property=\"og:image:height\" content=\"2560\" \/>\n\t<meta property=\"og:image:type\" content=\"image\/jpeg\" \/>\n<meta name=\"author\" content=\"Grup Efeb\u00e9\" \/>\n<meta name=\"twitter:card\" content=\"summary_large_image\" \/>\n<meta name=\"twitter:creator\" content=\"@grup_efebe\" \/>\n<meta name=\"twitter:site\" content=\"@grup_efebe\" \/>\n<meta name=\"twitter:label1\" content=\"Escrito por\" \/>\n\t<meta name=\"twitter:data1\" content=\"Grup Efeb\u00e9\" \/>\n\t<meta name=\"twitter:label2\" content=\"Tiempo de lectura\" \/>\n\t<meta name=\"twitter:data2\" content=\"4 minutos\" \/>\n<script type=\"application\/ld+json\" class=\"yoast-schema-graph\">{\"@context\":\"https:\/\/schema.org\",\"@graph\":[{\"@type\":\"Article\",\"@id\":\"https:\/\/grupefebe.com\/es\/showee-residencia-anthurium-efebe\/#article\",\"isPartOf\":{\"@id\":\"https:\/\/grupefebe.com\/es\/showee-residencia-anthurium-efebe\/\"},\"author\":{\"name\":\"Grup Efeb\u00e9\",\"@id\":\"https:\/\/www.grupefebe.com\/es\/#\/schema\/person\/76402b3180eef131413100afc3282997\"},\"headline\":\"Tecnolog\u00eda, dignidad y autonom\u00eda: presentamos el caso de \u00e9xito de Showee en las Jornadas ACP de ACRA\",\"datePublished\":\"2025-05-26T08:20:59+00:00\",\"dateModified\":\"2025-05-27T10:38:14+00:00\",\"mainEntityOfPage\":{\"@id\":\"https:\/\/grupefebe.com\/es\/showee-residencia-anthurium-efebe\/\"},\"wordCount\":691,\"publisher\":{\"@id\":\"https:\/\/www.grupefebe.com\/es\/#organization\"},\"image\":{\"@id\":\"https:\/\/grupefebe.com\/es\/showee-residencia-anthurium-efebe\/#primaryimage\"},\"thumbnailUrl\":\"https:\/\/grupefebe.com\/custom\/uploads\/2025\/05\/showee-a-les-jornades-acp-scaled.jpg\",\"articleSection\":[\"Residencias para mayores\"],\"inLanguage\":\"es\"},{\"@type\":\"WebPage\",\"@id\":\"https:\/\/grupefebe.com\/es\/showee-residencia-anthurium-efebe\/\",\"url\":\"https:\/\/grupefebe.com\/es\/showee-residencia-anthurium-efebe\/\",\"name\":\"Jornadas ACP de Acra: la ducha Showee de la Residencia Anthurium\",\"isPartOf\":{\"@id\":\"https:\/\/www.grupefebe.com\/es\/#website\"},\"primaryImageOfPage\":{\"@id\":\"https:\/\/grupefebe.com\/es\/showee-residencia-anthurium-efebe\/#primaryimage\"},\"image\":{\"@id\":\"https:\/\/grupefebe.com\/es\/showee-residencia-anthurium-efebe\/#primaryimage\"},\"thumbnailUrl\":\"https:\/\/grupefebe.com\/custom\/uploads\/2025\/05\/showee-a-les-jornades-acp-scaled.jpg\",\"datePublished\":\"2025-05-26T08:20:59+00:00\",\"dateModified\":\"2025-05-27T10:38:14+00:00\",\"description\":\"Efeb\u00e9 presenta en las Jornadas ACP de ACRA la ducha inteligente Showee de la Residencia Anthurium, mejorando la autonom\u00eda en las residencias.\",\"breadcrumb\":{\"@id\":\"https:\/\/grupefebe.com\/es\/showee-residencia-anthurium-efebe\/#breadcrumb\"},\"inLanguage\":\"es\",\"potentialAction\":[{\"@type\":\"ReadAction\",\"target\":[\"https:\/\/grupefebe.com\/es\/showee-residencia-anthurium-efebe\/\"]}]},{\"@type\":\"ImageObject\",\"inLanguage\":\"es\",\"@id\":\"https:\/\/grupefebe.com\/es\/showee-residencia-anthurium-efebe\/#primaryimage\",\"url\":\"https:\/\/grupefebe.com\/custom\/uploads\/2025\/05\/showee-a-les-jornades-acp-scaled.jpg\",\"contentUrl\":\"https:\/\/grupefebe.com\/custom\/uploads\/2025\/05\/showee-a-les-jornades-acp-scaled.jpg\",\"width\":1920,\"height\":2560,\"caption\":\"Escenari auditori Caixa Forum\"},{\"@type\":\"BreadcrumbList\",\"@id\":\"https:\/\/grupefebe.com\/es\/showee-residencia-anthurium-efebe\/#breadcrumb\",\"itemListElement\":[{\"@type\":\"ListItem\",\"position\":1,\"name\":\"Inici\",\"item\":\"https:\/\/www.grupefebe.com\/es\/\"},{\"@type\":\"ListItem\",\"position\":2,\"name\":\"Tecnolog\u00eda, dignidad y autonom\u00eda: presentamos el caso de \u00e9xito de Showee en las Jornadas ACP de ACRA\"}]},{\"@type\":\"WebSite\",\"@id\":\"https:\/\/www.grupefebe.com\/es\/#website\",\"url\":\"https:\/\/www.grupefebe.com\/es\/\",\"name\":\"Grup Efeb\u00e9\",\"description\":\"Otro sitio realizado con WordPress\",\"publisher\":{\"@id\":\"https:\/\/www.grupefebe.com\/es\/#organization\"},\"potentialAction\":[{\"@type\":\"SearchAction\",\"target\":{\"@type\":\"EntryPoint\",\"urlTemplate\":\"https:\/\/www.grupefebe.com\/es\/?s={search_term_string}\"},\"query-input\":{\"@type\":\"PropertyValueSpecification\",\"valueRequired\":true,\"valueName\":\"search_term_string\"}}],\"inLanguage\":\"es\"},{\"@type\":\"Organization\",\"@id\":\"https:\/\/www.grupefebe.com\/es\/#organization\",\"name\":\"Grup Efeb\u00e9\",\"url\":\"https:\/\/www.grupefebe.com\/es\/\",\"logo\":{\"@type\":\"ImageObject\",\"inLanguage\":\"es\",\"@id\":\"https:\/\/www.grupefebe.com\/es\/#\/schema\/logo\/image\/\",\"url\":\"https:\/\/grupefebe.com\/custom\/uploads\/2021\/01\/logo-efebe.png\",\"contentUrl\":\"https:\/\/grupefebe.com\/custom\/uploads\/2021\/01\/logo-efebe.png\",\"width\":524,\"height\":135,\"caption\":\"Grup Efeb\u00e9\"},\"image\":{\"@id\":\"https:\/\/www.grupefebe.com\/es\/#\/schema\/logo\/image\/\"},\"sameAs\":[\"https:\/\/www.facebook.com\/grup.efebe\",\"https:\/\/x.com\/grup_efebe\",\"https:\/\/www.instagram.com\/grup_efebe\/\",\"https:\/\/www.linkedin.com\/company\/grupefebe\",\"https:\/\/www.youtube.com\/channel\/UCj11-LAuLhPfqrL2649Xzrw\"]},{\"@type\":\"Person\",\"@id\":\"https:\/\/www.grupefebe.com\/es\/#\/schema\/person\/76402b3180eef131413100afc3282997\",\"name\":\"Grup Efeb\u00e9\",\"image\":{\"@type\":\"ImageObject\",\"inLanguage\":\"es\",\"@id\":\"https:\/\/www.grupefebe.com\/es\/#\/schema\/person\/image\/\",\"url\":\"https:\/\/secure.gravatar.com\/avatar\/913bc6aa90480101061296ab9cad4bd4ccfb82c623a8820f3fd577558c1651be?s=96&d=mm&r=g\",\"contentUrl\":\"https:\/\/secure.gravatar.com\/avatar\/913bc6aa90480101061296ab9cad4bd4ccfb82c623a8820f3fd577558c1651be?s=96&d=mm&r=g\",\"caption\":\"Grup Efeb\u00e9\"},\"url\":\"https:\/\/grupefebe.com\/es\/author\/julia\/\"}]}<\/script>\n<!-- \/ Yoast SEO plugin. -->","yoast_head_json":{"title":"Jornadas ACP de Acra: la ducha Showee de la Residencia Anthurium","description":"Efeb\u00e9 presenta en las Jornadas ACP de ACRA la ducha inteligente Showee de la Residencia Anthurium, mejorando la autonom\u00eda en las residencias.","robots":{"index":"index","follow":"follow","max-snippet":"max-snippet:-1","max-image-preview":"max-image-preview:large","max-video-preview":"max-video-preview:-1"},"canonical":"https:\/\/grupefebe.com\/es\/showee-residencia-anthurium-efebe\/","og_locale":"es_ES","og_type":"article","og_title":"Jornadas ACP de Acra: la ducha Showee de la Residencia Anthurium","og_description":"Efeb\u00e9 presenta en las Jornadas ACP de ACRA la ducha inteligente Showee de la Residencia Anthurium, mejorando la autonom\u00eda en las residencias.","og_url":"https:\/\/grupefebe.com\/es\/showee-residencia-anthurium-efebe\/","og_site_name":"Grupo Efeb\u00e9","article_publisher":"https:\/\/www.facebook.com\/grup.efebe","article_published_time":"2025-05-26T08:20:59+00:00","article_modified_time":"2025-05-27T10:38:14+00:00","og_image":[{"width":1920,"height":2560,"url":"https:\/\/www.grupefebe.com\/custom\/uploads\/2025\/05\/showee-a-les-jornades-acp-scaled.jpg","type":"image\/jpeg"}],"author":"Grup Efeb\u00e9","twitter_card":"summary_large_image","twitter_creator":"@grup_efebe","twitter_site":"@grup_efebe","twitter_misc":{"Escrito por":"Grup Efeb\u00e9","Tiempo de lectura":"4 minutos"},"schema":{"@context":"https:\/\/schema.org","@graph":[{"@type":"Article","@id":"https:\/\/grupefebe.com\/es\/showee-residencia-anthurium-efebe\/#article","isPartOf":{"@id":"https:\/\/grupefebe.com\/es\/showee-residencia-anthurium-efebe\/"},"author":{"name":"Grup Efeb\u00e9","@id":"https:\/\/www.grupefebe.com\/es\/#\/schema\/person\/76402b3180eef131413100afc3282997"},"headline":"Tecnolog\u00eda, dignidad y autonom\u00eda: presentamos el caso de \u00e9xito de Showee en las Jornadas ACP de ACRA","datePublished":"2025-05-26T08:20:59+00:00","dateModified":"2025-05-27T10:38:14+00:00","mainEntityOfPage":{"@id":"https:\/\/grupefebe.com\/es\/showee-residencia-anthurium-efebe\/"},"wordCount":691,"publisher":{"@id":"https:\/\/www.grupefebe.com\/es\/#organization"},"image":{"@id":"https:\/\/grupefebe.com\/es\/showee-residencia-anthurium-efebe\/#primaryimage"},"thumbnailUrl":"https:\/\/grupefebe.com\/custom\/uploads\/2025\/05\/showee-a-les-jornades-acp-scaled.jpg","articleSection":["Residencias para mayores"],"inLanguage":"es"},{"@type":"WebPage","@id":"https:\/\/grupefebe.com\/es\/showee-residencia-anthurium-efebe\/","url":"https:\/\/grupefebe.com\/es\/showee-residencia-anthurium-efebe\/","name":"Jornadas ACP de Acra: la ducha Showee de la Residencia Anthurium","isPartOf":{"@id":"https:\/\/www.grupefebe.com\/es\/#website"},"primaryImageOfPage":{"@id":"https:\/\/grupefebe.com\/es\/showee-residencia-anthurium-efebe\/#primaryimage"},"image":{"@id":"https:\/\/grupefebe.com\/es\/showee-residencia-anthurium-efebe\/#primaryimage"},"thumbnailUrl":"https:\/\/grupefebe.com\/custom\/uploads\/2025\/05\/showee-a-les-jornades-acp-scaled.jpg","datePublished":"2025-05-26T08:20:59+00:00","dateModified":"2025-05-27T10:38:14+00:00","description":"Efeb\u00e9 presenta en las Jornadas ACP de ACRA la ducha inteligente Showee de la Residencia Anthurium, mejorando la autonom\u00eda en las residencias.","breadcrumb":{"@id":"https:\/\/grupefebe.com\/es\/showee-residencia-anthurium-efebe\/#breadcrumb"},"inLanguage":"es","potentialAction":[{"@type":"ReadAction","target":["https:\/\/grupefebe.com\/es\/showee-residencia-anthurium-efebe\/"]}]},{"@type":"ImageObject","inLanguage":"es","@id":"https:\/\/grupefebe.com\/es\/showee-residencia-anthurium-efebe\/#primaryimage","url":"https:\/\/grupefebe.com\/custom\/uploads\/2025\/05\/showee-a-les-jornades-acp-scaled.jpg","contentUrl":"https:\/\/grupefebe.com\/custom\/uploads\/2025\/05\/showee-a-les-jornades-acp-scaled.jpg","width":1920,"height":2560,"caption":"Escenari auditori Caixa Forum"},{"@type":"BreadcrumbList","@id":"https:\/\/grupefebe.com\/es\/showee-residencia-anthurium-efebe\/#breadcrumb","itemListElement":[{"@type":"ListItem","position":1,"name":"Inici","item":"https:\/\/www.grupefebe.com\/es\/"},{"@type":"ListItem","position":2,"name":"Tecnolog\u00eda, dignidad y autonom\u00eda: presentamos el caso de \u00e9xito de Showee en las Jornadas ACP de ACRA"}]},{"@type":"WebSite","@id":"https:\/\/www.grupefebe.com\/es\/#website","url":"https:\/\/www.grupefebe.com\/es\/","name":"Grup Efeb\u00e9","description":"Otro sitio realizado con WordPress","publisher":{"@id":"https:\/\/www.grupefebe.com\/es\/#organization"},"potentialAction":[{"@type":"SearchAction","target":{"@type":"EntryPoint","urlTemplate":"https:\/\/www.grupefebe.com\/es\/?s={search_term_string}"},"query-input":{"@type":"PropertyValueSpecification","valueRequired":true,"valueName":"search_term_string"}}],"inLanguage":"es"},{"@type":"Organization","@id":"https:\/\/www.grupefebe.com\/es\/#organization","name":"Grup Efeb\u00e9","url":"https:\/\/www.grupefebe.com\/es\/","logo":{"@type":"ImageObject","inLanguage":"es","@id":"https:\/\/www.grupefebe.com\/es\/#\/schema\/logo\/image\/","url":"https:\/\/grupefebe.com\/custom\/uploads\/2021\/01\/logo-efebe.png","contentUrl":"https:\/\/grupefebe.com\/custom\/uploads\/2021\/01\/logo-efebe.png","width":524,"height":135,"caption":"Grup Efeb\u00e9"},"image":{"@id":"https:\/\/www.grupefebe.com\/es\/#\/schema\/logo\/image\/"},"sameAs":["https:\/\/www.facebook.com\/grup.efebe","https:\/\/x.com\/grup_efebe","https:\/\/www.instagram.com\/grup_efebe\/","https:\/\/www.linkedin.com\/company\/grupefebe","https:\/\/www.youtube.com\/channel\/UCj11-LAuLhPfqrL2649Xzrw"]},{"@type":"Person","@id":"https:\/\/www.grupefebe.com\/es\/#\/schema\/person\/76402b3180eef131413100afc3282997","name":"Grup Efeb\u00e9","image":{"@type":"ImageObject","inLanguage":"es","@id":"https:\/\/www.grupefebe.com\/es\/#\/schema\/person\/image\/","url":"https:\/\/secure.gravatar.com\/avatar\/913bc6aa90480101061296ab9cad4bd4ccfb82c623a8820f3fd577558c1651be?s=96&d=mm&r=g","contentUrl":"https:\/\/secure.gravatar.com\/avatar\/913bc6aa90480101061296ab9cad4bd4ccfb82c623a8820f3fd577558c1651be?s=96&d=mm&r=g","caption":"Grup Efeb\u00e9"},"url":"https:\/\/grupefebe.com\/es\/author\/julia\/"}]}},"_links":{"self":[{"href":"https:\/\/grupefebe.com\/es\/wp-json\/wp\/v2\/posts\/27192","targetHints":{"allow":["GET"]}}],"collection":[{"href":"https:\/\/grupefebe.com\/es\/wp-json\/wp\/v2\/posts"}],"about":[{"href":"https:\/\/grupefebe.com\/es\/wp-json\/wp\/v2\/types\/post"}],"author":[{"embeddable":true,"href":"https:\/\/grupefebe.com\/es\/wp-json\/wp\/v2\/users\/2"}],"replies":[{"embeddable":true,"href":"https:\/\/grupefebe.com\/es\/wp-json\/wp\/v2\/comments?post=27192"}],"version-history":[{"count":1,"href":"https:\/\/grupefebe.com\/es\/wp-json\/wp\/v2\/posts\/27192\/revisions"}],"predecessor-version":[{"id":27197,"href":"https:\/\/grupefebe.com\/es\/wp-json\/wp\/v2\/posts\/27192\/revisions\/27197"}],"wp:featuredmedia":[{"embeddable":true,"href":"https:\/\/grupefebe.com\/es\/wp-json\/wp\/v2\/media\/27189"}],"wp:attachment":[{"href":"https:\/\/grupefebe.com\/es\/wp-json\/wp\/v2\/media?parent=27192"}],"wp:term":[{"taxonomy":"category","embeddable":true,"href":"https:\/\/grupefebe.com\/es\/wp-json\/wp\/v2\/categories?post=27192"}],"curies":[{"name":"wp","href":"https:\/\/api.w.org\/{rel}","templated":true}]}}