{"id":3285,"date":"2020-11-27T11:43:24","date_gmt":"2020-11-27T11:43:24","guid":{"rendered":"https:\/\/www.grupefebe.com\/barcelona-design-week-2020-com-han-de-ser-els-espais-on-viure-quan-siguem-grans\/"},"modified":"2021-01-15T19:38:53","modified_gmt":"2021-01-15T19:38:53","slug":"efebe-hemos-participado-en-la-barcelona-design-week-2020","status":"publish","type":"post","link":"https:\/\/grupefebe.com\/es\/efebe-hemos-participado-en-la-barcelona-design-week-2020\/","title":{"rendered":"Efeb\u00e9 hemos participado en la Barcelona Design Week 2020"},"content":{"rendered":"<p>Dentro del programa de la <a href=\"https:\/\/barcelonadesignweek.com\/es\/\" target=\"_blank\" rel=\"noopener noreferrer\"><strong>Barcelona Design Week 2020<\/strong><\/a>, Grup Efeb\u00e9 hemos organizado un taller sobre \u201c\u00bfC\u00f3mo ser\u00e1n los espacios donde vivir cuando seamos mayores?\u201c.<\/p>\n<p>El taller tuvo lugar el mi\u00e9rcoles 25 de noviembre en formato online. Esta es la primera actividad del grupo de trabajo donde participan miembros de diferentes instituciones, entre las que se encuentra Efeb\u00e9. El objetivo de este proyecto es redefinir el modelo de atenci\u00f3n a las personas mayores en las residencias.<\/p>\n<p>Anna Fornt, directora de <strong>Grup Efeb\u00e9<\/strong> y Rosina Malagrida, representante de<strong> IRSI Caja Living lab de Salud<\/strong>, moderaron el taller. Adem\u00e1s, estuvieron acompa\u00f1adas por otros miembros del grupo de trabajo. Por un lado, los profesores e investigadores de la <strong>Facultad de Ciencias de la Salud de la Blanquerna (URL)<\/strong>, Merc\u00e8 Sitj\u00e0, Rosa Rif\u00e0 y Jordi Vilar\u00f3. Tambi\u00e9n forman parte del grupo de trabajo la Daniela Toro de <strong>TSR-Edificios Positivos<\/strong> y Marc Inzitari y Laura M\u00f3nica P\u00e9rez-Bazan, de la <strong>Vall d\u2019Hebron Instituto de Research (VHIR<\/strong>).<\/p>\n<p>Adem\u00e1s, invitamos otros perfiles con visiones diferentes que tambi\u00e9n pod\u00edan aportar mucho en el taller de co-creaci\u00f3n. Entre los participantes hab\u00eda profesionales de <strong>La Pedrera Fundaci\u00f3<\/strong>,\u00a0<strong>Fatec<\/strong>,\u00a0<strong>Suara Cooperativa<\/strong>,\u00a0<strong>Binomi<\/strong>\u00a0o\u00a0<strong>Amics de la Gent Gran<\/strong>.<\/p>\n<h4>\u00bfComo fue el taller?<\/h4>\n<p>Para empezar, los diferentes participantes se fueron presentando de forma individual. A continuaci\u00f3n, se les present\u00f3 un mapa conceptual con una recopilaci\u00f3n de los aspectos que afectan a la forma de vida de las personas mayores. Concretamente, desde las necesidades en cada \u00e1mbito (salud, social, pol\u00edtico, tecnol\u00f3gico, ambiental y econ\u00f3mico) hasta el an\u00e1lisis de las fases de la vida y los diferentes grados de dependencia.<\/p>\n<p>A continuaci\u00f3n, el mapa conceptual se convirti\u00f3 en una herramienta de trabajo. El taller pas\u00f3 a una fase de <strong><em>brainstorming<\/em> <\/strong>para aportar ideas para cada uno de los \u00e1mbitos mencionados. Finalmente, se inici\u00f3 el proceso de <strong>co-creaci\u00f3n para definir colaborativamente una visi\u00f3n de futuro compartida.<\/strong><\/p>\n<p>Estamos muy agradecidos por la implicaci\u00f3n de todos los participantes. Adem\u00e1s, se obtuvieron ideas muy interesantes. Tenemos muchas ganas de seguir trabajando en una transici\u00f3n hacia un modelo de atenci\u00f3n a las personas mayores m\u00e1s \u00f3ptimo.<\/p>\n<p><img loading=\"lazy\" decoding=\"async\" class=\"size-full wp-image-3280 aligncenter\" src=\"https:\/\/www.grupefebe.com\/custom\/uploads\/2020\/11\/Barcelona-Design-Week-2020_2.jpg\" alt=\"Barcelona Design Week 2020, taller sobre \u201cCom han de ser els espais on viure quan siguem grans?\u201c.\" width=\"768\" height=\"453\" srcset=\"https:\/\/grupefebe.com\/custom\/uploads\/2020\/11\/Barcelona-Design-Week-2020_2.jpg 768w, https:\/\/grupefebe.com\/custom\/uploads\/2020\/11\/Barcelona-Design-Week-2020_2-300x177.jpg 300w\" sizes=\"auto, (max-width: 768px) 100vw, 768px\" \/><\/p>\n","protected":false},"excerpt":{"rendered":"<p>Dentro del programa de la Barcelona Design Week 2020, Grup Efeb\u00e9 hemos organizado un taller sobre \u201c\u00bfC\u00f3mo ser\u00e1n los espacios donde vivir cuando seamos mayores?\u201c.<\/p>\n","protected":false},"author":1,"featured_media":3279,"comment_status":"closed","ping_status":"closed","sticky":false,"template":"","format":"standard","meta":{"_acf_changed":false,"footnotes":"","_links_to":"","_links_to_target":""},"categories":[202],"class_list":["post-3285","post","type-post","status-publish","format-standard","has-post-thumbnail","hentry","category-residencias-mayores"],"acf":[],"yoast_head":"<!-- This site is optimized with the Yoast SEO plugin v25.9 - https:\/\/yoast.com\/wordpress\/plugins\/seo\/ -->\n<title>Efeb\u00e9 hemos participado en la Barcelona Design Week 2020 | Grupo Efeb\u00e9<\/title>\n<meta name=\"description\" content=\"En la Barcelona Design Week 2020, Grup Efeb\u00e9 hemos organizado un taller sobre \u201c\u00bfC\u00f3mo ser\u00e1n los espacios donde vivir cuando seamos mayores?\u201c.\" \/>\n<meta name=\"robots\" content=\"index, follow, max-snippet:-1, max-image-preview:large, max-video-preview:-1\" \/>\n<link rel=\"canonical\" href=\"https:\/\/grupefebe.com\/es\/efebe-hemos-participado-en-la-barcelona-design-week-2020\/\" \/>\n<meta property=\"og:locale\" content=\"es_ES\" \/>\n<meta property=\"og:type\" content=\"article\" \/>\n<meta property=\"og:title\" content=\"Efeb\u00e9 hemos participado en la Barcelona Design Week 2020 | Grupo Efeb\u00e9\" \/>\n<meta property=\"og:description\" content=\"En la Barcelona Design Week 2020, Grup Efeb\u00e9 hemos organizado un taller sobre \u201c\u00bfC\u00f3mo ser\u00e1n los espacios donde vivir cuando seamos mayores?\u201c.\" \/>\n<meta property=\"og:url\" content=\"https:\/\/grupefebe.com\/es\/efebe-hemos-participado-en-la-barcelona-design-week-2020\/\" \/>\n<meta property=\"og:site_name\" content=\"Grupo Efeb\u00e9\" \/>\n<meta property=\"article:publisher\" content=\"https:\/\/www.facebook.com\/grup.efebe\" \/>\n<meta property=\"article:published_time\" content=\"2020-11-27T11:43:24+00:00\" \/>\n<meta property=\"article:modified_time\" content=\"2021-01-15T19:38:53+00:00\" \/>\n<meta property=\"og:image\" content=\"https:\/\/www.grupefebe.com\/custom\/uploads\/2020\/11\/Barcelona-Design-Week-2020.jpg\" \/>\n\t<meta property=\"og:image:width\" content=\"1024\" \/>\n\t<meta property=\"og:image:height\" content=\"716\" \/>\n\t<meta property=\"og:image:type\" content=\"image\/jpeg\" \/>\n<meta name=\"author\" content=\"efebe\" \/>\n<meta name=\"twitter:card\" content=\"summary_large_image\" \/>\n<meta name=\"twitter:creator\" content=\"@grup_efebe\" \/>\n<meta name=\"twitter:site\" content=\"@grup_efebe\" \/>\n<meta name=\"twitter:label1\" content=\"Escrito por\" \/>\n\t<meta name=\"twitter:data1\" content=\"efebe\" \/>\n\t<meta name=\"twitter:label2\" content=\"Tiempo de lectura\" \/>\n\t<meta name=\"twitter:data2\" content=\"2 minutos\" \/>\n<script type=\"application\/ld+json\" class=\"yoast-schema-graph\">{\"@context\":\"https:\/\/schema.org\",\"@graph\":[{\"@type\":\"Article\",\"@id\":\"https:\/\/grupefebe.com\/es\/efebe-hemos-participado-en-la-barcelona-design-week-2020\/#article\",\"isPartOf\":{\"@id\":\"https:\/\/grupefebe.com\/es\/efebe-hemos-participado-en-la-barcelona-design-week-2020\/\"},\"author\":{\"name\":\"efebe\",\"@id\":\"https:\/\/www.grupefebe.com\/es\/#\/schema\/person\/ea29ae2644736bcdb432a0b7f0d814cd\"},\"headline\":\"Efeb\u00e9 hemos participado en la Barcelona Design Week 2020\",\"datePublished\":\"2020-11-27T11:43:24+00:00\",\"dateModified\":\"2021-01-15T19:38:53+00:00\",\"mainEntityOfPage\":{\"@id\":\"https:\/\/grupefebe.com\/es\/efebe-hemos-participado-en-la-barcelona-design-week-2020\/\"},\"wordCount\":381,\"publisher\":{\"@id\":\"https:\/\/www.grupefebe.com\/es\/#organization\"},\"image\":{\"@id\":\"https:\/\/grupefebe.com\/es\/efebe-hemos-participado-en-la-barcelona-design-week-2020\/#primaryimage\"},\"thumbnailUrl\":\"https:\/\/grupefebe.com\/custom\/uploads\/2020\/11\/Barcelona-Design-Week-2020.jpg\",\"articleSection\":[\"Residencias para mayores\"],\"inLanguage\":\"es\"},{\"@type\":\"WebPage\",\"@id\":\"https:\/\/grupefebe.com\/es\/efebe-hemos-participado-en-la-barcelona-design-week-2020\/\",\"url\":\"https:\/\/grupefebe.com\/es\/efebe-hemos-participado-en-la-barcelona-design-week-2020\/\",\"name\":\"Efeb\u00e9 hemos participado en la Barcelona Design Week 2020 | Grupo Efeb\u00e9\",\"isPartOf\":{\"@id\":\"https:\/\/www.grupefebe.com\/es\/#website\"},\"primaryImageOfPage\":{\"@id\":\"https:\/\/grupefebe.com\/es\/efebe-hemos-participado-en-la-barcelona-design-week-2020\/#primaryimage\"},\"image\":{\"@id\":\"https:\/\/grupefebe.com\/es\/efebe-hemos-participado-en-la-barcelona-design-week-2020\/#primaryimage\"},\"thumbnailUrl\":\"https:\/\/grupefebe.com\/custom\/uploads\/2020\/11\/Barcelona-Design-Week-2020.jpg\",\"datePublished\":\"2020-11-27T11:43:24+00:00\",\"dateModified\":\"2021-01-15T19:38:53+00:00\",\"description\":\"En la Barcelona Design Week 2020, Grup Efeb\u00e9 hemos organizado un taller sobre \u201c\u00bfC\u00f3mo ser\u00e1n los espacios donde vivir cuando seamos mayores?\u201c.\",\"breadcrumb\":{\"@id\":\"https:\/\/grupefebe.com\/es\/efebe-hemos-participado-en-la-barcelona-design-week-2020\/#breadcrumb\"},\"inLanguage\":\"es\",\"potentialAction\":[{\"@type\":\"ReadAction\",\"target\":[\"https:\/\/grupefebe.com\/es\/efebe-hemos-participado-en-la-barcelona-design-week-2020\/\"]}]},{\"@type\":\"ImageObject\",\"inLanguage\":\"es\",\"@id\":\"https:\/\/grupefebe.com\/es\/efebe-hemos-participado-en-la-barcelona-design-week-2020\/#primaryimage\",\"url\":\"https:\/\/grupefebe.com\/custom\/uploads\/2020\/11\/Barcelona-Design-Week-2020.jpg\",\"contentUrl\":\"https:\/\/grupefebe.com\/custom\/uploads\/2020\/11\/Barcelona-Design-Week-2020.jpg\",\"width\":1024,\"height\":716,\"caption\":\"Barcelona Design Week 2020, Grup Efeb\u00e9 hem organitzat un taller sobre \u201cCom han de ser els espais on viure quan siguem grans?\u201c.\"},{\"@type\":\"BreadcrumbList\",\"@id\":\"https:\/\/grupefebe.com\/es\/efebe-hemos-participado-en-la-barcelona-design-week-2020\/#breadcrumb\",\"itemListElement\":[{\"@type\":\"ListItem\",\"position\":1,\"name\":\"Inici\",\"item\":\"https:\/\/www.grupefebe.com\/es\/\"},{\"@type\":\"ListItem\",\"position\":2,\"name\":\"Efeb\u00e9 hemos participado en la Barcelona Design Week 2020\"}]},{\"@type\":\"WebSite\",\"@id\":\"https:\/\/www.grupefebe.com\/es\/#website\",\"url\":\"https:\/\/www.grupefebe.com\/es\/\",\"name\":\"Grup Efeb\u00e9\",\"description\":\"Otro sitio realizado con WordPress\",\"publisher\":{\"@id\":\"https:\/\/www.grupefebe.com\/es\/#organization\"},\"potentialAction\":[{\"@type\":\"SearchAction\",\"target\":{\"@type\":\"EntryPoint\",\"urlTemplate\":\"https:\/\/www.grupefebe.com\/es\/?s={search_term_string}\"},\"query-input\":{\"@type\":\"PropertyValueSpecification\",\"valueRequired\":true,\"valueName\":\"search_term_string\"}}],\"inLanguage\":\"es\"},{\"@type\":\"Organization\",\"@id\":\"https:\/\/www.grupefebe.com\/es\/#organization\",\"name\":\"Grup Efeb\u00e9\",\"url\":\"https:\/\/www.grupefebe.com\/es\/\",\"logo\":{\"@type\":\"ImageObject\",\"inLanguage\":\"es\",\"@id\":\"https:\/\/www.grupefebe.com\/es\/#\/schema\/logo\/image\/\",\"url\":\"https:\/\/grupefebe.com\/custom\/uploads\/2021\/01\/logo-efebe.png\",\"contentUrl\":\"https:\/\/grupefebe.com\/custom\/uploads\/2021\/01\/logo-efebe.png\",\"width\":524,\"height\":135,\"caption\":\"Grup Efeb\u00e9\"},\"image\":{\"@id\":\"https:\/\/www.grupefebe.com\/es\/#\/schema\/logo\/image\/\"},\"sameAs\":[\"https:\/\/www.facebook.com\/grup.efebe\",\"https:\/\/x.com\/grup_efebe\",\"https:\/\/www.instagram.com\/grup_efebe\/\",\"https:\/\/www.linkedin.com\/company\/grupefebe\",\"https:\/\/www.youtube.com\/channel\/UCj11-LAuLhPfqrL2649Xzrw\"]},{\"@type\":\"Person\",\"@id\":\"https:\/\/www.grupefebe.com\/es\/#\/schema\/person\/ea29ae2644736bcdb432a0b7f0d814cd\",\"name\":\"efebe\",\"image\":{\"@type\":\"ImageObject\",\"inLanguage\":\"es\",\"@id\":\"https:\/\/www.grupefebe.com\/es\/#\/schema\/person\/image\/\",\"url\":\"https:\/\/secure.gravatar.com\/avatar\/fe57a3f139ea81c65a338e37a8064b4e80844f839737532820c9107eb9e1966f?s=96&d=mm&r=g\",\"contentUrl\":\"https:\/\/secure.gravatar.com\/avatar\/fe57a3f139ea81c65a338e37a8064b4e80844f839737532820c9107eb9e1966f?s=96&d=mm&r=g\",\"caption\":\"efebe\"},\"url\":\"https:\/\/grupefebe.com\/es\/author\/efebe\/\"}]}<\/script>\n<!-- \/ Yoast SEO plugin. -->","yoast_head_json":{"title":"Efeb\u00e9 hemos participado en la Barcelona Design Week 2020 | Grupo Efeb\u00e9","description":"En la Barcelona Design Week 2020, Grup Efeb\u00e9 hemos organizado un taller sobre \u201c\u00bfC\u00f3mo ser\u00e1n los espacios donde vivir cuando seamos mayores?\u201c.","robots":{"index":"index","follow":"follow","max-snippet":"max-snippet:-1","max-image-preview":"max-image-preview:large","max-video-preview":"max-video-preview:-1"},"canonical":"https:\/\/grupefebe.com\/es\/efebe-hemos-participado-en-la-barcelona-design-week-2020\/","og_locale":"es_ES","og_type":"article","og_title":"Efeb\u00e9 hemos participado en la Barcelona Design Week 2020 | Grupo Efeb\u00e9","og_description":"En la Barcelona Design Week 2020, Grup Efeb\u00e9 hemos organizado un taller sobre \u201c\u00bfC\u00f3mo ser\u00e1n los espacios donde vivir cuando seamos mayores?\u201c.","og_url":"https:\/\/grupefebe.com\/es\/efebe-hemos-participado-en-la-barcelona-design-week-2020\/","og_site_name":"Grupo Efeb\u00e9","article_publisher":"https:\/\/www.facebook.com\/grup.efebe","article_published_time":"2020-11-27T11:43:24+00:00","article_modified_time":"2021-01-15T19:38:53+00:00","og_image":[{"width":1024,"height":716,"url":"https:\/\/www.grupefebe.com\/custom\/uploads\/2020\/11\/Barcelona-Design-Week-2020.jpg","type":"image\/jpeg"}],"author":"efebe","twitter_card":"summary_large_image","twitter_creator":"@grup_efebe","twitter_site":"@grup_efebe","twitter_misc":{"Escrito por":"efebe","Tiempo de lectura":"2 minutos"},"schema":{"@context":"https:\/\/schema.org","@graph":[{"@type":"Article","@id":"https:\/\/grupefebe.com\/es\/efebe-hemos-participado-en-la-barcelona-design-week-2020\/#article","isPartOf":{"@id":"https:\/\/grupefebe.com\/es\/efebe-hemos-participado-en-la-barcelona-design-week-2020\/"},"author":{"name":"efebe","@id":"https:\/\/www.grupefebe.com\/es\/#\/schema\/person\/ea29ae2644736bcdb432a0b7f0d814cd"},"headline":"Efeb\u00e9 hemos participado en la Barcelona Design Week 2020","datePublished":"2020-11-27T11:43:24+00:00","dateModified":"2021-01-15T19:38:53+00:00","mainEntityOfPage":{"@id":"https:\/\/grupefebe.com\/es\/efebe-hemos-participado-en-la-barcelona-design-week-2020\/"},"wordCount":381,"publisher":{"@id":"https:\/\/www.grupefebe.com\/es\/#organization"},"image":{"@id":"https:\/\/grupefebe.com\/es\/efebe-hemos-participado-en-la-barcelona-design-week-2020\/#primaryimage"},"thumbnailUrl":"https:\/\/grupefebe.com\/custom\/uploads\/2020\/11\/Barcelona-Design-Week-2020.jpg","articleSection":["Residencias para mayores"],"inLanguage":"es"},{"@type":"WebPage","@id":"https:\/\/grupefebe.com\/es\/efebe-hemos-participado-en-la-barcelona-design-week-2020\/","url":"https:\/\/grupefebe.com\/es\/efebe-hemos-participado-en-la-barcelona-design-week-2020\/","name":"Efeb\u00e9 hemos participado en la Barcelona Design Week 2020 | Grupo Efeb\u00e9","isPartOf":{"@id":"https:\/\/www.grupefebe.com\/es\/#website"},"primaryImageOfPage":{"@id":"https:\/\/grupefebe.com\/es\/efebe-hemos-participado-en-la-barcelona-design-week-2020\/#primaryimage"},"image":{"@id":"https:\/\/grupefebe.com\/es\/efebe-hemos-participado-en-la-barcelona-design-week-2020\/#primaryimage"},"thumbnailUrl":"https:\/\/grupefebe.com\/custom\/uploads\/2020\/11\/Barcelona-Design-Week-2020.jpg","datePublished":"2020-11-27T11:43:24+00:00","dateModified":"2021-01-15T19:38:53+00:00","description":"En la Barcelona Design Week 2020, Grup Efeb\u00e9 hemos organizado un taller sobre \u201c\u00bfC\u00f3mo ser\u00e1n los espacios donde vivir cuando seamos mayores?\u201c.","breadcrumb":{"@id":"https:\/\/grupefebe.com\/es\/efebe-hemos-participado-en-la-barcelona-design-week-2020\/#breadcrumb"},"inLanguage":"es","potentialAction":[{"@type":"ReadAction","target":["https:\/\/grupefebe.com\/es\/efebe-hemos-participado-en-la-barcelona-design-week-2020\/"]}]},{"@type":"ImageObject","inLanguage":"es","@id":"https:\/\/grupefebe.com\/es\/efebe-hemos-participado-en-la-barcelona-design-week-2020\/#primaryimage","url":"https:\/\/grupefebe.com\/custom\/uploads\/2020\/11\/Barcelona-Design-Week-2020.jpg","contentUrl":"https:\/\/grupefebe.com\/custom\/uploads\/2020\/11\/Barcelona-Design-Week-2020.jpg","width":1024,"height":716,"caption":"Barcelona Design Week 2020, Grup Efeb\u00e9 hem organitzat un taller sobre \u201cCom han de ser els espais on viure quan siguem grans?\u201c."},{"@type":"BreadcrumbList","@id":"https:\/\/grupefebe.com\/es\/efebe-hemos-participado-en-la-barcelona-design-week-2020\/#breadcrumb","itemListElement":[{"@type":"ListItem","position":1,"name":"Inici","item":"https:\/\/www.grupefebe.com\/es\/"},{"@type":"ListItem","position":2,"name":"Efeb\u00e9 hemos participado en la Barcelona Design Week 2020"}]},{"@type":"WebSite","@id":"https:\/\/www.grupefebe.com\/es\/#website","url":"https:\/\/www.grupefebe.com\/es\/","name":"Grup Efeb\u00e9","description":"Otro sitio realizado con WordPress","publisher":{"@id":"https:\/\/www.grupefebe.com\/es\/#organization"},"potentialAction":[{"@type":"SearchAction","target":{"@type":"EntryPoint","urlTemplate":"https:\/\/www.grupefebe.com\/es\/?s={search_term_string}"},"query-input":{"@type":"PropertyValueSpecification","valueRequired":true,"valueName":"search_term_string"}}],"inLanguage":"es"},{"@type":"Organization","@id":"https:\/\/www.grupefebe.com\/es\/#organization","name":"Grup Efeb\u00e9","url":"https:\/\/www.grupefebe.com\/es\/","logo":{"@type":"ImageObject","inLanguage":"es","@id":"https:\/\/www.grupefebe.com\/es\/#\/schema\/logo\/image\/","url":"https:\/\/grupefebe.com\/custom\/uploads\/2021\/01\/logo-efebe.png","contentUrl":"https:\/\/grupefebe.com\/custom\/uploads\/2021\/01\/logo-efebe.png","width":524,"height":135,"caption":"Grup Efeb\u00e9"},"image":{"@id":"https:\/\/www.grupefebe.com\/es\/#\/schema\/logo\/image\/"},"sameAs":["https:\/\/www.facebook.com\/grup.efebe","https:\/\/x.com\/grup_efebe","https:\/\/www.instagram.com\/grup_efebe\/","https:\/\/www.linkedin.com\/company\/grupefebe","https:\/\/www.youtube.com\/channel\/UCj11-LAuLhPfqrL2649Xzrw"]},{"@type":"Person","@id":"https:\/\/www.grupefebe.com\/es\/#\/schema\/person\/ea29ae2644736bcdb432a0b7f0d814cd","name":"efebe","image":{"@type":"ImageObject","inLanguage":"es","@id":"https:\/\/www.grupefebe.com\/es\/#\/schema\/person\/image\/","url":"https:\/\/secure.gravatar.com\/avatar\/fe57a3f139ea81c65a338e37a8064b4e80844f839737532820c9107eb9e1966f?s=96&d=mm&r=g","contentUrl":"https:\/\/secure.gravatar.com\/avatar\/fe57a3f139ea81c65a338e37a8064b4e80844f839737532820c9107eb9e1966f?s=96&d=mm&r=g","caption":"efebe"},"url":"https:\/\/grupefebe.com\/es\/author\/efebe\/"}]}},"_links":{"self":[{"href":"https:\/\/grupefebe.com\/es\/wp-json\/wp\/v2\/posts\/3285","targetHints":{"allow":["GET"]}}],"collection":[{"href":"https:\/\/grupefebe.com\/es\/wp-json\/wp\/v2\/posts"}],"about":[{"href":"https:\/\/grupefebe.com\/es\/wp-json\/wp\/v2\/types\/post"}],"author":[{"embeddable":true,"href":"https:\/\/grupefebe.com\/es\/wp-json\/wp\/v2\/users\/1"}],"replies":[{"embeddable":true,"href":"https:\/\/grupefebe.com\/es\/wp-json\/wp\/v2\/comments?post=3285"}],"version-history":[{"count":4,"href":"https:\/\/grupefebe.com\/es\/wp-json\/wp\/v2\/posts\/3285\/revisions"}],"predecessor-version":[{"id":4528,"href":"https:\/\/grupefebe.com\/es\/wp-json\/wp\/v2\/posts\/3285\/revisions\/4528"}],"wp:featuredmedia":[{"embeddable":true,"href":"https:\/\/grupefebe.com\/es\/wp-json\/wp\/v2\/media\/3279"}],"wp:attachment":[{"href":"https:\/\/grupefebe.com\/es\/wp-json\/wp\/v2\/media?parent=3285"}],"wp:term":[{"taxonomy":"category","embeddable":true,"href":"https:\/\/grupefebe.com\/es\/wp-json\/wp\/v2\/categories?post=3285"}],"curies":[{"name":"wp","href":"https:\/\/api.w.org\/{rel}","templated":true}]}}