{"id":4543,"date":"2020-09-17T20:01:38","date_gmt":"2020-09-17T20:01:38","guid":{"rendered":"https:\/\/www.grupefebe.com\/ladequacio-acustica-a-lescola-fundacio-llor-apareix-a-tv3\/"},"modified":"2021-01-15T20:04:02","modified_gmt":"2021-01-15T20:04:02","slug":"la-adecuacion-acustica-en-la-escuela-fundacio-llor-aparece-en-tv3","status":"publish","type":"post","link":"https:\/\/grupefebe.com\/es\/la-adecuacion-acustica-en-la-escuela-fundacio-llor-aparece-en-tv3\/","title":{"rendered":"La adecuaci\u00f3n ac\u00fastica en la escuela Fundaci\u00f3 Llor aparece en TV3"},"content":{"rendered":"<p>El proyecto de adecuaci\u00f3n y equipamiento que hemos realizado en la escuela Fundaci\u00f3 Llor apareci\u00f3 ayer por la tarde en el programa\u00a0<strong><a href=\"https:\/\/www.ccma.cat\/tv3\/tot-es-mou\/\" target=\"_blank\" rel=\"noopener noreferrer\">\u201cTot es mou\u201d<\/a>\u00a0<\/strong>de\u00a0<strong><a href=\"https:\/\/www.ccma.cat\/tv3\/\" target=\"_blank\" rel=\"noopener noreferrer\">TV3<\/a>.<\/strong><\/p>\n<p>El programa en cuesti\u00f3n visit\u00f3 la\u00a0<strong>escuela<\/strong>\u00a0<a href=\"https:\/\/www.fundaciollor.cat\/\" target=\"_blank\" rel=\"noopener noreferrer\"><strong>Fundaci\u00f3 Llor\u00a0<\/strong><\/a>de Sant Boi de Llobregat y entrevist\u00f3 algunos de sus estudiantes y profesores. Principalmente, la entrevista buscaba conocer c\u00f3mo est\u00e1n funcionando los primeros d\u00edas en las escuelas catalanas despu\u00e9s de tantos meses sin hacer clases presenciales debido a la pandemia Covid-19.<\/p>\n<p>Uno de los espacios que aparece en estas entrevistas es\u00a0<strong>el patio de la escuela Fundaci\u00f3n Llor<\/strong>\u00a0donde hemos realizado un proyecto de acondicionamiento ac\u00fastico. Concretamente, hemos instalado\u00a0<strong>paneles fonoabsorbentes<\/strong>\u00a0para resolver la problem\u00e1tica y\u00a0<a href=\"https:\/\/www.grupefebe.com\/es\/destactats\/el-ambiente-acustico-en-las-escuelas\/\" target=\"_blank\" rel=\"noopener noreferrer\"><strong>mejorar el confort ac\u00fastico<\/strong><\/a>\u00a0con elementos colgados del techo. Este verano, nuestro equipo de operarios ha trabajado en la escuela siguiendo las medidas preventivas indicadas por las autoridades sanitarias para evitar la propagaci\u00f3n.<\/p>\n<p>As\u00ed pues, a continuaci\u00f3n adjuntamos el enlace al programa \u201cTot es mou\u201d de ayer por la tarde. A partir del minuto 01:14:00 encontrar\u00e1s una peque\u00f1a muestra de c\u00f3mo ha quedado el patio.<\/p>\n<p>Enlace a la carta de TV3:\u00a0 <a href=\"https:\/\/www.ccma.cat\/tv3\/alacarta\/tot-es-mou\/tot-es-mou-16092020\/video\/6059852\/\" target=\"_blank\" rel=\"noopener noreferrer\">https:\/\/www.ccma.cat\/tv3\/alacarta\/tot-es-mou\/tot-es-mou-16092020\/video\/6059852\/<\/a><\/p>\n","protected":false},"excerpt":{"rendered":"<p>El proyecto de adecuaci\u00f3n y equipamiento que hemos realizado en la escuela Fundaci\u00f3 Llor apareci\u00f3 ayer por la tarde en el programa \u201cTot es mou\u201d de TV3.<\/p>\n","protected":false},"author":1,"featured_media":4540,"comment_status":"closed","ping_status":"closed","sticky":false,"template":"","format":"standard","meta":{"_acf_changed":false,"footnotes":"","_links_to":"","_links_to_target":""},"categories":[203],"class_list":["post-4543","post","type-post","status-publish","format-standard","has-post-thumbnail","hentry","category-escuelas"],"acf":[],"yoast_head":"<!-- This site is optimized with the Yoast SEO plugin v25.9 - https:\/\/yoast.com\/wordpress\/plugins\/seo\/ -->\n<title>La adecuaci\u00f3n ac\u00fastica en la escuela Fundaci\u00f3 Llor aparece en TV3 | Grupo Efeb\u00e9<\/title>\n<meta name=\"description\" content=\"El proyecto de adecuaci\u00f3n y equipamiento que hemos realizado en la escuela Fundaci\u00f3 Llor apareci\u00f3 en el programa \u201cTot es mou\u201d de TV3.\" \/>\n<meta name=\"robots\" content=\"index, follow, max-snippet:-1, max-image-preview:large, max-video-preview:-1\" \/>\n<link rel=\"canonical\" href=\"https:\/\/grupefebe.com\/es\/la-adecuacion-acustica-en-la-escuela-fundacio-llor-aparece-en-tv3\/\" \/>\n<meta property=\"og:locale\" content=\"es_ES\" \/>\n<meta property=\"og:type\" content=\"article\" \/>\n<meta property=\"og:title\" content=\"La adecuaci\u00f3n ac\u00fastica en la escuela Fundaci\u00f3 Llor aparece en TV3 | Grupo Efeb\u00e9\" \/>\n<meta property=\"og:description\" content=\"El proyecto de adecuaci\u00f3n y equipamiento que hemos realizado en la escuela Fundaci\u00f3 Llor apareci\u00f3 en el programa \u201cTot es mou\u201d de TV3.\" \/>\n<meta property=\"og:url\" content=\"https:\/\/grupefebe.com\/es\/la-adecuacion-acustica-en-la-escuela-fundacio-llor-aparece-en-tv3\/\" \/>\n<meta property=\"og:site_name\" content=\"Grupo Efeb\u00e9\" \/>\n<meta property=\"article:publisher\" content=\"https:\/\/www.facebook.com\/grup.efebe\" \/>\n<meta property=\"article:published_time\" content=\"2020-09-17T20:01:38+00:00\" \/>\n<meta property=\"article:modified_time\" content=\"2021-01-15T20:04:02+00:00\" \/>\n<meta property=\"og:image\" content=\"https:\/\/mail.grupefebe.com\/custom\/uploads\/2021\/01\/escola-Fundacio-Llor.png\" \/>\n\t<meta property=\"og:image:width\" content=\"768\" \/>\n\t<meta property=\"og:image:height\" content=\"432\" \/>\n\t<meta property=\"og:image:type\" content=\"image\/png\" \/>\n<meta name=\"author\" content=\"efebe\" \/>\n<meta name=\"twitter:card\" content=\"summary_large_image\" \/>\n<meta name=\"twitter:creator\" content=\"@grup_efebe\" \/>\n<meta name=\"twitter:site\" content=\"@grup_efebe\" \/>\n<meta name=\"twitter:label1\" content=\"Escrito por\" \/>\n\t<meta name=\"twitter:data1\" content=\"efebe\" \/>\n\t<meta name=\"twitter:label2\" content=\"Tiempo de lectura\" \/>\n\t<meta name=\"twitter:data2\" content=\"1 minuto\" \/>\n<script type=\"application\/ld+json\" class=\"yoast-schema-graph\">{\"@context\":\"https:\/\/schema.org\",\"@graph\":[{\"@type\":\"Article\",\"@id\":\"https:\/\/grupefebe.com\/es\/la-adecuacion-acustica-en-la-escuela-fundacio-llor-aparece-en-tv3\/#article\",\"isPartOf\":{\"@id\":\"https:\/\/grupefebe.com\/es\/la-adecuacion-acustica-en-la-escuela-fundacio-llor-aparece-en-tv3\/\"},\"author\":{\"name\":\"efebe\",\"@id\":\"https:\/\/mail.grupefebe.com\/es\/#\/schema\/person\/ea29ae2644736bcdb432a0b7f0d814cd\"},\"headline\":\"La adecuaci\u00f3n ac\u00fastica en la escuela Fundaci\u00f3 Llor aparece en TV3\",\"datePublished\":\"2020-09-17T20:01:38+00:00\",\"dateModified\":\"2021-01-15T20:04:02+00:00\",\"mainEntityOfPage\":{\"@id\":\"https:\/\/grupefebe.com\/es\/la-adecuacion-acustica-en-la-escuela-fundacio-llor-aparece-en-tv3\/\"},\"wordCount\":219,\"publisher\":{\"@id\":\"https:\/\/mail.grupefebe.com\/es\/#organization\"},\"image\":{\"@id\":\"https:\/\/grupefebe.com\/es\/la-adecuacion-acustica-en-la-escuela-fundacio-llor-aparece-en-tv3\/#primaryimage\"},\"thumbnailUrl\":\"https:\/\/grupefebe.com\/custom\/uploads\/2021\/01\/escola-Fundacio-Llor.png\",\"articleSection\":[\"Escuelas\"],\"inLanguage\":\"es\"},{\"@type\":\"WebPage\",\"@id\":\"https:\/\/grupefebe.com\/es\/la-adecuacion-acustica-en-la-escuela-fundacio-llor-aparece-en-tv3\/\",\"url\":\"https:\/\/grupefebe.com\/es\/la-adecuacion-acustica-en-la-escuela-fundacio-llor-aparece-en-tv3\/\",\"name\":\"La adecuaci\u00f3n ac\u00fastica en la escuela Fundaci\u00f3 Llor aparece en TV3 | Grupo Efeb\u00e9\",\"isPartOf\":{\"@id\":\"https:\/\/mail.grupefebe.com\/es\/#website\"},\"primaryImageOfPage\":{\"@id\":\"https:\/\/grupefebe.com\/es\/la-adecuacion-acustica-en-la-escuela-fundacio-llor-aparece-en-tv3\/#primaryimage\"},\"image\":{\"@id\":\"https:\/\/grupefebe.com\/es\/la-adecuacion-acustica-en-la-escuela-fundacio-llor-aparece-en-tv3\/#primaryimage\"},\"thumbnailUrl\":\"https:\/\/grupefebe.com\/custom\/uploads\/2021\/01\/escola-Fundacio-Llor.png\",\"datePublished\":\"2020-09-17T20:01:38+00:00\",\"dateModified\":\"2021-01-15T20:04:02+00:00\",\"description\":\"El proyecto de adecuaci\u00f3n y equipamiento que hemos realizado en la escuela Fundaci\u00f3 Llor apareci\u00f3 en el programa \u201cTot es mou\u201d de TV3.\",\"breadcrumb\":{\"@id\":\"https:\/\/grupefebe.com\/es\/la-adecuacion-acustica-en-la-escuela-fundacio-llor-aparece-en-tv3\/#breadcrumb\"},\"inLanguage\":\"es\",\"potentialAction\":[{\"@type\":\"ReadAction\",\"target\":[\"https:\/\/grupefebe.com\/es\/la-adecuacion-acustica-en-la-escuela-fundacio-llor-aparece-en-tv3\/\"]}]},{\"@type\":\"ImageObject\",\"inLanguage\":\"es\",\"@id\":\"https:\/\/grupefebe.com\/es\/la-adecuacion-acustica-en-la-escuela-fundacio-llor-aparece-en-tv3\/#primaryimage\",\"url\":\"https:\/\/grupefebe.com\/custom\/uploads\/2021\/01\/escola-Fundacio-Llor.png\",\"contentUrl\":\"https:\/\/grupefebe.com\/custom\/uploads\/2021\/01\/escola-Fundacio-Llor.png\",\"width\":768,\"height\":432,\"caption\":\"escola Fundaci\u00f3 Llor\"},{\"@type\":\"BreadcrumbList\",\"@id\":\"https:\/\/grupefebe.com\/es\/la-adecuacion-acustica-en-la-escuela-fundacio-llor-aparece-en-tv3\/#breadcrumb\",\"itemListElement\":[{\"@type\":\"ListItem\",\"position\":1,\"name\":\"Inici\",\"item\":\"https:\/\/mail.grupefebe.com\/es\/\"},{\"@type\":\"ListItem\",\"position\":2,\"name\":\"La adecuaci\u00f3n ac\u00fastica en la escuela Fundaci\u00f3 Llor aparece en TV3\"}]},{\"@type\":\"WebSite\",\"@id\":\"https:\/\/mail.grupefebe.com\/es\/#website\",\"url\":\"https:\/\/mail.grupefebe.com\/es\/\",\"name\":\"Grup Efeb\u00e9\",\"description\":\"Otro sitio realizado con WordPress\",\"publisher\":{\"@id\":\"https:\/\/mail.grupefebe.com\/es\/#organization\"},\"potentialAction\":[{\"@type\":\"SearchAction\",\"target\":{\"@type\":\"EntryPoint\",\"urlTemplate\":\"https:\/\/mail.grupefebe.com\/es\/?s={search_term_string}\"},\"query-input\":{\"@type\":\"PropertyValueSpecification\",\"valueRequired\":true,\"valueName\":\"search_term_string\"}}],\"inLanguage\":\"es\"},{\"@type\":\"Organization\",\"@id\":\"https:\/\/mail.grupefebe.com\/es\/#organization\",\"name\":\"Grup Efeb\u00e9\",\"url\":\"https:\/\/mail.grupefebe.com\/es\/\",\"logo\":{\"@type\":\"ImageObject\",\"inLanguage\":\"es\",\"@id\":\"https:\/\/mail.grupefebe.com\/es\/#\/schema\/logo\/image\/\",\"url\":\"https:\/\/grupefebe.com\/custom\/uploads\/2021\/01\/logo-efebe.png\",\"contentUrl\":\"https:\/\/grupefebe.com\/custom\/uploads\/2021\/01\/logo-efebe.png\",\"width\":524,\"height\":135,\"caption\":\"Grup Efeb\u00e9\"},\"image\":{\"@id\":\"https:\/\/mail.grupefebe.com\/es\/#\/schema\/logo\/image\/\"},\"sameAs\":[\"https:\/\/www.facebook.com\/grup.efebe\",\"https:\/\/x.com\/grup_efebe\",\"https:\/\/www.instagram.com\/grup_efebe\/\",\"https:\/\/www.linkedin.com\/company\/grupefebe\",\"https:\/\/www.youtube.com\/channel\/UCj11-LAuLhPfqrL2649Xzrw\"]},{\"@type\":\"Person\",\"@id\":\"https:\/\/mail.grupefebe.com\/es\/#\/schema\/person\/ea29ae2644736bcdb432a0b7f0d814cd\",\"name\":\"efebe\",\"image\":{\"@type\":\"ImageObject\",\"inLanguage\":\"es\",\"@id\":\"https:\/\/mail.grupefebe.com\/es\/#\/schema\/person\/image\/\",\"url\":\"https:\/\/secure.gravatar.com\/avatar\/fe57a3f139ea81c65a338e37a8064b4e80844f839737532820c9107eb9e1966f?s=96&d=mm&r=g\",\"contentUrl\":\"https:\/\/secure.gravatar.com\/avatar\/fe57a3f139ea81c65a338e37a8064b4e80844f839737532820c9107eb9e1966f?s=96&d=mm&r=g\",\"caption\":\"efebe\"},\"url\":\"https:\/\/grupefebe.com\/es\/author\/efebe\/\"}]}<\/script>\n<!-- \/ Yoast SEO plugin. -->","yoast_head_json":{"title":"La adecuaci\u00f3n ac\u00fastica en la escuela Fundaci\u00f3 Llor aparece en TV3 | Grupo Efeb\u00e9","description":"El proyecto de adecuaci\u00f3n y equipamiento que hemos realizado en la escuela Fundaci\u00f3 Llor apareci\u00f3 en el programa \u201cTot es mou\u201d de TV3.","robots":{"index":"index","follow":"follow","max-snippet":"max-snippet:-1","max-image-preview":"max-image-preview:large","max-video-preview":"max-video-preview:-1"},"canonical":"https:\/\/grupefebe.com\/es\/la-adecuacion-acustica-en-la-escuela-fundacio-llor-aparece-en-tv3\/","og_locale":"es_ES","og_type":"article","og_title":"La adecuaci\u00f3n ac\u00fastica en la escuela Fundaci\u00f3 Llor aparece en TV3 | Grupo Efeb\u00e9","og_description":"El proyecto de adecuaci\u00f3n y equipamiento que hemos realizado en la escuela Fundaci\u00f3 Llor apareci\u00f3 en el programa \u201cTot es mou\u201d de TV3.","og_url":"https:\/\/grupefebe.com\/es\/la-adecuacion-acustica-en-la-escuela-fundacio-llor-aparece-en-tv3\/","og_site_name":"Grupo Efeb\u00e9","article_publisher":"https:\/\/www.facebook.com\/grup.efebe","article_published_time":"2020-09-17T20:01:38+00:00","article_modified_time":"2021-01-15T20:04:02+00:00","og_image":[{"width":768,"height":432,"url":"https:\/\/mail.grupefebe.com\/custom\/uploads\/2021\/01\/escola-Fundacio-Llor.png","type":"image\/png"}],"author":"efebe","twitter_card":"summary_large_image","twitter_creator":"@grup_efebe","twitter_site":"@grup_efebe","twitter_misc":{"Escrito por":"efebe","Tiempo de lectura":"1 minuto"},"schema":{"@context":"https:\/\/schema.org","@graph":[{"@type":"Article","@id":"https:\/\/grupefebe.com\/es\/la-adecuacion-acustica-en-la-escuela-fundacio-llor-aparece-en-tv3\/#article","isPartOf":{"@id":"https:\/\/grupefebe.com\/es\/la-adecuacion-acustica-en-la-escuela-fundacio-llor-aparece-en-tv3\/"},"author":{"name":"efebe","@id":"https:\/\/mail.grupefebe.com\/es\/#\/schema\/person\/ea29ae2644736bcdb432a0b7f0d814cd"},"headline":"La adecuaci\u00f3n ac\u00fastica en la escuela Fundaci\u00f3 Llor aparece en TV3","datePublished":"2020-09-17T20:01:38+00:00","dateModified":"2021-01-15T20:04:02+00:00","mainEntityOfPage":{"@id":"https:\/\/grupefebe.com\/es\/la-adecuacion-acustica-en-la-escuela-fundacio-llor-aparece-en-tv3\/"},"wordCount":219,"publisher":{"@id":"https:\/\/mail.grupefebe.com\/es\/#organization"},"image":{"@id":"https:\/\/grupefebe.com\/es\/la-adecuacion-acustica-en-la-escuela-fundacio-llor-aparece-en-tv3\/#primaryimage"},"thumbnailUrl":"https:\/\/grupefebe.com\/custom\/uploads\/2021\/01\/escola-Fundacio-Llor.png","articleSection":["Escuelas"],"inLanguage":"es"},{"@type":"WebPage","@id":"https:\/\/grupefebe.com\/es\/la-adecuacion-acustica-en-la-escuela-fundacio-llor-aparece-en-tv3\/","url":"https:\/\/grupefebe.com\/es\/la-adecuacion-acustica-en-la-escuela-fundacio-llor-aparece-en-tv3\/","name":"La adecuaci\u00f3n ac\u00fastica en la escuela Fundaci\u00f3 Llor aparece en TV3 | Grupo Efeb\u00e9","isPartOf":{"@id":"https:\/\/mail.grupefebe.com\/es\/#website"},"primaryImageOfPage":{"@id":"https:\/\/grupefebe.com\/es\/la-adecuacion-acustica-en-la-escuela-fundacio-llor-aparece-en-tv3\/#primaryimage"},"image":{"@id":"https:\/\/grupefebe.com\/es\/la-adecuacion-acustica-en-la-escuela-fundacio-llor-aparece-en-tv3\/#primaryimage"},"thumbnailUrl":"https:\/\/grupefebe.com\/custom\/uploads\/2021\/01\/escola-Fundacio-Llor.png","datePublished":"2020-09-17T20:01:38+00:00","dateModified":"2021-01-15T20:04:02+00:00","description":"El proyecto de adecuaci\u00f3n y equipamiento que hemos realizado en la escuela Fundaci\u00f3 Llor apareci\u00f3 en el programa \u201cTot es mou\u201d de TV3.","breadcrumb":{"@id":"https:\/\/grupefebe.com\/es\/la-adecuacion-acustica-en-la-escuela-fundacio-llor-aparece-en-tv3\/#breadcrumb"},"inLanguage":"es","potentialAction":[{"@type":"ReadAction","target":["https:\/\/grupefebe.com\/es\/la-adecuacion-acustica-en-la-escuela-fundacio-llor-aparece-en-tv3\/"]}]},{"@type":"ImageObject","inLanguage":"es","@id":"https:\/\/grupefebe.com\/es\/la-adecuacion-acustica-en-la-escuela-fundacio-llor-aparece-en-tv3\/#primaryimage","url":"https:\/\/grupefebe.com\/custom\/uploads\/2021\/01\/escola-Fundacio-Llor.png","contentUrl":"https:\/\/grupefebe.com\/custom\/uploads\/2021\/01\/escola-Fundacio-Llor.png","width":768,"height":432,"caption":"escola Fundaci\u00f3 Llor"},{"@type":"BreadcrumbList","@id":"https:\/\/grupefebe.com\/es\/la-adecuacion-acustica-en-la-escuela-fundacio-llor-aparece-en-tv3\/#breadcrumb","itemListElement":[{"@type":"ListItem","position":1,"name":"Inici","item":"https:\/\/mail.grupefebe.com\/es\/"},{"@type":"ListItem","position":2,"name":"La adecuaci\u00f3n ac\u00fastica en la escuela Fundaci\u00f3 Llor aparece en TV3"}]},{"@type":"WebSite","@id":"https:\/\/mail.grupefebe.com\/es\/#website","url":"https:\/\/mail.grupefebe.com\/es\/","name":"Grup Efeb\u00e9","description":"Otro sitio realizado con WordPress","publisher":{"@id":"https:\/\/mail.grupefebe.com\/es\/#organization"},"potentialAction":[{"@type":"SearchAction","target":{"@type":"EntryPoint","urlTemplate":"https:\/\/mail.grupefebe.com\/es\/?s={search_term_string}"},"query-input":{"@type":"PropertyValueSpecification","valueRequired":true,"valueName":"search_term_string"}}],"inLanguage":"es"},{"@type":"Organization","@id":"https:\/\/mail.grupefebe.com\/es\/#organization","name":"Grup Efeb\u00e9","url":"https:\/\/mail.grupefebe.com\/es\/","logo":{"@type":"ImageObject","inLanguage":"es","@id":"https:\/\/mail.grupefebe.com\/es\/#\/schema\/logo\/image\/","url":"https:\/\/grupefebe.com\/custom\/uploads\/2021\/01\/logo-efebe.png","contentUrl":"https:\/\/grupefebe.com\/custom\/uploads\/2021\/01\/logo-efebe.png","width":524,"height":135,"caption":"Grup Efeb\u00e9"},"image":{"@id":"https:\/\/mail.grupefebe.com\/es\/#\/schema\/logo\/image\/"},"sameAs":["https:\/\/www.facebook.com\/grup.efebe","https:\/\/x.com\/grup_efebe","https:\/\/www.instagram.com\/grup_efebe\/","https:\/\/www.linkedin.com\/company\/grupefebe","https:\/\/www.youtube.com\/channel\/UCj11-LAuLhPfqrL2649Xzrw"]},{"@type":"Person","@id":"https:\/\/mail.grupefebe.com\/es\/#\/schema\/person\/ea29ae2644736bcdb432a0b7f0d814cd","name":"efebe","image":{"@type":"ImageObject","inLanguage":"es","@id":"https:\/\/mail.grupefebe.com\/es\/#\/schema\/person\/image\/","url":"https:\/\/secure.gravatar.com\/avatar\/fe57a3f139ea81c65a338e37a8064b4e80844f839737532820c9107eb9e1966f?s=96&d=mm&r=g","contentUrl":"https:\/\/secure.gravatar.com\/avatar\/fe57a3f139ea81c65a338e37a8064b4e80844f839737532820c9107eb9e1966f?s=96&d=mm&r=g","caption":"efebe"},"url":"https:\/\/grupefebe.com\/es\/author\/efebe\/"}]}},"_links":{"self":[{"href":"https:\/\/grupefebe.com\/es\/wp-json\/wp\/v2\/posts\/4543","targetHints":{"allow":["GET"]}}],"collection":[{"href":"https:\/\/grupefebe.com\/es\/wp-json\/wp\/v2\/posts"}],"about":[{"href":"https:\/\/grupefebe.com\/es\/wp-json\/wp\/v2\/types\/post"}],"author":[{"embeddable":true,"href":"https:\/\/grupefebe.com\/es\/wp-json\/wp\/v2\/users\/1"}],"replies":[{"embeddable":true,"href":"https:\/\/grupefebe.com\/es\/wp-json\/wp\/v2\/comments?post=4543"}],"version-history":[{"count":2,"href":"https:\/\/grupefebe.com\/es\/wp-json\/wp\/v2\/posts\/4543\/revisions"}],"predecessor-version":[{"id":4545,"href":"https:\/\/grupefebe.com\/es\/wp-json\/wp\/v2\/posts\/4543\/revisions\/4545"}],"wp:featuredmedia":[{"embeddable":true,"href":"https:\/\/grupefebe.com\/es\/wp-json\/wp\/v2\/media\/4540"}],"wp:attachment":[{"href":"https:\/\/grupefebe.com\/es\/wp-json\/wp\/v2\/media?parent=4543"}],"wp:term":[{"taxonomy":"category","embeddable":true,"href":"https:\/\/grupefebe.com\/es\/wp-json\/wp\/v2\/categories?post=4543"}],"curies":[{"name":"wp","href":"https:\/\/api.w.org\/{rel}","templated":true}]}}