{"id":5948,"date":"2021-03-09T13:11:34","date_gmt":"2021-03-09T13:11:34","guid":{"rendered":"https:\/\/grupefebe.com\/?p=5948"},"modified":"2021-06-28T17:21:01","modified_gmt":"2021-06-28T17:21:01","slug":"webinar-efebe-el-impacto-del-teletrabajo-en-los-espacios-de-oficina","status":"publish","type":"post","link":"https:\/\/grupefebe.com\/es\/webinar-efebe-el-impacto-del-teletrabajo-en-los-espacios-de-oficina\/","title":{"rendered":"Webinar EFEB\u00c9: \u00abEl impacto del teletrabajo en los espacios de oficina\u00bb"},"content":{"rendered":"<p>Os presentamos el <strong>Webinar EFEB\u00c9: \u00abEl impacto del teletrabajo en los espacios de oficina\u00bb<\/strong>.<\/p>\n<p>El 17 de marzo a las 18 h llevaremos a cabo una sesi\u00f3n virtual para entender el impacto del teletrabajo en los espacios de oficina. El webinar tendr\u00e1 lugar un a\u00f1o despu\u00e9s del inicio del confinamiento por Covid-19, cuando realizamos una sesi\u00f3n sobre <a href=\"https:\/\/grupefebe.com\/webinar-sobre-teletreball-saludable-durant-el-confinament\/\" target=\"_blank\" rel=\"noopener\">c\u00f3mo crear espacios saludables y de conciliaci\u00f3n<\/a>.<\/p>\n<ul>\n<li>Antes de la pandemia, exist\u00eda la posibilidad de teletrabajar?<\/li>\n<li>\u00bfQu\u00e9 percepci\u00f3n tienen los trabajadores sobre su espacio de trabajo?<\/li>\n<li>\u00bfHay que redefinir las oficinas?<\/li>\n<\/ul>\n<p>En este webinar trataremos el impacto del teletrabajo en los espacios de oficina desde una visi\u00f3n realista y con fundamentos reales. Desde hace unos meses, Efeb\u00e9 hemos estado trabajando en <strong>nuestro cuarto Bar\u00f3metro del sector de oficinas<\/strong>. Hemos hecho una investigaci\u00f3n espec\u00edfica junto con T\u00e1ctica Investigaci\u00f3n Estrat\u00e9gica para conocer las necesidades de los trabajadores en la actualidad y establecer ideas clave para conocer el impacto del teletrabajo. En el\u00a0webinar del d\u00eda 17 hablaremos sobre los resultados de esta investigaci\u00f3n, realizada a una muestra de <strong>896 individuos<\/strong>, profesionales y empleados de un rango de edad de entre 20 y 65 a\u00f1os.<\/p>\n<h3 style=\"text-align: center;\">\u00bfC\u00f3mo ser\u00e1 el webinar?<\/h3>\n<p>El webinar del pr\u00f3ximo 17 de marzo tendr\u00e1 lugar en las oficinas de Efeb\u00e9. Pues, haremos una sesi\u00f3n virtual en directo desde nuestra sede del Guinard\u00f3. \u00a1Esperamos vuestra participaci\u00f3n a trav\u00e9s de Zoom!<\/p>\n<p>En primer lugar, contaremos con la participaci\u00f3n de <strong>Anna Fornt<\/strong>, CEO de <a href=\"https:\/\/www.grupefebe.com\/\" target=\"_blank\" rel=\"noopener\">Grupo Efeb\u00e9<\/a>, y el <strong>Crist\u00f3bal Domingo<\/strong>, CEO de <a href=\"https:\/\/www.tactica.es\/\" target=\"_blank\" rel=\"noopener\">T\u00e1ctica investigaci\u00f3n y estrategia<\/a>, a cargo de las conclusiones y resultados del estudio mencionado.<\/p>\n<p>Por otra parte, tambi\u00e9n contaremos con <a href=\"https:\/\/fisioreact.com\/\" target=\"_blank\" rel=\"noopener\">Fisioreact<\/a>, una empresa especializada en la fisioterapia a domicilio. <strong>Albert Valls<\/strong>, cofundador de la empresa, nos dar\u00e1 su visi\u00f3n. Adem\u00e1s, como empresa promotora de la salud, nos har\u00e1 saber cu\u00e1les son los beneficios de una empresa saludable y qu\u00e9 piensan los trabajadores sobre la posibilidad de hacer actividades ex-work gracias a su empresa.<\/p>\n<p>&nbsp;<\/p>\n<h3 style=\"text-align: center;\">Ponentes<\/h3>\n<p><img loading=\"lazy\" decoding=\"async\" class=\"aligncenter wp-image-5925\" src=\"https:\/\/grupefebe.com\/custom\/uploads\/2021\/03\/Anna-Fornt-300x169.jpg\" alt=\"El impacto del teletrabajo en los espacios de oficina\" width=\"769\" height=\"433\" srcset=\"https:\/\/grupefebe.com\/custom\/uploads\/2021\/03\/Anna-Fornt-300x169.jpg 300w, https:\/\/grupefebe.com\/custom\/uploads\/2021\/03\/Anna-Fornt-1024x576.jpg 1024w, https:\/\/grupefebe.com\/custom\/uploads\/2021\/03\/Anna-Fornt-768x432.jpg 768w, https:\/\/grupefebe.com\/custom\/uploads\/2021\/03\/Anna-Fornt-1536x864.jpg 1536w, https:\/\/grupefebe.com\/custom\/uploads\/2021\/03\/Anna-Fornt.jpg 1920w\" sizes=\"auto, (max-width: 769px) 100vw, 769px\" \/><\/p>\n","protected":false},"excerpt":{"rendered":"<p>Os presentamos el Webinar EFEB\u00c9: \u00abEl impacto del teletrabajo en los espacios de oficina\u00bb. El 17 de marzo a las [&hellip;]<\/p>\n","protected":false},"author":2,"featured_media":5963,"comment_status":"closed","ping_status":"closed","sticky":false,"template":"","format":"standard","meta":{"_acf_changed":false,"footnotes":"","_links_to":"","_links_to_target":""},"categories":[200],"class_list":["post-5948","post","type-post","status-publish","format-standard","has-post-thumbnail","hentry","category-oficinas"],"acf":[],"yoast_head":"<!-- This site is optimized with the Yoast SEO plugin v25.9 - https:\/\/yoast.com\/wordpress\/plugins\/seo\/ -->\n<title>Webinar EFEB\u00c9: &quot;El impacto del teletrabajo en los espacios de oficina&quot; | Grupo Efeb\u00e9<\/title>\n<meta name=\"description\" content=\"El impacto del teletrabajo en los espacios de oficina es el nuevo webinar de EFEB\u00c9, para todas las personas trabajadoras. \u00a1Ap\u00fantate el d\u00eda 17!\" \/>\n<meta name=\"robots\" content=\"index, follow, max-snippet:-1, max-image-preview:large, max-video-preview:-1\" \/>\n<link rel=\"canonical\" href=\"https:\/\/grupefebe.com\/es\/webinar-efebe-el-impacto-del-teletrabajo-en-los-espacios-de-oficina\/\" \/>\n<meta property=\"og:locale\" content=\"es_ES\" \/>\n<meta property=\"og:type\" content=\"article\" \/>\n<meta property=\"og:title\" content=\"Webinar EFEB\u00c9: &quot;El impacto del teletrabajo en los espacios de oficina&quot; | Grupo Efeb\u00e9\" \/>\n<meta property=\"og:description\" content=\"El impacto del teletrabajo en los espacios de oficina es el nuevo webinar de EFEB\u00c9, para todas las personas trabajadoras. \u00a1Ap\u00fantate el d\u00eda 17!\" \/>\n<meta property=\"og:url\" content=\"https:\/\/grupefebe.com\/es\/webinar-efebe-el-impacto-del-teletrabajo-en-los-espacios-de-oficina\/\" \/>\n<meta property=\"og:site_name\" content=\"Grupo Efeb\u00e9\" \/>\n<meta property=\"article:publisher\" content=\"https:\/\/www.facebook.com\/grup.efebe\" \/>\n<meta property=\"article:published_time\" content=\"2021-03-09T13:11:34+00:00\" \/>\n<meta property=\"article:modified_time\" content=\"2021-06-28T17:21:01+00:00\" \/>\n<meta property=\"og:image\" content=\"https:\/\/mail.grupefebe.com\/custom\/uploads\/2021\/03\/webinar_efebe.png\" \/>\n\t<meta property=\"og:image:width\" content=\"599\" \/>\n\t<meta property=\"og:image:height\" content=\"300\" \/>\n\t<meta property=\"og:image:type\" content=\"image\/png\" \/>\n<meta name=\"author\" content=\"Grup Efeb\u00e9\" \/>\n<meta name=\"twitter:card\" content=\"summary_large_image\" \/>\n<meta name=\"twitter:creator\" content=\"@grup_efebe\" \/>\n<meta name=\"twitter:site\" content=\"@grup_efebe\" \/>\n<meta name=\"twitter:label1\" content=\"Escrito por\" \/>\n\t<meta name=\"twitter:data1\" content=\"Grup Efeb\u00e9\" \/>\n\t<meta name=\"twitter:label2\" content=\"Tiempo de lectura\" \/>\n\t<meta name=\"twitter:data2\" content=\"2 minutos\" \/>\n<script type=\"application\/ld+json\" class=\"yoast-schema-graph\">{\"@context\":\"https:\/\/schema.org\",\"@graph\":[{\"@type\":\"Article\",\"@id\":\"https:\/\/grupefebe.com\/es\/webinar-efebe-el-impacto-del-teletrabajo-en-los-espacios-de-oficina\/#article\",\"isPartOf\":{\"@id\":\"https:\/\/grupefebe.com\/es\/webinar-efebe-el-impacto-del-teletrabajo-en-los-espacios-de-oficina\/\"},\"author\":{\"name\":\"Grup Efeb\u00e9\",\"@id\":\"https:\/\/www.grupefebe.com\/es\/#\/schema\/person\/76402b3180eef131413100afc3282997\"},\"headline\":\"Webinar EFEB\u00c9: \u00abEl impacto del teletrabajo en los espacios de oficina\u00bb\",\"datePublished\":\"2021-03-09T13:11:34+00:00\",\"dateModified\":\"2021-06-28T17:21:01+00:00\",\"mainEntityOfPage\":{\"@id\":\"https:\/\/grupefebe.com\/es\/webinar-efebe-el-impacto-del-teletrabajo-en-los-espacios-de-oficina\/\"},\"wordCount\":356,\"publisher\":{\"@id\":\"https:\/\/www.grupefebe.com\/es\/#organization\"},\"image\":{\"@id\":\"https:\/\/grupefebe.com\/es\/webinar-efebe-el-impacto-del-teletrabajo-en-los-espacios-de-oficina\/#primaryimage\"},\"thumbnailUrl\":\"https:\/\/grupefebe.com\/custom\/uploads\/2021\/03\/webinar_efebe.png\",\"articleSection\":[\"Oficinas\"],\"inLanguage\":\"es\"},{\"@type\":\"WebPage\",\"@id\":\"https:\/\/grupefebe.com\/es\/webinar-efebe-el-impacto-del-teletrabajo-en-los-espacios-de-oficina\/\",\"url\":\"https:\/\/grupefebe.com\/es\/webinar-efebe-el-impacto-del-teletrabajo-en-los-espacios-de-oficina\/\",\"name\":\"Webinar EFEB\u00c9: \\\"El impacto del teletrabajo en los espacios de oficina\\\" | Grupo Efeb\u00e9\",\"isPartOf\":{\"@id\":\"https:\/\/www.grupefebe.com\/es\/#website\"},\"primaryImageOfPage\":{\"@id\":\"https:\/\/grupefebe.com\/es\/webinar-efebe-el-impacto-del-teletrabajo-en-los-espacios-de-oficina\/#primaryimage\"},\"image\":{\"@id\":\"https:\/\/grupefebe.com\/es\/webinar-efebe-el-impacto-del-teletrabajo-en-los-espacios-de-oficina\/#primaryimage\"},\"thumbnailUrl\":\"https:\/\/grupefebe.com\/custom\/uploads\/2021\/03\/webinar_efebe.png\",\"datePublished\":\"2021-03-09T13:11:34+00:00\",\"dateModified\":\"2021-06-28T17:21:01+00:00\",\"description\":\"El impacto del teletrabajo en los espacios de oficina es el nuevo webinar de EFEB\u00c9, para todas las personas trabajadoras. \u00a1Ap\u00fantate el d\u00eda 17!\",\"breadcrumb\":{\"@id\":\"https:\/\/grupefebe.com\/es\/webinar-efebe-el-impacto-del-teletrabajo-en-los-espacios-de-oficina\/#breadcrumb\"},\"inLanguage\":\"es\",\"potentialAction\":[{\"@type\":\"ReadAction\",\"target\":[\"https:\/\/grupefebe.com\/es\/webinar-efebe-el-impacto-del-teletrabajo-en-los-espacios-de-oficina\/\"]}]},{\"@type\":\"ImageObject\",\"inLanguage\":\"es\",\"@id\":\"https:\/\/grupefebe.com\/es\/webinar-efebe-el-impacto-del-teletrabajo-en-los-espacios-de-oficina\/#primaryimage\",\"url\":\"https:\/\/grupefebe.com\/custom\/uploads\/2021\/03\/webinar_efebe.png\",\"contentUrl\":\"https:\/\/grupefebe.com\/custom\/uploads\/2021\/03\/webinar_efebe.png\",\"width\":599,\"height\":300,\"caption\":\"l'impacte del teletreball als espais d'oficina\"},{\"@type\":\"BreadcrumbList\",\"@id\":\"https:\/\/grupefebe.com\/es\/webinar-efebe-el-impacto-del-teletrabajo-en-los-espacios-de-oficina\/#breadcrumb\",\"itemListElement\":[{\"@type\":\"ListItem\",\"position\":1,\"name\":\"Inici\",\"item\":\"https:\/\/www.grupefebe.com\/es\/\"},{\"@type\":\"ListItem\",\"position\":2,\"name\":\"Webinar EFEB\u00c9: &#8220;El impacto del teletrabajo en los espacios de oficina&#8221;\"}]},{\"@type\":\"WebSite\",\"@id\":\"https:\/\/www.grupefebe.com\/es\/#website\",\"url\":\"https:\/\/www.grupefebe.com\/es\/\",\"name\":\"Grup Efeb\u00e9\",\"description\":\"Otro sitio realizado con WordPress\",\"publisher\":{\"@id\":\"https:\/\/www.grupefebe.com\/es\/#organization\"},\"potentialAction\":[{\"@type\":\"SearchAction\",\"target\":{\"@type\":\"EntryPoint\",\"urlTemplate\":\"https:\/\/www.grupefebe.com\/es\/?s={search_term_string}\"},\"query-input\":{\"@type\":\"PropertyValueSpecification\",\"valueRequired\":true,\"valueName\":\"search_term_string\"}}],\"inLanguage\":\"es\"},{\"@type\":\"Organization\",\"@id\":\"https:\/\/www.grupefebe.com\/es\/#organization\",\"name\":\"Grup Efeb\u00e9\",\"url\":\"https:\/\/www.grupefebe.com\/es\/\",\"logo\":{\"@type\":\"ImageObject\",\"inLanguage\":\"es\",\"@id\":\"https:\/\/www.grupefebe.com\/es\/#\/schema\/logo\/image\/\",\"url\":\"https:\/\/grupefebe.com\/custom\/uploads\/2021\/01\/logo-efebe.png\",\"contentUrl\":\"https:\/\/grupefebe.com\/custom\/uploads\/2021\/01\/logo-efebe.png\",\"width\":524,\"height\":135,\"caption\":\"Grup Efeb\u00e9\"},\"image\":{\"@id\":\"https:\/\/www.grupefebe.com\/es\/#\/schema\/logo\/image\/\"},\"sameAs\":[\"https:\/\/www.facebook.com\/grup.efebe\",\"https:\/\/x.com\/grup_efebe\",\"https:\/\/www.instagram.com\/grup_efebe\/\",\"https:\/\/www.linkedin.com\/company\/grupefebe\",\"https:\/\/www.youtube.com\/channel\/UCj11-LAuLhPfqrL2649Xzrw\"]},{\"@type\":\"Person\",\"@id\":\"https:\/\/www.grupefebe.com\/es\/#\/schema\/person\/76402b3180eef131413100afc3282997\",\"name\":\"Grup Efeb\u00e9\",\"image\":{\"@type\":\"ImageObject\",\"inLanguage\":\"es\",\"@id\":\"https:\/\/www.grupefebe.com\/es\/#\/schema\/person\/image\/\",\"url\":\"https:\/\/secure.gravatar.com\/avatar\/913bc6aa90480101061296ab9cad4bd4ccfb82c623a8820f3fd577558c1651be?s=96&d=mm&r=g\",\"contentUrl\":\"https:\/\/secure.gravatar.com\/avatar\/913bc6aa90480101061296ab9cad4bd4ccfb82c623a8820f3fd577558c1651be?s=96&d=mm&r=g\",\"caption\":\"Grup Efeb\u00e9\"},\"url\":\"https:\/\/grupefebe.com\/es\/author\/julia\/\"}]}<\/script>\n<!-- \/ Yoast SEO plugin. -->","yoast_head_json":{"title":"Webinar EFEB\u00c9: \"El impacto del teletrabajo en los espacios de oficina\" | Grupo Efeb\u00e9","description":"El impacto del teletrabajo en los espacios de oficina es el nuevo webinar de EFEB\u00c9, para todas las personas trabajadoras. \u00a1Ap\u00fantate el d\u00eda 17!","robots":{"index":"index","follow":"follow","max-snippet":"max-snippet:-1","max-image-preview":"max-image-preview:large","max-video-preview":"max-video-preview:-1"},"canonical":"https:\/\/grupefebe.com\/es\/webinar-efebe-el-impacto-del-teletrabajo-en-los-espacios-de-oficina\/","og_locale":"es_ES","og_type":"article","og_title":"Webinar EFEB\u00c9: \"El impacto del teletrabajo en los espacios de oficina\" | Grupo Efeb\u00e9","og_description":"El impacto del teletrabajo en los espacios de oficina es el nuevo webinar de EFEB\u00c9, para todas las personas trabajadoras. \u00a1Ap\u00fantate el d\u00eda 17!","og_url":"https:\/\/grupefebe.com\/es\/webinar-efebe-el-impacto-del-teletrabajo-en-los-espacios-de-oficina\/","og_site_name":"Grupo Efeb\u00e9","article_publisher":"https:\/\/www.facebook.com\/grup.efebe","article_published_time":"2021-03-09T13:11:34+00:00","article_modified_time":"2021-06-28T17:21:01+00:00","og_image":[{"width":599,"height":300,"url":"https:\/\/mail.grupefebe.com\/custom\/uploads\/2021\/03\/webinar_efebe.png","type":"image\/png"}],"author":"Grup Efeb\u00e9","twitter_card":"summary_large_image","twitter_creator":"@grup_efebe","twitter_site":"@grup_efebe","twitter_misc":{"Escrito por":"Grup Efeb\u00e9","Tiempo de lectura":"2 minutos"},"schema":{"@context":"https:\/\/schema.org","@graph":[{"@type":"Article","@id":"https:\/\/grupefebe.com\/es\/webinar-efebe-el-impacto-del-teletrabajo-en-los-espacios-de-oficina\/#article","isPartOf":{"@id":"https:\/\/grupefebe.com\/es\/webinar-efebe-el-impacto-del-teletrabajo-en-los-espacios-de-oficina\/"},"author":{"name":"Grup Efeb\u00e9","@id":"https:\/\/www.grupefebe.com\/es\/#\/schema\/person\/76402b3180eef131413100afc3282997"},"headline":"Webinar EFEB\u00c9: \u00abEl impacto del teletrabajo en los espacios de oficina\u00bb","datePublished":"2021-03-09T13:11:34+00:00","dateModified":"2021-06-28T17:21:01+00:00","mainEntityOfPage":{"@id":"https:\/\/grupefebe.com\/es\/webinar-efebe-el-impacto-del-teletrabajo-en-los-espacios-de-oficina\/"},"wordCount":356,"publisher":{"@id":"https:\/\/www.grupefebe.com\/es\/#organization"},"image":{"@id":"https:\/\/grupefebe.com\/es\/webinar-efebe-el-impacto-del-teletrabajo-en-los-espacios-de-oficina\/#primaryimage"},"thumbnailUrl":"https:\/\/grupefebe.com\/custom\/uploads\/2021\/03\/webinar_efebe.png","articleSection":["Oficinas"],"inLanguage":"es"},{"@type":"WebPage","@id":"https:\/\/grupefebe.com\/es\/webinar-efebe-el-impacto-del-teletrabajo-en-los-espacios-de-oficina\/","url":"https:\/\/grupefebe.com\/es\/webinar-efebe-el-impacto-del-teletrabajo-en-los-espacios-de-oficina\/","name":"Webinar EFEB\u00c9: \"El impacto del teletrabajo en los espacios de oficina\" | Grupo Efeb\u00e9","isPartOf":{"@id":"https:\/\/www.grupefebe.com\/es\/#website"},"primaryImageOfPage":{"@id":"https:\/\/grupefebe.com\/es\/webinar-efebe-el-impacto-del-teletrabajo-en-los-espacios-de-oficina\/#primaryimage"},"image":{"@id":"https:\/\/grupefebe.com\/es\/webinar-efebe-el-impacto-del-teletrabajo-en-los-espacios-de-oficina\/#primaryimage"},"thumbnailUrl":"https:\/\/grupefebe.com\/custom\/uploads\/2021\/03\/webinar_efebe.png","datePublished":"2021-03-09T13:11:34+00:00","dateModified":"2021-06-28T17:21:01+00:00","description":"El impacto del teletrabajo en los espacios de oficina es el nuevo webinar de EFEB\u00c9, para todas las personas trabajadoras. \u00a1Ap\u00fantate el d\u00eda 17!","breadcrumb":{"@id":"https:\/\/grupefebe.com\/es\/webinar-efebe-el-impacto-del-teletrabajo-en-los-espacios-de-oficina\/#breadcrumb"},"inLanguage":"es","potentialAction":[{"@type":"ReadAction","target":["https:\/\/grupefebe.com\/es\/webinar-efebe-el-impacto-del-teletrabajo-en-los-espacios-de-oficina\/"]}]},{"@type":"ImageObject","inLanguage":"es","@id":"https:\/\/grupefebe.com\/es\/webinar-efebe-el-impacto-del-teletrabajo-en-los-espacios-de-oficina\/#primaryimage","url":"https:\/\/grupefebe.com\/custom\/uploads\/2021\/03\/webinar_efebe.png","contentUrl":"https:\/\/grupefebe.com\/custom\/uploads\/2021\/03\/webinar_efebe.png","width":599,"height":300,"caption":"l'impacte del teletreball als espais d'oficina"},{"@type":"BreadcrumbList","@id":"https:\/\/grupefebe.com\/es\/webinar-efebe-el-impacto-del-teletrabajo-en-los-espacios-de-oficina\/#breadcrumb","itemListElement":[{"@type":"ListItem","position":1,"name":"Inici","item":"https:\/\/www.grupefebe.com\/es\/"},{"@type":"ListItem","position":2,"name":"Webinar EFEB\u00c9: &#8220;El impacto del teletrabajo en los espacios de oficina&#8221;"}]},{"@type":"WebSite","@id":"https:\/\/www.grupefebe.com\/es\/#website","url":"https:\/\/www.grupefebe.com\/es\/","name":"Grup Efeb\u00e9","description":"Otro sitio realizado con WordPress","publisher":{"@id":"https:\/\/www.grupefebe.com\/es\/#organization"},"potentialAction":[{"@type":"SearchAction","target":{"@type":"EntryPoint","urlTemplate":"https:\/\/www.grupefebe.com\/es\/?s={search_term_string}"},"query-input":{"@type":"PropertyValueSpecification","valueRequired":true,"valueName":"search_term_string"}}],"inLanguage":"es"},{"@type":"Organization","@id":"https:\/\/www.grupefebe.com\/es\/#organization","name":"Grup Efeb\u00e9","url":"https:\/\/www.grupefebe.com\/es\/","logo":{"@type":"ImageObject","inLanguage":"es","@id":"https:\/\/www.grupefebe.com\/es\/#\/schema\/logo\/image\/","url":"https:\/\/grupefebe.com\/custom\/uploads\/2021\/01\/logo-efebe.png","contentUrl":"https:\/\/grupefebe.com\/custom\/uploads\/2021\/01\/logo-efebe.png","width":524,"height":135,"caption":"Grup Efeb\u00e9"},"image":{"@id":"https:\/\/www.grupefebe.com\/es\/#\/schema\/logo\/image\/"},"sameAs":["https:\/\/www.facebook.com\/grup.efebe","https:\/\/x.com\/grup_efebe","https:\/\/www.instagram.com\/grup_efebe\/","https:\/\/www.linkedin.com\/company\/grupefebe","https:\/\/www.youtube.com\/channel\/UCj11-LAuLhPfqrL2649Xzrw"]},{"@type":"Person","@id":"https:\/\/www.grupefebe.com\/es\/#\/schema\/person\/76402b3180eef131413100afc3282997","name":"Grup Efeb\u00e9","image":{"@type":"ImageObject","inLanguage":"es","@id":"https:\/\/www.grupefebe.com\/es\/#\/schema\/person\/image\/","url":"https:\/\/secure.gravatar.com\/avatar\/913bc6aa90480101061296ab9cad4bd4ccfb82c623a8820f3fd577558c1651be?s=96&d=mm&r=g","contentUrl":"https:\/\/secure.gravatar.com\/avatar\/913bc6aa90480101061296ab9cad4bd4ccfb82c623a8820f3fd577558c1651be?s=96&d=mm&r=g","caption":"Grup Efeb\u00e9"},"url":"https:\/\/grupefebe.com\/es\/author\/julia\/"}]}},"_links":{"self":[{"href":"https:\/\/grupefebe.com\/es\/wp-json\/wp\/v2\/posts\/5948","targetHints":{"allow":["GET"]}}],"collection":[{"href":"https:\/\/grupefebe.com\/es\/wp-json\/wp\/v2\/posts"}],"about":[{"href":"https:\/\/grupefebe.com\/es\/wp-json\/wp\/v2\/types\/post"}],"author":[{"embeddable":true,"href":"https:\/\/grupefebe.com\/es\/wp-json\/wp\/v2\/users\/2"}],"replies":[{"embeddable":true,"href":"https:\/\/grupefebe.com\/es\/wp-json\/wp\/v2\/comments?post=5948"}],"version-history":[{"count":5,"href":"https:\/\/grupefebe.com\/es\/wp-json\/wp\/v2\/posts\/5948\/revisions"}],"predecessor-version":[{"id":7369,"href":"https:\/\/grupefebe.com\/es\/wp-json\/wp\/v2\/posts\/5948\/revisions\/7369"}],"wp:featuredmedia":[{"embeddable":true,"href":"https:\/\/grupefebe.com\/es\/wp-json\/wp\/v2\/media\/5963"}],"wp:attachment":[{"href":"https:\/\/grupefebe.com\/es\/wp-json\/wp\/v2\/media?parent=5948"}],"wp:term":[{"taxonomy":"category","embeddable":true,"href":"https:\/\/grupefebe.com\/es\/wp-json\/wp\/v2\/categories?post=5948"}],"curies":[{"name":"wp","href":"https:\/\/api.w.org\/{rel}","templated":true}]}}