{"id":6166,"date":"2021-03-29T11:39:03","date_gmt":"2021-03-29T11:39:03","guid":{"rendered":"https:\/\/grupefebe.com\/?p=6166"},"modified":"2021-03-30T08:26:21","modified_gmt":"2021-03-30T08:26:21","slug":"los-teletrabajadores-piden-volver-a-una-oficina-adaptada-a-los-nuevos-tiempos-y-que-les-ayude-a-conciliar-mejor","status":"publish","type":"post","link":"https:\/\/grupefebe.com\/es\/los-teletrabajadores-piden-volver-a-una-oficina-adaptada-a-los-nuevos-tiempos-y-que-les-ayude-a-conciliar-mejor\/","title":{"rendered":"Los teletrabajadores piden volver a una oficina adaptada a los nuevos tiempos y que les ayude a conciliar mejor"},"content":{"rendered":"<p>Despu\u00e9s de un a\u00f1o de teletrabajo imperfecto<strong>, los profesionales que trabajan en el espacio oficina solicitan <\/strong>a sus empresas mantener esta f\u00f3rmula. Pero tambi\u00e9n<strong> volver a unos espacios de trabajo diferentes, a una oficina adaptada <\/strong><strong>a los nuevos tiempos y que les permita<\/strong> <strong>realizar una serie de tareas que, ejecutadas desde sus casas, no facilitan la productividad <\/strong><strong>y afectan a la conciliaci\u00f3n. Un cambio de paradigma: se concilia peor s\u00f3lo cuando se trabaja desde casa.<\/strong><\/p>\n<p>Esta es s\u00f3lo una de las conclusiones que ofrecemos con <strong><a href=\"http:\/\/gruppapelmatic.com\/barometro\/\" target=\"_blank\" rel=\"noopener\"><em>el Bar\u00f3metro Grup Efeb\u00e9 2021: Teletrabajo y la necesidad de repensar el Espacio Ofici<\/em>na<\/a><\/strong>. <strong>El prop\u00f3sito de esta investigaci\u00f3n no es solo saber cu\u00e1l ha sido el impacto del teletrabajo en el espacio oficina, sino entender c\u00f3mo van a ser <\/strong><strong>las oficinas a partir de ahora<\/strong>.<\/p>\n<p>La investigaci\u00f3n ha sido coordinada por la consultora <a href=\"https:\/\/www.tactica.es\/\" target=\"_blank\" rel=\"noopener\">T\u00e1ctica Investigaci\u00f3n Estrat\u00e9gica<\/a> sobre una muestra de 896 profesionales, de entre 20 y 65 a\u00f1os, todos ellos empleados de oficina en municipios espa\u00f1oles de m\u00e1s de 200.000 habitantes.<\/p>\n<h3>El teletrabajo deja de ser tab\u00fa<\/h3>\n<p><strong>Al menos un 58% de empresas se han visto inmersas en la obligaci\u00f3n de conceder algo que para ellos era un tab\u00fa, confiar en que el trabajador es capaz de trabajar de forma aut\u00f3noma.<\/strong> Antes de la llegada del Covid-19 s\u00f3lo un <strong>33,5% de los empleados de oficina ten\u00eda experiencia en teletrabajo, pasando a un 72,8% en enero de 2021. Del mismo modo, la media de d\u00edas teletrabajados en nuestro pa\u00eds ha pasado de 0,7 por semana antes de marzo de 2020 a 2,8 a enero de 2021. <\/strong><\/p>\n<p><strong>Antes del Covid-19 era la microempresa la que ten\u00eda mayor cultura de teletrabajo<\/strong> y en formato m\u00e1s flexible, frente a la gran empresa, con menos penetraci\u00f3n de esta modalidad y siempre sobre protocolos m\u00e1s r\u00edgidos<strong>. Veremos en adelante como la experiencia de 2020 tender\u00e1 a homogeneizar h\u00e1bitos entre la micro y la gran empresa<\/strong>.<\/p>\n<p>La experiencia final, en un amplio espectro de empresas ha supuesto un cambio en las posiciones de partida: <strong>el 77% de las empresas valoran esta experiencia como satisfactoria y el 73% consolidar\u00e1n la modalidad de teletrabajo: como m\u00ednimo mantendr\u00e1n unos m\u00ednimos de teletrabajo aproximadamente 2 d\u00edas a la <\/strong><strong>semana.<\/strong><\/p>\n<h3><strong>El Teletrabajo, una experiencia NO del todo satisfactoria<\/strong><\/h3>\n<p><strong>Para un 76% de los empleados de oficina que han teletrabajado, el teletrabajo NO ha sido una experiencia totalmente satisfactoria<\/strong>, d\u00e1ndose una situaci\u00f3n ambivalente.\u00a0 Trabajar desde casa ofrece elementos positivos: el menor riesgo de contagio, mejor organizaci\u00f3n del tiempo y especialmente ahorro tiempo\/dinero en desplazamientos. Pero el teletrabajo tambi\u00e9n comporta otras ineficiencias en determinadas tareas profesionales que s\u00f3lo pueden obtenerse en las oficinas como por ejemplo el trabajo en equipo, las limitaciones t\u00e9cnicas o el aislamiento necesario.<\/p>\n<p>Solo un 11,7% de los entrevistados preferir\u00eda trabajar en remoto, full time, renunciando completamente a la oficina. Para el<strong> 88,3% restante la oficina sigue ofreci\u00e9ndole ventajas.<\/strong><\/p>\n<p><strong>Mientras que solo un 9% de trabajadores quieren estar presentes en la oficina 5 d\u00edas a la semana, el 91% esperan que se d\u00e9 una consolidaci\u00f3n futura mixta de trabajo. Quieren combinar <\/strong><strong>entre 2\/3 d\u00edas de trabajo desde casa y\/o desde la oficina adaptada a los nuevos tiempos<\/strong><strong>.<\/strong><\/p>\n<h3><strong>Simbiosis entre la percepci\u00f3n de empleados y empleadores<\/strong><\/h3>\n<p>Con el estudio en cuesti\u00f3n tambi\u00e9n se\u00f1alamos <strong>una alta correspondencia, y simbiosis, entre el sentimiento de satisfacci\u00f3n entre empleado y empleador en relaci\u00f3n a la experiencia de Teletrabajo hasta ahora. En ambos lados solo se observa entre un 6 y 8 % de insatisfacci\u00f3n, respectivamente. <\/strong>Otro dato relevante es que <strong>el 89% trabajadores conf\u00eda que su empresa mantendr\u00e1 ciertas cuotas de teletrabajo. Que el teletrabajo no ha sido una mera medida temporal.<\/strong><\/p>\n<h3><strong>Cambio en las prioridades en el espacio trabajo: oficina adaptada a los nuevos tiempos <\/strong><\/h3>\n<p><strong>Los<\/strong> <strong>profesionales que mayor experiencia tienen en el teletrabajo piden una <\/strong><strong>transformaci\u00f3n de los espacios oficina. <\/strong>El 63% se\u00f1ala que es necesario realizar cambios m\u00e1s all\u00e1 de un espacio seguro, complementario\/alternativo y de usos \u201caleatorio\u201d \u2013 sin m\u00e1s &#8211;\u00a0 sino que ya apuntan hacia la oficina como espacio \u201cespecializado\u201d para realizar determinadas tareas que en casa \u2013 teletrabajando &#8211; no se ejecutan de forma tan satisfactoria.<\/p>\n<p>Hasta ahora las prioridades exigidas a un espacio oficina, <strong>y m\u00e1s durante el periodo Covid-19 han tenido que ver con el bienestar ambiental y la salud.<\/strong> A partir de ahora las prioridades y las demandas de <strong>transformaci\u00f3n<\/strong> de las oficinas son de un <strong>corte m\u00e1s racional y apuntan a resolver de forma integrada la funcionalidad del espacio dependiendo del tipo de actividad y las herramientas que se utilizan.<\/strong><\/p>\n<p><strong>De este modo surge un cl\u00faster que integra diversas prioridades: conectividad, dispositivos (hard\/soft); ac\u00fastica-insonorizaci\u00f3n, distancia entre personas, rendimiento y productividad y la polivalencia de espacios.<\/strong> Elementos que pasan a conformar un concepto h\u00edbrido<strong>:<\/strong> <strong>ergonom\u00eda del espacio, clave <\/strong>para repensar el espacio y la funci\u00f3n de una oficina.<\/p>\n<p><img loading=\"lazy\" decoding=\"async\" class=\" wp-image-6183 aligncenter\" src=\"https:\/\/grupefebe.com\/custom\/uploads\/2021\/03\/IMG_0326-300x200.jpg\" alt=\"oficina adaptada a los nuevos tiempos\" width=\"943\" height=\"628\" srcset=\"https:\/\/grupefebe.com\/custom\/uploads\/2021\/03\/IMG_0326-300x200.jpg 300w, https:\/\/grupefebe.com\/custom\/uploads\/2021\/03\/IMG_0326-1024x683.jpg 1024w, https:\/\/grupefebe.com\/custom\/uploads\/2021\/03\/IMG_0326-768x512.jpg 768w, https:\/\/grupefebe.com\/custom\/uploads\/2021\/03\/IMG_0326-1536x1024.jpg 1536w, https:\/\/grupefebe.com\/custom\/uploads\/2021\/03\/IMG_0326-2048x1365.jpg 2048w\" sizes=\"auto, (max-width: 943px) 100vw, 943px\" \/><\/p>\n<h3><strong>Repensar el espacio de trabajo\/oficina, \u00bfcon <\/strong><strong>qu\u00e9 funci\u00f3n?<\/strong><\/h3>\n<p>El <strong><em>Bar\u00f3metro Grup Efeb\u00e9 2021: Teletrabajo y la necesidad de repensar el Espacio Oficina<\/em><\/strong> concluye que en ese mix semipresencial\/semi remoto, <strong>la oficina f\u00edsica sigue jugando un papel clave.<\/strong>\u00a0 De este modo, tendr\u00e1 que convertirse en una oficina adaptada a los nuevos tiempos. Entonces, \u00bfqu\u00e9 tareas es mejor realizar dentro del espacio oficina y qu\u00e9 tareas fuera de \u00e9ste?<\/p>\n<ul>\n<li><strong>El trabajo individual y de concentraci\u00f3n (<\/strong><em>individual thinking<\/em><strong>) se perfila como el tipo de tarea m\u00e1s id\u00f3neo para realizar fuera de la oficina.\u00a0\u00a0<\/strong><\/li>\n<\/ul>\n<ul>\n<li><strong>La oficina debe proporcionar m\u00e1s espacio de trabajo compartido<\/strong>. Concentrar menos tiempo dedicado a tareas individuales y facilitar preferentemente el networking, el trabajo en equipo, y la cocreaci\u00f3n.<\/li>\n<\/ul>\n<ul>\n<li><strong>Y ofrecer un nuevo espacio \u201cespecializado<\/strong>\u201d para realizar determinadas <strong>tareas que en casa <\/strong><strong>no se ejecutan de forma satisfactoria. <\/strong>Ah\u00ed toma especial importancia el silencio y los recursos para la conectividad\/trabajo en remoto. (videocalls \u201cformales de calidad\u201d: esta interacci\u00f3n en remoto, dependiendo con qui\u00e9n, de su formalidad, compromiso de imagen y reputaci\u00f3n corporativa ser\u00e1 preferible realizarlas en el entorno, los recursos que ofrece una oficina (bajo el \u201cparaguas\u201d de una oficina).<\/li>\n<\/ul>\n<p><img loading=\"lazy\" decoding=\"async\" class=\"aligncenter size-full wp-image-6196\" src=\"https:\/\/grupefebe.com\/custom\/uploads\/2021\/03\/1587648326-X-Change_amb-1-Quadrifoglio-Group-1.jpg\" alt=\"\" width=\"2400\" height=\"1701\" srcset=\"https:\/\/grupefebe.com\/custom\/uploads\/2021\/03\/1587648326-X-Change_amb-1-Quadrifoglio-Group-1.jpg 2400w, https:\/\/grupefebe.com\/custom\/uploads\/2021\/03\/1587648326-X-Change_amb-1-Quadrifoglio-Group-1-300x213.jpg 300w, https:\/\/grupefebe.com\/custom\/uploads\/2021\/03\/1587648326-X-Change_amb-1-Quadrifoglio-Group-1-1024x726.jpg 1024w, https:\/\/grupefebe.com\/custom\/uploads\/2021\/03\/1587648326-X-Change_amb-1-Quadrifoglio-Group-1-768x544.jpg 768w, https:\/\/grupefebe.com\/custom\/uploads\/2021\/03\/1587648326-X-Change_amb-1-Quadrifoglio-Group-1-1536x1089.jpg 1536w, https:\/\/grupefebe.com\/custom\/uploads\/2021\/03\/1587648326-X-Change_amb-1-Quadrifoglio-Group-1-2048x1452.jpg 2048w\" sizes=\"auto, (max-width: 2400px) 100vw, 2400px\" \/><\/p>\n<h3><strong>Las empresas deben promover la conveniencia de volver a la oficina adaptada a los nuevos tiempos<br \/>\n<\/strong><\/h3>\n<p><strong>Esta nueva organizaci\u00f3n del trabajo la tiene que liderar la empresa. Debe ser la encargada de dirigir, asentar criterios y fortalecer una cultura mixta de trabajo <\/strong>que sea beneficiosa para ambas partes. <strong>Una nueva organizaci\u00f3n del trabajo que combine: trabajo en remoto en casa y trabajo en remoto o presencial en oficina.<\/strong><\/p>\n<p><strong>Con todo, las oficinas no solo tendr\u00e1n que ofrecer algo que sea distintivo, seductor y <em>friendly <\/em>para que el empleado desee volver a la oficina adaptada a los nuevos tiempos<\/strong><strong>. La empresa tendr\u00e1 que redefinir un espacio pr\u00e1ctico, funcional e id\u00f3neo para la ejecuci\u00f3n de determinadas funciones<\/strong> que en casa no se realizan de forma eficiente.<\/p>\n<p>Como se\u00f1ala nuestro Bar\u00f3metro, estos cambios deben agilizarse (se prev\u00e9 en septiembre mayor normalizaci\u00f3n sanitaria y el retorno generalizado a las oficinas). Y por ahora <strong>s\u00f3lo un 26% de las oficinas ha realizado cambios o remodelaciones en su espacio, que no han ido m\u00e1s all\u00e1 de ser medidas reactivas y provisionales ligadas a la actual situaci\u00f3n sanitaria. <\/strong>A\u00fan distan mucho de constituir cambios estructurales, reales que respondan a un dise\u00f1o pensado y basado en la reorganizaci\u00f3n del nuevo paradigma del trabajo in\/out.<\/p>\n","protected":false},"excerpt":{"rendered":"<p>Despu\u00e9s de un a\u00f1o de teletrabajo imperfecto, los profesionales que trabajan en el espacio oficina solicitan a sus empresas mantener [&hellip;]<\/p>\n","protected":false},"author":1,"featured_media":6174,"comment_status":"closed","ping_status":"closed","sticky":false,"template":"","format":"standard","meta":{"_acf_changed":false,"footnotes":"","_links_to":"","_links_to_target":""},"categories":[200],"class_list":["post-6166","post","type-post","status-publish","format-standard","has-post-thumbnail","hentry","category-oficinas"],"acf":[],"yoast_head":"<!-- This site is optimized with the Yoast SEO plugin v25.9 - https:\/\/yoast.com\/wordpress\/plugins\/seo\/ -->\n<title>Los teletrabajadores piden volver a una oficina adaptada a los nuevos tiempos y que les ayude a conciliar mejor | Grupo Efeb\u00e9<\/title>\n<meta name=\"description\" content=\"&quot;Los teletrabajadores piden volver a una oficina adaptada a los nuevos tiempos&quot;. Descubre m\u00e1s en el art\u00edculo de Grup Efeb\u00e9 aqu\u00ed.\" \/>\n<meta name=\"robots\" content=\"index, follow, max-snippet:-1, max-image-preview:large, max-video-preview:-1\" \/>\n<link rel=\"canonical\" href=\"https:\/\/grupefebe.com\/es\/los-teletrabajadores-piden-volver-a-una-oficina-adaptada-a-los-nuevos-tiempos-y-que-les-ayude-a-conciliar-mejor\/\" \/>\n<meta property=\"og:locale\" content=\"es_ES\" \/>\n<meta property=\"og:type\" content=\"article\" \/>\n<meta property=\"og:title\" content=\"Los teletrabajadores piden volver a una oficina adaptada a los nuevos tiempos y que les ayude a conciliar mejor | Grupo Efeb\u00e9\" \/>\n<meta property=\"og:description\" content=\"&quot;Los teletrabajadores piden volver a una oficina adaptada a los nuevos tiempos&quot;. Descubre m\u00e1s en el art\u00edculo de Grup Efeb\u00e9 aqu\u00ed.\" \/>\n<meta property=\"og:url\" content=\"https:\/\/grupefebe.com\/es\/los-teletrabajadores-piden-volver-a-una-oficina-adaptada-a-los-nuevos-tiempos-y-que-les-ayude-a-conciliar-mejor\/\" \/>\n<meta property=\"og:site_name\" content=\"Grupo Efeb\u00e9\" \/>\n<meta property=\"article:publisher\" content=\"https:\/\/www.facebook.com\/grup.efebe\" \/>\n<meta property=\"article:published_time\" content=\"2021-03-29T11:39:03+00:00\" \/>\n<meta property=\"article:modified_time\" content=\"2021-03-30T08:26:21+00:00\" \/>\n<meta property=\"og:image\" content=\"https:\/\/grupefebe.com\/custom\/uploads\/2021\/03\/TransperfectZurich-01-scaled.jpg\" \/>\n\t<meta property=\"og:image:width\" content=\"2560\" \/>\n\t<meta property=\"og:image:height\" content=\"1707\" \/>\n\t<meta property=\"og:image:type\" content=\"image\/jpeg\" \/>\n<meta name=\"author\" content=\"efebe\" \/>\n<meta name=\"twitter:card\" content=\"summary_large_image\" \/>\n<meta name=\"twitter:creator\" content=\"@grup_efebe\" \/>\n<meta name=\"twitter:site\" content=\"@grup_efebe\" \/>\n<meta name=\"twitter:label1\" content=\"Escrito por\" \/>\n\t<meta name=\"twitter:data1\" content=\"efebe\" \/>\n\t<meta name=\"twitter:label2\" content=\"Tiempo de lectura\" \/>\n\t<meta name=\"twitter:data2\" content=\"6 minutos\" \/>\n<script type=\"application\/ld+json\" class=\"yoast-schema-graph\">{\"@context\":\"https:\/\/schema.org\",\"@graph\":[{\"@type\":\"Article\",\"@id\":\"https:\/\/grupefebe.com\/es\/los-teletrabajadores-piden-volver-a-una-oficina-adaptada-a-los-nuevos-tiempos-y-que-les-ayude-a-conciliar-mejor\/#article\",\"isPartOf\":{\"@id\":\"https:\/\/grupefebe.com\/es\/los-teletrabajadores-piden-volver-a-una-oficina-adaptada-a-los-nuevos-tiempos-y-que-les-ayude-a-conciliar-mejor\/\"},\"author\":{\"name\":\"efebe\",\"@id\":\"https:\/\/mail.grupefebe.com\/es\/#\/schema\/person\/ea29ae2644736bcdb432a0b7f0d814cd\"},\"headline\":\"Los teletrabajadores piden volver a una oficina adaptada a los nuevos tiempos y que les ayude a conciliar mejor\",\"datePublished\":\"2021-03-29T11:39:03+00:00\",\"dateModified\":\"2021-03-30T08:26:21+00:00\",\"mainEntityOfPage\":{\"@id\":\"https:\/\/grupefebe.com\/es\/los-teletrabajadores-piden-volver-a-una-oficina-adaptada-a-los-nuevos-tiempos-y-que-les-ayude-a-conciliar-mejor\/\"},\"wordCount\":1281,\"publisher\":{\"@id\":\"https:\/\/mail.grupefebe.com\/es\/#organization\"},\"image\":{\"@id\":\"https:\/\/grupefebe.com\/es\/los-teletrabajadores-piden-volver-a-una-oficina-adaptada-a-los-nuevos-tiempos-y-que-les-ayude-a-conciliar-mejor\/#primaryimage\"},\"thumbnailUrl\":\"https:\/\/grupefebe.com\/custom\/uploads\/2021\/03\/TransperfectZurich-01-scaled.jpg\",\"articleSection\":[\"Oficinas\"],\"inLanguage\":\"es\"},{\"@type\":\"WebPage\",\"@id\":\"https:\/\/grupefebe.com\/es\/los-teletrabajadores-piden-volver-a-una-oficina-adaptada-a-los-nuevos-tiempos-y-que-les-ayude-a-conciliar-mejor\/\",\"url\":\"https:\/\/grupefebe.com\/es\/los-teletrabajadores-piden-volver-a-una-oficina-adaptada-a-los-nuevos-tiempos-y-que-les-ayude-a-conciliar-mejor\/\",\"name\":\"Los teletrabajadores piden volver a una oficina adaptada a los nuevos tiempos y que les ayude a conciliar mejor | Grupo Efeb\u00e9\",\"isPartOf\":{\"@id\":\"https:\/\/mail.grupefebe.com\/es\/#website\"},\"primaryImageOfPage\":{\"@id\":\"https:\/\/grupefebe.com\/es\/los-teletrabajadores-piden-volver-a-una-oficina-adaptada-a-los-nuevos-tiempos-y-que-les-ayude-a-conciliar-mejor\/#primaryimage\"},\"image\":{\"@id\":\"https:\/\/grupefebe.com\/es\/los-teletrabajadores-piden-volver-a-una-oficina-adaptada-a-los-nuevos-tiempos-y-que-les-ayude-a-conciliar-mejor\/#primaryimage\"},\"thumbnailUrl\":\"https:\/\/grupefebe.com\/custom\/uploads\/2021\/03\/TransperfectZurich-01-scaled.jpg\",\"datePublished\":\"2021-03-29T11:39:03+00:00\",\"dateModified\":\"2021-03-30T08:26:21+00:00\",\"description\":\"\\\"Los teletrabajadores piden volver a una oficina adaptada a los nuevos tiempos\\\". Descubre m\u00e1s en el art\u00edculo de Grup Efeb\u00e9 aqu\u00ed.\",\"breadcrumb\":{\"@id\":\"https:\/\/grupefebe.com\/es\/los-teletrabajadores-piden-volver-a-una-oficina-adaptada-a-los-nuevos-tiempos-y-que-les-ayude-a-conciliar-mejor\/#breadcrumb\"},\"inLanguage\":\"es\",\"potentialAction\":[{\"@type\":\"ReadAction\",\"target\":[\"https:\/\/grupefebe.com\/es\/los-teletrabajadores-piden-volver-a-una-oficina-adaptada-a-los-nuevos-tiempos-y-que-les-ayude-a-conciliar-mejor\/\"]}]},{\"@type\":\"ImageObject\",\"inLanguage\":\"es\",\"@id\":\"https:\/\/grupefebe.com\/es\/los-teletrabajadores-piden-volver-a-una-oficina-adaptada-a-los-nuevos-tiempos-y-que-les-ayude-a-conciliar-mejor\/#primaryimage\",\"url\":\"https:\/\/grupefebe.com\/custom\/uploads\/2021\/03\/TransperfectZurich-01-scaled.jpg\",\"contentUrl\":\"https:\/\/grupefebe.com\/custom\/uploads\/2021\/03\/TransperfectZurich-01-scaled.jpg\",\"width\":2560,\"height\":1707,\"caption\":\"oficina adaptada a los nuevos tiempos\"},{\"@type\":\"BreadcrumbList\",\"@id\":\"https:\/\/grupefebe.com\/es\/los-teletrabajadores-piden-volver-a-una-oficina-adaptada-a-los-nuevos-tiempos-y-que-les-ayude-a-conciliar-mejor\/#breadcrumb\",\"itemListElement\":[{\"@type\":\"ListItem\",\"position\":1,\"name\":\"Inici\",\"item\":\"https:\/\/mail.grupefebe.com\/es\/\"},{\"@type\":\"ListItem\",\"position\":2,\"name\":\"Los teletrabajadores piden volver a una oficina adaptada a los nuevos tiempos y que les ayude a conciliar mejor\"}]},{\"@type\":\"WebSite\",\"@id\":\"https:\/\/mail.grupefebe.com\/es\/#website\",\"url\":\"https:\/\/mail.grupefebe.com\/es\/\",\"name\":\"Grup Efeb\u00e9\",\"description\":\"Otro sitio realizado con WordPress\",\"publisher\":{\"@id\":\"https:\/\/mail.grupefebe.com\/es\/#organization\"},\"potentialAction\":[{\"@type\":\"SearchAction\",\"target\":{\"@type\":\"EntryPoint\",\"urlTemplate\":\"https:\/\/mail.grupefebe.com\/es\/?s={search_term_string}\"},\"query-input\":{\"@type\":\"PropertyValueSpecification\",\"valueRequired\":true,\"valueName\":\"search_term_string\"}}],\"inLanguage\":\"es\"},{\"@type\":\"Organization\",\"@id\":\"https:\/\/mail.grupefebe.com\/es\/#organization\",\"name\":\"Grup Efeb\u00e9\",\"url\":\"https:\/\/mail.grupefebe.com\/es\/\",\"logo\":{\"@type\":\"ImageObject\",\"inLanguage\":\"es\",\"@id\":\"https:\/\/mail.grupefebe.com\/es\/#\/schema\/logo\/image\/\",\"url\":\"https:\/\/grupefebe.com\/custom\/uploads\/2021\/01\/logo-efebe.png\",\"contentUrl\":\"https:\/\/grupefebe.com\/custom\/uploads\/2021\/01\/logo-efebe.png\",\"width\":524,\"height\":135,\"caption\":\"Grup Efeb\u00e9\"},\"image\":{\"@id\":\"https:\/\/mail.grupefebe.com\/es\/#\/schema\/logo\/image\/\"},\"sameAs\":[\"https:\/\/www.facebook.com\/grup.efebe\",\"https:\/\/x.com\/grup_efebe\",\"https:\/\/www.instagram.com\/grup_efebe\/\",\"https:\/\/www.linkedin.com\/company\/grupefebe\",\"https:\/\/www.youtube.com\/channel\/UCj11-LAuLhPfqrL2649Xzrw\"]},{\"@type\":\"Person\",\"@id\":\"https:\/\/mail.grupefebe.com\/es\/#\/schema\/person\/ea29ae2644736bcdb432a0b7f0d814cd\",\"name\":\"efebe\",\"image\":{\"@type\":\"ImageObject\",\"inLanguage\":\"es\",\"@id\":\"https:\/\/mail.grupefebe.com\/es\/#\/schema\/person\/image\/\",\"url\":\"https:\/\/secure.gravatar.com\/avatar\/fe57a3f139ea81c65a338e37a8064b4e80844f839737532820c9107eb9e1966f?s=96&d=mm&r=g\",\"contentUrl\":\"https:\/\/secure.gravatar.com\/avatar\/fe57a3f139ea81c65a338e37a8064b4e80844f839737532820c9107eb9e1966f?s=96&d=mm&r=g\",\"caption\":\"efebe\"},\"url\":\"https:\/\/grupefebe.com\/es\/author\/efebe\/\"}]}<\/script>\n<!-- \/ Yoast SEO plugin. -->","yoast_head_json":{"title":"Los teletrabajadores piden volver a una oficina adaptada a los nuevos tiempos y que les ayude a conciliar mejor | Grupo Efeb\u00e9","description":"\"Los teletrabajadores piden volver a una oficina adaptada a los nuevos tiempos\". Descubre m\u00e1s en el art\u00edculo de Grup Efeb\u00e9 aqu\u00ed.","robots":{"index":"index","follow":"follow","max-snippet":"max-snippet:-1","max-image-preview":"max-image-preview:large","max-video-preview":"max-video-preview:-1"},"canonical":"https:\/\/grupefebe.com\/es\/los-teletrabajadores-piden-volver-a-una-oficina-adaptada-a-los-nuevos-tiempos-y-que-les-ayude-a-conciliar-mejor\/","og_locale":"es_ES","og_type":"article","og_title":"Los teletrabajadores piden volver a una oficina adaptada a los nuevos tiempos y que les ayude a conciliar mejor | Grupo Efeb\u00e9","og_description":"\"Los teletrabajadores piden volver a una oficina adaptada a los nuevos tiempos\". Descubre m\u00e1s en el art\u00edculo de Grup Efeb\u00e9 aqu\u00ed.","og_url":"https:\/\/grupefebe.com\/es\/los-teletrabajadores-piden-volver-a-una-oficina-adaptada-a-los-nuevos-tiempos-y-que-les-ayude-a-conciliar-mejor\/","og_site_name":"Grupo Efeb\u00e9","article_publisher":"https:\/\/www.facebook.com\/grup.efebe","article_published_time":"2021-03-29T11:39:03+00:00","article_modified_time":"2021-03-30T08:26:21+00:00","og_image":[{"width":2560,"height":1707,"url":"https:\/\/grupefebe.com\/custom\/uploads\/2021\/03\/TransperfectZurich-01-scaled.jpg","type":"image\/jpeg"}],"author":"efebe","twitter_card":"summary_large_image","twitter_creator":"@grup_efebe","twitter_site":"@grup_efebe","twitter_misc":{"Escrito por":"efebe","Tiempo de lectura":"6 minutos"},"schema":{"@context":"https:\/\/schema.org","@graph":[{"@type":"Article","@id":"https:\/\/grupefebe.com\/es\/los-teletrabajadores-piden-volver-a-una-oficina-adaptada-a-los-nuevos-tiempos-y-que-les-ayude-a-conciliar-mejor\/#article","isPartOf":{"@id":"https:\/\/grupefebe.com\/es\/los-teletrabajadores-piden-volver-a-una-oficina-adaptada-a-los-nuevos-tiempos-y-que-les-ayude-a-conciliar-mejor\/"},"author":{"name":"efebe","@id":"https:\/\/mail.grupefebe.com\/es\/#\/schema\/person\/ea29ae2644736bcdb432a0b7f0d814cd"},"headline":"Los teletrabajadores piden volver a una oficina adaptada a los nuevos tiempos y que les ayude a conciliar mejor","datePublished":"2021-03-29T11:39:03+00:00","dateModified":"2021-03-30T08:26:21+00:00","mainEntityOfPage":{"@id":"https:\/\/grupefebe.com\/es\/los-teletrabajadores-piden-volver-a-una-oficina-adaptada-a-los-nuevos-tiempos-y-que-les-ayude-a-conciliar-mejor\/"},"wordCount":1281,"publisher":{"@id":"https:\/\/mail.grupefebe.com\/es\/#organization"},"image":{"@id":"https:\/\/grupefebe.com\/es\/los-teletrabajadores-piden-volver-a-una-oficina-adaptada-a-los-nuevos-tiempos-y-que-les-ayude-a-conciliar-mejor\/#primaryimage"},"thumbnailUrl":"https:\/\/grupefebe.com\/custom\/uploads\/2021\/03\/TransperfectZurich-01-scaled.jpg","articleSection":["Oficinas"],"inLanguage":"es"},{"@type":"WebPage","@id":"https:\/\/grupefebe.com\/es\/los-teletrabajadores-piden-volver-a-una-oficina-adaptada-a-los-nuevos-tiempos-y-que-les-ayude-a-conciliar-mejor\/","url":"https:\/\/grupefebe.com\/es\/los-teletrabajadores-piden-volver-a-una-oficina-adaptada-a-los-nuevos-tiempos-y-que-les-ayude-a-conciliar-mejor\/","name":"Los teletrabajadores piden volver a una oficina adaptada a los nuevos tiempos y que les ayude a conciliar mejor | Grupo Efeb\u00e9","isPartOf":{"@id":"https:\/\/mail.grupefebe.com\/es\/#website"},"primaryImageOfPage":{"@id":"https:\/\/grupefebe.com\/es\/los-teletrabajadores-piden-volver-a-una-oficina-adaptada-a-los-nuevos-tiempos-y-que-les-ayude-a-conciliar-mejor\/#primaryimage"},"image":{"@id":"https:\/\/grupefebe.com\/es\/los-teletrabajadores-piden-volver-a-una-oficina-adaptada-a-los-nuevos-tiempos-y-que-les-ayude-a-conciliar-mejor\/#primaryimage"},"thumbnailUrl":"https:\/\/grupefebe.com\/custom\/uploads\/2021\/03\/TransperfectZurich-01-scaled.jpg","datePublished":"2021-03-29T11:39:03+00:00","dateModified":"2021-03-30T08:26:21+00:00","description":"\"Los teletrabajadores piden volver a una oficina adaptada a los nuevos tiempos\". Descubre m\u00e1s en el art\u00edculo de Grup Efeb\u00e9 aqu\u00ed.","breadcrumb":{"@id":"https:\/\/grupefebe.com\/es\/los-teletrabajadores-piden-volver-a-una-oficina-adaptada-a-los-nuevos-tiempos-y-que-les-ayude-a-conciliar-mejor\/#breadcrumb"},"inLanguage":"es","potentialAction":[{"@type":"ReadAction","target":["https:\/\/grupefebe.com\/es\/los-teletrabajadores-piden-volver-a-una-oficina-adaptada-a-los-nuevos-tiempos-y-que-les-ayude-a-conciliar-mejor\/"]}]},{"@type":"ImageObject","inLanguage":"es","@id":"https:\/\/grupefebe.com\/es\/los-teletrabajadores-piden-volver-a-una-oficina-adaptada-a-los-nuevos-tiempos-y-que-les-ayude-a-conciliar-mejor\/#primaryimage","url":"https:\/\/grupefebe.com\/custom\/uploads\/2021\/03\/TransperfectZurich-01-scaled.jpg","contentUrl":"https:\/\/grupefebe.com\/custom\/uploads\/2021\/03\/TransperfectZurich-01-scaled.jpg","width":2560,"height":1707,"caption":"oficina adaptada a los nuevos tiempos"},{"@type":"BreadcrumbList","@id":"https:\/\/grupefebe.com\/es\/los-teletrabajadores-piden-volver-a-una-oficina-adaptada-a-los-nuevos-tiempos-y-que-les-ayude-a-conciliar-mejor\/#breadcrumb","itemListElement":[{"@type":"ListItem","position":1,"name":"Inici","item":"https:\/\/mail.grupefebe.com\/es\/"},{"@type":"ListItem","position":2,"name":"Los teletrabajadores piden volver a una oficina adaptada a los nuevos tiempos y que les ayude a conciliar mejor"}]},{"@type":"WebSite","@id":"https:\/\/mail.grupefebe.com\/es\/#website","url":"https:\/\/mail.grupefebe.com\/es\/","name":"Grup Efeb\u00e9","description":"Otro sitio realizado con WordPress","publisher":{"@id":"https:\/\/mail.grupefebe.com\/es\/#organization"},"potentialAction":[{"@type":"SearchAction","target":{"@type":"EntryPoint","urlTemplate":"https:\/\/mail.grupefebe.com\/es\/?s={search_term_string}"},"query-input":{"@type":"PropertyValueSpecification","valueRequired":true,"valueName":"search_term_string"}}],"inLanguage":"es"},{"@type":"Organization","@id":"https:\/\/mail.grupefebe.com\/es\/#organization","name":"Grup Efeb\u00e9","url":"https:\/\/mail.grupefebe.com\/es\/","logo":{"@type":"ImageObject","inLanguage":"es","@id":"https:\/\/mail.grupefebe.com\/es\/#\/schema\/logo\/image\/","url":"https:\/\/grupefebe.com\/custom\/uploads\/2021\/01\/logo-efebe.png","contentUrl":"https:\/\/grupefebe.com\/custom\/uploads\/2021\/01\/logo-efebe.png","width":524,"height":135,"caption":"Grup Efeb\u00e9"},"image":{"@id":"https:\/\/mail.grupefebe.com\/es\/#\/schema\/logo\/image\/"},"sameAs":["https:\/\/www.facebook.com\/grup.efebe","https:\/\/x.com\/grup_efebe","https:\/\/www.instagram.com\/grup_efebe\/","https:\/\/www.linkedin.com\/company\/grupefebe","https:\/\/www.youtube.com\/channel\/UCj11-LAuLhPfqrL2649Xzrw"]},{"@type":"Person","@id":"https:\/\/mail.grupefebe.com\/es\/#\/schema\/person\/ea29ae2644736bcdb432a0b7f0d814cd","name":"efebe","image":{"@type":"ImageObject","inLanguage":"es","@id":"https:\/\/mail.grupefebe.com\/es\/#\/schema\/person\/image\/","url":"https:\/\/secure.gravatar.com\/avatar\/fe57a3f139ea81c65a338e37a8064b4e80844f839737532820c9107eb9e1966f?s=96&d=mm&r=g","contentUrl":"https:\/\/secure.gravatar.com\/avatar\/fe57a3f139ea81c65a338e37a8064b4e80844f839737532820c9107eb9e1966f?s=96&d=mm&r=g","caption":"efebe"},"url":"https:\/\/grupefebe.com\/es\/author\/efebe\/"}]}},"_links":{"self":[{"href":"https:\/\/grupefebe.com\/es\/wp-json\/wp\/v2\/posts\/6166","targetHints":{"allow":["GET"]}}],"collection":[{"href":"https:\/\/grupefebe.com\/es\/wp-json\/wp\/v2\/posts"}],"about":[{"href":"https:\/\/grupefebe.com\/es\/wp-json\/wp\/v2\/types\/post"}],"author":[{"embeddable":true,"href":"https:\/\/grupefebe.com\/es\/wp-json\/wp\/v2\/users\/1"}],"replies":[{"embeddable":true,"href":"https:\/\/grupefebe.com\/es\/wp-json\/wp\/v2\/comments?post=6166"}],"version-history":[{"count":11,"href":"https:\/\/grupefebe.com\/es\/wp-json\/wp\/v2\/posts\/6166\/revisions"}],"predecessor-version":[{"id":6200,"href":"https:\/\/grupefebe.com\/es\/wp-json\/wp\/v2\/posts\/6166\/revisions\/6200"}],"wp:featuredmedia":[{"embeddable":true,"href":"https:\/\/grupefebe.com\/es\/wp-json\/wp\/v2\/media\/6174"}],"wp:attachment":[{"href":"https:\/\/grupefebe.com\/es\/wp-json\/wp\/v2\/media?parent=6166"}],"wp:term":[{"taxonomy":"category","embeddable":true,"href":"https:\/\/grupefebe.com\/es\/wp-json\/wp\/v2\/categories?post=6166"}],"curies":[{"name":"wp","href":"https:\/\/api.w.org\/{rel}","templated":true}]}}