{"id":6985,"date":"2019-10-24T22:02:44","date_gmt":"2019-10-24T22:02:44","guid":{"rendered":"https:\/\/grupefebe.com\/anna-fornt-rep-el-premi-fidem-2019-a-la-corresponsabilitat\/"},"modified":"2022-11-15T10:00:20","modified_gmt":"2022-11-15T10:00:20","slug":"anna-fornt-recibe-el-premio-fidem-2019-a-la-corresponsabilidad","status":"publish","type":"post","link":"https:\/\/grupefebe.com\/es\/anna-fornt-recibe-el-premio-fidem-2019-a-la-corresponsabilidad\/","title":{"rendered":"Anna Fornt recibe el Premio Fidem 2019 a la Corresponsabilidad"},"content":{"rendered":"<p>Anoche se celebr\u00f3 la\u00a0<strong>XXII Edici\u00f3n de los Premios Fidem<\/strong>\u00a0el Caixaforum de Barcelona, \u200b\u200buna forma de reconocer el talento y trabajo de 8 mujeres empresarias de Catalu\u00f1a.<\/p>\n<p>La\u00a0<a href=\"http:\/\/www.fidem.info\/es\/\" target=\"_blank\" rel=\"noopener\">Fundaci\u00f3n FIDEM<\/a>\u00a0(Fundaci\u00f3n Internacional de la Mujer Emprendedora), creadora de este evento hace ya veintid\u00f3s a\u00f1os, defiende la igualdad de g\u00e9nero y el empoderamiento de las mujeres en cuanto a su visibilidad e influencia en la sociedad. En los momentos que vivimos, creemos muy necesario un acontecimiento que empodera a las mujeres y permita reforzar y visibilizar la actividad empresarial femenina. El equipo de Efeb\u00e9 est\u00e1 formado por mujeres pr\u00e1cticamente en su totalidad y estamos muy orgullosas de formar parte de un acto que comparta estos valores.<\/p>\n<p>Nuestra directora,\u00a0<strong>Anna<\/strong>\u00a0<strong>Fornt<\/strong>, ha obtenido unos de los ocho premios, el que hace referencia a la\u00a0<strong>Corresponsabilidad<\/strong>. Felicidades Anna, eres un ejemplo de emprendimiento, generosidad e implicaci\u00f3n.<\/p>\n<p>Asimismo, desde\u00a0<strong>Grupo Efeb\u00e9<\/strong>\u00a0tambi\u00e9n queremos dar la enhorabuena a las otras siete ganadoras de los premios por\u00a0<b>emprendimiento\u00a0<\/b>(Teresa Roledo de Ralet Ralet),\u00a0<strong>trayectoria profesional<\/strong>\u00a0(Pilar\u00edn Bay\u00e9s),\u00a0<strong>emprendimiento social<\/strong>\u00a0(Clara Navarro de Ship2B),\u00a0<strong>innovaci\u00f3n<\/strong>\u00a0(Laura Soucek de Peptomyc) ,\u00a0<strong>internacionalizaci\u00f3n<\/strong>\u00a0(Maite Palomino de Iniciativas Bcn),\u00a0<strong>tecnolog\u00eda<\/strong>\u00a0(Regina Llopis de Grupo AIA) y\u00a0<strong>empresa familiar<\/strong>\u00a0(Martina Fuente de Fuente Packaging). Por ello, reconocemos el trabajo de estas mujeres emprendedoras que luchan por conseguir sus metas y aportan su fuerza para fomentar una sociedad m\u00e1s justa, mujeres inspiradoras y grandes referentes en lo que hacen.<\/p>\n\n\t\t<div class='galeria-blog owl-carousel-blog owl-carousel owl-theme'><img src='https:\/\/grupefebe.com\/custom\/uploads\/2021\/05\/Anna-Fornt-FIDEM-768x576-1.jpg'><img src='https:\/\/grupefebe.com\/custom\/uploads\/2021\/05\/Equip-Efebe-768x576-1.jpg'><img src='https:\/\/grupefebe.com\/custom\/uploads\/2021\/05\/Fidem-1-768x576-1.jpg'><img src='https:\/\/grupefebe.com\/custom\/uploads\/2021\/05\/Fidem-2019-768x576-1.jpg'><\/div>\n<div class=\"wpb_text_column \">\n<div class=\"wpb_wrapper\">\n<div class=\"wpb_text_column \">\n<div class=\"wpb_wrapper\">\n<p>A continuaci\u00f3n, Anna Fornt cuenta c\u00f3mo trabajos desde Efeb\u00e9 al trasladar nuestros valores empresariales a la forma en la que trabajamos con nuestros clientes.<\/p>\n<\/div>\n<\/div>\n<div class=\"w-video ratio_21x9\"><\/div>\n<p><iframe loading=\"lazy\" title=\"YouTube video player\" src=\"https:\/\/www.youtube.com\/embed\/niKIHS0-ZdM\" width=\"640\" height=\"480\" frameborder=\"0\" allowfullscreen=\"allowfullscreen\"><\/iframe><\/p>\n<\/div>\n<\/div>\n","protected":false},"excerpt":{"rendered":"<p>Anoche se celebr\u00f3 la\u00a0XXII Edici\u00f3n de los Premios Fidem\u00a0el Caixaforum de Barcelona, \u200b\u200buna forma de reconocer el talento y trabajo [&hellip;]<\/p>\n","protected":false},"author":1,"featured_media":6974,"comment_status":"closed","ping_status":"closed","sticky":false,"template":"","format":"standard","meta":{"_acf_changed":false,"footnotes":"","_links_to":"","_links_to_target":""},"categories":[201],"class_list":["post-6985","post","type-post","status-publish","format-standard","has-post-thumbnail","hentry","category-otros-sectores"],"acf":[],"yoast_head":"<!-- This site is optimized with the Yoast SEO plugin v25.9 - https:\/\/yoast.com\/wordpress\/plugins\/seo\/ -->\n<title>Anna Fornt recibe el Premio Fidem 2019 a la Corresponsabilidad | Grupo Efeb\u00e9<\/title>\n<meta name=\"description\" content=\"Nuestra directora, Anna Fornt, ha obtenido unos de los ocho premios, el Premio Fidem 2019 a la Corresponsabilidad\" \/>\n<meta name=\"robots\" content=\"index, follow, max-snippet:-1, max-image-preview:large, max-video-preview:-1\" \/>\n<link rel=\"canonical\" href=\"https:\/\/grupefebe.com\/es\/anna-fornt-recibe-el-premio-fidem-2019-a-la-corresponsabilidad\/\" \/>\n<meta property=\"og:locale\" content=\"es_ES\" \/>\n<meta property=\"og:type\" content=\"article\" \/>\n<meta property=\"og:title\" content=\"Anna Fornt recibe el Premio Fidem 2019 a la Corresponsabilidad | Grupo Efeb\u00e9\" \/>\n<meta property=\"og:description\" content=\"Nuestra directora, Anna Fornt, ha obtenido unos de los ocho premios, el Premio Fidem 2019 a la Corresponsabilidad\" \/>\n<meta property=\"og:url\" content=\"https:\/\/grupefebe.com\/es\/anna-fornt-recibe-el-premio-fidem-2019-a-la-corresponsabilidad\/\" \/>\n<meta property=\"og:site_name\" content=\"Grupo Efeb\u00e9\" \/>\n<meta property=\"article:publisher\" content=\"https:\/\/www.facebook.com\/grup.efebe\" \/>\n<meta property=\"article:published_time\" content=\"2019-10-24T22:02:44+00:00\" \/>\n<meta property=\"article:modified_time\" content=\"2022-11-15T10:00:20+00:00\" \/>\n<meta property=\"og:image\" content=\"https:\/\/grupefebe.com\/custom\/uploads\/2021\/05\/Anna-Fornt-1024x768-1.jpg\" \/>\n\t<meta property=\"og:image:width\" content=\"1024\" \/>\n\t<meta property=\"og:image:height\" content=\"768\" \/>\n\t<meta property=\"og:image:type\" content=\"image\/jpeg\" \/>\n<meta name=\"author\" content=\"efebe\" \/>\n<meta name=\"twitter:card\" content=\"summary_large_image\" \/>\n<meta name=\"twitter:creator\" content=\"@grup_efebe\" \/>\n<meta name=\"twitter:site\" content=\"@grup_efebe\" \/>\n<meta name=\"twitter:label1\" content=\"Escrito por\" \/>\n\t<meta name=\"twitter:data1\" content=\"efebe\" \/>\n\t<meta name=\"twitter:label2\" content=\"Tiempo de lectura\" \/>\n\t<meta name=\"twitter:data2\" content=\"2 minutos\" \/>\n<script type=\"application\/ld+json\" class=\"yoast-schema-graph\">{\"@context\":\"https:\/\/schema.org\",\"@graph\":[{\"@type\":\"Article\",\"@id\":\"https:\/\/grupefebe.com\/es\/anna-fornt-recibe-el-premio-fidem-2019-a-la-corresponsabilidad\/#article\",\"isPartOf\":{\"@id\":\"https:\/\/grupefebe.com\/es\/anna-fornt-recibe-el-premio-fidem-2019-a-la-corresponsabilidad\/\"},\"author\":{\"name\":\"efebe\",\"@id\":\"https:\/\/www.grupefebe.com\/es\/#\/schema\/person\/ea29ae2644736bcdb432a0b7f0d814cd\"},\"headline\":\"Anna Fornt recibe el Premio Fidem 2019 a la Corresponsabilidad\",\"datePublished\":\"2019-10-24T22:02:44+00:00\",\"dateModified\":\"2022-11-15T10:00:20+00:00\",\"mainEntityOfPage\":{\"@id\":\"https:\/\/grupefebe.com\/es\/anna-fornt-recibe-el-premio-fidem-2019-a-la-corresponsabilidad\/\"},\"wordCount\":293,\"publisher\":{\"@id\":\"https:\/\/www.grupefebe.com\/es\/#organization\"},\"image\":{\"@id\":\"https:\/\/grupefebe.com\/es\/anna-fornt-recibe-el-premio-fidem-2019-a-la-corresponsabilidad\/#primaryimage\"},\"thumbnailUrl\":\"https:\/\/grupefebe.com\/custom\/uploads\/2021\/05\/Anna-Fornt-1024x768-1.jpg\",\"articleSection\":[\"Otros Sectores\"],\"inLanguage\":\"es\"},{\"@type\":\"WebPage\",\"@id\":\"https:\/\/grupefebe.com\/es\/anna-fornt-recibe-el-premio-fidem-2019-a-la-corresponsabilidad\/\",\"url\":\"https:\/\/grupefebe.com\/es\/anna-fornt-recibe-el-premio-fidem-2019-a-la-corresponsabilidad\/\",\"name\":\"Anna Fornt recibe el Premio Fidem 2019 a la Corresponsabilidad | Grupo Efeb\u00e9\",\"isPartOf\":{\"@id\":\"https:\/\/www.grupefebe.com\/es\/#website\"},\"primaryImageOfPage\":{\"@id\":\"https:\/\/grupefebe.com\/es\/anna-fornt-recibe-el-premio-fidem-2019-a-la-corresponsabilidad\/#primaryimage\"},\"image\":{\"@id\":\"https:\/\/grupefebe.com\/es\/anna-fornt-recibe-el-premio-fidem-2019-a-la-corresponsabilidad\/#primaryimage\"},\"thumbnailUrl\":\"https:\/\/grupefebe.com\/custom\/uploads\/2021\/05\/Anna-Fornt-1024x768-1.jpg\",\"datePublished\":\"2019-10-24T22:02:44+00:00\",\"dateModified\":\"2022-11-15T10:00:20+00:00\",\"description\":\"Nuestra directora, Anna Fornt, ha obtenido unos de los ocho premios, el Premio Fidem 2019 a la Corresponsabilidad\",\"breadcrumb\":{\"@id\":\"https:\/\/grupefebe.com\/es\/anna-fornt-recibe-el-premio-fidem-2019-a-la-corresponsabilidad\/#breadcrumb\"},\"inLanguage\":\"es\",\"potentialAction\":[{\"@type\":\"ReadAction\",\"target\":[\"https:\/\/grupefebe.com\/es\/anna-fornt-recibe-el-premio-fidem-2019-a-la-corresponsabilidad\/\"]}]},{\"@type\":\"ImageObject\",\"inLanguage\":\"es\",\"@id\":\"https:\/\/grupefebe.com\/es\/anna-fornt-recibe-el-premio-fidem-2019-a-la-corresponsabilidad\/#primaryimage\",\"url\":\"https:\/\/grupefebe.com\/custom\/uploads\/2021\/05\/Anna-Fornt-1024x768-1.jpg\",\"contentUrl\":\"https:\/\/grupefebe.com\/custom\/uploads\/2021\/05\/Anna-Fornt-1024x768-1.jpg\",\"width\":1024,\"height\":768,\"caption\":\"Premi Fidem 2019 a la Corresponsabilitat\"},{\"@type\":\"BreadcrumbList\",\"@id\":\"https:\/\/grupefebe.com\/es\/anna-fornt-recibe-el-premio-fidem-2019-a-la-corresponsabilidad\/#breadcrumb\",\"itemListElement\":[{\"@type\":\"ListItem\",\"position\":1,\"name\":\"Inici\",\"item\":\"https:\/\/www.grupefebe.com\/es\/\"},{\"@type\":\"ListItem\",\"position\":2,\"name\":\"Anna Fornt recibe el Premio Fidem 2019 a la Corresponsabilidad\"}]},{\"@type\":\"WebSite\",\"@id\":\"https:\/\/www.grupefebe.com\/es\/#website\",\"url\":\"https:\/\/www.grupefebe.com\/es\/\",\"name\":\"Grup Efeb\u00e9\",\"description\":\"Otro sitio realizado con WordPress\",\"publisher\":{\"@id\":\"https:\/\/www.grupefebe.com\/es\/#organization\"},\"potentialAction\":[{\"@type\":\"SearchAction\",\"target\":{\"@type\":\"EntryPoint\",\"urlTemplate\":\"https:\/\/www.grupefebe.com\/es\/?s={search_term_string}\"},\"query-input\":{\"@type\":\"PropertyValueSpecification\",\"valueRequired\":true,\"valueName\":\"search_term_string\"}}],\"inLanguage\":\"es\"},{\"@type\":\"Organization\",\"@id\":\"https:\/\/www.grupefebe.com\/es\/#organization\",\"name\":\"Grup Efeb\u00e9\",\"url\":\"https:\/\/www.grupefebe.com\/es\/\",\"logo\":{\"@type\":\"ImageObject\",\"inLanguage\":\"es\",\"@id\":\"https:\/\/www.grupefebe.com\/es\/#\/schema\/logo\/image\/\",\"url\":\"https:\/\/grupefebe.com\/custom\/uploads\/2021\/01\/logo-efebe.png\",\"contentUrl\":\"https:\/\/grupefebe.com\/custom\/uploads\/2021\/01\/logo-efebe.png\",\"width\":524,\"height\":135,\"caption\":\"Grup Efeb\u00e9\"},\"image\":{\"@id\":\"https:\/\/www.grupefebe.com\/es\/#\/schema\/logo\/image\/\"},\"sameAs\":[\"https:\/\/www.facebook.com\/grup.efebe\",\"https:\/\/x.com\/grup_efebe\",\"https:\/\/www.instagram.com\/grup_efebe\/\",\"https:\/\/www.linkedin.com\/company\/grupefebe\",\"https:\/\/www.youtube.com\/channel\/UCj11-LAuLhPfqrL2649Xzrw\"]},{\"@type\":\"Person\",\"@id\":\"https:\/\/www.grupefebe.com\/es\/#\/schema\/person\/ea29ae2644736bcdb432a0b7f0d814cd\",\"name\":\"efebe\",\"image\":{\"@type\":\"ImageObject\",\"inLanguage\":\"es\",\"@id\":\"https:\/\/www.grupefebe.com\/es\/#\/schema\/person\/image\/\",\"url\":\"https:\/\/secure.gravatar.com\/avatar\/fe57a3f139ea81c65a338e37a8064b4e80844f839737532820c9107eb9e1966f?s=96&d=mm&r=g\",\"contentUrl\":\"https:\/\/secure.gravatar.com\/avatar\/fe57a3f139ea81c65a338e37a8064b4e80844f839737532820c9107eb9e1966f?s=96&d=mm&r=g\",\"caption\":\"efebe\"},\"url\":\"https:\/\/grupefebe.com\/es\/author\/efebe\/\"}]}<\/script>\n<!-- \/ Yoast SEO plugin. -->","yoast_head_json":{"title":"Anna Fornt recibe el Premio Fidem 2019 a la Corresponsabilidad | Grupo Efeb\u00e9","description":"Nuestra directora, Anna Fornt, ha obtenido unos de los ocho premios, el Premio Fidem 2019 a la Corresponsabilidad","robots":{"index":"index","follow":"follow","max-snippet":"max-snippet:-1","max-image-preview":"max-image-preview:large","max-video-preview":"max-video-preview:-1"},"canonical":"https:\/\/grupefebe.com\/es\/anna-fornt-recibe-el-premio-fidem-2019-a-la-corresponsabilidad\/","og_locale":"es_ES","og_type":"article","og_title":"Anna Fornt recibe el Premio Fidem 2019 a la Corresponsabilidad | Grupo Efeb\u00e9","og_description":"Nuestra directora, Anna Fornt, ha obtenido unos de los ocho premios, el Premio Fidem 2019 a la Corresponsabilidad","og_url":"https:\/\/grupefebe.com\/es\/anna-fornt-recibe-el-premio-fidem-2019-a-la-corresponsabilidad\/","og_site_name":"Grupo Efeb\u00e9","article_publisher":"https:\/\/www.facebook.com\/grup.efebe","article_published_time":"2019-10-24T22:02:44+00:00","article_modified_time":"2022-11-15T10:00:20+00:00","og_image":[{"width":1024,"height":768,"url":"https:\/\/grupefebe.com\/custom\/uploads\/2021\/05\/Anna-Fornt-1024x768-1.jpg","type":"image\/jpeg"}],"author":"efebe","twitter_card":"summary_large_image","twitter_creator":"@grup_efebe","twitter_site":"@grup_efebe","twitter_misc":{"Escrito por":"efebe","Tiempo de lectura":"2 minutos"},"schema":{"@context":"https:\/\/schema.org","@graph":[{"@type":"Article","@id":"https:\/\/grupefebe.com\/es\/anna-fornt-recibe-el-premio-fidem-2019-a-la-corresponsabilidad\/#article","isPartOf":{"@id":"https:\/\/grupefebe.com\/es\/anna-fornt-recibe-el-premio-fidem-2019-a-la-corresponsabilidad\/"},"author":{"name":"efebe","@id":"https:\/\/www.grupefebe.com\/es\/#\/schema\/person\/ea29ae2644736bcdb432a0b7f0d814cd"},"headline":"Anna Fornt recibe el Premio Fidem 2019 a la Corresponsabilidad","datePublished":"2019-10-24T22:02:44+00:00","dateModified":"2022-11-15T10:00:20+00:00","mainEntityOfPage":{"@id":"https:\/\/grupefebe.com\/es\/anna-fornt-recibe-el-premio-fidem-2019-a-la-corresponsabilidad\/"},"wordCount":293,"publisher":{"@id":"https:\/\/www.grupefebe.com\/es\/#organization"},"image":{"@id":"https:\/\/grupefebe.com\/es\/anna-fornt-recibe-el-premio-fidem-2019-a-la-corresponsabilidad\/#primaryimage"},"thumbnailUrl":"https:\/\/grupefebe.com\/custom\/uploads\/2021\/05\/Anna-Fornt-1024x768-1.jpg","articleSection":["Otros Sectores"],"inLanguage":"es"},{"@type":"WebPage","@id":"https:\/\/grupefebe.com\/es\/anna-fornt-recibe-el-premio-fidem-2019-a-la-corresponsabilidad\/","url":"https:\/\/grupefebe.com\/es\/anna-fornt-recibe-el-premio-fidem-2019-a-la-corresponsabilidad\/","name":"Anna Fornt recibe el Premio Fidem 2019 a la Corresponsabilidad | Grupo Efeb\u00e9","isPartOf":{"@id":"https:\/\/www.grupefebe.com\/es\/#website"},"primaryImageOfPage":{"@id":"https:\/\/grupefebe.com\/es\/anna-fornt-recibe-el-premio-fidem-2019-a-la-corresponsabilidad\/#primaryimage"},"image":{"@id":"https:\/\/grupefebe.com\/es\/anna-fornt-recibe-el-premio-fidem-2019-a-la-corresponsabilidad\/#primaryimage"},"thumbnailUrl":"https:\/\/grupefebe.com\/custom\/uploads\/2021\/05\/Anna-Fornt-1024x768-1.jpg","datePublished":"2019-10-24T22:02:44+00:00","dateModified":"2022-11-15T10:00:20+00:00","description":"Nuestra directora, Anna Fornt, ha obtenido unos de los ocho premios, el Premio Fidem 2019 a la Corresponsabilidad","breadcrumb":{"@id":"https:\/\/grupefebe.com\/es\/anna-fornt-recibe-el-premio-fidem-2019-a-la-corresponsabilidad\/#breadcrumb"},"inLanguage":"es","potentialAction":[{"@type":"ReadAction","target":["https:\/\/grupefebe.com\/es\/anna-fornt-recibe-el-premio-fidem-2019-a-la-corresponsabilidad\/"]}]},{"@type":"ImageObject","inLanguage":"es","@id":"https:\/\/grupefebe.com\/es\/anna-fornt-recibe-el-premio-fidem-2019-a-la-corresponsabilidad\/#primaryimage","url":"https:\/\/grupefebe.com\/custom\/uploads\/2021\/05\/Anna-Fornt-1024x768-1.jpg","contentUrl":"https:\/\/grupefebe.com\/custom\/uploads\/2021\/05\/Anna-Fornt-1024x768-1.jpg","width":1024,"height":768,"caption":"Premi Fidem 2019 a la Corresponsabilitat"},{"@type":"BreadcrumbList","@id":"https:\/\/grupefebe.com\/es\/anna-fornt-recibe-el-premio-fidem-2019-a-la-corresponsabilidad\/#breadcrumb","itemListElement":[{"@type":"ListItem","position":1,"name":"Inici","item":"https:\/\/www.grupefebe.com\/es\/"},{"@type":"ListItem","position":2,"name":"Anna Fornt recibe el Premio Fidem 2019 a la Corresponsabilidad"}]},{"@type":"WebSite","@id":"https:\/\/www.grupefebe.com\/es\/#website","url":"https:\/\/www.grupefebe.com\/es\/","name":"Grup Efeb\u00e9","description":"Otro sitio realizado con WordPress","publisher":{"@id":"https:\/\/www.grupefebe.com\/es\/#organization"},"potentialAction":[{"@type":"SearchAction","target":{"@type":"EntryPoint","urlTemplate":"https:\/\/www.grupefebe.com\/es\/?s={search_term_string}"},"query-input":{"@type":"PropertyValueSpecification","valueRequired":true,"valueName":"search_term_string"}}],"inLanguage":"es"},{"@type":"Organization","@id":"https:\/\/www.grupefebe.com\/es\/#organization","name":"Grup Efeb\u00e9","url":"https:\/\/www.grupefebe.com\/es\/","logo":{"@type":"ImageObject","inLanguage":"es","@id":"https:\/\/www.grupefebe.com\/es\/#\/schema\/logo\/image\/","url":"https:\/\/grupefebe.com\/custom\/uploads\/2021\/01\/logo-efebe.png","contentUrl":"https:\/\/grupefebe.com\/custom\/uploads\/2021\/01\/logo-efebe.png","width":524,"height":135,"caption":"Grup Efeb\u00e9"},"image":{"@id":"https:\/\/www.grupefebe.com\/es\/#\/schema\/logo\/image\/"},"sameAs":["https:\/\/www.facebook.com\/grup.efebe","https:\/\/x.com\/grup_efebe","https:\/\/www.instagram.com\/grup_efebe\/","https:\/\/www.linkedin.com\/company\/grupefebe","https:\/\/www.youtube.com\/channel\/UCj11-LAuLhPfqrL2649Xzrw"]},{"@type":"Person","@id":"https:\/\/www.grupefebe.com\/es\/#\/schema\/person\/ea29ae2644736bcdb432a0b7f0d814cd","name":"efebe","image":{"@type":"ImageObject","inLanguage":"es","@id":"https:\/\/www.grupefebe.com\/es\/#\/schema\/person\/image\/","url":"https:\/\/secure.gravatar.com\/avatar\/fe57a3f139ea81c65a338e37a8064b4e80844f839737532820c9107eb9e1966f?s=96&d=mm&r=g","contentUrl":"https:\/\/secure.gravatar.com\/avatar\/fe57a3f139ea81c65a338e37a8064b4e80844f839737532820c9107eb9e1966f?s=96&d=mm&r=g","caption":"efebe"},"url":"https:\/\/grupefebe.com\/es\/author\/efebe\/"}]}},"_links":{"self":[{"href":"https:\/\/grupefebe.com\/es\/wp-json\/wp\/v2\/posts\/6985","targetHints":{"allow":["GET"]}}],"collection":[{"href":"https:\/\/grupefebe.com\/es\/wp-json\/wp\/v2\/posts"}],"about":[{"href":"https:\/\/grupefebe.com\/es\/wp-json\/wp\/v2\/types\/post"}],"author":[{"embeddable":true,"href":"https:\/\/grupefebe.com\/es\/wp-json\/wp\/v2\/users\/1"}],"replies":[{"embeddable":true,"href":"https:\/\/grupefebe.com\/es\/wp-json\/wp\/v2\/comments?post=6985"}],"version-history":[{"count":3,"href":"https:\/\/grupefebe.com\/es\/wp-json\/wp\/v2\/posts\/6985\/revisions"}],"predecessor-version":[{"id":12441,"href":"https:\/\/grupefebe.com\/es\/wp-json\/wp\/v2\/posts\/6985\/revisions\/12441"}],"wp:featuredmedia":[{"embeddable":true,"href":"https:\/\/grupefebe.com\/es\/wp-json\/wp\/v2\/media\/6974"}],"wp:attachment":[{"href":"https:\/\/grupefebe.com\/es\/wp-json\/wp\/v2\/media?parent=6985"}],"wp:term":[{"taxonomy":"category","embeddable":true,"href":"https:\/\/grupefebe.com\/es\/wp-json\/wp\/v2\/categories?post=6985"}],"curies":[{"name":"wp","href":"https:\/\/api.w.org\/{rel}","templated":true}]}}