{"id":7323,"date":"2021-06-23T11:45:54","date_gmt":"2021-06-23T11:45:54","guid":{"rendered":"https:\/\/grupefebe.com\/5-consells-per-transformar-el-pati-de-la-teva-escola\/"},"modified":"2022-05-25T16:13:39","modified_gmt":"2022-05-25T16:13:39","slug":"5-consejos-para-transformar-el-patio-de-tu-escuela","status":"publish","type":"post","link":"https:\/\/grupefebe.com\/es\/5-consejos-para-transformar-el-patio-de-tu-escuela\/","title":{"rendered":"5 consejos para transformar el patio de tu escuela"},"content":{"rendered":"<p>El patio de la escuela es un espacio de aprendizaje m\u00e1s. Jugar en el exterior suele convertirse en uno de los momentos preferidos de los ni\u00f1os y ni\u00f1as en la escuela. Se encuentran en contacto con la naturaleza, pueden relacionarse con sus compa\u00f1eros de clase y descargan toda la energ\u00eda que se les acumula en el aula.<\/p>\n<p>En este art\u00edculo de Efeb\u00e9 te damos cinco consejos para transformar el patio de tu escuela. \u00a1Descubre a continuaci\u00f3n!<\/p>\n<h3>1. Llevar el aula en el patio<\/h3>\n<p>Este primer punto hace referencia a la importancia que tienen los espacios exteriores y de recreo sobre la educaci\u00f3n de los ni\u00f1os y ni\u00f1as en la escuela. As\u00ed pues, el primer consejo es conseguir que algunas clases se realicen fuera. Durante el tiempo de recreo los ni\u00f1os y ni\u00f1as tambi\u00e9n est\u00e1n aprendiendo mientras juegan. Pues, es una buena idea aprovechar aquella zona que tanto les gusta para experimentar.<\/p>\n<p><strong>Se trata de adaptar el patio para que se puedan realizar actividades y talleres de algunas asignaturas, haciendo las sesiones m\u00e1s din\u00e1micas. <\/strong>Con el <a href=\"https:\/\/www.grupefebe.com\/es\/packs\/remodelacion-patios-de-escuela\/\" target=\"_blank\" rel=\"noopener\">Pack Remodelaci\u00f3n de Patios<\/a> mejoramos estas zonas exteriores.<\/p>\n<h3>2. Mejorar el confort ac\u00fastico<\/h3>\n<p>Junto con los pasillos o los comedores, los patios son uno de los espacios con m\u00e1s ruido de los centros educativos. Los ni\u00f1os y ni\u00f1as descargan su energ\u00eda y por los profesores puede convertirse en un momento molesto.<\/p>\n<p><strong>Incorporar elementos fonoabsorbentes ayuda a reducir la reverberaci\u00f3n ac\u00fastica<\/strong> de estos espacios y hacerlos m\u00e1s agradables. En el <a href=\"https:\/\/www.grupefebe.com\/es\/projects\/mejora-del-confort-acustico-en-la-escuela-fundacion-llor\/\" target=\"_blank\" rel=\"noopener\">proyecto que hicimos en la escuela Fundaci\u00f3n Llor<\/a> se pueden ver los elementos que incorporamos en el techo del patio interior. Una soluci\u00f3n que favorece el confort ac\u00fastico en el espacio en cuesti\u00f3n.<\/p>\n<div id=\"attachment_7259\" style=\"width: 854px\" class=\"wp-caption aligncenter\"><img loading=\"lazy\" decoding=\"async\" aria-describedby=\"caption-attachment-7259\" class=\"wp-image-7259\" src=\"https:\/\/grupefebe.com\/custom\/uploads\/2021\/06\/AZR3355-Panora\u00a6umica-300x120.jpg\" alt=\"pati\" width=\"844\" height=\"338\" srcset=\"https:\/\/grupefebe.com\/custom\/uploads\/2021\/06\/AZR3355-Panora\u00a6umica-300x120.jpg 300w, https:\/\/grupefebe.com\/custom\/uploads\/2021\/06\/AZR3355-Panora\u00a6umica-1024x409.jpg 1024w, https:\/\/grupefebe.com\/custom\/uploads\/2021\/06\/AZR3355-Panora\u00a6umica-1536x613.jpg 1536w, https:\/\/grupefebe.com\/custom\/uploads\/2021\/06\/AZR3355-Panora\u00a6umica.jpg 1920w\" sizes=\"auto, (max-width: 844px) 100vw, 844px\" \/><p id=\"caption-attachment-7259\" class=\"wp-caption-text\">Proyecto Efeb\u00e9 en el patio de la <a href=\"https:\/\/grupefebe.com\/es\/projects\/mejora-del-confort-acustico-en-la-escuela-fundacion-llor\/\" target=\"_blank\" rel=\"noopener\">Escuela Llor<\/a>.<\/p><\/div>\n<h3>3. Huerto urbano: responsabilidad y pertenencia<\/h3>\n<p>El huerto urbano es una opci\u00f3n muy enriquecedora para los ni\u00f1os y ni\u00f1as. El hecho de que dispongan de un elemento como este favorece sus capacidades socioemocionales y de responsabilidad. Ver como cae sobre su responsabilidad que un ser vivo como una planta siga creciendo les ayuda a entender el ciclo de la vida.<\/p>\n<p>Estos espacios les ense\u00f1an educaci\u00f3n en valores. A tener respeto por las cosas, la importancia de la sostenibilidad o bien, a compartir los elementos del patio.<\/p>\n<div id=\"attachment_7224\" style=\"width: 825px\" class=\"wp-caption aligncenter\"><img loading=\"lazy\" decoding=\"async\" aria-describedby=\"caption-attachment-7224\" class=\"wp-image-7224\" src=\"https:\/\/grupefebe.com\/custom\/uploads\/2021\/06\/AZR4669-300x200.jpeg\" alt=\"patio\" width=\"815\" height=\"543\" srcset=\"https:\/\/grupefebe.com\/custom\/uploads\/2021\/06\/AZR4669-300x200.jpeg 300w, https:\/\/grupefebe.com\/custom\/uploads\/2021\/06\/AZR4669-1024x683.jpeg 1024w, https:\/\/grupefebe.com\/custom\/uploads\/2021\/06\/AZR4669-768x512.jpeg 768w, https:\/\/grupefebe.com\/custom\/uploads\/2021\/06\/AZR4669-1536x1024.jpeg 1536w, https:\/\/grupefebe.com\/custom\/uploads\/2021\/06\/AZR4669.jpeg 1920w\" sizes=\"auto, (max-width: 815px) 100vw, 815px\" \/><p id=\"caption-attachment-7224\" class=\"wp-caption-text\">Proyecto Efeb\u00e9 en el patio del <a href=\"https:\/\/grupefebe.com\/es\/projects\/adecuacion-del-patio-de-infantil-del-colegio-santo-tomas\/\" target=\"_blank\" rel=\"noopener\">Colegio Santo Tom\u00e1s<\/a>.<\/p><\/div>\n<h3>4. Rincones para despertar la imaginaci\u00f3n<\/h3>\n<p>En el patio recomendamos incorporar elementos diferentes e innovadores que ayuden a despertar la imaginaci\u00f3n de los ni\u00f1os y ni\u00f1as. Una caseta de madera, un coche, una cocinita infantil, un escenario, una barca, etc. Crean <strong>juegos simb\u00f3licos sin estereotipos<\/strong> que los limiten, aprovechando cada uno de los elementos del patio independientemente del sexo de cada ni\u00f1o o ni\u00f1a.<\/p>\n<p>Esconderse, disfrazarse, imaginar que son una familia, hacer una representaci\u00f3n de un teatro o de un programa de televisi\u00f3n que ven, son algunos de los intereses preferidos de los estudiantes m\u00e1s peque\u00f1os. Por ello, es importante que haya elementos que lo permitan llevar a cabo.<\/p>\n<p>Adem\u00e1s, tal como hacemos el <a href=\"https:\/\/www.grupefebe.com\/es\/grup-efebe-presentamos-la-1a-colleccion-de-mobiliario-de-fabricacion-propia\/\" target=\"_blank\" rel=\"noopener\"><strong><em>restyling<\/em> de productos<\/strong><\/a> por los centros educativos, es interesante hacerlo tambi\u00e9n con estos elementos del patio. De este modo, se pueden utilizar ruedas preexistentes, madera reciclada de mobiliario antiguo, etc.<\/p>\n<div id=\"attachment_7226\" style=\"width: 780px\" class=\"wp-caption aligncenter\"><img loading=\"lazy\" decoding=\"async\" aria-describedby=\"caption-attachment-7226\" class=\"wp-image-7226\" src=\"https:\/\/grupefebe.com\/custom\/uploads\/2021\/06\/AZR4677-300x200.jpeg\" alt=\"patio\" width=\"770\" height=\"514\" srcset=\"https:\/\/grupefebe.com\/custom\/uploads\/2021\/06\/AZR4677-300x200.jpeg 300w, https:\/\/grupefebe.com\/custom\/uploads\/2021\/06\/AZR4677-1024x683.jpeg 1024w, https:\/\/grupefebe.com\/custom\/uploads\/2021\/06\/AZR4677-768x512.jpeg 768w, https:\/\/grupefebe.com\/custom\/uploads\/2021\/06\/AZR4677-1536x1024.jpeg 1536w, https:\/\/grupefebe.com\/custom\/uploads\/2021\/06\/AZR4677.jpeg 1920w\" sizes=\"auto, (max-width: 770px) 100vw, 770px\" \/><p id=\"caption-attachment-7226\" class=\"wp-caption-text\">Proyecto Efeb\u00e9 en el patio del <a href=\"https:\/\/grupefebe.com\/es\/projects\/adecuacion-del-patio-de-infantil-del-colegio-santo-tomas\/\" target=\"_blank\" rel=\"noopener\">Colegio Santo Tom\u00e1s<\/a>.<\/p><\/div>\n<h3>5. Fomentar el ejercicio f\u00edsico<\/h3>\n<p>Un aspecto imprescindible en las escuelas es fomentar la salud f\u00edsica y mental de los alumnos. En esta etapa no son conscientes de la importancia que tiene, por ello, hay que inculcar ejercicios que se conviertan en rutinas, que los ayuden a moverse, aprender y ejercitar el cuerpo y la mente.<\/p>\n<p>En el patio es interesante incluir circuitos o desniveles, que les generen un esfuerzo de pensamiento y de movimiento. Mantenernos activos y aprender son dos aspectos que debemos preservar y aplicar a diario durante toda la vida. Si lo aprendemos a hacer muy peque\u00f1os, ya formar\u00e1 parte de nuestro d\u00eda a d\u00eda.<\/p>\n<p>Con circuitos de psicomotricidad o elementos como los que incorporamos en el patio de infantil del Colegio Santo Tom\u00e1s, <strong>reforzamos la implicaci\u00f3n, la energ\u00eda, la actividad, el trabajo en equipo, la imaginaci\u00f3n, etc<\/strong>. Exploran y experimentan de forma individual y en grupos.<\/p>\n","protected":false},"excerpt":{"rendered":"<p>El patio de la escuela es un espacio de aprendizaje m\u00e1s. Jugar en el exterior suele convertirse en uno de [&hellip;]<\/p>\n","protected":false},"author":2,"featured_media":7230,"comment_status":"closed","ping_status":"closed","sticky":false,"template":"","format":"standard","meta":{"_acf_changed":false,"footnotes":"","_links_to":"","_links_to_target":""},"categories":[203],"class_list":["post-7323","post","type-post","status-publish","format-standard","has-post-thumbnail","hentry","category-escuelas"],"acf":[],"yoast_head":"<!-- This site is optimized with the Yoast SEO plugin v25.9 - https:\/\/yoast.com\/wordpress\/plugins\/seo\/ -->\n<title>5 consejos para transformar el patio de tu escuela | Grupo Efeb\u00e9<\/title>\n<meta name=\"description\" content=\"En este art\u00edculo de Grupo Efeb\u00e9 te contamos cinco consejos para transformar el patio de tu escuela. Desc\u00fabrelos entrando aqu\u00ed!\" \/>\n<meta name=\"robots\" content=\"index, follow, max-snippet:-1, max-image-preview:large, max-video-preview:-1\" \/>\n<link rel=\"canonical\" href=\"https:\/\/grupefebe.com\/es\/5-consejos-para-transformar-el-patio-de-tu-escuela\/\" \/>\n<meta property=\"og:locale\" content=\"es_ES\" \/>\n<meta property=\"og:type\" content=\"article\" \/>\n<meta property=\"og:title\" content=\"5 consejos para transformar el patio de tu escuela | Grupo Efeb\u00e9\" \/>\n<meta property=\"og:description\" content=\"En este art\u00edculo de Grupo Efeb\u00e9 te contamos cinco consejos para transformar el patio de tu escuela. Desc\u00fabrelos entrando aqu\u00ed!\" \/>\n<meta property=\"og:url\" content=\"https:\/\/grupefebe.com\/es\/5-consejos-para-transformar-el-patio-de-tu-escuela\/\" \/>\n<meta property=\"og:site_name\" content=\"Grupo Efeb\u00e9\" \/>\n<meta property=\"article:publisher\" content=\"https:\/\/www.facebook.com\/grup.efebe\" \/>\n<meta property=\"article:published_time\" content=\"2021-06-23T11:45:54+00:00\" \/>\n<meta property=\"article:modified_time\" content=\"2022-05-25T16:13:39+00:00\" \/>\n<meta property=\"og:image\" content=\"https:\/\/www.grupefebe.com\/custom\/uploads\/2021\/06\/childrens-playground-4895612_1920.jpg\" \/>\n\t<meta property=\"og:image:width\" content=\"1920\" \/>\n\t<meta property=\"og:image:height\" content=\"1283\" \/>\n\t<meta property=\"og:image:type\" content=\"image\/jpeg\" \/>\n<meta name=\"author\" content=\"Grup Efeb\u00e9\" \/>\n<meta name=\"twitter:card\" content=\"summary_large_image\" \/>\n<meta name=\"twitter:creator\" content=\"@grup_efebe\" \/>\n<meta name=\"twitter:site\" content=\"@grup_efebe\" \/>\n<meta name=\"twitter:label1\" content=\"Escrito por\" \/>\n\t<meta name=\"twitter:data1\" content=\"Grup Efeb\u00e9\" \/>\n\t<meta name=\"twitter:label2\" content=\"Tiempo de lectura\" \/>\n\t<meta name=\"twitter:data2\" content=\"4 minutos\" \/>\n<script type=\"application\/ld+json\" class=\"yoast-schema-graph\">{\"@context\":\"https:\/\/schema.org\",\"@graph\":[{\"@type\":\"Article\",\"@id\":\"https:\/\/grupefebe.com\/es\/5-consejos-para-transformar-el-patio-de-tu-escuela\/#article\",\"isPartOf\":{\"@id\":\"https:\/\/grupefebe.com\/es\/5-consejos-para-transformar-el-patio-de-tu-escuela\/\"},\"author\":{\"name\":\"Grup Efeb\u00e9\",\"@id\":\"https:\/\/www.grupefebe.com\/es\/#\/schema\/person\/76402b3180eef131413100afc3282997\"},\"headline\":\"5 consejos para transformar el patio de tu escuela\",\"datePublished\":\"2021-06-23T11:45:54+00:00\",\"dateModified\":\"2022-05-25T16:13:39+00:00\",\"mainEntityOfPage\":{\"@id\":\"https:\/\/grupefebe.com\/es\/5-consejos-para-transformar-el-patio-de-tu-escuela\/\"},\"wordCount\":766,\"publisher\":{\"@id\":\"https:\/\/www.grupefebe.com\/es\/#organization\"},\"image\":{\"@id\":\"https:\/\/grupefebe.com\/es\/5-consejos-para-transformar-el-patio-de-tu-escuela\/#primaryimage\"},\"thumbnailUrl\":\"https:\/\/grupefebe.com\/custom\/uploads\/2021\/06\/childrens-playground-4895612_1920.jpg\",\"articleSection\":[\"Escuelas\"],\"inLanguage\":\"es\"},{\"@type\":\"WebPage\",\"@id\":\"https:\/\/grupefebe.com\/es\/5-consejos-para-transformar-el-patio-de-tu-escuela\/\",\"url\":\"https:\/\/grupefebe.com\/es\/5-consejos-para-transformar-el-patio-de-tu-escuela\/\",\"name\":\"5 consejos para transformar el patio de tu escuela | Grupo Efeb\u00e9\",\"isPartOf\":{\"@id\":\"https:\/\/www.grupefebe.com\/es\/#website\"},\"primaryImageOfPage\":{\"@id\":\"https:\/\/grupefebe.com\/es\/5-consejos-para-transformar-el-patio-de-tu-escuela\/#primaryimage\"},\"image\":{\"@id\":\"https:\/\/grupefebe.com\/es\/5-consejos-para-transformar-el-patio-de-tu-escuela\/#primaryimage\"},\"thumbnailUrl\":\"https:\/\/grupefebe.com\/custom\/uploads\/2021\/06\/childrens-playground-4895612_1920.jpg\",\"datePublished\":\"2021-06-23T11:45:54+00:00\",\"dateModified\":\"2022-05-25T16:13:39+00:00\",\"description\":\"En este art\u00edculo de Grupo Efeb\u00e9 te contamos cinco consejos para transformar el patio de tu escuela. Desc\u00fabrelos entrando aqu\u00ed!\",\"breadcrumb\":{\"@id\":\"https:\/\/grupefebe.com\/es\/5-consejos-para-transformar-el-patio-de-tu-escuela\/#breadcrumb\"},\"inLanguage\":\"es\",\"potentialAction\":[{\"@type\":\"ReadAction\",\"target\":[\"https:\/\/grupefebe.com\/es\/5-consejos-para-transformar-el-patio-de-tu-escuela\/\"]}]},{\"@type\":\"ImageObject\",\"inLanguage\":\"es\",\"@id\":\"https:\/\/grupefebe.com\/es\/5-consejos-para-transformar-el-patio-de-tu-escuela\/#primaryimage\",\"url\":\"https:\/\/grupefebe.com\/custom\/uploads\/2021\/06\/childrens-playground-4895612_1920.jpg\",\"contentUrl\":\"https:\/\/grupefebe.com\/custom\/uploads\/2021\/06\/childrens-playground-4895612_1920.jpg\",\"width\":1920,\"height\":1283,\"caption\":\"patio\"},{\"@type\":\"BreadcrumbList\",\"@id\":\"https:\/\/grupefebe.com\/es\/5-consejos-para-transformar-el-patio-de-tu-escuela\/#breadcrumb\",\"itemListElement\":[{\"@type\":\"ListItem\",\"position\":1,\"name\":\"Inici\",\"item\":\"https:\/\/www.grupefebe.com\/es\/\"},{\"@type\":\"ListItem\",\"position\":2,\"name\":\"5 consejos para transformar el patio de tu escuela\"}]},{\"@type\":\"WebSite\",\"@id\":\"https:\/\/www.grupefebe.com\/es\/#website\",\"url\":\"https:\/\/www.grupefebe.com\/es\/\",\"name\":\"Grup Efeb\u00e9\",\"description\":\"Otro sitio realizado con WordPress\",\"publisher\":{\"@id\":\"https:\/\/www.grupefebe.com\/es\/#organization\"},\"potentialAction\":[{\"@type\":\"SearchAction\",\"target\":{\"@type\":\"EntryPoint\",\"urlTemplate\":\"https:\/\/www.grupefebe.com\/es\/?s={search_term_string}\"},\"query-input\":{\"@type\":\"PropertyValueSpecification\",\"valueRequired\":true,\"valueName\":\"search_term_string\"}}],\"inLanguage\":\"es\"},{\"@type\":\"Organization\",\"@id\":\"https:\/\/www.grupefebe.com\/es\/#organization\",\"name\":\"Grup Efeb\u00e9\",\"url\":\"https:\/\/www.grupefebe.com\/es\/\",\"logo\":{\"@type\":\"ImageObject\",\"inLanguage\":\"es\",\"@id\":\"https:\/\/www.grupefebe.com\/es\/#\/schema\/logo\/image\/\",\"url\":\"https:\/\/grupefebe.com\/custom\/uploads\/2021\/01\/logo-efebe.png\",\"contentUrl\":\"https:\/\/grupefebe.com\/custom\/uploads\/2021\/01\/logo-efebe.png\",\"width\":524,\"height\":135,\"caption\":\"Grup Efeb\u00e9\"},\"image\":{\"@id\":\"https:\/\/www.grupefebe.com\/es\/#\/schema\/logo\/image\/\"},\"sameAs\":[\"https:\/\/www.facebook.com\/grup.efebe\",\"https:\/\/x.com\/grup_efebe\",\"https:\/\/www.instagram.com\/grup_efebe\/\",\"https:\/\/www.linkedin.com\/company\/grupefebe\",\"https:\/\/www.youtube.com\/channel\/UCj11-LAuLhPfqrL2649Xzrw\"]},{\"@type\":\"Person\",\"@id\":\"https:\/\/www.grupefebe.com\/es\/#\/schema\/person\/76402b3180eef131413100afc3282997\",\"name\":\"Grup Efeb\u00e9\",\"image\":{\"@type\":\"ImageObject\",\"inLanguage\":\"es\",\"@id\":\"https:\/\/www.grupefebe.com\/es\/#\/schema\/person\/image\/\",\"url\":\"https:\/\/secure.gravatar.com\/avatar\/913bc6aa90480101061296ab9cad4bd4ccfb82c623a8820f3fd577558c1651be?s=96&d=mm&r=g\",\"contentUrl\":\"https:\/\/secure.gravatar.com\/avatar\/913bc6aa90480101061296ab9cad4bd4ccfb82c623a8820f3fd577558c1651be?s=96&d=mm&r=g\",\"caption\":\"Grup Efeb\u00e9\"},\"url\":\"https:\/\/grupefebe.com\/es\/author\/julia\/\"}]}<\/script>\n<!-- \/ Yoast SEO plugin. -->","yoast_head_json":{"title":"5 consejos para transformar el patio de tu escuela | Grupo Efeb\u00e9","description":"En este art\u00edculo de Grupo Efeb\u00e9 te contamos cinco consejos para transformar el patio de tu escuela. Desc\u00fabrelos entrando aqu\u00ed!","robots":{"index":"index","follow":"follow","max-snippet":"max-snippet:-1","max-image-preview":"max-image-preview:large","max-video-preview":"max-video-preview:-1"},"canonical":"https:\/\/grupefebe.com\/es\/5-consejos-para-transformar-el-patio-de-tu-escuela\/","og_locale":"es_ES","og_type":"article","og_title":"5 consejos para transformar el patio de tu escuela | Grupo Efeb\u00e9","og_description":"En este art\u00edculo de Grupo Efeb\u00e9 te contamos cinco consejos para transformar el patio de tu escuela. Desc\u00fabrelos entrando aqu\u00ed!","og_url":"https:\/\/grupefebe.com\/es\/5-consejos-para-transformar-el-patio-de-tu-escuela\/","og_site_name":"Grupo Efeb\u00e9","article_publisher":"https:\/\/www.facebook.com\/grup.efebe","article_published_time":"2021-06-23T11:45:54+00:00","article_modified_time":"2022-05-25T16:13:39+00:00","og_image":[{"width":1920,"height":1283,"url":"https:\/\/www.grupefebe.com\/custom\/uploads\/2021\/06\/childrens-playground-4895612_1920.jpg","type":"image\/jpeg"}],"author":"Grup Efeb\u00e9","twitter_card":"summary_large_image","twitter_creator":"@grup_efebe","twitter_site":"@grup_efebe","twitter_misc":{"Escrito por":"Grup Efeb\u00e9","Tiempo de lectura":"4 minutos"},"schema":{"@context":"https:\/\/schema.org","@graph":[{"@type":"Article","@id":"https:\/\/grupefebe.com\/es\/5-consejos-para-transformar-el-patio-de-tu-escuela\/#article","isPartOf":{"@id":"https:\/\/grupefebe.com\/es\/5-consejos-para-transformar-el-patio-de-tu-escuela\/"},"author":{"name":"Grup Efeb\u00e9","@id":"https:\/\/www.grupefebe.com\/es\/#\/schema\/person\/76402b3180eef131413100afc3282997"},"headline":"5 consejos para transformar el patio de tu escuela","datePublished":"2021-06-23T11:45:54+00:00","dateModified":"2022-05-25T16:13:39+00:00","mainEntityOfPage":{"@id":"https:\/\/grupefebe.com\/es\/5-consejos-para-transformar-el-patio-de-tu-escuela\/"},"wordCount":766,"publisher":{"@id":"https:\/\/www.grupefebe.com\/es\/#organization"},"image":{"@id":"https:\/\/grupefebe.com\/es\/5-consejos-para-transformar-el-patio-de-tu-escuela\/#primaryimage"},"thumbnailUrl":"https:\/\/grupefebe.com\/custom\/uploads\/2021\/06\/childrens-playground-4895612_1920.jpg","articleSection":["Escuelas"],"inLanguage":"es"},{"@type":"WebPage","@id":"https:\/\/grupefebe.com\/es\/5-consejos-para-transformar-el-patio-de-tu-escuela\/","url":"https:\/\/grupefebe.com\/es\/5-consejos-para-transformar-el-patio-de-tu-escuela\/","name":"5 consejos para transformar el patio de tu escuela | Grupo Efeb\u00e9","isPartOf":{"@id":"https:\/\/www.grupefebe.com\/es\/#website"},"primaryImageOfPage":{"@id":"https:\/\/grupefebe.com\/es\/5-consejos-para-transformar-el-patio-de-tu-escuela\/#primaryimage"},"image":{"@id":"https:\/\/grupefebe.com\/es\/5-consejos-para-transformar-el-patio-de-tu-escuela\/#primaryimage"},"thumbnailUrl":"https:\/\/grupefebe.com\/custom\/uploads\/2021\/06\/childrens-playground-4895612_1920.jpg","datePublished":"2021-06-23T11:45:54+00:00","dateModified":"2022-05-25T16:13:39+00:00","description":"En este art\u00edculo de Grupo Efeb\u00e9 te contamos cinco consejos para transformar el patio de tu escuela. Desc\u00fabrelos entrando aqu\u00ed!","breadcrumb":{"@id":"https:\/\/grupefebe.com\/es\/5-consejos-para-transformar-el-patio-de-tu-escuela\/#breadcrumb"},"inLanguage":"es","potentialAction":[{"@type":"ReadAction","target":["https:\/\/grupefebe.com\/es\/5-consejos-para-transformar-el-patio-de-tu-escuela\/"]}]},{"@type":"ImageObject","inLanguage":"es","@id":"https:\/\/grupefebe.com\/es\/5-consejos-para-transformar-el-patio-de-tu-escuela\/#primaryimage","url":"https:\/\/grupefebe.com\/custom\/uploads\/2021\/06\/childrens-playground-4895612_1920.jpg","contentUrl":"https:\/\/grupefebe.com\/custom\/uploads\/2021\/06\/childrens-playground-4895612_1920.jpg","width":1920,"height":1283,"caption":"patio"},{"@type":"BreadcrumbList","@id":"https:\/\/grupefebe.com\/es\/5-consejos-para-transformar-el-patio-de-tu-escuela\/#breadcrumb","itemListElement":[{"@type":"ListItem","position":1,"name":"Inici","item":"https:\/\/www.grupefebe.com\/es\/"},{"@type":"ListItem","position":2,"name":"5 consejos para transformar el patio de tu escuela"}]},{"@type":"WebSite","@id":"https:\/\/www.grupefebe.com\/es\/#website","url":"https:\/\/www.grupefebe.com\/es\/","name":"Grup Efeb\u00e9","description":"Otro sitio realizado con WordPress","publisher":{"@id":"https:\/\/www.grupefebe.com\/es\/#organization"},"potentialAction":[{"@type":"SearchAction","target":{"@type":"EntryPoint","urlTemplate":"https:\/\/www.grupefebe.com\/es\/?s={search_term_string}"},"query-input":{"@type":"PropertyValueSpecification","valueRequired":true,"valueName":"search_term_string"}}],"inLanguage":"es"},{"@type":"Organization","@id":"https:\/\/www.grupefebe.com\/es\/#organization","name":"Grup Efeb\u00e9","url":"https:\/\/www.grupefebe.com\/es\/","logo":{"@type":"ImageObject","inLanguage":"es","@id":"https:\/\/www.grupefebe.com\/es\/#\/schema\/logo\/image\/","url":"https:\/\/grupefebe.com\/custom\/uploads\/2021\/01\/logo-efebe.png","contentUrl":"https:\/\/grupefebe.com\/custom\/uploads\/2021\/01\/logo-efebe.png","width":524,"height":135,"caption":"Grup Efeb\u00e9"},"image":{"@id":"https:\/\/www.grupefebe.com\/es\/#\/schema\/logo\/image\/"},"sameAs":["https:\/\/www.facebook.com\/grup.efebe","https:\/\/x.com\/grup_efebe","https:\/\/www.instagram.com\/grup_efebe\/","https:\/\/www.linkedin.com\/company\/grupefebe","https:\/\/www.youtube.com\/channel\/UCj11-LAuLhPfqrL2649Xzrw"]},{"@type":"Person","@id":"https:\/\/www.grupefebe.com\/es\/#\/schema\/person\/76402b3180eef131413100afc3282997","name":"Grup Efeb\u00e9","image":{"@type":"ImageObject","inLanguage":"es","@id":"https:\/\/www.grupefebe.com\/es\/#\/schema\/person\/image\/","url":"https:\/\/secure.gravatar.com\/avatar\/913bc6aa90480101061296ab9cad4bd4ccfb82c623a8820f3fd577558c1651be?s=96&d=mm&r=g","contentUrl":"https:\/\/secure.gravatar.com\/avatar\/913bc6aa90480101061296ab9cad4bd4ccfb82c623a8820f3fd577558c1651be?s=96&d=mm&r=g","caption":"Grup Efeb\u00e9"},"url":"https:\/\/grupefebe.com\/es\/author\/julia\/"}]}},"_links":{"self":[{"href":"https:\/\/grupefebe.com\/es\/wp-json\/wp\/v2\/posts\/7323","targetHints":{"allow":["GET"]}}],"collection":[{"href":"https:\/\/grupefebe.com\/es\/wp-json\/wp\/v2\/posts"}],"about":[{"href":"https:\/\/grupefebe.com\/es\/wp-json\/wp\/v2\/types\/post"}],"author":[{"embeddable":true,"href":"https:\/\/grupefebe.com\/es\/wp-json\/wp\/v2\/users\/2"}],"replies":[{"embeddable":true,"href":"https:\/\/grupefebe.com\/es\/wp-json\/wp\/v2\/comments?post=7323"}],"version-history":[{"count":6,"href":"https:\/\/grupefebe.com\/es\/wp-json\/wp\/v2\/posts\/7323\/revisions"}],"predecessor-version":[{"id":10882,"href":"https:\/\/grupefebe.com\/es\/wp-json\/wp\/v2\/posts\/7323\/revisions\/10882"}],"wp:featuredmedia":[{"embeddable":true,"href":"https:\/\/grupefebe.com\/es\/wp-json\/wp\/v2\/media\/7230"}],"wp:attachment":[{"href":"https:\/\/grupefebe.com\/es\/wp-json\/wp\/v2\/media?parent=7323"}],"wp:term":[{"taxonomy":"category","embeddable":true,"href":"https:\/\/grupefebe.com\/es\/wp-json\/wp\/v2\/categories?post=7323"}],"curies":[{"name":"wp","href":"https:\/\/api.w.org\/{rel}","templated":true}]}}