{"id":7667,"date":"2021-07-14T10:58:51","date_gmt":"2021-07-14T10:58:51","guid":{"rendered":"https:\/\/grupefebe.com\/la-fotocatalisi-una-nova-construccio-sostenible\/"},"modified":"2021-08-03T08:53:04","modified_gmt":"2021-08-03T08:53:04","slug":"la-fotocatalisis-una-nueva-construccion-sostenible","status":"publish","type":"post","link":"https:\/\/grupefebe.com\/es\/la-fotocatalisis-una-nueva-construccion-sostenible\/","title":{"rendered":"La fotocat\u00e1lisis: una nueva construcci\u00f3n sostenible"},"content":{"rendered":"<p>El concepto de la fotocat\u00e1lisis responde a una reacci\u00f3n qu\u00edmica que consiste en una limpieza del aire previamente afectado por sustancias contaminantes.<\/p>\n<p>Este fen\u00f3meno combina aire y luz para conseguir una reducci\u00f3n de las propiedades agresivas que se encuentran en el aire que respiramos. La fotocat\u00e1lisis genera un <strong>proceso qu\u00edmico muy parecido al de la fotos\u00edntesis<\/strong> que tiene lugar en las plantas, eliminando el CO2 y otros contaminantes (NOx, SOx, COV) para transformarlos en materia org\u00e1nica y generar una remodelaci\u00f3n de la atm\u00f3sfera que nos rodea a trav\u00e9s de un proceso basado en la oxidaci\u00f3n y activado por la luz solar.<\/p>\n<p>Como seres humanos, nos hemos acostumbrado a tolerar un entorno contaminado que puede afectar nuestra salud, por eso este fen\u00f3meno produce un impacto ambiental positivo que hace un bien tanto por el medio como para todos los seres humanos que viven.<\/p>\n<p>Jap\u00f3n o Italia han sido algunos de los primeros pa\u00edses en adoptarla. Ahora tambi\u00e9n comienza a crecer en Espa\u00f1a, sobre todo en las principales ciudades como Barcelona o Madrid.<\/p>\n<h3>C\u00f3mo se aplica en el caso de la pintura<\/h3>\n<p>Esta tecnolog\u00eda se da a partir del uso de un fotocatalizador. Este es el di\u00f3xido de Titanio (TiO2), que se aplica en diferentes materiales con pinturas fotocatal\u00edticas, tanto en espacios interiores como exteriores. Con este proceso <strong>conseguimos eliminar los olores en el aire y evitar el crecimiento de microorganismos<\/strong>. Se puede utilizar sobre pavimentos, fachadas, cubiertas u otros posibles materiales urbanos, siempre que est\u00e9n limpios y secos, usando una brocha o rodillo.<\/p>\n<p>Es una opci\u00f3n muy conveniente porque <strong>permite renovar el aire y mantenerlo limpio y de calidad<\/strong>. Proporciona una reducci\u00f3n de los costes de mantenimiento y limpieza, ya que una vez aplicado ya es permanente e impide la acumulaci\u00f3n de suciedad, creando un efecto desodorante (con un car\u00e1cter anti-bacteriano y arom\u00e1tico) en reducir los malos olores.<\/p>\n<p>En este v\u00eddeo de <a href=\"https:\/\/www.youtube.com\/channel\/UCj11-LAuLhPfqrL2649Xzrw\" target=\"_blank\" rel=\"noopener\">nuestro canal de YouTube<\/a> te contamos c\u00f3mo mejorar la calidad del aire interior en las residencias de personas mayores y en los centros sociosanitarios.<\/p>\n<p><iframe loading=\"lazy\" title=\"YouTube video player\" src=\"https:\/\/www.youtube.com\/embed\/IyIAqTaBfcw\" width=\"1000\" height=\"580\" frameborder=\"0\" allowfullscreen=\"allowfullscreen\"><\/iframe><\/p>\n<h3>C\u00f3mo aplica Efeb\u00e9 la fotocat\u00e1lisis en los proyectos<\/h3>\n<p>A Efeb\u00e9 disponemos del material adecuado para adaptar esta innovaci\u00f3n en nuestros proyectos de forma que con ello buscamos <strong>mejorar la calidad de vida de las personas en su entorno de trabajo<\/strong>, al tiempo que <strong>favorecer una mejora del aire interior<\/strong>.<\/p>\n<p>Esta tecnolog\u00eda es adecuada para nuestros proyectos. Siempre nos dirigimos a empresas sensibles a la salud de las personas, como son las residencias de ancianos, escuelas u oficinas. As\u00ed pues, eliminamos posibles olores, favoreciendo limpieza y mantenimiento y buscando una mejora de la calidad del aire interior, respectivamente.<\/p>\n<p>Concretamente, en el <a href=\"https:\/\/www.grupefebe.com\/es\/projects\/adecuacion-de-las-oficinas-de-propulse-video\/\" target=\"_blank\" rel=\"noopener\">proyecto de Efeb\u00e9 en las oficinas de Propulse Video<\/a> (Barcelona), incorporamos las pinturas fotocatal\u00edticas. Se trata de una elecci\u00f3n sostenible. Adem\u00e1s, aporta beneficios para los trabajadores y trabajadoras o para los usuarios que conviven en el caso de los proyectos para residencias de mayores.<\/p>\n<p><img loading=\"lazy\" decoding=\"async\" class=\"wp-image-4991 aligncenter\" src=\"https:\/\/grupefebe.com\/custom\/uploads\/2021\/01\/Propulse-Video45-300x200.jpg\" alt=\"fotocat\u00e0lisi\" width=\"764\" height=\"509\" srcset=\"https:\/\/grupefebe.com\/custom\/uploads\/2021\/01\/Propulse-Video45-300x200.jpg 300w, https:\/\/grupefebe.com\/custom\/uploads\/2021\/01\/Propulse-Video45-768x512.jpg 768w, https:\/\/grupefebe.com\/custom\/uploads\/2021\/01\/Propulse-Video45.jpg 900w\" sizes=\"auto, (max-width: 764px) 100vw, 764px\" \/><\/p>\n","protected":false},"excerpt":{"rendered":"<p>El concepto de la fotocat\u00e1lisis responde a una reacci\u00f3n qu\u00edmica que consiste en una limpieza del aire previamente afectado por [&hellip;]<\/p>\n","protected":false},"author":1,"featured_media":7661,"comment_status":"closed","ping_status":"closed","sticky":false,"template":"","format":"standard","meta":{"_acf_changed":false,"footnotes":"","_links_to":"","_links_to_target":""},"categories":[203,200,202],"class_list":["post-7667","post","type-post","status-publish","format-standard","has-post-thumbnail","hentry","category-escuelas","category-oficinas","category-residencias-mayores"],"acf":[],"yoast_head":"<!-- This site is optimized with the Yoast SEO plugin v25.9 - https:\/\/yoast.com\/wordpress\/plugins\/seo\/ -->\n<title>La fotocat\u00e1lisis: una nueva construcci\u00f3n sostenible | Grupo Efeb\u00e9<\/title>\n<meta name=\"description\" content=\"En Efeb\u00e9 disponemos del material adecuado para adaptar la fotocat\u00e1lisis en nuestros proyectos para mejorar la calidad de vida de las personas\" \/>\n<meta name=\"robots\" content=\"index, follow, max-snippet:-1, max-image-preview:large, max-video-preview:-1\" \/>\n<link rel=\"canonical\" href=\"https:\/\/grupefebe.com\/es\/la-fotocatalisis-una-nueva-construccion-sostenible\/\" \/>\n<meta property=\"og:locale\" content=\"es_ES\" \/>\n<meta property=\"og:type\" content=\"article\" \/>\n<meta property=\"og:title\" content=\"La fotocat\u00e1lisis: una nueva construcci\u00f3n sostenible | Grupo Efeb\u00e9\" \/>\n<meta property=\"og:description\" content=\"En Efeb\u00e9 disponemos del material adecuado para adaptar la fotocat\u00e1lisis en nuestros proyectos para mejorar la calidad de vida de las personas\" \/>\n<meta property=\"og:url\" content=\"https:\/\/grupefebe.com\/es\/la-fotocatalisis-una-nueva-construccion-sostenible\/\" \/>\n<meta property=\"og:site_name\" content=\"Grupo Efeb\u00e9\" \/>\n<meta property=\"article:publisher\" content=\"https:\/\/www.facebook.com\/grup.efebe\" \/>\n<meta property=\"article:published_time\" content=\"2021-07-14T10:58:51+00:00\" \/>\n<meta property=\"article:modified_time\" content=\"2021-08-03T08:53:04+00:00\" \/>\n<meta property=\"og:image\" content=\"https:\/\/grupefebe.com\/custom\/uploads\/2021\/07\/fotocatalisi.jpg\" \/>\n\t<meta property=\"og:image:width\" content=\"1024\" \/>\n\t<meta property=\"og:image:height\" content=\"645\" \/>\n\t<meta property=\"og:image:type\" content=\"image\/jpeg\" \/>\n<meta name=\"author\" content=\"efebe\" \/>\n<meta name=\"twitter:card\" content=\"summary_large_image\" \/>\n<meta name=\"twitter:creator\" content=\"@grup_efebe\" \/>\n<meta name=\"twitter:site\" content=\"@grup_efebe\" \/>\n<meta name=\"twitter:label1\" content=\"Escrito por\" \/>\n\t<meta name=\"twitter:data1\" content=\"efebe\" \/>\n\t<meta name=\"twitter:label2\" content=\"Tiempo de lectura\" \/>\n\t<meta name=\"twitter:data2\" content=\"3 minutos\" \/>\n<script type=\"application\/ld+json\" class=\"yoast-schema-graph\">{\"@context\":\"https:\/\/schema.org\",\"@graph\":[{\"@type\":\"Article\",\"@id\":\"https:\/\/grupefebe.com\/es\/la-fotocatalisis-una-nueva-construccion-sostenible\/#article\",\"isPartOf\":{\"@id\":\"https:\/\/grupefebe.com\/es\/la-fotocatalisis-una-nueva-construccion-sostenible\/\"},\"author\":{\"name\":\"efebe\",\"@id\":\"https:\/\/grupefebe.com\/es\/#\/schema\/person\/ea29ae2644736bcdb432a0b7f0d814cd\"},\"headline\":\"La fotocat\u00e1lisis: una nueva construcci\u00f3n sostenible\",\"datePublished\":\"2021-07-14T10:58:51+00:00\",\"dateModified\":\"2021-08-03T08:53:04+00:00\",\"mainEntityOfPage\":{\"@id\":\"https:\/\/grupefebe.com\/es\/la-fotocatalisis-una-nueva-construccion-sostenible\/\"},\"wordCount\":524,\"publisher\":{\"@id\":\"https:\/\/grupefebe.com\/es\/#organization\"},\"image\":{\"@id\":\"https:\/\/grupefebe.com\/es\/la-fotocatalisis-una-nueva-construccion-sostenible\/#primaryimage\"},\"thumbnailUrl\":\"https:\/\/grupefebe.com\/custom\/uploads\/2021\/07\/fotocatalisi.jpg\",\"articleSection\":[\"Escuelas\",\"Oficinas\",\"Residencias para mayores\"],\"inLanguage\":\"es\"},{\"@type\":\"WebPage\",\"@id\":\"https:\/\/grupefebe.com\/es\/la-fotocatalisis-una-nueva-construccion-sostenible\/\",\"url\":\"https:\/\/grupefebe.com\/es\/la-fotocatalisis-una-nueva-construccion-sostenible\/\",\"name\":\"La fotocat\u00e1lisis: una nueva construcci\u00f3n sostenible | Grupo Efeb\u00e9\",\"isPartOf\":{\"@id\":\"https:\/\/grupefebe.com\/es\/#website\"},\"primaryImageOfPage\":{\"@id\":\"https:\/\/grupefebe.com\/es\/la-fotocatalisis-una-nueva-construccion-sostenible\/#primaryimage\"},\"image\":{\"@id\":\"https:\/\/grupefebe.com\/es\/la-fotocatalisis-una-nueva-construccion-sostenible\/#primaryimage\"},\"thumbnailUrl\":\"https:\/\/grupefebe.com\/custom\/uploads\/2021\/07\/fotocatalisi.jpg\",\"datePublished\":\"2021-07-14T10:58:51+00:00\",\"dateModified\":\"2021-08-03T08:53:04+00:00\",\"description\":\"En Efeb\u00e9 disponemos del material adecuado para adaptar la fotocat\u00e1lisis en nuestros proyectos para mejorar la calidad de vida de las personas\",\"breadcrumb\":{\"@id\":\"https:\/\/grupefebe.com\/es\/la-fotocatalisis-una-nueva-construccion-sostenible\/#breadcrumb\"},\"inLanguage\":\"es\",\"potentialAction\":[{\"@type\":\"ReadAction\",\"target\":[\"https:\/\/grupefebe.com\/es\/la-fotocatalisis-una-nueva-construccion-sostenible\/\"]}]},{\"@type\":\"ImageObject\",\"inLanguage\":\"es\",\"@id\":\"https:\/\/grupefebe.com\/es\/la-fotocatalisis-una-nueva-construccion-sostenible\/#primaryimage\",\"url\":\"https:\/\/grupefebe.com\/custom\/uploads\/2021\/07\/fotocatalisi.jpg\",\"contentUrl\":\"https:\/\/grupefebe.com\/custom\/uploads\/2021\/07\/fotocatalisi.jpg\",\"width\":1024,\"height\":645,\"caption\":\"fotocat\u00e1lisis\"},{\"@type\":\"BreadcrumbList\",\"@id\":\"https:\/\/grupefebe.com\/es\/la-fotocatalisis-una-nueva-construccion-sostenible\/#breadcrumb\",\"itemListElement\":[{\"@type\":\"ListItem\",\"position\":1,\"name\":\"Inici\",\"item\":\"https:\/\/www.grupefebe.com\/es\/\"},{\"@type\":\"ListItem\",\"position\":2,\"name\":\"La fotocat\u00e1lisis: una nueva construcci\u00f3n sostenible\"}]},{\"@type\":\"WebSite\",\"@id\":\"https:\/\/grupefebe.com\/es\/#website\",\"url\":\"https:\/\/grupefebe.com\/es\/\",\"name\":\"Grup Efeb\u00e9\",\"description\":\"Otro sitio realizado con WordPress\",\"publisher\":{\"@id\":\"https:\/\/grupefebe.com\/es\/#organization\"},\"potentialAction\":[{\"@type\":\"SearchAction\",\"target\":{\"@type\":\"EntryPoint\",\"urlTemplate\":\"https:\/\/grupefebe.com\/es\/?s={search_term_string}\"},\"query-input\":{\"@type\":\"PropertyValueSpecification\",\"valueRequired\":true,\"valueName\":\"search_term_string\"}}],\"inLanguage\":\"es\"},{\"@type\":\"Organization\",\"@id\":\"https:\/\/grupefebe.com\/es\/#organization\",\"name\":\"Grup Efeb\u00e9\",\"url\":\"https:\/\/grupefebe.com\/es\/\",\"logo\":{\"@type\":\"ImageObject\",\"inLanguage\":\"es\",\"@id\":\"https:\/\/grupefebe.com\/es\/#\/schema\/logo\/image\/\",\"url\":\"https:\/\/grupefebe.com\/custom\/uploads\/2021\/01\/logo-efebe.png\",\"contentUrl\":\"https:\/\/grupefebe.com\/custom\/uploads\/2021\/01\/logo-efebe.png\",\"width\":524,\"height\":135,\"caption\":\"Grup Efeb\u00e9\"},\"image\":{\"@id\":\"https:\/\/grupefebe.com\/es\/#\/schema\/logo\/image\/\"},\"sameAs\":[\"https:\/\/www.facebook.com\/grup.efebe\",\"https:\/\/x.com\/grup_efebe\",\"https:\/\/www.instagram.com\/grup_efebe\/\",\"https:\/\/www.linkedin.com\/company\/grupefebe\",\"https:\/\/www.youtube.com\/channel\/UCj11-LAuLhPfqrL2649Xzrw\"]},{\"@type\":\"Person\",\"@id\":\"https:\/\/grupefebe.com\/es\/#\/schema\/person\/ea29ae2644736bcdb432a0b7f0d814cd\",\"name\":\"efebe\",\"image\":{\"@type\":\"ImageObject\",\"inLanguage\":\"es\",\"@id\":\"https:\/\/grupefebe.com\/es\/#\/schema\/person\/image\/\",\"url\":\"https:\/\/secure.gravatar.com\/avatar\/fe57a3f139ea81c65a338e37a8064b4e80844f839737532820c9107eb9e1966f?s=96&d=mm&r=g\",\"contentUrl\":\"https:\/\/secure.gravatar.com\/avatar\/fe57a3f139ea81c65a338e37a8064b4e80844f839737532820c9107eb9e1966f?s=96&d=mm&r=g\",\"caption\":\"efebe\"},\"url\":\"https:\/\/grupefebe.com\/es\/author\/efebe\/\"}]}<\/script>\n<!-- \/ Yoast SEO plugin. -->","yoast_head_json":{"title":"La fotocat\u00e1lisis: una nueva construcci\u00f3n sostenible | Grupo Efeb\u00e9","description":"En Efeb\u00e9 disponemos del material adecuado para adaptar la fotocat\u00e1lisis en nuestros proyectos para mejorar la calidad de vida de las personas","robots":{"index":"index","follow":"follow","max-snippet":"max-snippet:-1","max-image-preview":"max-image-preview:large","max-video-preview":"max-video-preview:-1"},"canonical":"https:\/\/grupefebe.com\/es\/la-fotocatalisis-una-nueva-construccion-sostenible\/","og_locale":"es_ES","og_type":"article","og_title":"La fotocat\u00e1lisis: una nueva construcci\u00f3n sostenible | Grupo Efeb\u00e9","og_description":"En Efeb\u00e9 disponemos del material adecuado para adaptar la fotocat\u00e1lisis en nuestros proyectos para mejorar la calidad de vida de las personas","og_url":"https:\/\/grupefebe.com\/es\/la-fotocatalisis-una-nueva-construccion-sostenible\/","og_site_name":"Grupo Efeb\u00e9","article_publisher":"https:\/\/www.facebook.com\/grup.efebe","article_published_time":"2021-07-14T10:58:51+00:00","article_modified_time":"2021-08-03T08:53:04+00:00","og_image":[{"width":1024,"height":645,"url":"https:\/\/grupefebe.com\/custom\/uploads\/2021\/07\/fotocatalisi.jpg","type":"image\/jpeg"}],"author":"efebe","twitter_card":"summary_large_image","twitter_creator":"@grup_efebe","twitter_site":"@grup_efebe","twitter_misc":{"Escrito por":"efebe","Tiempo de lectura":"3 minutos"},"schema":{"@context":"https:\/\/schema.org","@graph":[{"@type":"Article","@id":"https:\/\/grupefebe.com\/es\/la-fotocatalisis-una-nueva-construccion-sostenible\/#article","isPartOf":{"@id":"https:\/\/grupefebe.com\/es\/la-fotocatalisis-una-nueva-construccion-sostenible\/"},"author":{"name":"efebe","@id":"https:\/\/grupefebe.com\/es\/#\/schema\/person\/ea29ae2644736bcdb432a0b7f0d814cd"},"headline":"La fotocat\u00e1lisis: una nueva construcci\u00f3n sostenible","datePublished":"2021-07-14T10:58:51+00:00","dateModified":"2021-08-03T08:53:04+00:00","mainEntityOfPage":{"@id":"https:\/\/grupefebe.com\/es\/la-fotocatalisis-una-nueva-construccion-sostenible\/"},"wordCount":524,"publisher":{"@id":"https:\/\/grupefebe.com\/es\/#organization"},"image":{"@id":"https:\/\/grupefebe.com\/es\/la-fotocatalisis-una-nueva-construccion-sostenible\/#primaryimage"},"thumbnailUrl":"https:\/\/grupefebe.com\/custom\/uploads\/2021\/07\/fotocatalisi.jpg","articleSection":["Escuelas","Oficinas","Residencias para mayores"],"inLanguage":"es"},{"@type":"WebPage","@id":"https:\/\/grupefebe.com\/es\/la-fotocatalisis-una-nueva-construccion-sostenible\/","url":"https:\/\/grupefebe.com\/es\/la-fotocatalisis-una-nueva-construccion-sostenible\/","name":"La fotocat\u00e1lisis: una nueva construcci\u00f3n sostenible | Grupo Efeb\u00e9","isPartOf":{"@id":"https:\/\/grupefebe.com\/es\/#website"},"primaryImageOfPage":{"@id":"https:\/\/grupefebe.com\/es\/la-fotocatalisis-una-nueva-construccion-sostenible\/#primaryimage"},"image":{"@id":"https:\/\/grupefebe.com\/es\/la-fotocatalisis-una-nueva-construccion-sostenible\/#primaryimage"},"thumbnailUrl":"https:\/\/grupefebe.com\/custom\/uploads\/2021\/07\/fotocatalisi.jpg","datePublished":"2021-07-14T10:58:51+00:00","dateModified":"2021-08-03T08:53:04+00:00","description":"En Efeb\u00e9 disponemos del material adecuado para adaptar la fotocat\u00e1lisis en nuestros proyectos para mejorar la calidad de vida de las personas","breadcrumb":{"@id":"https:\/\/grupefebe.com\/es\/la-fotocatalisis-una-nueva-construccion-sostenible\/#breadcrumb"},"inLanguage":"es","potentialAction":[{"@type":"ReadAction","target":["https:\/\/grupefebe.com\/es\/la-fotocatalisis-una-nueva-construccion-sostenible\/"]}]},{"@type":"ImageObject","inLanguage":"es","@id":"https:\/\/grupefebe.com\/es\/la-fotocatalisis-una-nueva-construccion-sostenible\/#primaryimage","url":"https:\/\/grupefebe.com\/custom\/uploads\/2021\/07\/fotocatalisi.jpg","contentUrl":"https:\/\/grupefebe.com\/custom\/uploads\/2021\/07\/fotocatalisi.jpg","width":1024,"height":645,"caption":"fotocat\u00e1lisis"},{"@type":"BreadcrumbList","@id":"https:\/\/grupefebe.com\/es\/la-fotocatalisis-una-nueva-construccion-sostenible\/#breadcrumb","itemListElement":[{"@type":"ListItem","position":1,"name":"Inici","item":"https:\/\/www.grupefebe.com\/es\/"},{"@type":"ListItem","position":2,"name":"La fotocat\u00e1lisis: una nueva construcci\u00f3n sostenible"}]},{"@type":"WebSite","@id":"https:\/\/grupefebe.com\/es\/#website","url":"https:\/\/grupefebe.com\/es\/","name":"Grup Efeb\u00e9","description":"Otro sitio realizado con WordPress","publisher":{"@id":"https:\/\/grupefebe.com\/es\/#organization"},"potentialAction":[{"@type":"SearchAction","target":{"@type":"EntryPoint","urlTemplate":"https:\/\/grupefebe.com\/es\/?s={search_term_string}"},"query-input":{"@type":"PropertyValueSpecification","valueRequired":true,"valueName":"search_term_string"}}],"inLanguage":"es"},{"@type":"Organization","@id":"https:\/\/grupefebe.com\/es\/#organization","name":"Grup Efeb\u00e9","url":"https:\/\/grupefebe.com\/es\/","logo":{"@type":"ImageObject","inLanguage":"es","@id":"https:\/\/grupefebe.com\/es\/#\/schema\/logo\/image\/","url":"https:\/\/grupefebe.com\/custom\/uploads\/2021\/01\/logo-efebe.png","contentUrl":"https:\/\/grupefebe.com\/custom\/uploads\/2021\/01\/logo-efebe.png","width":524,"height":135,"caption":"Grup Efeb\u00e9"},"image":{"@id":"https:\/\/grupefebe.com\/es\/#\/schema\/logo\/image\/"},"sameAs":["https:\/\/www.facebook.com\/grup.efebe","https:\/\/x.com\/grup_efebe","https:\/\/www.instagram.com\/grup_efebe\/","https:\/\/www.linkedin.com\/company\/grupefebe","https:\/\/www.youtube.com\/channel\/UCj11-LAuLhPfqrL2649Xzrw"]},{"@type":"Person","@id":"https:\/\/grupefebe.com\/es\/#\/schema\/person\/ea29ae2644736bcdb432a0b7f0d814cd","name":"efebe","image":{"@type":"ImageObject","inLanguage":"es","@id":"https:\/\/grupefebe.com\/es\/#\/schema\/person\/image\/","url":"https:\/\/secure.gravatar.com\/avatar\/fe57a3f139ea81c65a338e37a8064b4e80844f839737532820c9107eb9e1966f?s=96&d=mm&r=g","contentUrl":"https:\/\/secure.gravatar.com\/avatar\/fe57a3f139ea81c65a338e37a8064b4e80844f839737532820c9107eb9e1966f?s=96&d=mm&r=g","caption":"efebe"},"url":"https:\/\/grupefebe.com\/es\/author\/efebe\/"}]}},"_links":{"self":[{"href":"https:\/\/grupefebe.com\/es\/wp-json\/wp\/v2\/posts\/7667","targetHints":{"allow":["GET"]}}],"collection":[{"href":"https:\/\/grupefebe.com\/es\/wp-json\/wp\/v2\/posts"}],"about":[{"href":"https:\/\/grupefebe.com\/es\/wp-json\/wp\/v2\/types\/post"}],"author":[{"embeddable":true,"href":"https:\/\/grupefebe.com\/es\/wp-json\/wp\/v2\/users\/1"}],"replies":[{"embeddable":true,"href":"https:\/\/grupefebe.com\/es\/wp-json\/wp\/v2\/comments?post=7667"}],"version-history":[{"count":4,"href":"https:\/\/grupefebe.com\/es\/wp-json\/wp\/v2\/posts\/7667\/revisions"}],"predecessor-version":[{"id":7994,"href":"https:\/\/grupefebe.com\/es\/wp-json\/wp\/v2\/posts\/7667\/revisions\/7994"}],"wp:featuredmedia":[{"embeddable":true,"href":"https:\/\/grupefebe.com\/es\/wp-json\/wp\/v2\/media\/7661"}],"wp:attachment":[{"href":"https:\/\/grupefebe.com\/es\/wp-json\/wp\/v2\/media?parent=7667"}],"wp:term":[{"taxonomy":"category","embeddable":true,"href":"https:\/\/grupefebe.com\/es\/wp-json\/wp\/v2\/categories?post=7667"}],"curies":[{"name":"wp","href":"https:\/\/api.w.org\/{rel}","templated":true}]}}