{"id":9345,"date":"2022-01-14T10:23:39","date_gmt":"2022-01-14T10:23:39","guid":{"rendered":"https:\/\/grupefebe.com\/3-consells-eco-per-a-una-oficina-sostenible\/"},"modified":"2022-01-14T11:14:05","modified_gmt":"2022-01-14T11:14:05","slug":"3-consejos-eco-para-una-oficina-sostenible","status":"publish","type":"post","link":"https:\/\/grupefebe.com\/es\/3-consejos-eco-para-una-oficina-sostenible\/","title":{"rendered":"3 consejos ECO para una oficina sostenible"},"content":{"rendered":"<p>\u00bfHas planteado tus prop\u00f3sitos de a\u00f1o nuevo? En Grup Efeb\u00e9 queremos adoptar nuevos h\u00e1bitos m\u00e1s saludables y sostenibles. Todos y todas tenemos la responsabilidad de cuidar de nuestro planeta y del medio ambiente y qu\u00e9 mejor que trabajar el d\u00eda a d\u00eda para una <strong>oficina sostenible<\/strong>.<\/p>\n<p>A la hora de escoger materiales, productos, colaboradores, debe darse el paso a escoger empresas que tengan sello representativo ECO. \u00bfConoces los Objetivos de Desarrollo Sostenible (ODS)? Es esencial que la actividad de la empresa se pueda vincular y realizar acciones sociales y sostenibles para cumplir la Agenda 2030.<\/p>\n<p>\u00bfQuieres apostar por la sostenibilidad? En este art\u00edculo de Grup Efeb\u00e9 te explicamos c\u00f3mo conseguir una oficina eco-friendly.<\/p>\n<p>&nbsp;<\/p>\n<h3>1. Confort ac\u00fastico, t\u00e9rmico y lum\u00ednico<\/h3>\n<p>En primer lugar, tu oficina sostenible debe contar con un <strong>confort ambiental<\/strong> regulado y de calidad. Iluminaci\u00f3n, ruido, temperatura o ventilaci\u00f3n son algunos de los par\u00e1metros a tener en cuenta. A continuaci\u00f3n te lo explicamos en detalle.<\/p>\n<p>En cuanto al confort lum\u00ednico, se recomienda utilizar la <strong>m\u00e1xima luz natural posible<\/strong>, pues, aprovechar la luz solar que entra por las ventanas. Adem\u00e1s, un consejo b\u00e1sico pero esencial es recordar apagar siempre las luces. Si nadie toma la responsabilidad, en los pasillos, salas de reuniones u otras zonas comunes, suelen quedar encendidas.<\/p>\n<p>En el caso del <strong>confort t\u00e9rmico<\/strong>, lo mejor para una eficiencia energ\u00e9tica es regular la temperatura, sin excederse ni con el aire acondicionado ni con la calefacci\u00f3n. Pues, el entorno de trabajo debe encontrarse en verano entre 23 \u00baC y 26 \u00baC y en invierno entre \u00a020 \u00baC y 24 \u00baC.<\/p>\n<p>Las personas trabajadoras deben poder sentirse a gusto en la oficina, por eso otro elemento esencial es el <strong>confort ac\u00fastico<\/strong>. Seg\u00fan la OMS (Organizaci\u00f3n Mundial de la Salud) es necesario \u00abreducir los niveles por debajo de 53 decibelios durante el d\u00eda\u00bb. Espa\u00f1a, junto a Jap\u00f3n, es uno de los pa\u00edses con un mayor \u00edndice de poblaci\u00f3n expuesta a altos niveles de ruido, seg\u00fan indica <a href=\"https:\/\/www.interempresas.net\/Construccion\/Articulos\/348121-El-confort-acustico-asignatura-pendiente-en-Espana.html\" target=\"_blank\" rel=\"noopener\">Interempresas<\/a>. En Efeb\u00e9 acostumbramos a incorporar elementos fonoabsorbentes para reducir la reverberaci\u00f3n ac\u00fastica.<\/p>\n<div id=\"attachment_8507\" style=\"width: 776px\" class=\"wp-caption aligncenter\"><img loading=\"lazy\" decoding=\"async\" aria-describedby=\"caption-attachment-8507\" class=\" wp-image-8507\" src=\"https:\/\/grupefebe.com\/custom\/uploads\/2021\/10\/AZR1943-300x200.jpg\" alt=\"oficina sostenible\" width=\"766\" height=\"511\" srcset=\"https:\/\/grupefebe.com\/custom\/uploads\/2021\/10\/AZR1943-300x200.jpg 300w, https:\/\/grupefebe.com\/custom\/uploads\/2021\/10\/AZR1943-1024x683.jpg 1024w, https:\/\/grupefebe.com\/custom\/uploads\/2021\/10\/AZR1943-768x512.jpg 768w, https:\/\/grupefebe.com\/custom\/uploads\/2021\/10\/AZR1943.jpg 1200w\" sizes=\"auto, (max-width: 766px) 100vw, 766px\" \/><p id=\"caption-attachment-8507\" class=\"wp-caption-text\">Fotograf\u00eda del proyecto de <a href=\"https:\/\/propulsevideo.com\/es\/\" target=\"_blank\" rel=\"noopener\">Propulse Video<\/a>, hecho por Efeb\u00e9, en Barcelona<\/p><\/div>\n<h3>2. Reducir, reutilizar y reciclar<\/h3>\n<p>La <strong>regla de las 3R<\/strong> de la sostenibilidad consiste en reducir el impacto que generamos sobre el medio ambiente. En la oficina recomendamos<strong> consumir menos energ\u00eda<\/strong>, por ejemplo, apagando siempre el ordenador al irse o poniendo un temporizador.<\/p>\n<p><strong>Reducir<\/strong> el uso de pl\u00e1sticos, utilizar cubiertos comunes y tambi\u00e9n del papel. Es una de las principales causas de la deforestaci\u00f3n. En lugar de imprimir notas informativas por el equipo, hacerlo de forma digital. Vivimos en una era digital, pero todav\u00eda se utiliza mucho papel.<\/p>\n<p>Tambi\u00e9n pondr\u00edamos un <strong>punto de reciclaje<\/strong> visible por las personas trabajadoras. Una papelera para reciclar el papel y el cart\u00f3n junto a la impresora y una serie de papeleras para los pl\u00e1sticos, el desecho, el vidrio y el org\u00e1nico.<\/p>\n<h3>3. Dise\u00f1o biof\u00edlico<\/h3>\n<p>Una tendencia cada vez m\u00e1s com\u00fan a una oficina sostenible es la del dise\u00f1o biof\u00edlico. Incorporar <strong>plantas o jardines verticales<\/strong> en los espacios de trabajo mejora el estado de las personas trabajadoras.<\/p>\n<p>Con s\u00f3lo el hecho de incluir elementos naturales, mejora en gran medida la calidad del aire interior y, en consecuencia, el bienestar f\u00edsico y mental de las personas.<\/p>\n<p>\u00bfC\u00f3mo lo ves? Anima a tus compa\u00f1eros y compa\u00f1eras a hacer posible un cambio en su oficina. \u00a1Juntos lo conseguiremos antes!<\/p>\n","protected":false},"excerpt":{"rendered":"<p>\u00bfHas planteado tus prop\u00f3sitos de a\u00f1o nuevo? En Grup Efeb\u00e9 queremos adoptar nuevos h\u00e1bitos m\u00e1s saludables y sostenibles. Todos y [&hellip;]<\/p>\n","protected":false},"author":2,"featured_media":8505,"comment_status":"closed","ping_status":"closed","sticky":false,"template":"","format":"standard","meta":{"_acf_changed":false,"footnotes":"","_links_to":"","_links_to_target":""},"categories":[200],"class_list":["post-9345","post","type-post","status-publish","format-standard","has-post-thumbnail","hentry","category-oficinas"],"acf":[],"yoast_head":"<!-- This site is optimized with the Yoast SEO plugin v25.9 - https:\/\/yoast.com\/wordpress\/plugins\/seo\/ -->\n<title>3 consejos ECO para una oficina sostenible | Grupo Efeb\u00e9<\/title>\n<meta name=\"description\" content=\"\u00bfQuieres apostar por la sostenibilidad? En este art\u00edculo de Grup Efeb\u00e9 te contamos 3 compromisos ECO para una oficina sostenible.\" \/>\n<meta name=\"robots\" content=\"index, follow, max-snippet:-1, max-image-preview:large, max-video-preview:-1\" \/>\n<link rel=\"canonical\" href=\"https:\/\/grupefebe.com\/es\/3-consejos-eco-para-una-oficina-sostenible\/\" \/>\n<meta property=\"og:locale\" content=\"es_ES\" \/>\n<meta property=\"og:type\" content=\"article\" \/>\n<meta property=\"og:title\" content=\"3 consejos ECO para una oficina sostenible | Grupo Efeb\u00e9\" \/>\n<meta property=\"og:description\" content=\"\u00bfQuieres apostar por la sostenibilidad? En este art\u00edculo de Grup Efeb\u00e9 te contamos 3 compromisos ECO para una oficina sostenible.\" \/>\n<meta property=\"og:url\" content=\"https:\/\/grupefebe.com\/es\/3-consejos-eco-para-una-oficina-sostenible\/\" \/>\n<meta property=\"og:site_name\" content=\"Grupo Efeb\u00e9\" \/>\n<meta property=\"article:publisher\" content=\"https:\/\/www.facebook.com\/grup.efebe\" \/>\n<meta property=\"article:published_time\" content=\"2022-01-14T10:23:39+00:00\" \/>\n<meta property=\"article:modified_time\" content=\"2022-01-14T11:14:05+00:00\" \/>\n<meta property=\"og:image\" content=\"https:\/\/grupefebe.com\/custom\/uploads\/2021\/10\/oficina-sostenible-scaled.jpg\" \/>\n\t<meta property=\"og:image:width\" content=\"2560\" \/>\n\t<meta property=\"og:image:height\" content=\"1707\" \/>\n\t<meta property=\"og:image:type\" content=\"image\/jpeg\" \/>\n<meta name=\"author\" content=\"Grup Efeb\u00e9\" \/>\n<meta name=\"twitter:card\" content=\"summary_large_image\" \/>\n<meta name=\"twitter:creator\" content=\"@grup_efebe\" \/>\n<meta name=\"twitter:site\" content=\"@grup_efebe\" \/>\n<meta name=\"twitter:label1\" content=\"Escrito por\" \/>\n\t<meta name=\"twitter:data1\" content=\"Grup Efeb\u00e9\" \/>\n\t<meta name=\"twitter:label2\" content=\"Tiempo de lectura\" \/>\n\t<meta name=\"twitter:data2\" content=\"3 minutos\" \/>\n<script type=\"application\/ld+json\" class=\"yoast-schema-graph\">{\"@context\":\"https:\/\/schema.org\",\"@graph\":[{\"@type\":\"Article\",\"@id\":\"https:\/\/grupefebe.com\/es\/3-consejos-eco-para-una-oficina-sostenible\/#article\",\"isPartOf\":{\"@id\":\"https:\/\/grupefebe.com\/es\/3-consejos-eco-para-una-oficina-sostenible\/\"},\"author\":{\"name\":\"Grup Efeb\u00e9\",\"@id\":\"https:\/\/www.grupefebe.com\/es\/#\/schema\/person\/76402b3180eef131413100afc3282997\"},\"headline\":\"3 consejos ECO para una oficina sostenible\",\"datePublished\":\"2022-01-14T10:23:39+00:00\",\"dateModified\":\"2022-01-14T11:14:05+00:00\",\"mainEntityOfPage\":{\"@id\":\"https:\/\/grupefebe.com\/es\/3-consejos-eco-para-una-oficina-sostenible\/\"},\"wordCount\":619,\"publisher\":{\"@id\":\"https:\/\/www.grupefebe.com\/es\/#organization\"},\"image\":{\"@id\":\"https:\/\/grupefebe.com\/es\/3-consejos-eco-para-una-oficina-sostenible\/#primaryimage\"},\"thumbnailUrl\":\"https:\/\/grupefebe.com\/custom\/uploads\/2021\/10\/oficina-sostenible-scaled.jpg\",\"articleSection\":[\"Oficinas\"],\"inLanguage\":\"es\"},{\"@type\":\"WebPage\",\"@id\":\"https:\/\/grupefebe.com\/es\/3-consejos-eco-para-una-oficina-sostenible\/\",\"url\":\"https:\/\/grupefebe.com\/es\/3-consejos-eco-para-una-oficina-sostenible\/\",\"name\":\"3 consejos ECO para una oficina sostenible | Grupo Efeb\u00e9\",\"isPartOf\":{\"@id\":\"https:\/\/www.grupefebe.com\/es\/#website\"},\"primaryImageOfPage\":{\"@id\":\"https:\/\/grupefebe.com\/es\/3-consejos-eco-para-una-oficina-sostenible\/#primaryimage\"},\"image\":{\"@id\":\"https:\/\/grupefebe.com\/es\/3-consejos-eco-para-una-oficina-sostenible\/#primaryimage\"},\"thumbnailUrl\":\"https:\/\/grupefebe.com\/custom\/uploads\/2021\/10\/oficina-sostenible-scaled.jpg\",\"datePublished\":\"2022-01-14T10:23:39+00:00\",\"dateModified\":\"2022-01-14T11:14:05+00:00\",\"description\":\"\u00bfQuieres apostar por la sostenibilidad? En este art\u00edculo de Grup Efeb\u00e9 te contamos 3 compromisos ECO para una oficina sostenible.\",\"breadcrumb\":{\"@id\":\"https:\/\/grupefebe.com\/es\/3-consejos-eco-para-una-oficina-sostenible\/#breadcrumb\"},\"inLanguage\":\"es\",\"potentialAction\":[{\"@type\":\"ReadAction\",\"target\":[\"https:\/\/grupefebe.com\/es\/3-consejos-eco-para-una-oficina-sostenible\/\"]}]},{\"@type\":\"ImageObject\",\"inLanguage\":\"es\",\"@id\":\"https:\/\/grupefebe.com\/es\/3-consejos-eco-para-una-oficina-sostenible\/#primaryimage\",\"url\":\"https:\/\/grupefebe.com\/custom\/uploads\/2021\/10\/oficina-sostenible-scaled.jpg\",\"contentUrl\":\"https:\/\/grupefebe.com\/custom\/uploads\/2021\/10\/oficina-sostenible-scaled.jpg\",\"width\":2560,\"height\":1707,\"caption\":\"oficina sostenible\"},{\"@type\":\"BreadcrumbList\",\"@id\":\"https:\/\/grupefebe.com\/es\/3-consejos-eco-para-una-oficina-sostenible\/#breadcrumb\",\"itemListElement\":[{\"@type\":\"ListItem\",\"position\":1,\"name\":\"Inici\",\"item\":\"https:\/\/www.grupefebe.com\/es\/\"},{\"@type\":\"ListItem\",\"position\":2,\"name\":\"3 consejos ECO para una oficina sostenible\"}]},{\"@type\":\"WebSite\",\"@id\":\"https:\/\/www.grupefebe.com\/es\/#website\",\"url\":\"https:\/\/www.grupefebe.com\/es\/\",\"name\":\"Grup Efeb\u00e9\",\"description\":\"Otro sitio realizado con WordPress\",\"publisher\":{\"@id\":\"https:\/\/www.grupefebe.com\/es\/#organization\"},\"potentialAction\":[{\"@type\":\"SearchAction\",\"target\":{\"@type\":\"EntryPoint\",\"urlTemplate\":\"https:\/\/www.grupefebe.com\/es\/?s={search_term_string}\"},\"query-input\":{\"@type\":\"PropertyValueSpecification\",\"valueRequired\":true,\"valueName\":\"search_term_string\"}}],\"inLanguage\":\"es\"},{\"@type\":\"Organization\",\"@id\":\"https:\/\/www.grupefebe.com\/es\/#organization\",\"name\":\"Grup Efeb\u00e9\",\"url\":\"https:\/\/www.grupefebe.com\/es\/\",\"logo\":{\"@type\":\"ImageObject\",\"inLanguage\":\"es\",\"@id\":\"https:\/\/www.grupefebe.com\/es\/#\/schema\/logo\/image\/\",\"url\":\"https:\/\/grupefebe.com\/custom\/uploads\/2021\/01\/logo-efebe.png\",\"contentUrl\":\"https:\/\/grupefebe.com\/custom\/uploads\/2021\/01\/logo-efebe.png\",\"width\":524,\"height\":135,\"caption\":\"Grup Efeb\u00e9\"},\"image\":{\"@id\":\"https:\/\/www.grupefebe.com\/es\/#\/schema\/logo\/image\/\"},\"sameAs\":[\"https:\/\/www.facebook.com\/grup.efebe\",\"https:\/\/x.com\/grup_efebe\",\"https:\/\/www.instagram.com\/grup_efebe\/\",\"https:\/\/www.linkedin.com\/company\/grupefebe\",\"https:\/\/www.youtube.com\/channel\/UCj11-LAuLhPfqrL2649Xzrw\"]},{\"@type\":\"Person\",\"@id\":\"https:\/\/www.grupefebe.com\/es\/#\/schema\/person\/76402b3180eef131413100afc3282997\",\"name\":\"Grup Efeb\u00e9\",\"image\":{\"@type\":\"ImageObject\",\"inLanguage\":\"es\",\"@id\":\"https:\/\/www.grupefebe.com\/es\/#\/schema\/person\/image\/\",\"url\":\"https:\/\/secure.gravatar.com\/avatar\/913bc6aa90480101061296ab9cad4bd4ccfb82c623a8820f3fd577558c1651be?s=96&d=mm&r=g\",\"contentUrl\":\"https:\/\/secure.gravatar.com\/avatar\/913bc6aa90480101061296ab9cad4bd4ccfb82c623a8820f3fd577558c1651be?s=96&d=mm&r=g\",\"caption\":\"Grup Efeb\u00e9\"},\"url\":\"https:\/\/grupefebe.com\/es\/author\/julia\/\"}]}<\/script>\n<!-- \/ Yoast SEO plugin. -->","yoast_head_json":{"title":"3 consejos ECO para una oficina sostenible | Grupo Efeb\u00e9","description":"\u00bfQuieres apostar por la sostenibilidad? En este art\u00edculo de Grup Efeb\u00e9 te contamos 3 compromisos ECO para una oficina sostenible.","robots":{"index":"index","follow":"follow","max-snippet":"max-snippet:-1","max-image-preview":"max-image-preview:large","max-video-preview":"max-video-preview:-1"},"canonical":"https:\/\/grupefebe.com\/es\/3-consejos-eco-para-una-oficina-sostenible\/","og_locale":"es_ES","og_type":"article","og_title":"3 consejos ECO para una oficina sostenible | Grupo Efeb\u00e9","og_description":"\u00bfQuieres apostar por la sostenibilidad? En este art\u00edculo de Grup Efeb\u00e9 te contamos 3 compromisos ECO para una oficina sostenible.","og_url":"https:\/\/grupefebe.com\/es\/3-consejos-eco-para-una-oficina-sostenible\/","og_site_name":"Grupo Efeb\u00e9","article_publisher":"https:\/\/www.facebook.com\/grup.efebe","article_published_time":"2022-01-14T10:23:39+00:00","article_modified_time":"2022-01-14T11:14:05+00:00","og_image":[{"width":2560,"height":1707,"url":"https:\/\/grupefebe.com\/custom\/uploads\/2021\/10\/oficina-sostenible-scaled.jpg","type":"image\/jpeg"}],"author":"Grup Efeb\u00e9","twitter_card":"summary_large_image","twitter_creator":"@grup_efebe","twitter_site":"@grup_efebe","twitter_misc":{"Escrito por":"Grup Efeb\u00e9","Tiempo de lectura":"3 minutos"},"schema":{"@context":"https:\/\/schema.org","@graph":[{"@type":"Article","@id":"https:\/\/grupefebe.com\/es\/3-consejos-eco-para-una-oficina-sostenible\/#article","isPartOf":{"@id":"https:\/\/grupefebe.com\/es\/3-consejos-eco-para-una-oficina-sostenible\/"},"author":{"name":"Grup Efeb\u00e9","@id":"https:\/\/www.grupefebe.com\/es\/#\/schema\/person\/76402b3180eef131413100afc3282997"},"headline":"3 consejos ECO para una oficina sostenible","datePublished":"2022-01-14T10:23:39+00:00","dateModified":"2022-01-14T11:14:05+00:00","mainEntityOfPage":{"@id":"https:\/\/grupefebe.com\/es\/3-consejos-eco-para-una-oficina-sostenible\/"},"wordCount":619,"publisher":{"@id":"https:\/\/www.grupefebe.com\/es\/#organization"},"image":{"@id":"https:\/\/grupefebe.com\/es\/3-consejos-eco-para-una-oficina-sostenible\/#primaryimage"},"thumbnailUrl":"https:\/\/grupefebe.com\/custom\/uploads\/2021\/10\/oficina-sostenible-scaled.jpg","articleSection":["Oficinas"],"inLanguage":"es"},{"@type":"WebPage","@id":"https:\/\/grupefebe.com\/es\/3-consejos-eco-para-una-oficina-sostenible\/","url":"https:\/\/grupefebe.com\/es\/3-consejos-eco-para-una-oficina-sostenible\/","name":"3 consejos ECO para una oficina sostenible | Grupo Efeb\u00e9","isPartOf":{"@id":"https:\/\/www.grupefebe.com\/es\/#website"},"primaryImageOfPage":{"@id":"https:\/\/grupefebe.com\/es\/3-consejos-eco-para-una-oficina-sostenible\/#primaryimage"},"image":{"@id":"https:\/\/grupefebe.com\/es\/3-consejos-eco-para-una-oficina-sostenible\/#primaryimage"},"thumbnailUrl":"https:\/\/grupefebe.com\/custom\/uploads\/2021\/10\/oficina-sostenible-scaled.jpg","datePublished":"2022-01-14T10:23:39+00:00","dateModified":"2022-01-14T11:14:05+00:00","description":"\u00bfQuieres apostar por la sostenibilidad? En este art\u00edculo de Grup Efeb\u00e9 te contamos 3 compromisos ECO para una oficina sostenible.","breadcrumb":{"@id":"https:\/\/grupefebe.com\/es\/3-consejos-eco-para-una-oficina-sostenible\/#breadcrumb"},"inLanguage":"es","potentialAction":[{"@type":"ReadAction","target":["https:\/\/grupefebe.com\/es\/3-consejos-eco-para-una-oficina-sostenible\/"]}]},{"@type":"ImageObject","inLanguage":"es","@id":"https:\/\/grupefebe.com\/es\/3-consejos-eco-para-una-oficina-sostenible\/#primaryimage","url":"https:\/\/grupefebe.com\/custom\/uploads\/2021\/10\/oficina-sostenible-scaled.jpg","contentUrl":"https:\/\/grupefebe.com\/custom\/uploads\/2021\/10\/oficina-sostenible-scaled.jpg","width":2560,"height":1707,"caption":"oficina sostenible"},{"@type":"BreadcrumbList","@id":"https:\/\/grupefebe.com\/es\/3-consejos-eco-para-una-oficina-sostenible\/#breadcrumb","itemListElement":[{"@type":"ListItem","position":1,"name":"Inici","item":"https:\/\/www.grupefebe.com\/es\/"},{"@type":"ListItem","position":2,"name":"3 consejos ECO para una oficina sostenible"}]},{"@type":"WebSite","@id":"https:\/\/www.grupefebe.com\/es\/#website","url":"https:\/\/www.grupefebe.com\/es\/","name":"Grup Efeb\u00e9","description":"Otro sitio realizado con WordPress","publisher":{"@id":"https:\/\/www.grupefebe.com\/es\/#organization"},"potentialAction":[{"@type":"SearchAction","target":{"@type":"EntryPoint","urlTemplate":"https:\/\/www.grupefebe.com\/es\/?s={search_term_string}"},"query-input":{"@type":"PropertyValueSpecification","valueRequired":true,"valueName":"search_term_string"}}],"inLanguage":"es"},{"@type":"Organization","@id":"https:\/\/www.grupefebe.com\/es\/#organization","name":"Grup Efeb\u00e9","url":"https:\/\/www.grupefebe.com\/es\/","logo":{"@type":"ImageObject","inLanguage":"es","@id":"https:\/\/www.grupefebe.com\/es\/#\/schema\/logo\/image\/","url":"https:\/\/grupefebe.com\/custom\/uploads\/2021\/01\/logo-efebe.png","contentUrl":"https:\/\/grupefebe.com\/custom\/uploads\/2021\/01\/logo-efebe.png","width":524,"height":135,"caption":"Grup Efeb\u00e9"},"image":{"@id":"https:\/\/www.grupefebe.com\/es\/#\/schema\/logo\/image\/"},"sameAs":["https:\/\/www.facebook.com\/grup.efebe","https:\/\/x.com\/grup_efebe","https:\/\/www.instagram.com\/grup_efebe\/","https:\/\/www.linkedin.com\/company\/grupefebe","https:\/\/www.youtube.com\/channel\/UCj11-LAuLhPfqrL2649Xzrw"]},{"@type":"Person","@id":"https:\/\/www.grupefebe.com\/es\/#\/schema\/person\/76402b3180eef131413100afc3282997","name":"Grup Efeb\u00e9","image":{"@type":"ImageObject","inLanguage":"es","@id":"https:\/\/www.grupefebe.com\/es\/#\/schema\/person\/image\/","url":"https:\/\/secure.gravatar.com\/avatar\/913bc6aa90480101061296ab9cad4bd4ccfb82c623a8820f3fd577558c1651be?s=96&d=mm&r=g","contentUrl":"https:\/\/secure.gravatar.com\/avatar\/913bc6aa90480101061296ab9cad4bd4ccfb82c623a8820f3fd577558c1651be?s=96&d=mm&r=g","caption":"Grup Efeb\u00e9"},"url":"https:\/\/grupefebe.com\/es\/author\/julia\/"}]}},"_links":{"self":[{"href":"https:\/\/grupefebe.com\/es\/wp-json\/wp\/v2\/posts\/9345","targetHints":{"allow":["GET"]}}],"collection":[{"href":"https:\/\/grupefebe.com\/es\/wp-json\/wp\/v2\/posts"}],"about":[{"href":"https:\/\/grupefebe.com\/es\/wp-json\/wp\/v2\/types\/post"}],"author":[{"embeddable":true,"href":"https:\/\/grupefebe.com\/es\/wp-json\/wp\/v2\/users\/2"}],"replies":[{"embeddable":true,"href":"https:\/\/grupefebe.com\/es\/wp-json\/wp\/v2\/comments?post=9345"}],"version-history":[{"count":3,"href":"https:\/\/grupefebe.com\/es\/wp-json\/wp\/v2\/posts\/9345\/revisions"}],"predecessor-version":[{"id":9348,"href":"https:\/\/grupefebe.com\/es\/wp-json\/wp\/v2\/posts\/9345\/revisions\/9348"}],"wp:featuredmedia":[{"embeddable":true,"href":"https:\/\/grupefebe.com\/es\/wp-json\/wp\/v2\/media\/8505"}],"wp:attachment":[{"href":"https:\/\/grupefebe.com\/es\/wp-json\/wp\/v2\/media?parent=9345"}],"wp:term":[{"taxonomy":"category","embeddable":true,"href":"https:\/\/grupefebe.com\/es\/wp-json\/wp\/v2\/categories?post=9345"}],"curies":[{"name":"wp","href":"https:\/\/api.w.org\/{rel}","templated":true}]}}