{"id":9591,"date":"2022-02-07T16:33:18","date_gmt":"2022-02-07T16:33:18","guid":{"rendered":"https:\/\/grupefebe.com\/?p=9591"},"modified":"2022-02-07T16:33:18","modified_gmt":"2022-02-07T16:33:18","slug":"grup-efebe-tenemos-un-nuevo-almacen-en-barcelona","status":"publish","type":"post","link":"https:\/\/grupefebe.com\/es\/grup-efebe-tenemos-un-nuevo-almacen-en-barcelona\/","title":{"rendered":"Grup Efeb\u00e9 tenemos un nuevo almac\u00e9n en Barcelona"},"content":{"rendered":"<p>Tenemos un nuevo espacio adecuado para mobiliario y equipamiento: \u00a1el almac\u00e9n Efeb\u00e9!<\/p>\n<p>Este a\u00f1o pasado 2021 sali\u00f3 nuestra primera <strong>colecci\u00f3n de mobiliario de dise\u00f1o y fabricaci\u00f3n propia para el sector educativo<\/strong>. En nuestro cat\u00e1logo online tambi\u00e9n consta una l\u00ednea de mobiliario asistencial adaptado para las necesidades de las personas mayores.<\/p>\n<p>El almac\u00e9n Efeb\u00e9 est\u00e1 situado en la calle Teodor Llorente, en el barrio de El Guinard\u00f3. Concretamente, est\u00e1 muy cerca de la oficina t\u00e9cnica y el showroom, ambos en la Calle Villar, 74.<\/p>\n<p>\u00a1En este v\u00eddeo puede ver el exterior! Lo pod\u00e9is ver en nuestro perfil de <a href=\"https:\/\/www.instagram.com\/grup_efebe\/\">Instagram Reels<\/a>.<\/p>\n<div id=\"attachment_9420\" style=\"width: 1039px\" class=\"wp-caption aligncenter\"><img loading=\"lazy\" decoding=\"async\" aria-describedby=\"caption-attachment-9420\" class=\"wp-image-9420\" src=\"https:\/\/grupefebe.com\/custom\/uploads\/2022\/01\/Verde-Naturaleza-Tomate-un-Respiro-Publicacion-de-Twitter-300x150.jpg\" alt=\"nuevo almac\u00e9n en Barcelona\" width=\"1029\" height=\"515\" srcset=\"https:\/\/grupefebe.com\/custom\/uploads\/2022\/01\/Verde-Naturaleza-Tomate-un-Respiro-Publicacion-de-Twitter-300x150.jpg 300w, https:\/\/grupefebe.com\/custom\/uploads\/2022\/01\/Verde-Naturaleza-Tomate-un-Respiro-Publicacion-de-Twitter-768x384.jpg 768w, https:\/\/grupefebe.com\/custom\/uploads\/2022\/01\/Verde-Naturaleza-Tomate-un-Respiro-Publicacion-de-Twitter.jpg 1024w\" sizes=\"auto, (max-width: 1029px) 100vw, 1029px\" \/><p id=\"caption-attachment-9420\" class=\"wp-caption-text\">Fachada exterior del nuevo almac\u00e9n Efeb\u00e9.<\/p><\/div>\n<h3>Mobiliario FluAp<\/h3>\n<p>Para el sector educativo hemos dise\u00f1ado mobiliario adaptado para los <a href=\"https:\/\/www.grupefebe.com\/es\/reformas-para-escuelas\/\"><strong>Espacios Fluidos de Aprendizaje<\/strong><\/a>, los entornos educativos m\u00e1s innovadores. Con nuestros proyectos FluAp promovemos en los centros educativos un alto nivel de calidad educativa e innovaci\u00f3n, generando as\u00ed entornos adecuados para la aplicaci\u00f3n de nuevos proyectos educativos que generan entornos colaborativos, innovadores y creativos.<\/p>\n<p>Ergonom\u00eda, eficiencia, sostenibilidad y calidad, son par\u00e1metros que caracterizan al mobiliario FluAp. En Efeb\u00e9 adaptamos el equipamiento a los seis espacios que hemos pensado para los centros m\u00e1s innovadores: debate, colaboraci\u00f3n, creatividad, investigaci\u00f3n, experimentaci\u00f3n y creatividad.<\/p>\n<p>FluAp est\u00e1 validado por <a href=\"https:\/\/www.segellsmart.org\/\">Sello SMART<\/a>, una acreditaci\u00f3n <strong>de innovaci\u00f3n y excelencia educativa<\/strong>, <a href=\"https:\/\/www.fundaciotrams.org\/ca\">Fundaci\u00f3 Tr@ms<\/a> y <a href=\"http:\/\/www.binomi.cat\/\">Binomi Tecnopedagogia<\/a>, una <strong>iniciativa de innovaci\u00f3n, transformaci\u00f3n y renacimiento psicoeducativo<\/strong>.<\/p>\n<div id=\"attachment_9393\" style=\"width: 595px\" class=\"wp-caption aligncenter\"><img loading=\"lazy\" decoding=\"async\" aria-describedby=\"caption-attachment-9393\" class=\"wp-image-9393\" src=\"https:\/\/grupefebe.com\/custom\/uploads\/2022\/01\/FOTO-6-300x204.jpg\" alt=\"nuevo almac\u00e9n en Barcelona\" width=\"585\" height=\"398\" srcset=\"https:\/\/grupefebe.com\/custom\/uploads\/2022\/01\/FOTO-6-300x204.jpg 300w, https:\/\/grupefebe.com\/custom\/uploads\/2022\/01\/FOTO-6-1024x698.jpg 1024w, https:\/\/grupefebe.com\/custom\/uploads\/2022\/01\/FOTO-6-768x524.jpg 768w, https:\/\/grupefebe.com\/custom\/uploads\/2022\/01\/FOTO-6-1536x1047.jpg 1536w, https:\/\/grupefebe.com\/custom\/uploads\/2022\/01\/FOTO-6-2048x1396.jpg 2048w\" sizes=\"auto, (max-width: 585px) 100vw, 585px\" \/><p id=\"caption-attachment-9393\" class=\"wp-caption-text\"><a href=\"https:\/\/www.grupefebe.com\/es\/products\/mesa-maker\/\">Mesa Maker<\/a>, dise\u00f1ada y fabricada por Efeb\u00e9.<\/p><\/div>\n<h3>\u00a1Equipamiento asistencial en el nuevo almac\u00e9n en Barcelona!<\/h3>\n<p>\u00bfQu\u00e9 aportamos con nuestros proyectos asistenciales? El equipo de Efeb\u00e9 hacemos de las residencias espacios amables, saludables y acogedores, que mejoran la calidad de vida de las personas mayores.<\/p>\n<p>En nuestro cat\u00e1logo est\u00e1 disponible nuestra <strong>colecci\u00f3n de cabezales<\/strong> adaptados para personas mayores, pensados tanto para camas articuladas como para camas fijas en habitaciones con una o m\u00e1s camas. Tambi\u00e9n puedes encontrar en nuestro cat\u00e1logo la <strong>mesita de noche de Efeb\u00e9 y el armario individual<\/strong>, formados ambos por una estructura de melamina de Roble Denver Natural. Su tono natural se encuentra de forma homog\u00e9nea por toda la zona de la superficie.<\/p>\n<div id=\"attachment_9396\" style=\"width: 476px\" class=\"wp-caption aligncenter\"><img loading=\"lazy\" decoding=\"async\" aria-describedby=\"caption-attachment-9396\" class=\"wp-image-9396\" src=\"https:\/\/grupefebe.com\/custom\/uploads\/2022\/01\/WhatsApp-Image-2021-04-06-at-20.35.39-225x300.jpeg\" alt=\"nuevo almac\u00e9n en Barcelona\" width=\"466\" height=\"621\" \/><p id=\"caption-attachment-9396\" class=\"wp-caption-text\">El equipo de Efeb\u00e9 trabajando.<\/p><\/div>\n<h3>Los proyectos Efeb\u00e9<\/h3>\n<p>Nuestro nuevo almac\u00e9n en Barcelona responde a la necesidad que nos ha surgido en estos \u00faltimos tiempos de un espacio para todo el equipamiento que tenemos en stock.<\/p>\n<p>Contamos con mobiliario que se puede adquirir directamente del cat\u00e1logo y tambi\u00e9n equipamos los espacios de nuestros clientes a trav\u00e9s de <strong>proyectos integrales 360\u00ba<\/strong>, que incluyen desde un an\u00e1lisis y detecci\u00f3n de las necesidades, dise\u00f1o, ejecuci\u00f3n del proyecto, suministro de equipamiento y un acompa\u00f1amiento posterior.<\/p>\n<p>Nuestros <a href=\"https:\/\/www.grupefebe.com\/es\/proyectos\/\">proyectos<\/a> son para entornos profesionales, principalmente para centros educativos, oficinas y espacios para personas mayores. En 2012 realizamos unos apartamentos en Sud\u00e1n y, desde all\u00ed, nuestra actividad se ha mantenido nacional e internacional. Hemos transformado espacios en pa\u00edses como Grecia, Buenos Aires, Alemania o Portugal.<\/p>\n","protected":false},"excerpt":{"rendered":"<p>Tenemos un nuevo espacio adecuado para mobiliario y equipamiento: \u00a1el almac\u00e9n Efeb\u00e9! Este a\u00f1o pasado 2021 sali\u00f3 nuestra primera colecci\u00f3n [&hellip;]<\/p>\n","protected":false},"author":2,"featured_media":9410,"comment_status":"closed","ping_status":"closed","sticky":false,"template":"","format":"standard","meta":{"_acf_changed":false,"footnotes":"","_links_to":"","_links_to_target":""},"categories":[205,204,203,200,201,202],"class_list":["post-9591","post","type-post","status-publish","format-standard","has-post-thumbnail","hentry","category-centros-deportivos","category-centros-medicos","category-escuelas","category-oficinas","category-otros-sectores","category-residencias-mayores"],"acf":[],"yoast_head":"<!-- This site is optimized with the Yoast SEO plugin v25.9 - https:\/\/yoast.com\/wordpress\/plugins\/seo\/ -->\n<title>Grup Efeb\u00e9 tenemos un nuevo almac\u00e9n en Barcelona | Grupo Efeb\u00e9<\/title>\n<meta name=\"description\" content=\"\u00a1Grup Efeb\u00e9 hemos abierto un nuevo almac\u00e9n en Barcelona! En el Guinard\u00f3 contamos con un local para el mobiliario de fabricaci\u00f3n propia.\" \/>\n<meta name=\"robots\" content=\"index, follow, max-snippet:-1, max-image-preview:large, max-video-preview:-1\" \/>\n<link rel=\"canonical\" href=\"https:\/\/grupefebe.com\/es\/grup-efebe-tenemos-un-nuevo-almacen-en-barcelona\/\" \/>\n<meta property=\"og:locale\" content=\"es_ES\" \/>\n<meta property=\"og:type\" content=\"article\" \/>\n<meta property=\"og:title\" content=\"Grup Efeb\u00e9 tenemos un nuevo almac\u00e9n en Barcelona | Grupo Efeb\u00e9\" \/>\n<meta property=\"og:description\" content=\"\u00a1Grup Efeb\u00e9 hemos abierto un nuevo almac\u00e9n en Barcelona! En el Guinard\u00f3 contamos con un local para el mobiliario de fabricaci\u00f3n propia.\" \/>\n<meta property=\"og:url\" content=\"https:\/\/grupefebe.com\/es\/grup-efebe-tenemos-un-nuevo-almacen-en-barcelona\/\" \/>\n<meta property=\"og:site_name\" content=\"Grupo Efeb\u00e9\" \/>\n<meta property=\"article:publisher\" content=\"https:\/\/www.facebook.com\/grup.efebe\" \/>\n<meta property=\"article:published_time\" content=\"2022-02-07T16:33:18+00:00\" \/>\n<meta property=\"og:image\" content=\"https:\/\/grupefebe.com\/custom\/uploads\/2022\/01\/magatzem-vinil-4-scaled-e1642679007986.jpg\" \/>\n\t<meta property=\"og:image:width\" content=\"1816\" \/>\n\t<meta property=\"og:image:height\" content=\"2560\" \/>\n\t<meta property=\"og:image:type\" content=\"image\/jpeg\" \/>\n<meta name=\"author\" content=\"Grup Efeb\u00e9\" \/>\n<meta name=\"twitter:card\" content=\"summary_large_image\" \/>\n<meta name=\"twitter:creator\" content=\"@grup_efebe\" \/>\n<meta name=\"twitter:site\" content=\"@grup_efebe\" \/>\n<meta name=\"twitter:label1\" content=\"Escrito por\" \/>\n\t<meta name=\"twitter:data1\" content=\"Grup Efeb\u00e9\" \/>\n\t<meta name=\"twitter:label2\" content=\"Tiempo de lectura\" \/>\n\t<meta name=\"twitter:data2\" content=\"3 minutos\" \/>\n<script type=\"application\/ld+json\" class=\"yoast-schema-graph\">{\"@context\":\"https:\/\/schema.org\",\"@graph\":[{\"@type\":\"Article\",\"@id\":\"https:\/\/grupefebe.com\/es\/grup-efebe-tenemos-un-nuevo-almacen-en-barcelona\/#article\",\"isPartOf\":{\"@id\":\"https:\/\/grupefebe.com\/es\/grup-efebe-tenemos-un-nuevo-almacen-en-barcelona\/\"},\"author\":{\"name\":\"Grup Efeb\u00e9\",\"@id\":\"https:\/\/www.grupefebe.com\/es\/#\/schema\/person\/76402b3180eef131413100afc3282997\"},\"headline\":\"Grup Efeb\u00e9 tenemos un nuevo almac\u00e9n en Barcelona\",\"datePublished\":\"2022-02-07T16:33:18+00:00\",\"mainEntityOfPage\":{\"@id\":\"https:\/\/grupefebe.com\/es\/grup-efebe-tenemos-un-nuevo-almacen-en-barcelona\/\"},\"wordCount\":538,\"publisher\":{\"@id\":\"https:\/\/www.grupefebe.com\/es\/#organization\"},\"image\":{\"@id\":\"https:\/\/grupefebe.com\/es\/grup-efebe-tenemos-un-nuevo-almacen-en-barcelona\/#primaryimage\"},\"thumbnailUrl\":\"https:\/\/grupefebe.com\/custom\/uploads\/2022\/01\/magatzem-vinil-4-scaled-e1642679007986.jpg\",\"articleSection\":[\"Centros Deportivos\",\"Centros M\u00e9dicos\",\"Escuelas\",\"Oficinas\",\"Otros Sectores\",\"Residencias para mayores\"],\"inLanguage\":\"es\"},{\"@type\":\"WebPage\",\"@id\":\"https:\/\/grupefebe.com\/es\/grup-efebe-tenemos-un-nuevo-almacen-en-barcelona\/\",\"url\":\"https:\/\/grupefebe.com\/es\/grup-efebe-tenemos-un-nuevo-almacen-en-barcelona\/\",\"name\":\"Grup Efeb\u00e9 tenemos un nuevo almac\u00e9n en Barcelona | Grupo Efeb\u00e9\",\"isPartOf\":{\"@id\":\"https:\/\/www.grupefebe.com\/es\/#website\"},\"primaryImageOfPage\":{\"@id\":\"https:\/\/grupefebe.com\/es\/grup-efebe-tenemos-un-nuevo-almacen-en-barcelona\/#primaryimage\"},\"image\":{\"@id\":\"https:\/\/grupefebe.com\/es\/grup-efebe-tenemos-un-nuevo-almacen-en-barcelona\/#primaryimage\"},\"thumbnailUrl\":\"https:\/\/grupefebe.com\/custom\/uploads\/2022\/01\/magatzem-vinil-4-scaled-e1642679007986.jpg\",\"datePublished\":\"2022-02-07T16:33:18+00:00\",\"description\":\"\u00a1Grup Efeb\u00e9 hemos abierto un nuevo almac\u00e9n en Barcelona! En el Guinard\u00f3 contamos con un local para el mobiliario de fabricaci\u00f3n propia.\",\"breadcrumb\":{\"@id\":\"https:\/\/grupefebe.com\/es\/grup-efebe-tenemos-un-nuevo-almacen-en-barcelona\/#breadcrumb\"},\"inLanguage\":\"es\",\"potentialAction\":[{\"@type\":\"ReadAction\",\"target\":[\"https:\/\/grupefebe.com\/es\/grup-efebe-tenemos-un-nuevo-almacen-en-barcelona\/\"]}]},{\"@type\":\"ImageObject\",\"inLanguage\":\"es\",\"@id\":\"https:\/\/grupefebe.com\/es\/grup-efebe-tenemos-un-nuevo-almacen-en-barcelona\/#primaryimage\",\"url\":\"https:\/\/grupefebe.com\/custom\/uploads\/2022\/01\/magatzem-vinil-4-scaled-e1642679007986.jpg\",\"contentUrl\":\"https:\/\/grupefebe.com\/custom\/uploads\/2022\/01\/magatzem-vinil-4-scaled-e1642679007986.jpg\",\"width\":1816,\"height\":2560,\"caption\":\"nou magatzem a Barcelona\"},{\"@type\":\"BreadcrumbList\",\"@id\":\"https:\/\/grupefebe.com\/es\/grup-efebe-tenemos-un-nuevo-almacen-en-barcelona\/#breadcrumb\",\"itemListElement\":[{\"@type\":\"ListItem\",\"position\":1,\"name\":\"Inici\",\"item\":\"https:\/\/www.grupefebe.com\/es\/\"},{\"@type\":\"ListItem\",\"position\":2,\"name\":\"Grup Efeb\u00e9 tenemos un nuevo almac\u00e9n en Barcelona\"}]},{\"@type\":\"WebSite\",\"@id\":\"https:\/\/www.grupefebe.com\/es\/#website\",\"url\":\"https:\/\/www.grupefebe.com\/es\/\",\"name\":\"Grup Efeb\u00e9\",\"description\":\"Otro sitio realizado con WordPress\",\"publisher\":{\"@id\":\"https:\/\/www.grupefebe.com\/es\/#organization\"},\"potentialAction\":[{\"@type\":\"SearchAction\",\"target\":{\"@type\":\"EntryPoint\",\"urlTemplate\":\"https:\/\/www.grupefebe.com\/es\/?s={search_term_string}\"},\"query-input\":{\"@type\":\"PropertyValueSpecification\",\"valueRequired\":true,\"valueName\":\"search_term_string\"}}],\"inLanguage\":\"es\"},{\"@type\":\"Organization\",\"@id\":\"https:\/\/www.grupefebe.com\/es\/#organization\",\"name\":\"Grup Efeb\u00e9\",\"url\":\"https:\/\/www.grupefebe.com\/es\/\",\"logo\":{\"@type\":\"ImageObject\",\"inLanguage\":\"es\",\"@id\":\"https:\/\/www.grupefebe.com\/es\/#\/schema\/logo\/image\/\",\"url\":\"https:\/\/grupefebe.com\/custom\/uploads\/2021\/01\/logo-efebe.png\",\"contentUrl\":\"https:\/\/grupefebe.com\/custom\/uploads\/2021\/01\/logo-efebe.png\",\"width\":524,\"height\":135,\"caption\":\"Grup Efeb\u00e9\"},\"image\":{\"@id\":\"https:\/\/www.grupefebe.com\/es\/#\/schema\/logo\/image\/\"},\"sameAs\":[\"https:\/\/www.facebook.com\/grup.efebe\",\"https:\/\/x.com\/grup_efebe\",\"https:\/\/www.instagram.com\/grup_efebe\/\",\"https:\/\/www.linkedin.com\/company\/grupefebe\",\"https:\/\/www.youtube.com\/channel\/UCj11-LAuLhPfqrL2649Xzrw\"]},{\"@type\":\"Person\",\"@id\":\"https:\/\/www.grupefebe.com\/es\/#\/schema\/person\/76402b3180eef131413100afc3282997\",\"name\":\"Grup Efeb\u00e9\",\"image\":{\"@type\":\"ImageObject\",\"inLanguage\":\"es\",\"@id\":\"https:\/\/www.grupefebe.com\/es\/#\/schema\/person\/image\/\",\"url\":\"https:\/\/secure.gravatar.com\/avatar\/913bc6aa90480101061296ab9cad4bd4ccfb82c623a8820f3fd577558c1651be?s=96&d=mm&r=g\",\"contentUrl\":\"https:\/\/secure.gravatar.com\/avatar\/913bc6aa90480101061296ab9cad4bd4ccfb82c623a8820f3fd577558c1651be?s=96&d=mm&r=g\",\"caption\":\"Grup Efeb\u00e9\"},\"url\":\"https:\/\/grupefebe.com\/es\/author\/julia\/\"}]}<\/script>\n<!-- \/ Yoast SEO plugin. -->","yoast_head_json":{"title":"Grup Efeb\u00e9 tenemos un nuevo almac\u00e9n en Barcelona | Grupo Efeb\u00e9","description":"\u00a1Grup Efeb\u00e9 hemos abierto un nuevo almac\u00e9n en Barcelona! En el Guinard\u00f3 contamos con un local para el mobiliario de fabricaci\u00f3n propia.","robots":{"index":"index","follow":"follow","max-snippet":"max-snippet:-1","max-image-preview":"max-image-preview:large","max-video-preview":"max-video-preview:-1"},"canonical":"https:\/\/grupefebe.com\/es\/grup-efebe-tenemos-un-nuevo-almacen-en-barcelona\/","og_locale":"es_ES","og_type":"article","og_title":"Grup Efeb\u00e9 tenemos un nuevo almac\u00e9n en Barcelona | Grupo Efeb\u00e9","og_description":"\u00a1Grup Efeb\u00e9 hemos abierto un nuevo almac\u00e9n en Barcelona! En el Guinard\u00f3 contamos con un local para el mobiliario de fabricaci\u00f3n propia.","og_url":"https:\/\/grupefebe.com\/es\/grup-efebe-tenemos-un-nuevo-almacen-en-barcelona\/","og_site_name":"Grupo Efeb\u00e9","article_publisher":"https:\/\/www.facebook.com\/grup.efebe","article_published_time":"2022-02-07T16:33:18+00:00","og_image":[{"width":1816,"height":2560,"url":"https:\/\/grupefebe.com\/custom\/uploads\/2022\/01\/magatzem-vinil-4-scaled-e1642679007986.jpg","type":"image\/jpeg"}],"author":"Grup Efeb\u00e9","twitter_card":"summary_large_image","twitter_creator":"@grup_efebe","twitter_site":"@grup_efebe","twitter_misc":{"Escrito por":"Grup Efeb\u00e9","Tiempo de lectura":"3 minutos"},"schema":{"@context":"https:\/\/schema.org","@graph":[{"@type":"Article","@id":"https:\/\/grupefebe.com\/es\/grup-efebe-tenemos-un-nuevo-almacen-en-barcelona\/#article","isPartOf":{"@id":"https:\/\/grupefebe.com\/es\/grup-efebe-tenemos-un-nuevo-almacen-en-barcelona\/"},"author":{"name":"Grup Efeb\u00e9","@id":"https:\/\/www.grupefebe.com\/es\/#\/schema\/person\/76402b3180eef131413100afc3282997"},"headline":"Grup Efeb\u00e9 tenemos un nuevo almac\u00e9n en Barcelona","datePublished":"2022-02-07T16:33:18+00:00","mainEntityOfPage":{"@id":"https:\/\/grupefebe.com\/es\/grup-efebe-tenemos-un-nuevo-almacen-en-barcelona\/"},"wordCount":538,"publisher":{"@id":"https:\/\/www.grupefebe.com\/es\/#organization"},"image":{"@id":"https:\/\/grupefebe.com\/es\/grup-efebe-tenemos-un-nuevo-almacen-en-barcelona\/#primaryimage"},"thumbnailUrl":"https:\/\/grupefebe.com\/custom\/uploads\/2022\/01\/magatzem-vinil-4-scaled-e1642679007986.jpg","articleSection":["Centros Deportivos","Centros M\u00e9dicos","Escuelas","Oficinas","Otros Sectores","Residencias para mayores"],"inLanguage":"es"},{"@type":"WebPage","@id":"https:\/\/grupefebe.com\/es\/grup-efebe-tenemos-un-nuevo-almacen-en-barcelona\/","url":"https:\/\/grupefebe.com\/es\/grup-efebe-tenemos-un-nuevo-almacen-en-barcelona\/","name":"Grup Efeb\u00e9 tenemos un nuevo almac\u00e9n en Barcelona | Grupo Efeb\u00e9","isPartOf":{"@id":"https:\/\/www.grupefebe.com\/es\/#website"},"primaryImageOfPage":{"@id":"https:\/\/grupefebe.com\/es\/grup-efebe-tenemos-un-nuevo-almacen-en-barcelona\/#primaryimage"},"image":{"@id":"https:\/\/grupefebe.com\/es\/grup-efebe-tenemos-un-nuevo-almacen-en-barcelona\/#primaryimage"},"thumbnailUrl":"https:\/\/grupefebe.com\/custom\/uploads\/2022\/01\/magatzem-vinil-4-scaled-e1642679007986.jpg","datePublished":"2022-02-07T16:33:18+00:00","description":"\u00a1Grup Efeb\u00e9 hemos abierto un nuevo almac\u00e9n en Barcelona! En el Guinard\u00f3 contamos con un local para el mobiliario de fabricaci\u00f3n propia.","breadcrumb":{"@id":"https:\/\/grupefebe.com\/es\/grup-efebe-tenemos-un-nuevo-almacen-en-barcelona\/#breadcrumb"},"inLanguage":"es","potentialAction":[{"@type":"ReadAction","target":["https:\/\/grupefebe.com\/es\/grup-efebe-tenemos-un-nuevo-almacen-en-barcelona\/"]}]},{"@type":"ImageObject","inLanguage":"es","@id":"https:\/\/grupefebe.com\/es\/grup-efebe-tenemos-un-nuevo-almacen-en-barcelona\/#primaryimage","url":"https:\/\/grupefebe.com\/custom\/uploads\/2022\/01\/magatzem-vinil-4-scaled-e1642679007986.jpg","contentUrl":"https:\/\/grupefebe.com\/custom\/uploads\/2022\/01\/magatzem-vinil-4-scaled-e1642679007986.jpg","width":1816,"height":2560,"caption":"nou magatzem a Barcelona"},{"@type":"BreadcrumbList","@id":"https:\/\/grupefebe.com\/es\/grup-efebe-tenemos-un-nuevo-almacen-en-barcelona\/#breadcrumb","itemListElement":[{"@type":"ListItem","position":1,"name":"Inici","item":"https:\/\/www.grupefebe.com\/es\/"},{"@type":"ListItem","position":2,"name":"Grup Efeb\u00e9 tenemos un nuevo almac\u00e9n en Barcelona"}]},{"@type":"WebSite","@id":"https:\/\/www.grupefebe.com\/es\/#website","url":"https:\/\/www.grupefebe.com\/es\/","name":"Grup Efeb\u00e9","description":"Otro sitio realizado con WordPress","publisher":{"@id":"https:\/\/www.grupefebe.com\/es\/#organization"},"potentialAction":[{"@type":"SearchAction","target":{"@type":"EntryPoint","urlTemplate":"https:\/\/www.grupefebe.com\/es\/?s={search_term_string}"},"query-input":{"@type":"PropertyValueSpecification","valueRequired":true,"valueName":"search_term_string"}}],"inLanguage":"es"},{"@type":"Organization","@id":"https:\/\/www.grupefebe.com\/es\/#organization","name":"Grup Efeb\u00e9","url":"https:\/\/www.grupefebe.com\/es\/","logo":{"@type":"ImageObject","inLanguage":"es","@id":"https:\/\/www.grupefebe.com\/es\/#\/schema\/logo\/image\/","url":"https:\/\/grupefebe.com\/custom\/uploads\/2021\/01\/logo-efebe.png","contentUrl":"https:\/\/grupefebe.com\/custom\/uploads\/2021\/01\/logo-efebe.png","width":524,"height":135,"caption":"Grup Efeb\u00e9"},"image":{"@id":"https:\/\/www.grupefebe.com\/es\/#\/schema\/logo\/image\/"},"sameAs":["https:\/\/www.facebook.com\/grup.efebe","https:\/\/x.com\/grup_efebe","https:\/\/www.instagram.com\/grup_efebe\/","https:\/\/www.linkedin.com\/company\/grupefebe","https:\/\/www.youtube.com\/channel\/UCj11-LAuLhPfqrL2649Xzrw"]},{"@type":"Person","@id":"https:\/\/www.grupefebe.com\/es\/#\/schema\/person\/76402b3180eef131413100afc3282997","name":"Grup Efeb\u00e9","image":{"@type":"ImageObject","inLanguage":"es","@id":"https:\/\/www.grupefebe.com\/es\/#\/schema\/person\/image\/","url":"https:\/\/secure.gravatar.com\/avatar\/913bc6aa90480101061296ab9cad4bd4ccfb82c623a8820f3fd577558c1651be?s=96&d=mm&r=g","contentUrl":"https:\/\/secure.gravatar.com\/avatar\/913bc6aa90480101061296ab9cad4bd4ccfb82c623a8820f3fd577558c1651be?s=96&d=mm&r=g","caption":"Grup Efeb\u00e9"},"url":"https:\/\/grupefebe.com\/es\/author\/julia\/"}]}},"_links":{"self":[{"href":"https:\/\/grupefebe.com\/es\/wp-json\/wp\/v2\/posts\/9591","targetHints":{"allow":["GET"]}}],"collection":[{"href":"https:\/\/grupefebe.com\/es\/wp-json\/wp\/v2\/posts"}],"about":[{"href":"https:\/\/grupefebe.com\/es\/wp-json\/wp\/v2\/types\/post"}],"author":[{"embeddable":true,"href":"https:\/\/grupefebe.com\/es\/wp-json\/wp\/v2\/users\/2"}],"replies":[{"embeddable":true,"href":"https:\/\/grupefebe.com\/es\/wp-json\/wp\/v2\/comments?post=9591"}],"version-history":[{"count":3,"href":"https:\/\/grupefebe.com\/es\/wp-json\/wp\/v2\/posts\/9591\/revisions"}],"predecessor-version":[{"id":9595,"href":"https:\/\/grupefebe.com\/es\/wp-json\/wp\/v2\/posts\/9591\/revisions\/9595"}],"wp:featuredmedia":[{"embeddable":true,"href":"https:\/\/grupefebe.com\/es\/wp-json\/wp\/v2\/media\/9410"}],"wp:attachment":[{"href":"https:\/\/grupefebe.com\/es\/wp-json\/wp\/v2\/media?parent=9591"}],"wp:term":[{"taxonomy":"category","embeddable":true,"href":"https:\/\/grupefebe.com\/es\/wp-json\/wp\/v2\/categories?post=9591"}],"curies":[{"name":"wp","href":"https:\/\/api.w.org\/{rel}","templated":true}]}}