{"id":9794,"date":"2022-03-08T08:17:01","date_gmt":"2022-03-08T08:17:01","guid":{"rendered":"https:\/\/grupefebe.com\/?p=9794"},"modified":"2022-03-08T08:20:55","modified_gmt":"2022-03-08T08:20:55","slug":"8m-grup-efebe-y-fundacio-ared-ofrecemos-una-oportunidad-a-mujeres-en-la-construccion-ods-8","status":"publish","type":"post","link":"https:\/\/grupefebe.com\/es\/8m-grup-efebe-y-fundacio-ared-ofrecemos-una-oportunidad-a-mujeres-en-la-construccion-ods-8\/","title":{"rendered":"8M &#8211; Grup Efeb\u00e9 y Fundaci\u00f3 Ared ofrecemos una oportunidad a mujeres en la construcci\u00f3n | ODS 8"},"content":{"rendered":"<h3>Reivindicamos el perfil de la mujer rompiendo estigmas en el sector de la construcci\u00f3n por un futuro libre de desigualdades. (8M)<\/h3>\n<p>Para este 8M presentamos la iniciativa social que estamos trabajando desde hace unos meses el equipo de Grup Efeb\u00e9. Se trata de un programa de inserci\u00f3n laboral para mujeres en el sector de la construcci\u00f3n.<\/p>\n<h4>\u00bfEn qu\u00e9 consiste el proyecto?<\/h4>\n<p>Grupo Efeb\u00e9 junto a <a href=\"https:\/\/www.fundacioared.org\/es\/que-hacemos\/ared-formacion\">Fundaci\u00f3 ARED<\/a>, entidad que acompa\u00f1a personas en alto riesgo de vulnerabilidad, mayoritariamente mujeres, a conseguir una plena integraci\u00f3n en la sociedad a trav\u00e9s de la formaci\u00f3n y el trabajo digno, estamos desarrollando un proyecto piloto en el marco del <a href=\"https:\/\/www.incorpora.org\/ca\/formacio-cursos\">Programa Incorpora de \u00abla Caixa\u00bb<\/a>. Entonces, el objetivo de este proyecto es desarrollar un curso b\u00e1sico que facilitar\u00e1 una introducci\u00f3n te\u00f3rica y pr\u00e1ctica en el sector de la construcci\u00f3n y reformas. Pues, las mujeres que participar\u00e1n aprender\u00e1n a ser ayudantes de los ramos de alba\u00f1iler\u00eda, carpinter\u00eda e instalaciones. Este curso est\u00e1 orientado a mujeres en situaci\u00f3n de riesgo de exclusi\u00f3n social que deseen conocer el sector.<\/p>\n<p>El contenido de la formaci\u00f3n se divide en 4 bloques:<\/p>\n<ul>\n<li>Competencias transversales y digitales<\/li>\n<li>Prevenci\u00f3n de riesgos laborales<\/li>\n<li>Competencias t\u00e9cnicas espec\u00edficas<\/li>\n<li>Pr\u00e1cticas<\/li>\n<\/ul>\n<p>As\u00ed pues, esta formaci\u00f3n tratar\u00e1 al sector desde los siguientes temas:<\/p>\n<ul type=\"disc\">\n<li class=\"x_MsoListParagraphCxSpFirst\">Conocimientos de dibujo t\u00e9cnico.<\/li>\n<li class=\"x_MsoListParagraphCxSpFirst\">Conocimientos de instalaciones el\u00e9ctricas.<\/li>\n<li class=\"x_MsoListParagraphCxSpFirst\">Conocimientos de instalaciones de agua.<\/li>\n<li class=\"x_MsoListParagraphCxSpFirst\">Conocimientos de carpinter\u00eda.<\/li>\n<li class=\"x_MsoListParagraphCxSpFirst\">Conocimientos de paleter\u00eda.<\/li>\n<\/ul>\n<h4>Entonces, \u00bfc\u00f3mo funcionar\u00e1n las sesiones pr\u00e1cticas?<\/h4>\n<p>Con la <a href=\"https:\/\/www.fundacioared.org\/es\/que-hacemos\/ared-formacion\">Fundaci\u00f3 ARED<\/a> y el <a href=\"https:\/\/www.incorpora.org\/ca\/formacio-cursos\">Programa Incorpora de \u00abla Caixa\u00bb<\/a> hemos definido un programa espec\u00edfico. Las pr\u00e1cticas se realizar\u00e1n durante 20 d\u00edas (4 semanas) en turnos de 4 horas, por la ma\u00f1ana o por la tarde. Por tanto, el horario de las pr\u00e1cticas ser\u00e1 dentro del horario habitual de los trabajadores de cada ramo. Tambi\u00e9n hemos planteado la posibilidad de realizar las sesiones por la tarde para facilitar la conciliaci\u00f3n de las personas que lo requieran.<\/p>\n<p>El objetivo del curso es ofrecer un primer contacto con el sector de la construcci\u00f3n y los ramos que se indican. Adem\u00e1s, la voluntad del proyecto es que las participantes conozcan el sector y puedan decidir si tienen inter\u00e9s en continuar su formaci\u00f3n a trav\u00e9s de otras oportunidades de educaci\u00f3n formal y reglada.<\/p>\n","protected":false},"excerpt":{"rendered":"<p>Reivindicamos el perfil de la mujer rompiendo estigmas en el sector de la construcci\u00f3n por un futuro libre de desigualdades. [&hellip;]<\/p>\n","protected":false},"author":2,"featured_media":9792,"comment_status":"closed","ping_status":"closed","sticky":false,"template":"","format":"standard","meta":{"_acf_changed":false,"footnotes":"","_links_to":"","_links_to_target":""},"categories":[205,204,203,200,201,202],"class_list":["post-9794","post","type-post","status-publish","format-standard","has-post-thumbnail","hentry","category-centros-deportivos","category-centros-medicos","category-escuelas","category-oficinas","category-otros-sectores","category-residencias-mayores"],"acf":[],"yoast_head":"<!-- This site is optimized with the Yoast SEO plugin v25.9 - https:\/\/yoast.com\/wordpress\/plugins\/seo\/ -->\n<title>8M - Grup Efeb\u00e9 y Fundaci\u00f3 Ared ofrecemos una oportunidad a mujeres en la construcci\u00f3n | ODS 8 | Grupo Efeb\u00e9<\/title>\n<meta name=\"description\" content=\"Aprovechamos el 8M para comunicar la iniciativa social que estamos trabajando por la inserci\u00f3n laboral. \u00a1Descubre m\u00e1s en este art\u00edculo!\" \/>\n<meta name=\"robots\" content=\"index, follow, max-snippet:-1, max-image-preview:large, max-video-preview:-1\" \/>\n<link rel=\"canonical\" href=\"https:\/\/grupefebe.com\/es\/8m-grup-efebe-y-fundacio-ared-ofrecemos-una-oportunidad-a-mujeres-en-la-construccion-ods-8\/\" \/>\n<meta property=\"og:locale\" content=\"es_ES\" \/>\n<meta property=\"og:type\" content=\"article\" \/>\n<meta property=\"og:title\" content=\"8M - Grup Efeb\u00e9 y Fundaci\u00f3 Ared ofrecemos una oportunidad a mujeres en la construcci\u00f3n | ODS 8 | Grupo Efeb\u00e9\" \/>\n<meta property=\"og:description\" content=\"Aprovechamos el 8M para comunicar la iniciativa social que estamos trabajando por la inserci\u00f3n laboral. \u00a1Descubre m\u00e1s en este art\u00edculo!\" \/>\n<meta property=\"og:url\" content=\"https:\/\/grupefebe.com\/es\/8m-grup-efebe-y-fundacio-ared-ofrecemos-una-oportunidad-a-mujeres-en-la-construccion-ods-8\/\" \/>\n<meta property=\"og:site_name\" content=\"Grupo Efeb\u00e9\" \/>\n<meta property=\"article:publisher\" content=\"https:\/\/www.facebook.com\/grup.efebe\" \/>\n<meta property=\"article:published_time\" content=\"2022-03-08T08:17:01+00:00\" \/>\n<meta property=\"article:modified_time\" content=\"2022-03-08T08:20:55+00:00\" \/>\n<meta property=\"og:image\" content=\"https:\/\/www.grupefebe.com\/custom\/uploads\/2022\/03\/mary-2-scaled.jpg\" \/>\n\t<meta property=\"og:image:width\" content=\"2560\" \/>\n\t<meta property=\"og:image:height\" content=\"1534\" \/>\n\t<meta property=\"og:image:type\" content=\"image\/jpeg\" \/>\n<meta name=\"author\" content=\"Grup Efeb\u00e9\" \/>\n<meta name=\"twitter:card\" content=\"summary_large_image\" \/>\n<meta name=\"twitter:creator\" content=\"@grup_efebe\" \/>\n<meta name=\"twitter:site\" content=\"@grup_efebe\" \/>\n<meta name=\"twitter:label1\" content=\"Escrito por\" \/>\n\t<meta name=\"twitter:data1\" content=\"Grup Efeb\u00e9\" \/>\n\t<meta name=\"twitter:label2\" content=\"Tiempo de lectura\" \/>\n\t<meta name=\"twitter:data2\" content=\"2 minutos\" \/>\n<script type=\"application\/ld+json\" class=\"yoast-schema-graph\">{\"@context\":\"https:\/\/schema.org\",\"@graph\":[{\"@type\":\"Article\",\"@id\":\"https:\/\/grupefebe.com\/es\/8m-grup-efebe-y-fundacio-ared-ofrecemos-una-oportunidad-a-mujeres-en-la-construccion-ods-8\/#article\",\"isPartOf\":{\"@id\":\"https:\/\/grupefebe.com\/es\/8m-grup-efebe-y-fundacio-ared-ofrecemos-una-oportunidad-a-mujeres-en-la-construccion-ods-8\/\"},\"author\":{\"name\":\"Grup Efeb\u00e9\",\"@id\":\"https:\/\/mail.grupefebe.com\/es\/#\/schema\/person\/76402b3180eef131413100afc3282997\"},\"headline\":\"8M &#8211; Grup Efeb\u00e9 y Fundaci\u00f3 Ared ofrecemos una oportunidad a mujeres en la construcci\u00f3n | ODS 8\",\"datePublished\":\"2022-03-08T08:17:01+00:00\",\"dateModified\":\"2022-03-08T08:20:55+00:00\",\"mainEntityOfPage\":{\"@id\":\"https:\/\/grupefebe.com\/es\/8m-grup-efebe-y-fundacio-ared-ofrecemos-una-oportunidad-a-mujeres-en-la-construccion-ods-8\/\"},\"wordCount\":417,\"publisher\":{\"@id\":\"https:\/\/mail.grupefebe.com\/es\/#organization\"},\"image\":{\"@id\":\"https:\/\/grupefebe.com\/es\/8m-grup-efebe-y-fundacio-ared-ofrecemos-una-oportunidad-a-mujeres-en-la-construccion-ods-8\/#primaryimage\"},\"thumbnailUrl\":\"https:\/\/grupefebe.com\/custom\/uploads\/2022\/03\/mary-2-scaled.jpg\",\"articleSection\":[\"Centros Deportivos\",\"Centros M\u00e9dicos\",\"Escuelas\",\"Oficinas\",\"Otros Sectores\",\"Residencias para mayores\"],\"inLanguage\":\"es\"},{\"@type\":\"WebPage\",\"@id\":\"https:\/\/grupefebe.com\/es\/8m-grup-efebe-y-fundacio-ared-ofrecemos-una-oportunidad-a-mujeres-en-la-construccion-ods-8\/\",\"url\":\"https:\/\/grupefebe.com\/es\/8m-grup-efebe-y-fundacio-ared-ofrecemos-una-oportunidad-a-mujeres-en-la-construccion-ods-8\/\",\"name\":\"8M - Grup Efeb\u00e9 y Fundaci\u00f3 Ared ofrecemos una oportunidad a mujeres en la construcci\u00f3n | ODS 8 | Grupo Efeb\u00e9\",\"isPartOf\":{\"@id\":\"https:\/\/mail.grupefebe.com\/es\/#website\"},\"primaryImageOfPage\":{\"@id\":\"https:\/\/grupefebe.com\/es\/8m-grup-efebe-y-fundacio-ared-ofrecemos-una-oportunidad-a-mujeres-en-la-construccion-ods-8\/#primaryimage\"},\"image\":{\"@id\":\"https:\/\/grupefebe.com\/es\/8m-grup-efebe-y-fundacio-ared-ofrecemos-una-oportunidad-a-mujeres-en-la-construccion-ods-8\/#primaryimage\"},\"thumbnailUrl\":\"https:\/\/grupefebe.com\/custom\/uploads\/2022\/03\/mary-2-scaled.jpg\",\"datePublished\":\"2022-03-08T08:17:01+00:00\",\"dateModified\":\"2022-03-08T08:20:55+00:00\",\"description\":\"Aprovechamos el 8M para comunicar la iniciativa social que estamos trabajando por la inserci\u00f3n laboral. \u00a1Descubre m\u00e1s en este art\u00edculo!\",\"breadcrumb\":{\"@id\":\"https:\/\/grupefebe.com\/es\/8m-grup-efebe-y-fundacio-ared-ofrecemos-una-oportunidad-a-mujeres-en-la-construccion-ods-8\/#breadcrumb\"},\"inLanguage\":\"es\",\"potentialAction\":[{\"@type\":\"ReadAction\",\"target\":[\"https:\/\/grupefebe.com\/es\/8m-grup-efebe-y-fundacio-ared-ofrecemos-una-oportunidad-a-mujeres-en-la-construccion-ods-8\/\"]}]},{\"@type\":\"ImageObject\",\"inLanguage\":\"es\",\"@id\":\"https:\/\/grupefebe.com\/es\/8m-grup-efebe-y-fundacio-ared-ofrecemos-una-oportunidad-a-mujeres-en-la-construccion-ods-8\/#primaryimage\",\"url\":\"https:\/\/grupefebe.com\/custom\/uploads\/2022\/03\/mary-2-scaled.jpg\",\"contentUrl\":\"https:\/\/grupefebe.com\/custom\/uploads\/2022\/03\/mary-2-scaled.jpg\",\"width\":2560,\"height\":1534,\"caption\":\"8M\"},{\"@type\":\"BreadcrumbList\",\"@id\":\"https:\/\/grupefebe.com\/es\/8m-grup-efebe-y-fundacio-ared-ofrecemos-una-oportunidad-a-mujeres-en-la-construccion-ods-8\/#breadcrumb\",\"itemListElement\":[{\"@type\":\"ListItem\",\"position\":1,\"name\":\"Inici\",\"item\":\"https:\/\/mail.grupefebe.com\/es\/\"},{\"@type\":\"ListItem\",\"position\":2,\"name\":\"8M &#8211; Grup Efeb\u00e9 y Fundaci\u00f3 Ared ofrecemos una oportunidad a mujeres en la construcci\u00f3n | ODS 8\"}]},{\"@type\":\"WebSite\",\"@id\":\"https:\/\/mail.grupefebe.com\/es\/#website\",\"url\":\"https:\/\/mail.grupefebe.com\/es\/\",\"name\":\"Grup Efeb\u00e9\",\"description\":\"Otro sitio realizado con WordPress\",\"publisher\":{\"@id\":\"https:\/\/mail.grupefebe.com\/es\/#organization\"},\"potentialAction\":[{\"@type\":\"SearchAction\",\"target\":{\"@type\":\"EntryPoint\",\"urlTemplate\":\"https:\/\/mail.grupefebe.com\/es\/?s={search_term_string}\"},\"query-input\":{\"@type\":\"PropertyValueSpecification\",\"valueRequired\":true,\"valueName\":\"search_term_string\"}}],\"inLanguage\":\"es\"},{\"@type\":\"Organization\",\"@id\":\"https:\/\/mail.grupefebe.com\/es\/#organization\",\"name\":\"Grup Efeb\u00e9\",\"url\":\"https:\/\/mail.grupefebe.com\/es\/\",\"logo\":{\"@type\":\"ImageObject\",\"inLanguage\":\"es\",\"@id\":\"https:\/\/mail.grupefebe.com\/es\/#\/schema\/logo\/image\/\",\"url\":\"https:\/\/grupefebe.com\/custom\/uploads\/2021\/01\/logo-efebe.png\",\"contentUrl\":\"https:\/\/grupefebe.com\/custom\/uploads\/2021\/01\/logo-efebe.png\",\"width\":524,\"height\":135,\"caption\":\"Grup Efeb\u00e9\"},\"image\":{\"@id\":\"https:\/\/mail.grupefebe.com\/es\/#\/schema\/logo\/image\/\"},\"sameAs\":[\"https:\/\/www.facebook.com\/grup.efebe\",\"https:\/\/x.com\/grup_efebe\",\"https:\/\/www.instagram.com\/grup_efebe\/\",\"https:\/\/www.linkedin.com\/company\/grupefebe\",\"https:\/\/www.youtube.com\/channel\/UCj11-LAuLhPfqrL2649Xzrw\"]},{\"@type\":\"Person\",\"@id\":\"https:\/\/mail.grupefebe.com\/es\/#\/schema\/person\/76402b3180eef131413100afc3282997\",\"name\":\"Grup Efeb\u00e9\",\"image\":{\"@type\":\"ImageObject\",\"inLanguage\":\"es\",\"@id\":\"https:\/\/mail.grupefebe.com\/es\/#\/schema\/person\/image\/\",\"url\":\"https:\/\/secure.gravatar.com\/avatar\/913bc6aa90480101061296ab9cad4bd4ccfb82c623a8820f3fd577558c1651be?s=96&d=mm&r=g\",\"contentUrl\":\"https:\/\/secure.gravatar.com\/avatar\/913bc6aa90480101061296ab9cad4bd4ccfb82c623a8820f3fd577558c1651be?s=96&d=mm&r=g\",\"caption\":\"Grup Efeb\u00e9\"},\"url\":\"https:\/\/grupefebe.com\/es\/author\/julia\/\"}]}<\/script>\n<!-- \/ Yoast SEO plugin. -->","yoast_head_json":{"title":"8M - Grup Efeb\u00e9 y Fundaci\u00f3 Ared ofrecemos una oportunidad a mujeres en la construcci\u00f3n | ODS 8 | Grupo Efeb\u00e9","description":"Aprovechamos el 8M para comunicar la iniciativa social que estamos trabajando por la inserci\u00f3n laboral. \u00a1Descubre m\u00e1s en este art\u00edculo!","robots":{"index":"index","follow":"follow","max-snippet":"max-snippet:-1","max-image-preview":"max-image-preview:large","max-video-preview":"max-video-preview:-1"},"canonical":"https:\/\/grupefebe.com\/es\/8m-grup-efebe-y-fundacio-ared-ofrecemos-una-oportunidad-a-mujeres-en-la-construccion-ods-8\/","og_locale":"es_ES","og_type":"article","og_title":"8M - Grup Efeb\u00e9 y Fundaci\u00f3 Ared ofrecemos una oportunidad a mujeres en la construcci\u00f3n | ODS 8 | Grupo Efeb\u00e9","og_description":"Aprovechamos el 8M para comunicar la iniciativa social que estamos trabajando por la inserci\u00f3n laboral. \u00a1Descubre m\u00e1s en este art\u00edculo!","og_url":"https:\/\/grupefebe.com\/es\/8m-grup-efebe-y-fundacio-ared-ofrecemos-una-oportunidad-a-mujeres-en-la-construccion-ods-8\/","og_site_name":"Grupo Efeb\u00e9","article_publisher":"https:\/\/www.facebook.com\/grup.efebe","article_published_time":"2022-03-08T08:17:01+00:00","article_modified_time":"2022-03-08T08:20:55+00:00","og_image":[{"width":2560,"height":1534,"url":"https:\/\/www.grupefebe.com\/custom\/uploads\/2022\/03\/mary-2-scaled.jpg","type":"image\/jpeg"}],"author":"Grup Efeb\u00e9","twitter_card":"summary_large_image","twitter_creator":"@grup_efebe","twitter_site":"@grup_efebe","twitter_misc":{"Escrito por":"Grup Efeb\u00e9","Tiempo de lectura":"2 minutos"},"schema":{"@context":"https:\/\/schema.org","@graph":[{"@type":"Article","@id":"https:\/\/grupefebe.com\/es\/8m-grup-efebe-y-fundacio-ared-ofrecemos-una-oportunidad-a-mujeres-en-la-construccion-ods-8\/#article","isPartOf":{"@id":"https:\/\/grupefebe.com\/es\/8m-grup-efebe-y-fundacio-ared-ofrecemos-una-oportunidad-a-mujeres-en-la-construccion-ods-8\/"},"author":{"name":"Grup Efeb\u00e9","@id":"https:\/\/mail.grupefebe.com\/es\/#\/schema\/person\/76402b3180eef131413100afc3282997"},"headline":"8M &#8211; Grup Efeb\u00e9 y Fundaci\u00f3 Ared ofrecemos una oportunidad a mujeres en la construcci\u00f3n | ODS 8","datePublished":"2022-03-08T08:17:01+00:00","dateModified":"2022-03-08T08:20:55+00:00","mainEntityOfPage":{"@id":"https:\/\/grupefebe.com\/es\/8m-grup-efebe-y-fundacio-ared-ofrecemos-una-oportunidad-a-mujeres-en-la-construccion-ods-8\/"},"wordCount":417,"publisher":{"@id":"https:\/\/mail.grupefebe.com\/es\/#organization"},"image":{"@id":"https:\/\/grupefebe.com\/es\/8m-grup-efebe-y-fundacio-ared-ofrecemos-una-oportunidad-a-mujeres-en-la-construccion-ods-8\/#primaryimage"},"thumbnailUrl":"https:\/\/grupefebe.com\/custom\/uploads\/2022\/03\/mary-2-scaled.jpg","articleSection":["Centros Deportivos","Centros M\u00e9dicos","Escuelas","Oficinas","Otros Sectores","Residencias para mayores"],"inLanguage":"es"},{"@type":"WebPage","@id":"https:\/\/grupefebe.com\/es\/8m-grup-efebe-y-fundacio-ared-ofrecemos-una-oportunidad-a-mujeres-en-la-construccion-ods-8\/","url":"https:\/\/grupefebe.com\/es\/8m-grup-efebe-y-fundacio-ared-ofrecemos-una-oportunidad-a-mujeres-en-la-construccion-ods-8\/","name":"8M - Grup Efeb\u00e9 y Fundaci\u00f3 Ared ofrecemos una oportunidad a mujeres en la construcci\u00f3n | ODS 8 | Grupo Efeb\u00e9","isPartOf":{"@id":"https:\/\/mail.grupefebe.com\/es\/#website"},"primaryImageOfPage":{"@id":"https:\/\/grupefebe.com\/es\/8m-grup-efebe-y-fundacio-ared-ofrecemos-una-oportunidad-a-mujeres-en-la-construccion-ods-8\/#primaryimage"},"image":{"@id":"https:\/\/grupefebe.com\/es\/8m-grup-efebe-y-fundacio-ared-ofrecemos-una-oportunidad-a-mujeres-en-la-construccion-ods-8\/#primaryimage"},"thumbnailUrl":"https:\/\/grupefebe.com\/custom\/uploads\/2022\/03\/mary-2-scaled.jpg","datePublished":"2022-03-08T08:17:01+00:00","dateModified":"2022-03-08T08:20:55+00:00","description":"Aprovechamos el 8M para comunicar la iniciativa social que estamos trabajando por la inserci\u00f3n laboral. \u00a1Descubre m\u00e1s en este art\u00edculo!","breadcrumb":{"@id":"https:\/\/grupefebe.com\/es\/8m-grup-efebe-y-fundacio-ared-ofrecemos-una-oportunidad-a-mujeres-en-la-construccion-ods-8\/#breadcrumb"},"inLanguage":"es","potentialAction":[{"@type":"ReadAction","target":["https:\/\/grupefebe.com\/es\/8m-grup-efebe-y-fundacio-ared-ofrecemos-una-oportunidad-a-mujeres-en-la-construccion-ods-8\/"]}]},{"@type":"ImageObject","inLanguage":"es","@id":"https:\/\/grupefebe.com\/es\/8m-grup-efebe-y-fundacio-ared-ofrecemos-una-oportunidad-a-mujeres-en-la-construccion-ods-8\/#primaryimage","url":"https:\/\/grupefebe.com\/custom\/uploads\/2022\/03\/mary-2-scaled.jpg","contentUrl":"https:\/\/grupefebe.com\/custom\/uploads\/2022\/03\/mary-2-scaled.jpg","width":2560,"height":1534,"caption":"8M"},{"@type":"BreadcrumbList","@id":"https:\/\/grupefebe.com\/es\/8m-grup-efebe-y-fundacio-ared-ofrecemos-una-oportunidad-a-mujeres-en-la-construccion-ods-8\/#breadcrumb","itemListElement":[{"@type":"ListItem","position":1,"name":"Inici","item":"https:\/\/mail.grupefebe.com\/es\/"},{"@type":"ListItem","position":2,"name":"8M &#8211; Grup Efeb\u00e9 y Fundaci\u00f3 Ared ofrecemos una oportunidad a mujeres en la construcci\u00f3n | ODS 8"}]},{"@type":"WebSite","@id":"https:\/\/mail.grupefebe.com\/es\/#website","url":"https:\/\/mail.grupefebe.com\/es\/","name":"Grup Efeb\u00e9","description":"Otro sitio realizado con WordPress","publisher":{"@id":"https:\/\/mail.grupefebe.com\/es\/#organization"},"potentialAction":[{"@type":"SearchAction","target":{"@type":"EntryPoint","urlTemplate":"https:\/\/mail.grupefebe.com\/es\/?s={search_term_string}"},"query-input":{"@type":"PropertyValueSpecification","valueRequired":true,"valueName":"search_term_string"}}],"inLanguage":"es"},{"@type":"Organization","@id":"https:\/\/mail.grupefebe.com\/es\/#organization","name":"Grup Efeb\u00e9","url":"https:\/\/mail.grupefebe.com\/es\/","logo":{"@type":"ImageObject","inLanguage":"es","@id":"https:\/\/mail.grupefebe.com\/es\/#\/schema\/logo\/image\/","url":"https:\/\/grupefebe.com\/custom\/uploads\/2021\/01\/logo-efebe.png","contentUrl":"https:\/\/grupefebe.com\/custom\/uploads\/2021\/01\/logo-efebe.png","width":524,"height":135,"caption":"Grup Efeb\u00e9"},"image":{"@id":"https:\/\/mail.grupefebe.com\/es\/#\/schema\/logo\/image\/"},"sameAs":["https:\/\/www.facebook.com\/grup.efebe","https:\/\/x.com\/grup_efebe","https:\/\/www.instagram.com\/grup_efebe\/","https:\/\/www.linkedin.com\/company\/grupefebe","https:\/\/www.youtube.com\/channel\/UCj11-LAuLhPfqrL2649Xzrw"]},{"@type":"Person","@id":"https:\/\/mail.grupefebe.com\/es\/#\/schema\/person\/76402b3180eef131413100afc3282997","name":"Grup Efeb\u00e9","image":{"@type":"ImageObject","inLanguage":"es","@id":"https:\/\/mail.grupefebe.com\/es\/#\/schema\/person\/image\/","url":"https:\/\/secure.gravatar.com\/avatar\/913bc6aa90480101061296ab9cad4bd4ccfb82c623a8820f3fd577558c1651be?s=96&d=mm&r=g","contentUrl":"https:\/\/secure.gravatar.com\/avatar\/913bc6aa90480101061296ab9cad4bd4ccfb82c623a8820f3fd577558c1651be?s=96&d=mm&r=g","caption":"Grup Efeb\u00e9"},"url":"https:\/\/grupefebe.com\/es\/author\/julia\/"}]}},"_links":{"self":[{"href":"https:\/\/grupefebe.com\/es\/wp-json\/wp\/v2\/posts\/9794","targetHints":{"allow":["GET"]}}],"collection":[{"href":"https:\/\/grupefebe.com\/es\/wp-json\/wp\/v2\/posts"}],"about":[{"href":"https:\/\/grupefebe.com\/es\/wp-json\/wp\/v2\/types\/post"}],"author":[{"embeddable":true,"href":"https:\/\/grupefebe.com\/es\/wp-json\/wp\/v2\/users\/2"}],"replies":[{"embeddable":true,"href":"https:\/\/grupefebe.com\/es\/wp-json\/wp\/v2\/comments?post=9794"}],"version-history":[{"count":3,"href":"https:\/\/grupefebe.com\/es\/wp-json\/wp\/v2\/posts\/9794\/revisions"}],"predecessor-version":[{"id":9875,"href":"https:\/\/grupefebe.com\/es\/wp-json\/wp\/v2\/posts\/9794\/revisions\/9875"}],"wp:featuredmedia":[{"embeddable":true,"href":"https:\/\/grupefebe.com\/es\/wp-json\/wp\/v2\/media\/9792"}],"wp:attachment":[{"href":"https:\/\/grupefebe.com\/es\/wp-json\/wp\/v2\/media?parent=9794"}],"wp:term":[{"taxonomy":"category","embeddable":true,"href":"https:\/\/grupefebe.com\/es\/wp-json\/wp\/v2\/categories?post=9794"}],"curies":[{"name":"wp","href":"https:\/\/api.w.org\/{rel}","templated":true}]}}